{"id":221,"date":"2009-03-24T01:51:29","date_gmt":"2009-03-24T01:51:29","guid":{"rendered":"http:\/\/blogs.thesocialmedia.com\/leblogmoto\/2009\/03\/24\/vers-des-petits-exces-de-vitesse-moins-severement-punis\/"},"modified":"2012-07-11T17:14:04","modified_gmt":"2012-07-11T17:14:04","slug":"vers-des-petits-exces-de-vitesse-moins-severement-punis","status":"publish","type":"post","link":"https:\/\/blogs.thesocialmedia.com\/leblogmoto\/2009\/03\/24\/vers-des-petits-exces-de-vitesse-moins-severement-punis\/","title":{"rendered":"Les petits exc\u00e8s de vitesse moins s\u00e9v\u00e8rement punis ?"},"content":{"rendered":"<p><a href=\"http:\/\/blogs.thesocialmedia.com\/leblogmoto\/files\/2012\/07\/6a00d83451b18369e201156e43d1f9970c-popup.png\"><img decoding=\"async\" alt=\"Moto Sportive Yamaha R1 2009 Dash\" class=\"at-xid-6a00d83451b18369e201156e43d1f9970c \" src=\"http:\/\/blogs.thesocialmedia.com\/leblogmoto\/files\/2012\/07\/6a00d83451b18369e201156e43d1f9970c-500wi.jpg\" style=\"width: 470px\" \/><\/a><\/p>\n<p>C&#039;est vrai que choisir les instruments de la derni\u00e8re Yamaha R1 (vous savez la <em>toute<\/em> derni\u00e8re, celle qui louche), pour illustrer cet article&#160;est quelque peu os\u00e9. Tant sa vitesse max, qui flirte avec les&#160;300 km\/h, n&#039;incite pas \u00e0&#160;seulement venir&#160;taquiner le k\u00e9pi.&#160;Au moins&#160;ici, le relev\u00e9 qui s&#039;affiche invite au repos et \u00e0 la r\u00e9flexion. Une r\u00e9flexion suffisamment m\u00fbrie chez deux parlementaires de la majorit\u00e9; le d\u00e9put\u00e9&#160;UMP des Bouches du Rh\u00f4ne Bernard Reyn\u00e8s et&#160;le s\u00e9nateur centriste des Yvelines Nicolas About demandent \u00e0 ce que les contrevenants ne soient plus punis par&#160;la&#160;perte d&#039;un point lorsque l&#039;exc\u00e8s&#160;ne d\u00e9passe pas les 5 km\/h. Selon Reyn\u00e8s, la politique de r\u00e9pression actuelle manque d&#039;humanit\u00e9 en ne distinguant pas entre un conducteur qui volontairement ne respecte pas la loi et celui qui se fait b\u00eatement attraper. Contrairement au Figaro qui ne saisit pas la balle au bon sur cette id\u00e9e qui sous-tend sa proposition, on fera remarquer que la plupart des contraventions de police ne requi\u00e8rent pas d&#039;\u00e9l\u00e9ment intentionnel. La seule constatation de l&#039;\u00e9l\u00e9ment mat\u00e9riel suffit; ici, le d\u00e9passement de la vitesse maximale autoris\u00e9e. Si de la part d&#039;un journaliste cette remarque n&#039;\u00e9tait pas obligatoire, de la part d&#039;un parlementaire (donc membre du corps l\u00e9gislatif) elle est impardonnable. Mais passons. A cela le d\u00e9put\u00e9 ajoute l&#039;argument (plus recevable ?) du co\u00fbt de la contravention, Reyn\u00e8s arguant du bienfait d&#039;un peu de tol\u00e9rance en cette p\u00e9riode de crise. <\/p>\n<p>Un \u00e9lu qui demande aussi \u00e0 ce que la port\u00e9e sociale de la perte du permis de conduire soit mesur\u00e9e. A ce sujet, je suis intimement persuad\u00e9 que la part des motards est&#160;sous-\u00e9valu\u00e9e, la moto \u00e9tant consid\u00e9r\u00e9e par les purs caisseux,&#160;comme un v\u00e9hicule&#160;d&#039;agr\u00e9ment ou de loisir, oubliant&#160;en cela&#160;la cat\u00e9gorie essentielle&#160;des&#160;roule-toujours. Mais la r\u00e9action&#160;du&#160;minist\u00e8re de l&#039;int\u00e9rieur \u00e0 ces id\u00e9es&#160;ne s&#039;est pas faite attendre. <\/p>\n<p>Les services indiquent&#160;que ces solutions sont difficilement applicables, puisque&#160;la vitesse retenue du conducteur&#160;est&#160;la vitesse&#160;mesur\u00e9e et&#160;d\u00e9duite de 5 km\/h, s&#039;ajoute \u00e0 cela que l&#039;instauration d&#039;une marge de tol\u00e9rance induirait une augmentation des nombres de victimes, les usagers se sentant soudainement pousser des ailes. En ce cas o\u00f9 est la responsabilisation promise ?<\/p>\n","protected":false},"excerpt":{"rendered":"<p>C&#039;est vrai que choisir les instruments de la derni\u00e8re Yamaha R1 (vous savez la toute derni\u00e8re, celle qui louche), pour illustrer cet article&#160;est quelque peu os\u00e9. Tant sa vitesse max, qui flirte avec les&#160;300 km\/h, n&#039;incite pas \u00e0&#160;seulement venir&#160;taquiner le k\u00e9pi.&#160;Au moins&#160;ici, le relev\u00e9 qui s&#039;affiche invite au repos et \u00e0 la r\u00e9flexion. Une r\u00e9flexion [&hellip;]<\/p>\n","protected":false},"author":324,"featured_media":13007,"comment_status":"open","ping_status":"open","sticky":false,"template":"","format":"standard","meta":{"footnotes":""},"categories":[3,27],"tags":[],"class_list":["post-221","post","type-post","status-publish","format-standard","has-post-thumbnail","hentry","category-actualite","category-securite"],"yoast_head":"<!-- This site is optimized with the Yoast SEO plugin v26.0 - https:\/\/yoast.com\/wordpress\/plugins\/seo\/ -->\n<title>Les petits exc\u00e8s de vitesse moins s\u00e9v\u00e8rement punis ? - leblogmoto.com<\/title>\n<meta name=\"robots\" content=\"index, follow, max-snippet:-1, max-image-preview:large, max-video-preview:-1\" \/>\n<link rel=\"canonical\" href=\"https:\/\/blogs.thesocialmedia.com\/leblogmoto\/2009\/03\/24\/vers-des-petits-exces-de-vitesse-moins-severement-punis\/\" \/>\n<meta name=\"twitter:card\" content=\"summary_large_image\" \/>\n<meta name=\"twitter:title\" content=\"Les petits exc\u00e8s de vitesse moins s\u00e9v\u00e8rement punis ? - leblogmoto.com\" \/>\n<meta name=\"twitter:description\" content=\"C&#039;est vrai que choisir les instruments de la derni\u00e8re Yamaha R1 (vous savez la toute derni\u00e8re, celle qui louche), pour illustrer cet article&#160;est quelque peu os\u00e9. Tant sa vitesse max, qui flirte avec les&#160;300 km\/h, n&#039;incite pas \u00e0&#160;seulement venir&#160;taquiner le k\u00e9pi.&#160;Au moins&#160;ici, le relev\u00e9 qui s&#039;affiche invite au repos et \u00e0 la r\u00e9flexion. Une r\u00e9flexion [&hellip;]\" \/>\n<meta name=\"twitter:image\" content=\"https:\/\/blogs.thesocialmedia.com\/leblogmoto\/files\/2012\/07\/6a00d83451b18369e201156e43d1f9970c-500wi.jpg\" \/>\n<meta name=\"twitter:label1\" content=\"\u00c9crit par\" \/>\n\t<meta name=\"twitter:data1\" content=\"benoit rieu\" \/>\n\t<meta name=\"twitter:label2\" content=\"Dur\u00e9e de lecture estim\u00e9e\" \/>\n\t<meta name=\"twitter:data2\" content=\"2 minutes\" \/>\n<script type=\"application\/ld+json\" class=\"yoast-schema-graph\">{\"@context\":\"https:\/\/schema.org\",\"@graph\":[{\"@type\":\"WebPage\",\"@id\":\"https:\/\/blogs.thesocialmedia.com\/leblogmoto\/2009\/03\/24\/vers-des-petits-exces-de-vitesse-moins-severement-punis\/\",\"url\":\"https:\/\/blogs.thesocialmedia.com\/leblogmoto\/2009\/03\/24\/vers-des-petits-exces-de-vitesse-moins-severement-punis\/\",\"name\":\"Les petits exc\u00e8s de vitesse moins s\u00e9v\u00e8rement punis ? - leblogmoto.com\",\"isPartOf\":{\"@id\":\"https:\/\/blogs.thesocialmedia.com\/leblogmoto\/#website\"},\"primaryImageOfPage\":{\"@id\":\"https:\/\/blogs.thesocialmedia.com\/leblogmoto\/2009\/03\/24\/vers-des-petits-exces-de-vitesse-moins-severement-punis\/#primaryimage\"},\"image\":{\"@id\":\"https:\/\/blogs.thesocialmedia.com\/leblogmoto\/2009\/03\/24\/vers-des-petits-exces-de-vitesse-moins-severement-punis\/#primaryimage\"},\"thumbnailUrl\":\"https:\/\/blogs.thesocialmedia.com\/leblogmoto\/files\/2012\/07\/6a00d83451b18369e201156e43d1f9970c-500wi.jpg\",\"datePublished\":\"2009-03-24T01:51:29+00:00\",\"dateModified\":\"2012-07-11T17:14:04+00:00\",\"author\":{\"@id\":\"https:\/\/blogs.thesocialmedia.com\/leblogmoto\/#\/schema\/person\/18bfe773e5725ed6d24f743da805362a\"},\"breadcrumb\":{\"@id\":\"https:\/\/blogs.thesocialmedia.com\/leblogmoto\/2009\/03\/24\/vers-des-petits-exces-de-vitesse-moins-severement-punis\/#breadcrumb\"},\"inLanguage\":\"fr-FR\",\"potentialAction\":[{\"@type\":\"ReadAction\",\"target\":[\"https:\/\/blogs.thesocialmedia.com\/leblogmoto\/2009\/03\/24\/vers-des-petits-exces-de-vitesse-moins-severement-punis\/\"]}]},{\"@type\":\"ImageObject\",\"inLanguage\":\"fr-FR\",\"@id\":\"https:\/\/blogs.thesocialmedia.com\/leblogmoto\/2009\/03\/24\/vers-des-petits-exces-de-vitesse-moins-severement-punis\/#primaryimage\",\"url\":\"https:\/\/blogs.thesocialmedia.com\/leblogmoto\/files\/2012\/07\/6a00d83451b18369e201156e43d1f9970c-500wi.jpg\",\"contentUrl\":\"https:\/\/blogs.thesocialmedia.com\/leblogmoto\/files\/2012\/07\/6a00d83451b18369e201156e43d1f9970c-500wi.jpg\",\"width\":\"500\",\"height\":\"375\"},{\"@type\":\"BreadcrumbList\",\"@id\":\"https:\/\/blogs.thesocialmedia.com\/leblogmoto\/2009\/03\/24\/vers-des-petits-exces-de-vitesse-moins-severement-punis\/#breadcrumb\",\"itemListElement\":[{\"@type\":\"ListItem\",\"position\":1,\"name\":\"Accueil\",\"item\":\"https:\/\/blogs.thesocialmedia.com\/leblogmoto\/\"},{\"@type\":\"ListItem\",\"position\":2,\"name\":\"Les petits exc\u00e8s de vitesse moins s\u00e9v\u00e8rement punis ?\"}]},{\"@type\":\"WebSite\",\"@id\":\"https:\/\/blogs.thesocialmedia.com\/leblogmoto\/#website\",\"url\":\"https:\/\/blogs.thesocialmedia.com\/leblogmoto\/\",\"name\":\"leblogmoto\",\"description\":\"Toute l&#039;actualit\u00e9 des 2 roues\",\"potentialAction\":[{\"@type\":\"SearchAction\",\"target\":{\"@type\":\"EntryPoint\",\"urlTemplate\":\"https:\/\/blogs.thesocialmedia.com\/leblogmoto\/?s={search_term_string}\"},\"query-input\":{\"@type\":\"PropertyValueSpecification\",\"valueRequired\":true,\"valueName\":\"search_term_string\"}}],\"inLanguage\":\"fr-FR\"},{\"@type\":\"Person\",\"@id\":\"https:\/\/blogs.thesocialmedia.com\/leblogmoto\/#\/schema\/person\/18bfe773e5725ed6d24f743da805362a\",\"name\":\"benoit rieu\",\"image\":{\"@type\":\"ImageObject\",\"inLanguage\":\"fr-FR\",\"@id\":\"https:\/\/blogs.thesocialmedia.com\/leblogmoto\/#\/schema\/person\/image\/\",\"url\":\"https:\/\/secure.gravatar.com\/avatar\/?s=96&d=mm&r=g\",\"contentUrl\":\"https:\/\/secure.gravatar.com\/avatar\/?s=96&d=mm&r=g\",\"caption\":\"benoit rieu\"},\"url\":\"https:\/\/blogs.thesocialmedia.com\/leblogmoto\/author\/benoit-rieu\/\"}]}<\/script>\n<!-- \/ Yoast SEO plugin. -->","yoast_head_json":{"title":"Les petits exc\u00e8s de vitesse moins s\u00e9v\u00e8rement punis ? - leblogmoto.com","robots":{"index":"index","follow":"follow","max-snippet":"max-snippet:-1","max-image-preview":"max-image-preview:large","max-video-preview":"max-video-preview:-1"},"canonical":"https:\/\/blogs.thesocialmedia.com\/leblogmoto\/2009\/03\/24\/vers-des-petits-exces-de-vitesse-moins-severement-punis\/","twitter_card":"summary_large_image","twitter_title":"Les petits exc\u00e8s de vitesse moins s\u00e9v\u00e8rement punis ? - leblogmoto.com","twitter_description":"C&#039;est vrai que choisir les instruments de la derni\u00e8re Yamaha R1 (vous savez la toute derni\u00e8re, celle qui louche), pour illustrer cet article&#160;est quelque peu os\u00e9. Tant sa vitesse max, qui flirte avec les&#160;300 km\/h, n&#039;incite pas \u00e0&#160;seulement venir&#160;taquiner le k\u00e9pi.&#160;Au moins&#160;ici, le relev\u00e9 qui s&#039;affiche invite au repos et \u00e0 la r\u00e9flexion. Une r\u00e9flexion [&hellip;]","twitter_image":"https:\/\/blogs.thesocialmedia.com\/leblogmoto\/files\/2012\/07\/6a00d83451b18369e201156e43d1f9970c-500wi.jpg","twitter_misc":{"\u00c9crit par":"benoit rieu","Dur\u00e9e de lecture estim\u00e9e":"2 minutes"},"schema":{"@context":"https:\/\/schema.org","@graph":[{"@type":"WebPage","@id":"https:\/\/blogs.thesocialmedia.com\/leblogmoto\/2009\/03\/24\/vers-des-petits-exces-de-vitesse-moins-severement-punis\/","url":"https:\/\/blogs.thesocialmedia.com\/leblogmoto\/2009\/03\/24\/vers-des-petits-exces-de-vitesse-moins-severement-punis\/","name":"Les petits exc\u00e8s de vitesse moins s\u00e9v\u00e8rement punis ? - leblogmoto.com","isPartOf":{"@id":"https:\/\/blogs.thesocialmedia.com\/leblogmoto\/#website"},"primaryImageOfPage":{"@id":"https:\/\/blogs.thesocialmedia.com\/leblogmoto\/2009\/03\/24\/vers-des-petits-exces-de-vitesse-moins-severement-punis\/#primaryimage"},"image":{"@id":"https:\/\/blogs.thesocialmedia.com\/leblogmoto\/2009\/03\/24\/vers-des-petits-exces-de-vitesse-moins-severement-punis\/#primaryimage"},"thumbnailUrl":"https:\/\/blogs.thesocialmedia.com\/leblogmoto\/files\/2012\/07\/6a00d83451b18369e201156e43d1f9970c-500wi.jpg","datePublished":"2009-03-24T01:51:29+00:00","dateModified":"2012-07-11T17:14:04+00:00","author":{"@id":"https:\/\/blogs.thesocialmedia.com\/leblogmoto\/#\/schema\/person\/18bfe773e5725ed6d24f743da805362a"},"breadcrumb":{"@id":"https:\/\/blogs.thesocialmedia.com\/leblogmoto\/2009\/03\/24\/vers-des-petits-exces-de-vitesse-moins-severement-punis\/#breadcrumb"},"inLanguage":"fr-FR","potentialAction":[{"@type":"ReadAction","target":["https:\/\/blogs.thesocialmedia.com\/leblogmoto\/2009\/03\/24\/vers-des-petits-exces-de-vitesse-moins-severement-punis\/"]}]},{"@type":"ImageObject","inLanguage":"fr-FR","@id":"https:\/\/blogs.thesocialmedia.com\/leblogmoto\/2009\/03\/24\/vers-des-petits-exces-de-vitesse-moins-severement-punis\/#primaryimage","url":"https:\/\/blogs.thesocialmedia.com\/leblogmoto\/files\/2012\/07\/6a00d83451b18369e201156e43d1f9970c-500wi.jpg","contentUrl":"https:\/\/blogs.thesocialmedia.com\/leblogmoto\/files\/2012\/07\/6a00d83451b18369e201156e43d1f9970c-500wi.jpg","width":"500","height":"375"},{"@type":"BreadcrumbList","@id":"https:\/\/blogs.thesocialmedia.com\/leblogmoto\/2009\/03\/24\/vers-des-petits-exces-de-vitesse-moins-severement-punis\/#breadcrumb","itemListElement":[{"@type":"ListItem","position":1,"name":"Accueil","item":"https:\/\/blogs.thesocialmedia.com\/leblogmoto\/"},{"@type":"ListItem","position":2,"name":"Les petits exc\u00e8s de vitesse moins s\u00e9v\u00e8rement punis ?"}]},{"@type":"WebSite","@id":"https:\/\/blogs.thesocialmedia.com\/leblogmoto\/#website","url":"https:\/\/blogs.thesocialmedia.com\/leblogmoto\/","name":"leblogmoto","description":"Toute l&#039;actualit\u00e9 des 2 roues","potentialAction":[{"@type":"SearchAction","target":{"@type":"EntryPoint","urlTemplate":"https:\/\/blogs.thesocialmedia.com\/leblogmoto\/?s={search_term_string}"},"query-input":{"@type":"PropertyValueSpecification","valueRequired":true,"valueName":"search_term_string"}}],"inLanguage":"fr-FR"},{"@type":"Person","@id":"https:\/\/blogs.thesocialmedia.com\/leblogmoto\/#\/schema\/person\/18bfe773e5725ed6d24f743da805362a","name":"benoit rieu","image":{"@type":"ImageObject","inLanguage":"fr-FR","@id":"https:\/\/blogs.thesocialmedia.com\/leblogmoto\/#\/schema\/person\/image\/","url":"https:\/\/secure.gravatar.com\/avatar\/?s=96&d=mm&r=g","contentUrl":"https:\/\/secure.gravatar.com\/avatar\/?s=96&d=mm&r=g","caption":"benoit rieu"},"url":"https:\/\/blogs.thesocialmedia.com\/leblogmoto\/author\/benoit-rieu\/"}]}},"_links":{"self":[{"href":"https:\/\/blogs.thesocialmedia.com\/leblogmoto\/wp-json\/wp\/v2\/posts\/221","targetHints":{"allow":["GET"]}}],"collection":[{"href":"https:\/\/blogs.thesocialmedia.com\/leblogmoto\/wp-json\/wp\/v2\/posts"}],"about":[{"href":"https:\/\/blogs.thesocialmedia.com\/leblogmoto\/wp-json\/wp\/v2\/types\/post"}],"author":[{"embeddable":true,"href":"https:\/\/blogs.thesocialmedia.com\/leblogmoto\/wp-json\/wp\/v2\/users\/324"}],"replies":[{"embeddable":true,"href":"https:\/\/blogs.thesocialmedia.com\/leblogmoto\/wp-json\/wp\/v2\/comments?post=221"}],"version-history":[{"count":2,"href":"https:\/\/blogs.thesocialmedia.com\/leblogmoto\/wp-json\/wp\/v2\/posts\/221\/revisions"}],"predecessor-version":[{"id":13009,"href":"https:\/\/blogs.thesocialmedia.com\/leblogmoto\/wp-json\/wp\/v2\/posts\/221\/revisions\/13009"}],"wp:featuredmedia":[{"embeddable":true,"href":"https:\/\/blogs.thesocialmedia.com\/leblogmoto\/wp-json\/wp\/v2\/media\/13007"}],"wp:attachment":[{"href":"https:\/\/blogs.thesocialmedia.com\/leblogmoto\/wp-json\/wp\/v2\/media?parent=221"}],"wp:term":[{"taxonomy":"category","embeddable":true,"href":"https:\/\/blogs.thesocialmedia.com\/leblogmoto\/wp-json\/wp\/v2\/categories?post=221"},{"taxonomy":"post_tag","embeddable":true,"href":"https:\/\/blogs.thesocialmedia.com\/leblogmoto\/wp-json\/wp\/v2\/tags?post=221"}],"curies":[{"name":"wp","href":"https:\/\/api.w.org\/{rel}","templated":true}]}}