{"id":2211,"date":"2005-11-17T11:47:47","date_gmt":"2005-11-17T11:47:47","guid":{"rendered":"http:\/\/blogs.thesocialmedia.com\/leblogmoto\/2005\/11\/17\/solidarit-aux-m\/"},"modified":"2012-07-11T14:10:32","modified_gmt":"2012-07-11T14:10:32","slug":"solidarit-aux-m","status":"publish","type":"post","link":"https:\/\/blogs.thesocialmedia.com\/leblogmoto\/2005\/11\/17\/solidarit-aux-m\/","title":{"rendered":"Solidarit\u00e9 aux motards verts"},"content":{"rendered":"<p><a href=\"http:\/\/blogs.thesocialmedia.com\/leblogmoto\/files\/2012\/07\/ffmc_3.jpg\"><img loading=\"lazy\" decoding=\"async\" height=\"51\" alt=\"Ffmc_3\" src=\"http:\/\/www.leblogmoto.com\/images\/ffmc_3.jpg\" width=\"150\"  \/><\/a> <strong>La FFMC apporte son soutien aux actions qui se mettent en place autour de la d\u00e9fense des loisir verts<\/strong>. Si son objet est avant tout de d\u00e9fendre les droits des motards en tant qu\u2019usagers de la route, la FFMC tient cependant \u00e0 exprimer sa solidarit\u00e9 devant les menaces qui p\u00e8sent sur les droits et libert\u00e9s des motards qui pratiquent le tout-terrain. La FFMC appelle ses antennes d\u00e9partementales et plus largement les motards \u00e0 apporter leur aide \u00e0 toute action des motards verts qui va dans le sens du respect de leurs droits et libert\u00e9s, de la pr\u00e9servation de l\u2019environnement, et d\u2019une conception citoyenne du partage des chemins. <\/p>\n<p>La FFMC soutient ainsi la journ\u00e9e d\u2019action nationale des pratiquants des loisirs verts organis\u00e9e le dimanche 20 novembre, \u00e0 l\u2019initiative du CODEVER. Cette action est organis\u00e9e contre la Circulaire Olin qui vise \u00e0 restreindre l\u2019acc\u00e8s aux chemins ruraux ouverts \u00e0 la circulation des v\u00e9hicules. Selon cette circulaire, seules les voies accessibles par des v\u00e9hicules de tourisme non adapt\u00e9s au tout terrain peuvent \u00eatre emprunt\u00e9es par des randonneurs motoris\u00e9s, cavaliers, et m\u00eame VTT. La FFMC condamne l\u2019appel \u00e0 la r\u00e9pression contenu dans cette circulaire. Pour la FFMC, la libre circulation de ces v\u00e9hicules homologu\u00e9s et assur\u00e9s, dans le respect de l\u2019environnement et des autres usagers doit \u00eatre pr\u00e9serv\u00e9e. Elle encourage une pratique responsable des loisirs motoris\u00e9s tout terrain.<br \/>Pour plus de renseignements, <a href=\"http:\/\/www.codever.asso.fr\/\">cliquez ici<\/a>.<\/p>\n<p><strong><u>Source<\/u><\/strong> : F<a href=\"http:\/\/www.ffmc.asso.fr\/\">FMC<\/a><\/p>\n","protected":false},"excerpt":{"rendered":"<p>La FFMC apporte son soutien aux actions qui se mettent en place autour de la d\u00e9fense des loisir verts. Si son objet est avant tout de d\u00e9fendre les droits des motards en tant qu\u2019usagers de la route, la FFMC tient cependant \u00e0 exprimer sa solidarit\u00e9 devant les menaces qui p\u00e8sent sur les droits et libert\u00e9s [&hellip;]<\/p>\n","protected":false},"author":338,"featured_media":0,"comment_status":"open","ping_status":"open","sticky":false,"template":"","format":"standard","meta":{"footnotes":""},"categories":[3,30,27],"tags":[],"class_list":["post-2211","post","type-post","status-publish","format-standard","hentry","category-actualite","category-bio-carburantsvehicules-propres","category-securite"],"yoast_head":"<!-- This site is optimized with the Yoast SEO plugin v26.0 - https:\/\/yoast.com\/wordpress\/plugins\/seo\/ -->\n<title>Solidarit\u00e9 aux motards verts - leblogmoto.com<\/title>\n<meta name=\"robots\" content=\"index, follow, max-snippet:-1, max-image-preview:large, max-video-preview:-1\" \/>\n<link rel=\"canonical\" href=\"https:\/\/blogs.thesocialmedia.com\/leblogmoto\/2005\/11\/17\/solidarit-aux-m\/\" \/>\n<meta name=\"twitter:card\" content=\"summary_large_image\" \/>\n<meta name=\"twitter:title\" content=\"Solidarit\u00e9 aux motards verts - leblogmoto.com\" \/>\n<meta name=\"twitter:description\" content=\"La FFMC apporte son soutien aux actions qui se mettent en place autour de la d\u00e9fense des loisir verts. Si son objet est avant tout de d\u00e9fendre les droits des motards en tant qu\u2019usagers de la route, la FFMC tient cependant \u00e0 exprimer sa solidarit\u00e9 devant les menaces qui p\u00e8sent sur les droits et libert\u00e9s [&hellip;]\" \/>\n<meta name=\"twitter:image\" content=\"http:\/\/www.leblogmoto.com\/images\/ffmc_3.jpg\" \/>\n<meta name=\"twitter:label1\" content=\"\u00c9crit par\" \/>\n\t<meta name=\"twitter:data1\" content=\"vincent vaillant\" \/>\n\t<meta name=\"twitter:label2\" content=\"Dur\u00e9e de lecture estim\u00e9e\" \/>\n\t<meta name=\"twitter:data2\" content=\"1 minute\" \/>\n<script type=\"application\/ld+json\" class=\"yoast-schema-graph\">{\"@context\":\"https:\/\/schema.org\",\"@graph\":[{\"@type\":\"WebPage\",\"@id\":\"https:\/\/blogs.thesocialmedia.com\/leblogmoto\/2005\/11\/17\/solidarit-aux-m\/\",\"url\":\"https:\/\/blogs.thesocialmedia.com\/leblogmoto\/2005\/11\/17\/solidarit-aux-m\/\",\"name\":\"Solidarit\u00e9 aux motards verts - leblogmoto.com\",\"isPartOf\":{\"@id\":\"https:\/\/blogs.thesocialmedia.com\/leblogmoto\/#website\"},\"primaryImageOfPage\":{\"@id\":\"https:\/\/blogs.thesocialmedia.com\/leblogmoto\/2005\/11\/17\/solidarit-aux-m\/#primaryimage\"},\"image\":{\"@id\":\"https:\/\/blogs.thesocialmedia.com\/leblogmoto\/2005\/11\/17\/solidarit-aux-m\/#primaryimage\"},\"thumbnailUrl\":\"http:\/\/www.leblogmoto.com\/images\/ffmc_3.jpg\",\"datePublished\":\"2005-11-17T11:47:47+00:00\",\"dateModified\":\"2012-07-11T14:10:32+00:00\",\"author\":{\"@id\":\"https:\/\/blogs.thesocialmedia.com\/leblogmoto\/#\/schema\/person\/80d2a078dbdb8b60abbd76bae6011f19\"},\"breadcrumb\":{\"@id\":\"https:\/\/blogs.thesocialmedia.com\/leblogmoto\/2005\/11\/17\/solidarit-aux-m\/#breadcrumb\"},\"inLanguage\":\"fr-FR\",\"potentialAction\":[{\"@type\":\"ReadAction\",\"target\":[\"https:\/\/blogs.thesocialmedia.com\/leblogmoto\/2005\/11\/17\/solidarit-aux-m\/\"]}]},{\"@type\":\"ImageObject\",\"inLanguage\":\"fr-FR\",\"@id\":\"https:\/\/blogs.thesocialmedia.com\/leblogmoto\/2005\/11\/17\/solidarit-aux-m\/#primaryimage\",\"url\":\"http:\/\/www.leblogmoto.com\/images\/ffmc_3.jpg\",\"contentUrl\":\"http:\/\/www.leblogmoto.com\/images\/ffmc_3.jpg\"},{\"@type\":\"BreadcrumbList\",\"@id\":\"https:\/\/blogs.thesocialmedia.com\/leblogmoto\/2005\/11\/17\/solidarit-aux-m\/#breadcrumb\",\"itemListElement\":[{\"@type\":\"ListItem\",\"position\":1,\"name\":\"Accueil\",\"item\":\"https:\/\/blogs.thesocialmedia.com\/leblogmoto\/\"},{\"@type\":\"ListItem\",\"position\":2,\"name\":\"Solidarit\u00e9 aux motards verts\"}]},{\"@type\":\"WebSite\",\"@id\":\"https:\/\/blogs.thesocialmedia.com\/leblogmoto\/#website\",\"url\":\"https:\/\/blogs.thesocialmedia.com\/leblogmoto\/\",\"name\":\"leblogmoto\",\"description\":\"Toute l&#039;actualit\u00e9 des 2 roues\",\"potentialAction\":[{\"@type\":\"SearchAction\",\"target\":{\"@type\":\"EntryPoint\",\"urlTemplate\":\"https:\/\/blogs.thesocialmedia.com\/leblogmoto\/?s={search_term_string}\"},\"query-input\":{\"@type\":\"PropertyValueSpecification\",\"valueRequired\":true,\"valueName\":\"search_term_string\"}}],\"inLanguage\":\"fr-FR\"},{\"@type\":\"Person\",\"@id\":\"https:\/\/blogs.thesocialmedia.com\/leblogmoto\/#\/schema\/person\/80d2a078dbdb8b60abbd76bae6011f19\",\"name\":\"vincent vaillant\",\"image\":{\"@type\":\"ImageObject\",\"inLanguage\":\"fr-FR\",\"@id\":\"https:\/\/blogs.thesocialmedia.com\/leblogmoto\/#\/schema\/person\/image\/\",\"url\":\"https:\/\/secure.gravatar.com\/avatar\/?s=96&d=mm&r=g\",\"contentUrl\":\"https:\/\/secure.gravatar.com\/avatar\/?s=96&d=mm&r=g\",\"caption\":\"vincent vaillant\"},\"url\":\"https:\/\/blogs.thesocialmedia.com\/leblogmoto\/author\/vincent-vaillant\/\"}]}<\/script>\n<!-- \/ Yoast SEO plugin. -->","yoast_head_json":{"title":"Solidarit\u00e9 aux motards verts - leblogmoto.com","robots":{"index":"index","follow":"follow","max-snippet":"max-snippet:-1","max-image-preview":"max-image-preview:large","max-video-preview":"max-video-preview:-1"},"canonical":"https:\/\/blogs.thesocialmedia.com\/leblogmoto\/2005\/11\/17\/solidarit-aux-m\/","twitter_card":"summary_large_image","twitter_title":"Solidarit\u00e9 aux motards verts - leblogmoto.com","twitter_description":"La FFMC apporte son soutien aux actions qui se mettent en place autour de la d\u00e9fense des loisir verts. Si son objet est avant tout de d\u00e9fendre les droits des motards en tant qu\u2019usagers de la route, la FFMC tient cependant \u00e0 exprimer sa solidarit\u00e9 devant les menaces qui p\u00e8sent sur les droits et libert\u00e9s [&hellip;]","twitter_image":"http:\/\/www.leblogmoto.com\/images\/ffmc_3.jpg","twitter_misc":{"\u00c9crit par":"vincent vaillant","Dur\u00e9e de lecture estim\u00e9e":"1 minute"},"schema":{"@context":"https:\/\/schema.org","@graph":[{"@type":"WebPage","@id":"https:\/\/blogs.thesocialmedia.com\/leblogmoto\/2005\/11\/17\/solidarit-aux-m\/","url":"https:\/\/blogs.thesocialmedia.com\/leblogmoto\/2005\/11\/17\/solidarit-aux-m\/","name":"Solidarit\u00e9 aux motards verts - leblogmoto.com","isPartOf":{"@id":"https:\/\/blogs.thesocialmedia.com\/leblogmoto\/#website"},"primaryImageOfPage":{"@id":"https:\/\/blogs.thesocialmedia.com\/leblogmoto\/2005\/11\/17\/solidarit-aux-m\/#primaryimage"},"image":{"@id":"https:\/\/blogs.thesocialmedia.com\/leblogmoto\/2005\/11\/17\/solidarit-aux-m\/#primaryimage"},"thumbnailUrl":"http:\/\/www.leblogmoto.com\/images\/ffmc_3.jpg","datePublished":"2005-11-17T11:47:47+00:00","dateModified":"2012-07-11T14:10:32+00:00","author":{"@id":"https:\/\/blogs.thesocialmedia.com\/leblogmoto\/#\/schema\/person\/80d2a078dbdb8b60abbd76bae6011f19"},"breadcrumb":{"@id":"https:\/\/blogs.thesocialmedia.com\/leblogmoto\/2005\/11\/17\/solidarit-aux-m\/#breadcrumb"},"inLanguage":"fr-FR","potentialAction":[{"@type":"ReadAction","target":["https:\/\/blogs.thesocialmedia.com\/leblogmoto\/2005\/11\/17\/solidarit-aux-m\/"]}]},{"@type":"ImageObject","inLanguage":"fr-FR","@id":"https:\/\/blogs.thesocialmedia.com\/leblogmoto\/2005\/11\/17\/solidarit-aux-m\/#primaryimage","url":"http:\/\/www.leblogmoto.com\/images\/ffmc_3.jpg","contentUrl":"http:\/\/www.leblogmoto.com\/images\/ffmc_3.jpg"},{"@type":"BreadcrumbList","@id":"https:\/\/blogs.thesocialmedia.com\/leblogmoto\/2005\/11\/17\/solidarit-aux-m\/#breadcrumb","itemListElement":[{"@type":"ListItem","position":1,"name":"Accueil","item":"https:\/\/blogs.thesocialmedia.com\/leblogmoto\/"},{"@type":"ListItem","position":2,"name":"Solidarit\u00e9 aux motards verts"}]},{"@type":"WebSite","@id":"https:\/\/blogs.thesocialmedia.com\/leblogmoto\/#website","url":"https:\/\/blogs.thesocialmedia.com\/leblogmoto\/","name":"leblogmoto","description":"Toute l&#039;actualit\u00e9 des 2 roues","potentialAction":[{"@type":"SearchAction","target":{"@type":"EntryPoint","urlTemplate":"https:\/\/blogs.thesocialmedia.com\/leblogmoto\/?s={search_term_string}"},"query-input":{"@type":"PropertyValueSpecification","valueRequired":true,"valueName":"search_term_string"}}],"inLanguage":"fr-FR"},{"@type":"Person","@id":"https:\/\/blogs.thesocialmedia.com\/leblogmoto\/#\/schema\/person\/80d2a078dbdb8b60abbd76bae6011f19","name":"vincent vaillant","image":{"@type":"ImageObject","inLanguage":"fr-FR","@id":"https:\/\/blogs.thesocialmedia.com\/leblogmoto\/#\/schema\/person\/image\/","url":"https:\/\/secure.gravatar.com\/avatar\/?s=96&d=mm&r=g","contentUrl":"https:\/\/secure.gravatar.com\/avatar\/?s=96&d=mm&r=g","caption":"vincent vaillant"},"url":"https:\/\/blogs.thesocialmedia.com\/leblogmoto\/author\/vincent-vaillant\/"}]}},"_links":{"self":[{"href":"https:\/\/blogs.thesocialmedia.com\/leblogmoto\/wp-json\/wp\/v2\/posts\/2211","targetHints":{"allow":["GET"]}}],"collection":[{"href":"https:\/\/blogs.thesocialmedia.com\/leblogmoto\/wp-json\/wp\/v2\/posts"}],"about":[{"href":"https:\/\/blogs.thesocialmedia.com\/leblogmoto\/wp-json\/wp\/v2\/types\/post"}],"author":[{"embeddable":true,"href":"https:\/\/blogs.thesocialmedia.com\/leblogmoto\/wp-json\/wp\/v2\/users\/338"}],"replies":[{"embeddable":true,"href":"https:\/\/blogs.thesocialmedia.com\/leblogmoto\/wp-json\/wp\/v2\/comments?post=2211"}],"version-history":[{"count":2,"href":"https:\/\/blogs.thesocialmedia.com\/leblogmoto\/wp-json\/wp\/v2\/posts\/2211\/revisions"}],"predecessor-version":[{"id":6750,"href":"https:\/\/blogs.thesocialmedia.com\/leblogmoto\/wp-json\/wp\/v2\/posts\/2211\/revisions\/6750"}],"wp:attachment":[{"href":"https:\/\/blogs.thesocialmedia.com\/leblogmoto\/wp-json\/wp\/v2\/media?parent=2211"}],"wp:term":[{"taxonomy":"category","embeddable":true,"href":"https:\/\/blogs.thesocialmedia.com\/leblogmoto\/wp-json\/wp\/v2\/categories?post=2211"},{"taxonomy":"post_tag","embeddable":true,"href":"https:\/\/blogs.thesocialmedia.com\/leblogmoto\/wp-json\/wp\/v2\/tags?post=2211"}],"curies":[{"name":"wp","href":"https:\/\/api.w.org\/{rel}","templated":true}]}}