{"id":2212,"date":"2005-11-17T11:37:34","date_gmt":"2005-11-17T11:37:34","guid":{"rendered":"http:\/\/blogs.thesocialmedia.com\/leblogmoto\/2005\/11\/17\/1er-salon-europ\/"},"modified":"2012-07-11T14:10:31","modified_gmt":"2012-07-11T14:10:31","slug":"1er-salon-europ","status":"publish","type":"post","link":"https:\/\/blogs.thesocialmedia.com\/leblogmoto\/2005\/11\/17\/1er-salon-europ\/","title":{"rendered":"1er Salon Europ\u00e9en des Loisirs Motoris\u00e9s"},"content":{"rendered":"<p><a href=\"http:\/\/blogs.thesocialmedia.com\/leblogmoto\/files\/2012\/07\/salon_vehicules.jpg\"><img loading=\"lazy\" decoding=\"async\" height=\"199\" alt=\"Salon_vehicules\" src=\"http:\/\/www.leblogmoto.com\/images\/salon_vehicules.jpg\" width=\"150\"  \/><\/a> Le 1er Salon europ\u00e9en technique, dynamique et ludique, consacr\u00e9 aux loisirs motoris\u00e9s, aussi bien pour les passionn\u00e9es que pour le grand public aura lieu du 6 au 9 avril 2006 sur l&rsquo;Hippodrome de Chantilly. Avec un march\u00e9 des loisirs motoris\u00e9s en plein d\u00e9veloppement (4&#215;4, SUV, nouvelles \u00e9nergies, quads, buggies, voiturettes, trikes, engins de jardinage), le bassin parisien poss\u00e8de un rayonnement europ\u00e9en et constitue une r\u00e9gion majeure pour l\u2019exposition et la vente. Pour Philippe Vassard, le commissaire g\u00e9n\u00e9ral du 1er Salon Europ\u00e9en des Loisirs Motoris\u00e9s <em>\u00ab La France avait besoin d\u2019un salon de ce genre, en r\u00e9gion parisienne \u00e0 vocation europ\u00e9enne et avec la pratique \u00e9mergente du quad, il nous a \u00e9t\u00e9 naturel de l\u2019associer aux <a href=\"http:\/\/www.leblogautoto.com\/4x4\/index.html\">4&#215;4<\/a>, pour le diff\u00e9rencier de la <a href=\"www.leblogmoto.com\">moto<\/a> \u00bb<\/em>. Le domaine de l\u2019Hippodrome de Chantilly, 62 hectares \u00e0 40 Kms de Paris et 25 Kms de Roissy CDG, un site historique et prestigieux n\u2019attendait qu\u2019un \u00e9v\u00e9nement de cet ampleur et proposera lors de ce 1er Salon: expositions de v\u00e9hicules, zones de d\u00e9monstration et piste 4&#215;4 situ\u00e9e au centre de l\u2019Hippodrome, man\u00e8ge d\u2019\u00e9volution <a href=\"http:\/\/www.leblogmoto.com\/quad\/index.html\">quads<\/a>, zone d\u2019essais terre- eau pour amphibies, test de tondeuses autoport\u00e9es\u2026. <\/p>\n<p>Les jeunes de 6 \u00e0 12 ans se verront proposer, le circuit FFM\/<a href=\"http:\/\/www.leblogmoto.com\/kymco\/index.html\">Kymco<\/a> avec des initiations aux mini quads et mini motos, tandis que la Police Nationale prendra en charge un circuit mini 4&#215;4. \u00c0 16 Kms de Chantilly, le circuit Ceram de Mortefontaine, v\u00e9ritable laboratoire d\u2019essais sur 180 hectares offrira : circuit goudronn\u00e9, zone de glisse et pistes 4&#215;4 pour pouvoir tester plus longuement les v\u00e9hicules propos\u00e9s par les constructeurs. Dans ce domaine, les Pompiers de Paris offriront \u00e9galement une op\u00e9ration de s\u00e9curit\u00e9 routi\u00e8re pour les quads et les 4&#215;4. Sans oublier, les 150 Kms de pistes balis\u00e9es, reliant le Salon, la for\u00eat de Chantilly, Mortefontaine et Ermenonville, pour tester les v\u00e9hicules, sous l\u2019\u00e9gide de la soci\u00e9t\u00e9 Essor, anim\u00e9e par Etienne Smulevici, r\u00e9cent vainqueur des 24 heures 4&#215;4 de Paris.<\/p>\n<p><strong><u>Un concept novateur<\/u><\/strong><br \/>L\u2019id\u00e9e initiale est de cr\u00e9er et de p\u00e9renniser \u00e0 Chantilly, dans un cadre exceptionnel, un salon \u00e0 fort potentiel europ\u00e9en pour l\u2019automobile, les 4&#215;4, les quads et tout les loisirs motoris\u00e9s. Rassembler tous les acteurs concern\u00e9s \u00e0 des dates propices aux lancements de nouveaux produits, montrer au grand public l\u2019\u00e9tendue de l\u2019offre et les \u00e9volutions pour devenir au fil des ans, la vitrine attractive des loisirs motoris\u00e9s, d\u00e9fendre cette activit\u00e9 et les march\u00e9s contre les attaques actuelles et futures et donner aux jeunes, l\u2019envie de choisir les fili\u00e8res qui leur correspondent.<br \/>Une r\u00e9union avec les principaux constructeurs se d\u00e9roulera le 8 novembre \u00e0 Chantilly afin de r\u00e9pondre \u00e0 toutes leurs interrogations sur cette 1\u00e9re \u00e9dition et anticiper leurs souhaits. Les dossiers d\u2019inscriptions pour les exposants sont disponibles chez CMO et \u00e0 partir de fin novembre, en t\u00e9l\u00e9chargement sur le site Internet du Salon, actuellement en construction.<br \/>Mais ce n\u2019est pas fini, les organisateurs du Salon ont d\u00e9cid\u00e9 d\u2019allier les plaisirs des loisirs motoris\u00e9s aux plaisirs de la chair, dans la structure r\u00e9serv\u00e9e aux accessoires 4&#215;4 et quads ainsi qu\u2019aux prestataires li\u00e9s \u00e0 ces activit\u00e9s, un salon des terroirs sera install\u00e9, avec une centaine de stands li\u00e9s \u00e0 la gastronomie, aux objets insolites des r\u00e9gions, \u2026<\/p>\n<p><strong><u>Renseignements et Informations<\/u><\/strong><br \/>C.M.O. <br \/><a href=\"www.salonloisirsmoteurs.com\">Site Internet<\/a> <br \/>T. 01 34 94 29 45 &#8211; F. 01 34 94 26 53<br \/>1 rue du Conn\u00e9table 60501 Chantilly<br \/>c.m.o@wanadoo.fr <\/p>\n","protected":false},"excerpt":{"rendered":"<p>Le 1er Salon europ\u00e9en technique, dynamique et ludique, consacr\u00e9 aux loisirs motoris\u00e9s, aussi bien pour les passionn\u00e9es que pour le grand public aura lieu du 6 au 9 avril 2006 sur l&rsquo;Hippodrome de Chantilly. Avec un march\u00e9 des loisirs motoris\u00e9s en plein d\u00e9veloppement (4&#215;4, SUV, nouvelles \u00e9nergies, quads, buggies, voiturettes, trikes, engins de jardinage), le [&hellip;]<\/p>\n","protected":false},"author":338,"featured_media":0,"comment_status":"open","ping_status":"open","sticky":false,"template":"","format":"standard","meta":{"footnotes":""},"categories":[3,36],"tags":[],"class_list":["post-2212","post","type-post","status-publish","format-standard","hentry","category-actualite","category-salons"],"yoast_head":"<!-- This site is optimized with the Yoast SEO plugin v26.0 - https:\/\/yoast.com\/wordpress\/plugins\/seo\/ -->\n<title>1er Salon Europ\u00e9en des Loisirs Motoris\u00e9s - leblogmoto.com<\/title>\n<meta name=\"robots\" content=\"index, follow, max-snippet:-1, max-image-preview:large, max-video-preview:-1\" \/>\n<link rel=\"canonical\" href=\"https:\/\/blogs.thesocialmedia.com\/leblogmoto\/2005\/11\/17\/1er-salon-europ\/\" \/>\n<meta name=\"twitter:card\" content=\"summary_large_image\" \/>\n<meta name=\"twitter:title\" content=\"1er Salon Europ\u00e9en des Loisirs Motoris\u00e9s - leblogmoto.com\" \/>\n<meta name=\"twitter:description\" content=\"Le 1er Salon europ\u00e9en technique, dynamique et ludique, consacr\u00e9 aux loisirs motoris\u00e9s, aussi bien pour les passionn\u00e9es que pour le grand public aura lieu du 6 au 9 avril 2006 sur l&rsquo;Hippodrome de Chantilly. Avec un march\u00e9 des loisirs motoris\u00e9s en plein d\u00e9veloppement (4&#215;4, SUV, nouvelles \u00e9nergies, quads, buggies, voiturettes, trikes, engins de jardinage), le [&hellip;]\" \/>\n<meta name=\"twitter:image\" content=\"http:\/\/www.leblogmoto.com\/images\/salon_vehicules.jpg\" \/>\n<meta name=\"twitter:label1\" content=\"\u00c9crit par\" \/>\n\t<meta name=\"twitter:data1\" content=\"vincent vaillant\" \/>\n\t<meta name=\"twitter:label2\" content=\"Dur\u00e9e de lecture estim\u00e9e\" \/>\n\t<meta name=\"twitter:data2\" content=\"3 minutes\" \/>\n<script type=\"application\/ld+json\" class=\"yoast-schema-graph\">{\"@context\":\"https:\/\/schema.org\",\"@graph\":[{\"@type\":\"WebPage\",\"@id\":\"https:\/\/blogs.thesocialmedia.com\/leblogmoto\/2005\/11\/17\/1er-salon-europ\/\",\"url\":\"https:\/\/blogs.thesocialmedia.com\/leblogmoto\/2005\/11\/17\/1er-salon-europ\/\",\"name\":\"1er Salon Europ\u00e9en des Loisirs Motoris\u00e9s - leblogmoto.com\",\"isPartOf\":{\"@id\":\"https:\/\/blogs.thesocialmedia.com\/leblogmoto\/#website\"},\"primaryImageOfPage\":{\"@id\":\"https:\/\/blogs.thesocialmedia.com\/leblogmoto\/2005\/11\/17\/1er-salon-europ\/#primaryimage\"},\"image\":{\"@id\":\"https:\/\/blogs.thesocialmedia.com\/leblogmoto\/2005\/11\/17\/1er-salon-europ\/#primaryimage\"},\"thumbnailUrl\":\"http:\/\/www.leblogmoto.com\/images\/salon_vehicules.jpg\",\"datePublished\":\"2005-11-17T11:37:34+00:00\",\"dateModified\":\"2012-07-11T14:10:31+00:00\",\"author\":{\"@id\":\"https:\/\/blogs.thesocialmedia.com\/leblogmoto\/#\/schema\/person\/80d2a078dbdb8b60abbd76bae6011f19\"},\"breadcrumb\":{\"@id\":\"https:\/\/blogs.thesocialmedia.com\/leblogmoto\/2005\/11\/17\/1er-salon-europ\/#breadcrumb\"},\"inLanguage\":\"fr-FR\",\"potentialAction\":[{\"@type\":\"ReadAction\",\"target\":[\"https:\/\/blogs.thesocialmedia.com\/leblogmoto\/2005\/11\/17\/1er-salon-europ\/\"]}]},{\"@type\":\"ImageObject\",\"inLanguage\":\"fr-FR\",\"@id\":\"https:\/\/blogs.thesocialmedia.com\/leblogmoto\/2005\/11\/17\/1er-salon-europ\/#primaryimage\",\"url\":\"http:\/\/www.leblogmoto.com\/images\/salon_vehicules.jpg\",\"contentUrl\":\"http:\/\/www.leblogmoto.com\/images\/salon_vehicules.jpg\"},{\"@type\":\"BreadcrumbList\",\"@id\":\"https:\/\/blogs.thesocialmedia.com\/leblogmoto\/2005\/11\/17\/1er-salon-europ\/#breadcrumb\",\"itemListElement\":[{\"@type\":\"ListItem\",\"position\":1,\"name\":\"Accueil\",\"item\":\"https:\/\/blogs.thesocialmedia.com\/leblogmoto\/\"},{\"@type\":\"ListItem\",\"position\":2,\"name\":\"1er Salon Europ\u00e9en des Loisirs Motoris\u00e9s\"}]},{\"@type\":\"WebSite\",\"@id\":\"https:\/\/blogs.thesocialmedia.com\/leblogmoto\/#website\",\"url\":\"https:\/\/blogs.thesocialmedia.com\/leblogmoto\/\",\"name\":\"leblogmoto\",\"description\":\"Toute l&#039;actualit\u00e9 des 2 roues\",\"potentialAction\":[{\"@type\":\"SearchAction\",\"target\":{\"@type\":\"EntryPoint\",\"urlTemplate\":\"https:\/\/blogs.thesocialmedia.com\/leblogmoto\/?s={search_term_string}\"},\"query-input\":{\"@type\":\"PropertyValueSpecification\",\"valueRequired\":true,\"valueName\":\"search_term_string\"}}],\"inLanguage\":\"fr-FR\"},{\"@type\":\"Person\",\"@id\":\"https:\/\/blogs.thesocialmedia.com\/leblogmoto\/#\/schema\/person\/80d2a078dbdb8b60abbd76bae6011f19\",\"name\":\"vincent vaillant\",\"image\":{\"@type\":\"ImageObject\",\"inLanguage\":\"fr-FR\",\"@id\":\"https:\/\/blogs.thesocialmedia.com\/leblogmoto\/#\/schema\/person\/image\/\",\"url\":\"https:\/\/secure.gravatar.com\/avatar\/?s=96&d=mm&r=g\",\"contentUrl\":\"https:\/\/secure.gravatar.com\/avatar\/?s=96&d=mm&r=g\",\"caption\":\"vincent vaillant\"},\"url\":\"https:\/\/blogs.thesocialmedia.com\/leblogmoto\/author\/vincent-vaillant\/\"}]}<\/script>\n<!-- \/ Yoast SEO plugin. -->","yoast_head_json":{"title":"1er Salon Europ\u00e9en des Loisirs Motoris\u00e9s - leblogmoto.com","robots":{"index":"index","follow":"follow","max-snippet":"max-snippet:-1","max-image-preview":"max-image-preview:large","max-video-preview":"max-video-preview:-1"},"canonical":"https:\/\/blogs.thesocialmedia.com\/leblogmoto\/2005\/11\/17\/1er-salon-europ\/","twitter_card":"summary_large_image","twitter_title":"1er Salon Europ\u00e9en des Loisirs Motoris\u00e9s - leblogmoto.com","twitter_description":"Le 1er Salon europ\u00e9en technique, dynamique et ludique, consacr\u00e9 aux loisirs motoris\u00e9s, aussi bien pour les passionn\u00e9es que pour le grand public aura lieu du 6 au 9 avril 2006 sur l&rsquo;Hippodrome de Chantilly. Avec un march\u00e9 des loisirs motoris\u00e9s en plein d\u00e9veloppement (4&#215;4, SUV, nouvelles \u00e9nergies, quads, buggies, voiturettes, trikes, engins de jardinage), le [&hellip;]","twitter_image":"http:\/\/www.leblogmoto.com\/images\/salon_vehicules.jpg","twitter_misc":{"\u00c9crit par":"vincent vaillant","Dur\u00e9e de lecture estim\u00e9e":"3 minutes"},"schema":{"@context":"https:\/\/schema.org","@graph":[{"@type":"WebPage","@id":"https:\/\/blogs.thesocialmedia.com\/leblogmoto\/2005\/11\/17\/1er-salon-europ\/","url":"https:\/\/blogs.thesocialmedia.com\/leblogmoto\/2005\/11\/17\/1er-salon-europ\/","name":"1er Salon Europ\u00e9en des Loisirs Motoris\u00e9s - leblogmoto.com","isPartOf":{"@id":"https:\/\/blogs.thesocialmedia.com\/leblogmoto\/#website"},"primaryImageOfPage":{"@id":"https:\/\/blogs.thesocialmedia.com\/leblogmoto\/2005\/11\/17\/1er-salon-europ\/#primaryimage"},"image":{"@id":"https:\/\/blogs.thesocialmedia.com\/leblogmoto\/2005\/11\/17\/1er-salon-europ\/#primaryimage"},"thumbnailUrl":"http:\/\/www.leblogmoto.com\/images\/salon_vehicules.jpg","datePublished":"2005-11-17T11:37:34+00:00","dateModified":"2012-07-11T14:10:31+00:00","author":{"@id":"https:\/\/blogs.thesocialmedia.com\/leblogmoto\/#\/schema\/person\/80d2a078dbdb8b60abbd76bae6011f19"},"breadcrumb":{"@id":"https:\/\/blogs.thesocialmedia.com\/leblogmoto\/2005\/11\/17\/1er-salon-europ\/#breadcrumb"},"inLanguage":"fr-FR","potentialAction":[{"@type":"ReadAction","target":["https:\/\/blogs.thesocialmedia.com\/leblogmoto\/2005\/11\/17\/1er-salon-europ\/"]}]},{"@type":"ImageObject","inLanguage":"fr-FR","@id":"https:\/\/blogs.thesocialmedia.com\/leblogmoto\/2005\/11\/17\/1er-salon-europ\/#primaryimage","url":"http:\/\/www.leblogmoto.com\/images\/salon_vehicules.jpg","contentUrl":"http:\/\/www.leblogmoto.com\/images\/salon_vehicules.jpg"},{"@type":"BreadcrumbList","@id":"https:\/\/blogs.thesocialmedia.com\/leblogmoto\/2005\/11\/17\/1er-salon-europ\/#breadcrumb","itemListElement":[{"@type":"ListItem","position":1,"name":"Accueil","item":"https:\/\/blogs.thesocialmedia.com\/leblogmoto\/"},{"@type":"ListItem","position":2,"name":"1er Salon Europ\u00e9en des Loisirs Motoris\u00e9s"}]},{"@type":"WebSite","@id":"https:\/\/blogs.thesocialmedia.com\/leblogmoto\/#website","url":"https:\/\/blogs.thesocialmedia.com\/leblogmoto\/","name":"leblogmoto","description":"Toute l&#039;actualit\u00e9 des 2 roues","potentialAction":[{"@type":"SearchAction","target":{"@type":"EntryPoint","urlTemplate":"https:\/\/blogs.thesocialmedia.com\/leblogmoto\/?s={search_term_string}"},"query-input":{"@type":"PropertyValueSpecification","valueRequired":true,"valueName":"search_term_string"}}],"inLanguage":"fr-FR"},{"@type":"Person","@id":"https:\/\/blogs.thesocialmedia.com\/leblogmoto\/#\/schema\/person\/80d2a078dbdb8b60abbd76bae6011f19","name":"vincent vaillant","image":{"@type":"ImageObject","inLanguage":"fr-FR","@id":"https:\/\/blogs.thesocialmedia.com\/leblogmoto\/#\/schema\/person\/image\/","url":"https:\/\/secure.gravatar.com\/avatar\/?s=96&d=mm&r=g","contentUrl":"https:\/\/secure.gravatar.com\/avatar\/?s=96&d=mm&r=g","caption":"vincent vaillant"},"url":"https:\/\/blogs.thesocialmedia.com\/leblogmoto\/author\/vincent-vaillant\/"}]}},"_links":{"self":[{"href":"https:\/\/blogs.thesocialmedia.com\/leblogmoto\/wp-json\/wp\/v2\/posts\/2212","targetHints":{"allow":["GET"]}}],"collection":[{"href":"https:\/\/blogs.thesocialmedia.com\/leblogmoto\/wp-json\/wp\/v2\/posts"}],"about":[{"href":"https:\/\/blogs.thesocialmedia.com\/leblogmoto\/wp-json\/wp\/v2\/types\/post"}],"author":[{"embeddable":true,"href":"https:\/\/blogs.thesocialmedia.com\/leblogmoto\/wp-json\/wp\/v2\/users\/338"}],"replies":[{"embeddable":true,"href":"https:\/\/blogs.thesocialmedia.com\/leblogmoto\/wp-json\/wp\/v2\/comments?post=2212"}],"version-history":[{"count":2,"href":"https:\/\/blogs.thesocialmedia.com\/leblogmoto\/wp-json\/wp\/v2\/posts\/2212\/revisions"}],"predecessor-version":[{"id":6748,"href":"https:\/\/blogs.thesocialmedia.com\/leblogmoto\/wp-json\/wp\/v2\/posts\/2212\/revisions\/6748"}],"wp:attachment":[{"href":"https:\/\/blogs.thesocialmedia.com\/leblogmoto\/wp-json\/wp\/v2\/media?parent=2212"}],"wp:term":[{"taxonomy":"category","embeddable":true,"href":"https:\/\/blogs.thesocialmedia.com\/leblogmoto\/wp-json\/wp\/v2\/categories?post=2212"},{"taxonomy":"post_tag","embeddable":true,"href":"https:\/\/blogs.thesocialmedia.com\/leblogmoto\/wp-json\/wp\/v2\/tags?post=2212"}],"curies":[{"name":"wp","href":"https:\/\/api.w.org\/{rel}","templated":true}]}}