{"id":2219,"date":"2005-11-14T15:33:52","date_gmt":"2005-11-14T15:33:52","guid":{"rendered":"http:\/\/blogs.thesocialmedia.com\/leblogmoto\/2005\/11\/14\/supercross-pari\/"},"modified":"2012-07-11T14:09:51","modified_gmt":"2012-07-11T14:09:51","slug":"supercross-pari","status":"publish","type":"post","link":"https:\/\/blogs.thesocialmedia.com\/leblogmoto\/2005\/11\/14\/supercross-pari\/","title":{"rendered":"Supercross Paris Bercy 2005 : r\u00e9sultats"},"content":{"rendered":"<p><a href=\"http:\/\/blogs.thesocialmedia.com\/leblogmoto\/files\/2012\/07\/bercy_1.jpg\"><img loading=\"lazy\" decoding=\"async\" alt=\"Bercy_1\" src=\"http:\/\/www.leblogmoto.com\/images\/bercy_1.jpg\" width=\"249\" height=\"163\"  style=\"float: left;margin: 0px 5px 5px 0px\" \/><\/a><\/p>\n<p>Cette ann\u00e9e encore, les Am\u00e9ricains auront \u00e9t\u00e9 les plus forts lors du Supercross de Bercy qui s&rsquo;est d\u00e9roul\u00e9 le week end dernier. Les am\u00e9ricains n\u2019auront fait aucun cadeau et remportent chacune des trois soir\u00e9es de la finale, laissant \u00e0 la France (qui a fait d\u00e9shonneur au sport fran\u00e7ais en organisant un match de boxe au beau milieu du POPB) et au reste du monde, un go\u00fbt amer.  L&rsquo;officiel Honda Andrew Short s&rsquo;impose donc pour la seconde ann\u00e9e cons\u00e9cutive et entra\u00eene l&rsquo;\u00e9quipe am\u00e9ricaine au succ\u00e8s dans le classement inter nations.<br \/> Du c\u00f4t\u00e9 fran\u00e7ais S\u00e9bastien Tortelli a r\u00e9alis\u00e9 une belle prestation vendredi en terminant deuxi\u00e8me, mais a \u00e9t\u00e9 victime d&rsquo;une casse m\u00e9canique samedi et d&rsquo;une chute dimanche alors qu&rsquo;il \u00e9tait troisi\u00e8me. Quant \u00e0 Eric Sorby, il a tous simplement \u00e9t\u00e9 exclu de la comp\u00e9tition en compagnie de Steve Boniface qui a donn\u00e9 un coup de poing \u00e0 Mike Alessi vendredi 11 novembre. Il a \u00e9cop\u00e9 d\u2019un avertissement assorti d\u2019une amende de 1.500 euros pour \u00ab\u00a0coup port\u00e9 \u00e0 un autre concurrent\u00a0\u00bb.<\/p>\n<p>Les r\u00e9sultats du Supercross de Paris Bercy 2005 :<\/p>\n<p>King of Bercy XXIII : 1.Short (USA) ; 2.M.Alessi (USA) ; 3.Brown (USA); 4.Laninovich (USA) ; 5.Gibson (USA) ; 6.Reardon (Aus) ; 7.Tortelli (F) ; 8.Gosselaar (USA); 9.Renet (F); 10.Rouis (Tun) ; etc. <\/p>\n<p>Finale dimanche : 1.Short ; 2.M.Alessi ; 3.Brown ; 4.Gosselaar; 5.Renet; 6.Reardon ; 7.Gibson ; 8.Laninovich; 9.S.Pourcel ; 10.Aubin ; 11.Bradshaw; 12.M.Musquin ; 13.Tortelli ; 14.J.Alessi ; 15.Sorby ; etc. <\/p>\n<p>Finale samedi : 1.Short ; 2.M.Alessi ; 3.Brown ; 4.Gosselaar; 5.Renet; 6.Reardon ; 7.Gibson ; 8.Laninovich; 9.S.Pourcel ; 10.Aubin ; 11.Bradshaw; 12.M.Musquin ; 13.Tortelli ; 14.J.Alessi ; 15.Sorby ; etc. <\/p>\n<p>Finale vendredi : 1.Short ; 2.Tortelli ; 3.M.Alessi ; 4.J.Alessi ; 5.Brown ; 6.Laninovich ; 7.Gibson ; 8.Renet ; 9.Marmont ; 10.Rouis ; 11.S.Pourcel ; 12.Boissi\u00e8re ; 13.Sorby ; 14.Reardon ; 15.Philippaerts ; etc.<\/p>\n<p><a href=\"http:\/\/blogs.thesocialmedia.com\/leblogmoto\/files\/2012\/07\/bercy_2.jpg\"><img loading=\"lazy\" decoding=\"async\" alt=\"Bercy_2\" src=\"http:\/\/www.leblogmoto.com\/images\/bercy_2.jpg\" width=\"470\" height=\"313\"  style=\"float: left;margin: 0px 5px 5px 0px\" \/><\/a><\/p>\n<p><a href=\"http:\/\/blogs.thesocialmedia.com\/leblogmoto\/files\/2012\/07\/bercy_3.jpg\"><img loading=\"lazy\" decoding=\"async\" alt=\"Bercy_3\" src=\"http:\/\/www.leblogmoto.com\/images\/bercy_3.jpg\" width=\"470\" height=\"313\"  style=\"float: left;margin: 0px 5px 5px 0px\" \/><\/a><\/p>\n<p><a href=\"http:\/\/blogs.thesocialmedia.com\/leblogmoto\/files\/2012\/07\/bercy_4_1.jpg\"><img loading=\"lazy\" decoding=\"async\" alt=\"Bercy_4_1\" src=\"http:\/\/www.leblogmoto.com\/images\/bercy_4_1.jpg\" width=\"470\" height=\"313\"  style=\"float: left;margin: 0px 5px 5px 0px\" \/><\/a><\/p>\n","protected":false},"excerpt":{"rendered":"<p>Cette ann\u00e9e encore, les Am\u00e9ricains auront \u00e9t\u00e9 les plus forts lors du Supercross de Bercy qui s&rsquo;est d\u00e9roul\u00e9 le week end dernier. Les am\u00e9ricains n\u2019auront fait aucun cadeau et remportent chacune des trois soir\u00e9es de la finale, laissant \u00e0 la France (qui a fait d\u00e9shonneur au sport fran\u00e7ais en organisant un match de boxe au [&hellip;]<\/p>\n","protected":false},"author":339,"featured_media":0,"comment_status":"open","ping_status":"open","sticky":false,"template":"","format":"standard","meta":{"footnotes":""},"categories":[66],"tags":[],"class_list":["post-2219","post","type-post","status-publish","format-standard","hentry","category-moto-cross"],"yoast_head":"<!-- This site is optimized with the Yoast SEO plugin v26.0 - https:\/\/yoast.com\/wordpress\/plugins\/seo\/ -->\n<title>Supercross Paris Bercy 2005 : r\u00e9sultats - leblogmoto.com<\/title>\n<meta name=\"robots\" content=\"index, follow, max-snippet:-1, max-image-preview:large, max-video-preview:-1\" \/>\n<link rel=\"canonical\" href=\"https:\/\/blogs.thesocialmedia.com\/leblogmoto\/2005\/11\/14\/supercross-pari\/\" \/>\n<meta name=\"twitter:card\" content=\"summary_large_image\" \/>\n<meta name=\"twitter:title\" content=\"Supercross Paris Bercy 2005 : r\u00e9sultats - leblogmoto.com\" \/>\n<meta name=\"twitter:description\" content=\"Cette ann\u00e9e encore, les Am\u00e9ricains auront \u00e9t\u00e9 les plus forts lors du Supercross de Bercy qui s&rsquo;est d\u00e9roul\u00e9 le week end dernier. Les am\u00e9ricains n\u2019auront fait aucun cadeau et remportent chacune des trois soir\u00e9es de la finale, laissant \u00e0 la France (qui a fait d\u00e9shonneur au sport fran\u00e7ais en organisant un match de boxe au [&hellip;]\" \/>\n<meta name=\"twitter:image\" content=\"http:\/\/www.leblogmoto.com\/images\/bercy_1.jpg\" \/>\n<meta name=\"twitter:label1\" content=\"\u00c9crit par\" \/>\n\t<meta name=\"twitter:data1\" content=\"daniel bour\" \/>\n\t<meta name=\"twitter:label2\" content=\"Dur\u00e9e de lecture estim\u00e9e\" \/>\n\t<meta name=\"twitter:data2\" content=\"1 minute\" \/>\n<script type=\"application\/ld+json\" class=\"yoast-schema-graph\">{\"@context\":\"https:\/\/schema.org\",\"@graph\":[{\"@type\":\"WebPage\",\"@id\":\"https:\/\/blogs.thesocialmedia.com\/leblogmoto\/2005\/11\/14\/supercross-pari\/\",\"url\":\"https:\/\/blogs.thesocialmedia.com\/leblogmoto\/2005\/11\/14\/supercross-pari\/\",\"name\":\"Supercross Paris Bercy 2005 : r\u00e9sultats - leblogmoto.com\",\"isPartOf\":{\"@id\":\"https:\/\/blogs.thesocialmedia.com\/leblogmoto\/#website\"},\"primaryImageOfPage\":{\"@id\":\"https:\/\/blogs.thesocialmedia.com\/leblogmoto\/2005\/11\/14\/supercross-pari\/#primaryimage\"},\"image\":{\"@id\":\"https:\/\/blogs.thesocialmedia.com\/leblogmoto\/2005\/11\/14\/supercross-pari\/#primaryimage\"},\"thumbnailUrl\":\"http:\/\/www.leblogmoto.com\/images\/bercy_1.jpg\",\"datePublished\":\"2005-11-14T15:33:52+00:00\",\"dateModified\":\"2012-07-11T14:09:51+00:00\",\"author\":{\"@id\":\"https:\/\/blogs.thesocialmedia.com\/leblogmoto\/#\/schema\/person\/112bf3448e55eeb119f6276bbf85b8e7\"},\"breadcrumb\":{\"@id\":\"https:\/\/blogs.thesocialmedia.com\/leblogmoto\/2005\/11\/14\/supercross-pari\/#breadcrumb\"},\"inLanguage\":\"fr-FR\",\"potentialAction\":[{\"@type\":\"ReadAction\",\"target\":[\"https:\/\/blogs.thesocialmedia.com\/leblogmoto\/2005\/11\/14\/supercross-pari\/\"]}]},{\"@type\":\"ImageObject\",\"inLanguage\":\"fr-FR\",\"@id\":\"https:\/\/blogs.thesocialmedia.com\/leblogmoto\/2005\/11\/14\/supercross-pari\/#primaryimage\",\"url\":\"http:\/\/www.leblogmoto.com\/images\/bercy_1.jpg\",\"contentUrl\":\"http:\/\/www.leblogmoto.com\/images\/bercy_1.jpg\"},{\"@type\":\"BreadcrumbList\",\"@id\":\"https:\/\/blogs.thesocialmedia.com\/leblogmoto\/2005\/11\/14\/supercross-pari\/#breadcrumb\",\"itemListElement\":[{\"@type\":\"ListItem\",\"position\":1,\"name\":\"Accueil\",\"item\":\"https:\/\/blogs.thesocialmedia.com\/leblogmoto\/\"},{\"@type\":\"ListItem\",\"position\":2,\"name\":\"Supercross Paris Bercy 2005 : r\u00e9sultats\"}]},{\"@type\":\"WebSite\",\"@id\":\"https:\/\/blogs.thesocialmedia.com\/leblogmoto\/#website\",\"url\":\"https:\/\/blogs.thesocialmedia.com\/leblogmoto\/\",\"name\":\"leblogmoto\",\"description\":\"Toute l&#039;actualit\u00e9 des 2 roues\",\"potentialAction\":[{\"@type\":\"SearchAction\",\"target\":{\"@type\":\"EntryPoint\",\"urlTemplate\":\"https:\/\/blogs.thesocialmedia.com\/leblogmoto\/?s={search_term_string}\"},\"query-input\":{\"@type\":\"PropertyValueSpecification\",\"valueRequired\":true,\"valueName\":\"search_term_string\"}}],\"inLanguage\":\"fr-FR\"},{\"@type\":\"Person\",\"@id\":\"https:\/\/blogs.thesocialmedia.com\/leblogmoto\/#\/schema\/person\/112bf3448e55eeb119f6276bbf85b8e7\",\"name\":\"daniel bour\",\"image\":{\"@type\":\"ImageObject\",\"inLanguage\":\"fr-FR\",\"@id\":\"https:\/\/blogs.thesocialmedia.com\/leblogmoto\/#\/schema\/person\/image\/\",\"url\":\"https:\/\/secure.gravatar.com\/avatar\/?s=96&d=mm&r=g\",\"contentUrl\":\"https:\/\/secure.gravatar.com\/avatar\/?s=96&d=mm&r=g\",\"caption\":\"daniel bour\"},\"url\":\"https:\/\/blogs.thesocialmedia.com\/leblogmoto\/author\/daniel-bour\/\"}]}<\/script>\n<!-- \/ Yoast SEO plugin. -->","yoast_head_json":{"title":"Supercross Paris Bercy 2005 : r\u00e9sultats - leblogmoto.com","robots":{"index":"index","follow":"follow","max-snippet":"max-snippet:-1","max-image-preview":"max-image-preview:large","max-video-preview":"max-video-preview:-1"},"canonical":"https:\/\/blogs.thesocialmedia.com\/leblogmoto\/2005\/11\/14\/supercross-pari\/","twitter_card":"summary_large_image","twitter_title":"Supercross Paris Bercy 2005 : r\u00e9sultats - leblogmoto.com","twitter_description":"Cette ann\u00e9e encore, les Am\u00e9ricains auront \u00e9t\u00e9 les plus forts lors du Supercross de Bercy qui s&rsquo;est d\u00e9roul\u00e9 le week end dernier. Les am\u00e9ricains n\u2019auront fait aucun cadeau et remportent chacune des trois soir\u00e9es de la finale, laissant \u00e0 la France (qui a fait d\u00e9shonneur au sport fran\u00e7ais en organisant un match de boxe au [&hellip;]","twitter_image":"http:\/\/www.leblogmoto.com\/images\/bercy_1.jpg","twitter_misc":{"\u00c9crit par":"daniel bour","Dur\u00e9e de lecture estim\u00e9e":"1 minute"},"schema":{"@context":"https:\/\/schema.org","@graph":[{"@type":"WebPage","@id":"https:\/\/blogs.thesocialmedia.com\/leblogmoto\/2005\/11\/14\/supercross-pari\/","url":"https:\/\/blogs.thesocialmedia.com\/leblogmoto\/2005\/11\/14\/supercross-pari\/","name":"Supercross Paris Bercy 2005 : r\u00e9sultats - leblogmoto.com","isPartOf":{"@id":"https:\/\/blogs.thesocialmedia.com\/leblogmoto\/#website"},"primaryImageOfPage":{"@id":"https:\/\/blogs.thesocialmedia.com\/leblogmoto\/2005\/11\/14\/supercross-pari\/#primaryimage"},"image":{"@id":"https:\/\/blogs.thesocialmedia.com\/leblogmoto\/2005\/11\/14\/supercross-pari\/#primaryimage"},"thumbnailUrl":"http:\/\/www.leblogmoto.com\/images\/bercy_1.jpg","datePublished":"2005-11-14T15:33:52+00:00","dateModified":"2012-07-11T14:09:51+00:00","author":{"@id":"https:\/\/blogs.thesocialmedia.com\/leblogmoto\/#\/schema\/person\/112bf3448e55eeb119f6276bbf85b8e7"},"breadcrumb":{"@id":"https:\/\/blogs.thesocialmedia.com\/leblogmoto\/2005\/11\/14\/supercross-pari\/#breadcrumb"},"inLanguage":"fr-FR","potentialAction":[{"@type":"ReadAction","target":["https:\/\/blogs.thesocialmedia.com\/leblogmoto\/2005\/11\/14\/supercross-pari\/"]}]},{"@type":"ImageObject","inLanguage":"fr-FR","@id":"https:\/\/blogs.thesocialmedia.com\/leblogmoto\/2005\/11\/14\/supercross-pari\/#primaryimage","url":"http:\/\/www.leblogmoto.com\/images\/bercy_1.jpg","contentUrl":"http:\/\/www.leblogmoto.com\/images\/bercy_1.jpg"},{"@type":"BreadcrumbList","@id":"https:\/\/blogs.thesocialmedia.com\/leblogmoto\/2005\/11\/14\/supercross-pari\/#breadcrumb","itemListElement":[{"@type":"ListItem","position":1,"name":"Accueil","item":"https:\/\/blogs.thesocialmedia.com\/leblogmoto\/"},{"@type":"ListItem","position":2,"name":"Supercross Paris Bercy 2005 : r\u00e9sultats"}]},{"@type":"WebSite","@id":"https:\/\/blogs.thesocialmedia.com\/leblogmoto\/#website","url":"https:\/\/blogs.thesocialmedia.com\/leblogmoto\/","name":"leblogmoto","description":"Toute l&#039;actualit\u00e9 des 2 roues","potentialAction":[{"@type":"SearchAction","target":{"@type":"EntryPoint","urlTemplate":"https:\/\/blogs.thesocialmedia.com\/leblogmoto\/?s={search_term_string}"},"query-input":{"@type":"PropertyValueSpecification","valueRequired":true,"valueName":"search_term_string"}}],"inLanguage":"fr-FR"},{"@type":"Person","@id":"https:\/\/blogs.thesocialmedia.com\/leblogmoto\/#\/schema\/person\/112bf3448e55eeb119f6276bbf85b8e7","name":"daniel bour","image":{"@type":"ImageObject","inLanguage":"fr-FR","@id":"https:\/\/blogs.thesocialmedia.com\/leblogmoto\/#\/schema\/person\/image\/","url":"https:\/\/secure.gravatar.com\/avatar\/?s=96&d=mm&r=g","contentUrl":"https:\/\/secure.gravatar.com\/avatar\/?s=96&d=mm&r=g","caption":"daniel bour"},"url":"https:\/\/blogs.thesocialmedia.com\/leblogmoto\/author\/daniel-bour\/"}]}},"_links":{"self":[{"href":"https:\/\/blogs.thesocialmedia.com\/leblogmoto\/wp-json\/wp\/v2\/posts\/2219","targetHints":{"allow":["GET"]}}],"collection":[{"href":"https:\/\/blogs.thesocialmedia.com\/leblogmoto\/wp-json\/wp\/v2\/posts"}],"about":[{"href":"https:\/\/blogs.thesocialmedia.com\/leblogmoto\/wp-json\/wp\/v2\/types\/post"}],"author":[{"embeddable":true,"href":"https:\/\/blogs.thesocialmedia.com\/leblogmoto\/wp-json\/wp\/v2\/users\/339"}],"replies":[{"embeddable":true,"href":"https:\/\/blogs.thesocialmedia.com\/leblogmoto\/wp-json\/wp\/v2\/comments?post=2219"}],"version-history":[{"count":2,"href":"https:\/\/blogs.thesocialmedia.com\/leblogmoto\/wp-json\/wp\/v2\/posts\/2219\/revisions"}],"predecessor-version":[{"id":6724,"href":"https:\/\/blogs.thesocialmedia.com\/leblogmoto\/wp-json\/wp\/v2\/posts\/2219\/revisions\/6724"}],"wp:attachment":[{"href":"https:\/\/blogs.thesocialmedia.com\/leblogmoto\/wp-json\/wp\/v2\/media?parent=2219"}],"wp:term":[{"taxonomy":"category","embeddable":true,"href":"https:\/\/blogs.thesocialmedia.com\/leblogmoto\/wp-json\/wp\/v2\/categories?post=2219"},{"taxonomy":"post_tag","embeddable":true,"href":"https:\/\/blogs.thesocialmedia.com\/leblogmoto\/wp-json\/wp\/v2\/tags?post=2219"}],"curies":[{"name":"wp","href":"https:\/\/api.w.org\/{rel}","templated":true}]}}