{"id":222,"date":"2009-03-24T01:50:16","date_gmt":"2009-03-24T01:50:16","guid":{"rendered":"http:\/\/blogs.thesocialmedia.com\/leblogmoto\/2009\/03\/24\/le-gp-de-hongrie-est-supprime-sans-etre-remplace\/"},"modified":"2012-07-11T17:14:02","modified_gmt":"2012-07-11T17:14:02","slug":"le-gp-de-hongrie-est-supprime-sans-etre-remplace","status":"publish","type":"post","link":"https:\/\/blogs.thesocialmedia.com\/leblogmoto\/2009\/03\/24\/le-gp-de-hongrie-est-supprime-sans-etre-remplace\/","title":{"rendered":"Le GP de Hongrie est supprim\u00e9 sans \u00eatre remplac\u00e9."},"content":{"rendered":"<p><a href=\"http:\/\/blogs.thesocialmedia.com\/leblogmoto\/files\/2012\/07\/6a00d83451b18369e201156f40c83f970b-popup.png\"> <\/a><\/p>\n<p><a href=\"http:\/\/blogs.thesocialmedia.com\/leblogmoto\/files\/2012\/07\/6a00d83451b18369e201156f40c83f970b-popup.png\"><img decoding=\"async\" alt=\"MotoGP Balatonring\" class=\"at-xid-6a00d83451b18369e201156f40c83f970b \" src=\"http:\/\/blogs.thesocialmedia.com\/leblogmoto\/files\/2012\/07\/6a00d83451b18369e201156f40c83f970b-500wi.jpg\" style=\"width: 470px\" \/><\/a> <\/p>\n<p>On s&#039;en <a href=\"http:\/\/blogs.thesocialmedia.com\/leblogmoto\/files\/2012\/07\/les-nuages-sacc.html_.png\" target=\"_blank\">inqui\u00e9tait<\/a>. A juste titre. Le Grand Prix de Hongrie au Balatonring est report\u00e9 \u00e0 2010, au mieux. Les organisateurs ont demand\u00e9 que cette \u00e9preuve qui devait avoir lieu le 20 septembre prochain, soit d\u00e9plac\u00e9e au calendrier de la saison prochaine en raison des retards pris dans sa construction. Et tenter de&#160;d\u00e9crocher&#160;selon les rumeurs&#160;200 millions d&#039;euros pour financer totalement le projet. S&#039;ajoute \u00e0 cela&#160;l&#039;hiver hongrois rigoureux qui ont un peu plus sap\u00e9 les vell\u00e9it\u00e9s du ma\u00eetre d&#039;\u0153uvre. Dommage pour les fans hongrois de MotoGP&#160; que compte&#160;ce&#160;pays, qui en outre poss\u00e8de quelques atouts. On en veut pour preuve l&#039;intense mobilisation des m\u00e9dias&#160;autour de Gabor Talmacsi (ici sur la photo mains jointes \u00e0 l&#039;arri\u00e8re-plan) en 2007 et de son titre de champion du monde en 125. Un pilote qui \u00e9tait venu pour la pose de la premi\u00e8re pierre. Paradoxalement c&#039;est de pierres que ce circuit manque et pas de langue d&#039;asphalte.&#160;Carmelo Ezpeleta, le pr\u00e9sident de la Dorna (en veste marron-vert) a confi\u00e9 \u00e0 la <em>Gazzetta dello Sport<\/em> que les autorit\u00e9s hongroises proposaient une solution m\u00e9diane pour tenir leur engagement: mettre \u00e0 la disposition de la Dorna et de la FIM un circuit construit mais d\u00e9pourvu de structures pour les \u00e9quipes; en bref, un trac\u00e9 sans paddock.&#160;&quot;Soit le maximum est fait, soit nous reportons d&#039;une ann\u00e9e&quot;&#160;a d\u00e9clar\u00e9 l&#039;Espagnol.<\/p>\n<\/p>\n<p><a href=\"http:\/\/clabedan.typepad.com\/.a\/6a00d83451b18369e201156e478d26970c-popup\"><img decoding=\"async\" alt=\"MotoGP Balatonring 2\" class=\"at-xid-6a00d83451b18369e201156e478d26970c \" src=\"http:\/\/blogs.thesocialmedia.com\/leblogmoto\/files\/2012\/07\/6a00d83451b18369e201156e478d26970c-500wi.jpg\" style=\"width: 470px\" \/><\/a> <\/p>\n<p>Il ajoute, comme pour d\u00e9dramatiser le probl\u00e8me&quot;De toute fa\u00e7on les termes du contrat pr\u00e9voyaient que le circuit devait \u00eatre pr\u00eat cette ann\u00e9e ou l&#039;ann\u00e9e d&#039;apr\u00e8s&quot;. S&#039;en est donc&#160;suivie&#160;la confirmation de la FIM, qui conclut que le calendrier sera r\u00e9duit \u00e0 17 \u00e9preuves. Si ce n&#039;est la satisfaction d&#039;int\u00e9r\u00eats particuliers, pourquoi alors n&#039;avoir pas choisi le Hungaroring ?<\/p>\n<p><em>Cr\u00e9dit photos: le site hongrois Totalbike.<\/em><\/p>\n","protected":false},"excerpt":{"rendered":"<p>On s&#039;en inqui\u00e9tait. A juste titre. Le Grand Prix de Hongrie au Balatonring est report\u00e9 \u00e0 2010, au mieux. Les organisateurs ont demand\u00e9 que cette \u00e9preuve qui devait avoir lieu le 20 septembre prochain, soit d\u00e9plac\u00e9e au calendrier de la saison prochaine en raison des retards pris dans sa construction. Et tenter de&#160;d\u00e9crocher&#160;selon les rumeurs&#160;200 [&hellip;]<\/p>\n","protected":false},"author":324,"featured_media":13003,"comment_status":"open","ping_status":"open","sticky":false,"template":"","format":"standard","meta":{"footnotes":""},"categories":[3,22],"tags":[],"class_list":["post-222","post","type-post","status-publish","format-standard","has-post-thumbnail","hentry","category-actualite","category-motogp"],"yoast_head":"<!-- This site is optimized with the Yoast SEO plugin v26.0 - https:\/\/yoast.com\/wordpress\/plugins\/seo\/ -->\n<title>Le GP de Hongrie est supprim\u00e9 sans \u00eatre remplac\u00e9. - leblogmoto.com<\/title>\n<meta name=\"robots\" content=\"index, follow, max-snippet:-1, max-image-preview:large, max-video-preview:-1\" \/>\n<link rel=\"canonical\" href=\"https:\/\/blogs.thesocialmedia.com\/leblogmoto\/2009\/03\/24\/le-gp-de-hongrie-est-supprime-sans-etre-remplace\/\" \/>\n<meta name=\"twitter:card\" content=\"summary_large_image\" \/>\n<meta name=\"twitter:title\" content=\"Le GP de Hongrie est supprim\u00e9 sans \u00eatre remplac\u00e9. - leblogmoto.com\" \/>\n<meta name=\"twitter:description\" content=\"On s&#039;en inqui\u00e9tait. A juste titre. Le Grand Prix de Hongrie au Balatonring est report\u00e9 \u00e0 2010, au mieux. Les organisateurs ont demand\u00e9 que cette \u00e9preuve qui devait avoir lieu le 20 septembre prochain, soit d\u00e9plac\u00e9e au calendrier de la saison prochaine en raison des retards pris dans sa construction. Et tenter de&#160;d\u00e9crocher&#160;selon les rumeurs&#160;200 [&hellip;]\" \/>\n<meta name=\"twitter:image\" content=\"https:\/\/blogs.thesocialmedia.com\/leblogmoto\/files\/2012\/07\/6a00d83451b18369e201156f40c83f970b-500wi.jpg\" \/>\n<meta name=\"twitter:label1\" content=\"\u00c9crit par\" \/>\n\t<meta name=\"twitter:data1\" content=\"benoit rieu\" \/>\n\t<meta name=\"twitter:label2\" content=\"Dur\u00e9e de lecture estim\u00e9e\" \/>\n\t<meta name=\"twitter:data2\" content=\"2 minutes\" \/>\n<script type=\"application\/ld+json\" class=\"yoast-schema-graph\">{\"@context\":\"https:\/\/schema.org\",\"@graph\":[{\"@type\":\"WebPage\",\"@id\":\"https:\/\/blogs.thesocialmedia.com\/leblogmoto\/2009\/03\/24\/le-gp-de-hongrie-est-supprime-sans-etre-remplace\/\",\"url\":\"https:\/\/blogs.thesocialmedia.com\/leblogmoto\/2009\/03\/24\/le-gp-de-hongrie-est-supprime-sans-etre-remplace\/\",\"name\":\"Le GP de Hongrie est supprim\u00e9 sans \u00eatre remplac\u00e9. - leblogmoto.com\",\"isPartOf\":{\"@id\":\"https:\/\/blogs.thesocialmedia.com\/leblogmoto\/#website\"},\"primaryImageOfPage\":{\"@id\":\"https:\/\/blogs.thesocialmedia.com\/leblogmoto\/2009\/03\/24\/le-gp-de-hongrie-est-supprime-sans-etre-remplace\/#primaryimage\"},\"image\":{\"@id\":\"https:\/\/blogs.thesocialmedia.com\/leblogmoto\/2009\/03\/24\/le-gp-de-hongrie-est-supprime-sans-etre-remplace\/#primaryimage\"},\"thumbnailUrl\":\"https:\/\/blogs.thesocialmedia.com\/leblogmoto\/files\/2012\/07\/6a00d83451b18369e201156f40c83f970b-500wi.jpg\",\"datePublished\":\"2009-03-24T01:50:16+00:00\",\"dateModified\":\"2012-07-11T17:14:02+00:00\",\"author\":{\"@id\":\"https:\/\/blogs.thesocialmedia.com\/leblogmoto\/#\/schema\/person\/18bfe773e5725ed6d24f743da805362a\"},\"breadcrumb\":{\"@id\":\"https:\/\/blogs.thesocialmedia.com\/leblogmoto\/2009\/03\/24\/le-gp-de-hongrie-est-supprime-sans-etre-remplace\/#breadcrumb\"},\"inLanguage\":\"fr-FR\",\"potentialAction\":[{\"@type\":\"ReadAction\",\"target\":[\"https:\/\/blogs.thesocialmedia.com\/leblogmoto\/2009\/03\/24\/le-gp-de-hongrie-est-supprime-sans-etre-remplace\/\"]}]},{\"@type\":\"ImageObject\",\"inLanguage\":\"fr-FR\",\"@id\":\"https:\/\/blogs.thesocialmedia.com\/leblogmoto\/2009\/03\/24\/le-gp-de-hongrie-est-supprime-sans-etre-remplace\/#primaryimage\",\"url\":\"https:\/\/blogs.thesocialmedia.com\/leblogmoto\/files\/2012\/07\/6a00d83451b18369e201156f40c83f970b-500wi.jpg\",\"contentUrl\":\"https:\/\/blogs.thesocialmedia.com\/leblogmoto\/files\/2012\/07\/6a00d83451b18369e201156f40c83f970b-500wi.jpg\",\"width\":\"500\",\"height\":\"333\"},{\"@type\":\"BreadcrumbList\",\"@id\":\"https:\/\/blogs.thesocialmedia.com\/leblogmoto\/2009\/03\/24\/le-gp-de-hongrie-est-supprime-sans-etre-remplace\/#breadcrumb\",\"itemListElement\":[{\"@type\":\"ListItem\",\"position\":1,\"name\":\"Accueil\",\"item\":\"https:\/\/blogs.thesocialmedia.com\/leblogmoto\/\"},{\"@type\":\"ListItem\",\"position\":2,\"name\":\"Le GP de Hongrie est supprim\u00e9 sans \u00eatre remplac\u00e9.\"}]},{\"@type\":\"WebSite\",\"@id\":\"https:\/\/blogs.thesocialmedia.com\/leblogmoto\/#website\",\"url\":\"https:\/\/blogs.thesocialmedia.com\/leblogmoto\/\",\"name\":\"leblogmoto\",\"description\":\"Toute l&#039;actualit\u00e9 des 2 roues\",\"potentialAction\":[{\"@type\":\"SearchAction\",\"target\":{\"@type\":\"EntryPoint\",\"urlTemplate\":\"https:\/\/blogs.thesocialmedia.com\/leblogmoto\/?s={search_term_string}\"},\"query-input\":{\"@type\":\"PropertyValueSpecification\",\"valueRequired\":true,\"valueName\":\"search_term_string\"}}],\"inLanguage\":\"fr-FR\"},{\"@type\":\"Person\",\"@id\":\"https:\/\/blogs.thesocialmedia.com\/leblogmoto\/#\/schema\/person\/18bfe773e5725ed6d24f743da805362a\",\"name\":\"benoit rieu\",\"image\":{\"@type\":\"ImageObject\",\"inLanguage\":\"fr-FR\",\"@id\":\"https:\/\/blogs.thesocialmedia.com\/leblogmoto\/#\/schema\/person\/image\/\",\"url\":\"https:\/\/secure.gravatar.com\/avatar\/?s=96&d=mm&r=g\",\"contentUrl\":\"https:\/\/secure.gravatar.com\/avatar\/?s=96&d=mm&r=g\",\"caption\":\"benoit rieu\"},\"url\":\"https:\/\/blogs.thesocialmedia.com\/leblogmoto\/author\/benoit-rieu\/\"}]}<\/script>\n<!-- \/ Yoast SEO plugin. -->","yoast_head_json":{"title":"Le GP de Hongrie est supprim\u00e9 sans \u00eatre remplac\u00e9. - leblogmoto.com","robots":{"index":"index","follow":"follow","max-snippet":"max-snippet:-1","max-image-preview":"max-image-preview:large","max-video-preview":"max-video-preview:-1"},"canonical":"https:\/\/blogs.thesocialmedia.com\/leblogmoto\/2009\/03\/24\/le-gp-de-hongrie-est-supprime-sans-etre-remplace\/","twitter_card":"summary_large_image","twitter_title":"Le GP de Hongrie est supprim\u00e9 sans \u00eatre remplac\u00e9. - leblogmoto.com","twitter_description":"On s&#039;en inqui\u00e9tait. A juste titre. Le Grand Prix de Hongrie au Balatonring est report\u00e9 \u00e0 2010, au mieux. Les organisateurs ont demand\u00e9 que cette \u00e9preuve qui devait avoir lieu le 20 septembre prochain, soit d\u00e9plac\u00e9e au calendrier de la saison prochaine en raison des retards pris dans sa construction. Et tenter de&#160;d\u00e9crocher&#160;selon les rumeurs&#160;200 [&hellip;]","twitter_image":"https:\/\/blogs.thesocialmedia.com\/leblogmoto\/files\/2012\/07\/6a00d83451b18369e201156f40c83f970b-500wi.jpg","twitter_misc":{"\u00c9crit par":"benoit rieu","Dur\u00e9e de lecture estim\u00e9e":"2 minutes"},"schema":{"@context":"https:\/\/schema.org","@graph":[{"@type":"WebPage","@id":"https:\/\/blogs.thesocialmedia.com\/leblogmoto\/2009\/03\/24\/le-gp-de-hongrie-est-supprime-sans-etre-remplace\/","url":"https:\/\/blogs.thesocialmedia.com\/leblogmoto\/2009\/03\/24\/le-gp-de-hongrie-est-supprime-sans-etre-remplace\/","name":"Le GP de Hongrie est supprim\u00e9 sans \u00eatre remplac\u00e9. - leblogmoto.com","isPartOf":{"@id":"https:\/\/blogs.thesocialmedia.com\/leblogmoto\/#website"},"primaryImageOfPage":{"@id":"https:\/\/blogs.thesocialmedia.com\/leblogmoto\/2009\/03\/24\/le-gp-de-hongrie-est-supprime-sans-etre-remplace\/#primaryimage"},"image":{"@id":"https:\/\/blogs.thesocialmedia.com\/leblogmoto\/2009\/03\/24\/le-gp-de-hongrie-est-supprime-sans-etre-remplace\/#primaryimage"},"thumbnailUrl":"https:\/\/blogs.thesocialmedia.com\/leblogmoto\/files\/2012\/07\/6a00d83451b18369e201156f40c83f970b-500wi.jpg","datePublished":"2009-03-24T01:50:16+00:00","dateModified":"2012-07-11T17:14:02+00:00","author":{"@id":"https:\/\/blogs.thesocialmedia.com\/leblogmoto\/#\/schema\/person\/18bfe773e5725ed6d24f743da805362a"},"breadcrumb":{"@id":"https:\/\/blogs.thesocialmedia.com\/leblogmoto\/2009\/03\/24\/le-gp-de-hongrie-est-supprime-sans-etre-remplace\/#breadcrumb"},"inLanguage":"fr-FR","potentialAction":[{"@type":"ReadAction","target":["https:\/\/blogs.thesocialmedia.com\/leblogmoto\/2009\/03\/24\/le-gp-de-hongrie-est-supprime-sans-etre-remplace\/"]}]},{"@type":"ImageObject","inLanguage":"fr-FR","@id":"https:\/\/blogs.thesocialmedia.com\/leblogmoto\/2009\/03\/24\/le-gp-de-hongrie-est-supprime-sans-etre-remplace\/#primaryimage","url":"https:\/\/blogs.thesocialmedia.com\/leblogmoto\/files\/2012\/07\/6a00d83451b18369e201156f40c83f970b-500wi.jpg","contentUrl":"https:\/\/blogs.thesocialmedia.com\/leblogmoto\/files\/2012\/07\/6a00d83451b18369e201156f40c83f970b-500wi.jpg","width":"500","height":"333"},{"@type":"BreadcrumbList","@id":"https:\/\/blogs.thesocialmedia.com\/leblogmoto\/2009\/03\/24\/le-gp-de-hongrie-est-supprime-sans-etre-remplace\/#breadcrumb","itemListElement":[{"@type":"ListItem","position":1,"name":"Accueil","item":"https:\/\/blogs.thesocialmedia.com\/leblogmoto\/"},{"@type":"ListItem","position":2,"name":"Le GP de Hongrie est supprim\u00e9 sans \u00eatre remplac\u00e9."}]},{"@type":"WebSite","@id":"https:\/\/blogs.thesocialmedia.com\/leblogmoto\/#website","url":"https:\/\/blogs.thesocialmedia.com\/leblogmoto\/","name":"leblogmoto","description":"Toute l&#039;actualit\u00e9 des 2 roues","potentialAction":[{"@type":"SearchAction","target":{"@type":"EntryPoint","urlTemplate":"https:\/\/blogs.thesocialmedia.com\/leblogmoto\/?s={search_term_string}"},"query-input":{"@type":"PropertyValueSpecification","valueRequired":true,"valueName":"search_term_string"}}],"inLanguage":"fr-FR"},{"@type":"Person","@id":"https:\/\/blogs.thesocialmedia.com\/leblogmoto\/#\/schema\/person\/18bfe773e5725ed6d24f743da805362a","name":"benoit rieu","image":{"@type":"ImageObject","inLanguage":"fr-FR","@id":"https:\/\/blogs.thesocialmedia.com\/leblogmoto\/#\/schema\/person\/image\/","url":"https:\/\/secure.gravatar.com\/avatar\/?s=96&d=mm&r=g","contentUrl":"https:\/\/secure.gravatar.com\/avatar\/?s=96&d=mm&r=g","caption":"benoit rieu"},"url":"https:\/\/blogs.thesocialmedia.com\/leblogmoto\/author\/benoit-rieu\/"}]}},"_links":{"self":[{"href":"https:\/\/blogs.thesocialmedia.com\/leblogmoto\/wp-json\/wp\/v2\/posts\/222","targetHints":{"allow":["GET"]}}],"collection":[{"href":"https:\/\/blogs.thesocialmedia.com\/leblogmoto\/wp-json\/wp\/v2\/posts"}],"about":[{"href":"https:\/\/blogs.thesocialmedia.com\/leblogmoto\/wp-json\/wp\/v2\/types\/post"}],"author":[{"embeddable":true,"href":"https:\/\/blogs.thesocialmedia.com\/leblogmoto\/wp-json\/wp\/v2\/users\/324"}],"replies":[{"embeddable":true,"href":"https:\/\/blogs.thesocialmedia.com\/leblogmoto\/wp-json\/wp\/v2\/comments?post=222"}],"version-history":[{"count":2,"href":"https:\/\/blogs.thesocialmedia.com\/leblogmoto\/wp-json\/wp\/v2\/posts\/222\/revisions"}],"predecessor-version":[{"id":13006,"href":"https:\/\/blogs.thesocialmedia.com\/leblogmoto\/wp-json\/wp\/v2\/posts\/222\/revisions\/13006"}],"wp:featuredmedia":[{"embeddable":true,"href":"https:\/\/blogs.thesocialmedia.com\/leblogmoto\/wp-json\/wp\/v2\/media\/13003"}],"wp:attachment":[{"href":"https:\/\/blogs.thesocialmedia.com\/leblogmoto\/wp-json\/wp\/v2\/media?parent=222"}],"wp:term":[{"taxonomy":"category","embeddable":true,"href":"https:\/\/blogs.thesocialmedia.com\/leblogmoto\/wp-json\/wp\/v2\/categories?post=222"},{"taxonomy":"post_tag","embeddable":true,"href":"https:\/\/blogs.thesocialmedia.com\/leblogmoto\/wp-json\/wp\/v2\/tags?post=222"}],"curies":[{"name":"wp","href":"https:\/\/api.w.org\/{rel}","templated":true}]}}