{"id":2226,"date":"2005-11-13T12:15:10","date_gmt":"2005-11-13T12:15:10","guid":{"rendered":"http:\/\/blogs.thesocialmedia.com\/leblogmoto\/2005\/11\/13\/valentino-rossi-2\/"},"modified":"2012-07-11T14:09:22","modified_gmt":"2012-07-11T14:09:22","slug":"valentino-rossi-2","status":"publish","type":"post","link":"https:\/\/blogs.thesocialmedia.com\/leblogmoto\/2005\/11\/13\/valentino-rossi-2\/","title":{"rendered":"Valentino Rossi dans une Ferrari \u00e0 Fiorano et au Mugello"},"content":{"rendered":"<p><a href=\"http:\/\/blogs.thesocialmedia.com\/leblogmoto\/files\/2012\/07\/rossi_ferrari_1.jpg\"><img loading=\"lazy\" decoding=\"async\" width=\"250\" height=\"187\"  alt=\"Rossi_ferrari_1\" src=\"http:\/\/www.leblogmoto.com\/images\/rossi_ferrari_1.jpg\" style=\"margin: 0px 5px 5px 0px;float: left\" \/><\/a>Alors que la plupart des pilotes <a href=\"http:\/\/www.leblogmoto.com\/motogp\/index.html\">MotoGP<\/a> tournaient cette semaine \u00e0 Valence, <strong>Valentino Rossi a repris la piste en Italie, mais au volant de la Ferrari de F1<\/strong>\u2026 Mercredi, le &lsquo;Docteur&rsquo; Rossi a effectu\u00e9 un run sur le circuit d&rsquo;essais de <a href=\"http:\/\/www.leblogauto.com\/ferrari\/index.html\">Ferrari<\/a>, \u00e0 Fiorano, avant de tourner au Mugello le lendemain &#8211; sur un trac\u00e9 qu&rsquo;il conna\u00eet parfaitement pour s&rsquo;y \u00eatre impos\u00e9 lors des quatre derni\u00e8res \u00e9preuves MotoGP. C&rsquo;\u00e9tait la troisi\u00e8me fois que Rossi pilotait la Ferrari. Lors de ces deux journ\u00e9es, il disposait de la F1 align\u00e9e en Grand Prix en 2004. Le pilote <a href=\"http:\/\/www.leblogmoto.com\/yamaha\/index.html\">Yamaha<\/a> repassera sur deux roues avec sa YZR-M1 \u00e0 la fin du mois lors des essais organis\u00e9s \u00e0 <a href=\"http:\/\/www.leblogmoto.com\/2005\/09\/motogp_valentin.html\">Sepang<\/a>, en Malaisie. Commentaire de Valentino apr\u00e8s l\u2019essai : \u00ab <em>Je suis content d&rsquo;avoir eu la possibilit\u00e9 de revenir au volant d&rsquo;une Ferrari de F1. Mercredi, j&rsquo;ai roul\u00e9 \u00e0 Fiorano pour me r\u00e9habituer au pilotage de la monoplace en vue des deux journ\u00e9es suivantes o\u00f9 j&rsquo;ai roul\u00e9 sur le circuit du Mugello. Une piste qui est vraiment tr\u00e8s exigeante. Je connaissais d\u00e9j\u00e0 ce circuit pour l&rsquo;avoir d\u00e9j\u00e0 fr\u00e9quent\u00e9 au volant d&rsquo;une voiture de course, mais aussi tr\u00e8s souvent en moto. J&rsquo;ai boucl\u00e9 600 kilom\u00e8tres afin d&rsquo;approfondir ma connaissance de la voiture sur ce circuit qui est tr\u00e8s diff\u00e9rent de celui de Fiorano. Une fois de plus, je dois dire que ce fut une tr\u00e8s belle exp\u00e9rience et je voudrais remercier Ferrari pour m&rsquo;avoir permis de renouveler cette exp\u00e9rience. Un grand merci aussi aux ing\u00e9nieurs et aux m\u00e9caniciens qui ont toujours \u00e9t\u00e9 \u00e0 mes c\u00f4t\u00e9s pendant ces quelques jours fantastiques<\/em> \u00bb. <\/p>\n<p><strong><u>Source<\/u><\/strong> : <a href=\"www.motogp.com\">MotoGP.com<\/a> et <a href=\"http:\/\/f1.racing-live.com\/f1\/fr\/index.html\">F1-Live.com<\/a><\/p>\n<p><strong><u>Lire \u00e9galement<\/u><\/strong> :<br \/>&#8211; <a href=\"http:\/\/www.leblogmoto.com\/2005\/10\/schumacher_sess.html\">Schumacher s&rsquo;essaye \u00e0 la MotoGP<\/a><\/p>\n","protected":false},"excerpt":{"rendered":"<p>Alors que la plupart des pilotes MotoGP tournaient cette semaine \u00e0 Valence, Valentino Rossi a repris la piste en Italie, mais au volant de la Ferrari de F1\u2026 Mercredi, le &lsquo;Docteur&rsquo; Rossi a effectu\u00e9 un run sur le circuit d&rsquo;essais de Ferrari, \u00e0 Fiorano, avant de tourner au Mugello le lendemain &#8211; sur un trac\u00e9 [&hellip;]<\/p>\n","protected":false},"author":338,"featured_media":0,"comment_status":"open","ping_status":"open","sticky":false,"template":"","format":"standard","meta":{"footnotes":""},"categories":[3,17],"tags":[],"class_list":["post-2226","post","type-post","status-publish","format-standard","hentry","category-actualite","category-divers"],"yoast_head":"<!-- This site is optimized with the Yoast SEO plugin v26.0 - https:\/\/yoast.com\/wordpress\/plugins\/seo\/ -->\n<title>Valentino Rossi dans une Ferrari \u00e0 Fiorano et au Mugello - leblogmoto.com<\/title>\n<meta name=\"robots\" content=\"index, follow, max-snippet:-1, max-image-preview:large, max-video-preview:-1\" \/>\n<link rel=\"canonical\" href=\"https:\/\/blogs.thesocialmedia.com\/leblogmoto\/2005\/11\/13\/valentino-rossi-2\/\" \/>\n<meta name=\"twitter:card\" content=\"summary_large_image\" \/>\n<meta name=\"twitter:title\" content=\"Valentino Rossi dans une Ferrari \u00e0 Fiorano et au Mugello - leblogmoto.com\" \/>\n<meta name=\"twitter:description\" content=\"Alors que la plupart des pilotes MotoGP tournaient cette semaine \u00e0 Valence, Valentino Rossi a repris la piste en Italie, mais au volant de la Ferrari de F1\u2026 Mercredi, le &lsquo;Docteur&rsquo; Rossi a effectu\u00e9 un run sur le circuit d&rsquo;essais de Ferrari, \u00e0 Fiorano, avant de tourner au Mugello le lendemain &#8211; sur un trac\u00e9 [&hellip;]\" \/>\n<meta name=\"twitter:image\" content=\"http:\/\/www.leblogmoto.com\/images\/rossi_ferrari_1.jpg\" \/>\n<meta name=\"twitter:label1\" content=\"\u00c9crit par\" \/>\n\t<meta name=\"twitter:data1\" content=\"vincent vaillant\" \/>\n\t<meta name=\"twitter:label2\" content=\"Dur\u00e9e de lecture estim\u00e9e\" \/>\n\t<meta name=\"twitter:data2\" content=\"1 minute\" \/>\n<script type=\"application\/ld+json\" class=\"yoast-schema-graph\">{\"@context\":\"https:\/\/schema.org\",\"@graph\":[{\"@type\":\"WebPage\",\"@id\":\"https:\/\/blogs.thesocialmedia.com\/leblogmoto\/2005\/11\/13\/valentino-rossi-2\/\",\"url\":\"https:\/\/blogs.thesocialmedia.com\/leblogmoto\/2005\/11\/13\/valentino-rossi-2\/\",\"name\":\"Valentino Rossi dans une Ferrari \u00e0 Fiorano et au Mugello - leblogmoto.com\",\"isPartOf\":{\"@id\":\"https:\/\/blogs.thesocialmedia.com\/leblogmoto\/#website\"},\"primaryImageOfPage\":{\"@id\":\"https:\/\/blogs.thesocialmedia.com\/leblogmoto\/2005\/11\/13\/valentino-rossi-2\/#primaryimage\"},\"image\":{\"@id\":\"https:\/\/blogs.thesocialmedia.com\/leblogmoto\/2005\/11\/13\/valentino-rossi-2\/#primaryimage\"},\"thumbnailUrl\":\"http:\/\/www.leblogmoto.com\/images\/rossi_ferrari_1.jpg\",\"datePublished\":\"2005-11-13T12:15:10+00:00\",\"dateModified\":\"2012-07-11T14:09:22+00:00\",\"author\":{\"@id\":\"https:\/\/blogs.thesocialmedia.com\/leblogmoto\/#\/schema\/person\/80d2a078dbdb8b60abbd76bae6011f19\"},\"breadcrumb\":{\"@id\":\"https:\/\/blogs.thesocialmedia.com\/leblogmoto\/2005\/11\/13\/valentino-rossi-2\/#breadcrumb\"},\"inLanguage\":\"fr-FR\",\"potentialAction\":[{\"@type\":\"ReadAction\",\"target\":[\"https:\/\/blogs.thesocialmedia.com\/leblogmoto\/2005\/11\/13\/valentino-rossi-2\/\"]}]},{\"@type\":\"ImageObject\",\"inLanguage\":\"fr-FR\",\"@id\":\"https:\/\/blogs.thesocialmedia.com\/leblogmoto\/2005\/11\/13\/valentino-rossi-2\/#primaryimage\",\"url\":\"http:\/\/www.leblogmoto.com\/images\/rossi_ferrari_1.jpg\",\"contentUrl\":\"http:\/\/www.leblogmoto.com\/images\/rossi_ferrari_1.jpg\"},{\"@type\":\"BreadcrumbList\",\"@id\":\"https:\/\/blogs.thesocialmedia.com\/leblogmoto\/2005\/11\/13\/valentino-rossi-2\/#breadcrumb\",\"itemListElement\":[{\"@type\":\"ListItem\",\"position\":1,\"name\":\"Accueil\",\"item\":\"https:\/\/blogs.thesocialmedia.com\/leblogmoto\/\"},{\"@type\":\"ListItem\",\"position\":2,\"name\":\"Valentino Rossi dans une Ferrari \u00e0 Fiorano et au Mugello\"}]},{\"@type\":\"WebSite\",\"@id\":\"https:\/\/blogs.thesocialmedia.com\/leblogmoto\/#website\",\"url\":\"https:\/\/blogs.thesocialmedia.com\/leblogmoto\/\",\"name\":\"leblogmoto\",\"description\":\"Toute l&#039;actualit\u00e9 des 2 roues\",\"potentialAction\":[{\"@type\":\"SearchAction\",\"target\":{\"@type\":\"EntryPoint\",\"urlTemplate\":\"https:\/\/blogs.thesocialmedia.com\/leblogmoto\/?s={search_term_string}\"},\"query-input\":{\"@type\":\"PropertyValueSpecification\",\"valueRequired\":true,\"valueName\":\"search_term_string\"}}],\"inLanguage\":\"fr-FR\"},{\"@type\":\"Person\",\"@id\":\"https:\/\/blogs.thesocialmedia.com\/leblogmoto\/#\/schema\/person\/80d2a078dbdb8b60abbd76bae6011f19\",\"name\":\"vincent vaillant\",\"image\":{\"@type\":\"ImageObject\",\"inLanguage\":\"fr-FR\",\"@id\":\"https:\/\/blogs.thesocialmedia.com\/leblogmoto\/#\/schema\/person\/image\/\",\"url\":\"https:\/\/secure.gravatar.com\/avatar\/?s=96&d=mm&r=g\",\"contentUrl\":\"https:\/\/secure.gravatar.com\/avatar\/?s=96&d=mm&r=g\",\"caption\":\"vincent vaillant\"},\"url\":\"https:\/\/blogs.thesocialmedia.com\/leblogmoto\/author\/vincent-vaillant\/\"}]}<\/script>\n<!-- \/ Yoast SEO plugin. -->","yoast_head_json":{"title":"Valentino Rossi dans une Ferrari \u00e0 Fiorano et au Mugello - leblogmoto.com","robots":{"index":"index","follow":"follow","max-snippet":"max-snippet:-1","max-image-preview":"max-image-preview:large","max-video-preview":"max-video-preview:-1"},"canonical":"https:\/\/blogs.thesocialmedia.com\/leblogmoto\/2005\/11\/13\/valentino-rossi-2\/","twitter_card":"summary_large_image","twitter_title":"Valentino Rossi dans une Ferrari \u00e0 Fiorano et au Mugello - leblogmoto.com","twitter_description":"Alors que la plupart des pilotes MotoGP tournaient cette semaine \u00e0 Valence, Valentino Rossi a repris la piste en Italie, mais au volant de la Ferrari de F1\u2026 Mercredi, le &lsquo;Docteur&rsquo; Rossi a effectu\u00e9 un run sur le circuit d&rsquo;essais de Ferrari, \u00e0 Fiorano, avant de tourner au Mugello le lendemain &#8211; sur un trac\u00e9 [&hellip;]","twitter_image":"http:\/\/www.leblogmoto.com\/images\/rossi_ferrari_1.jpg","twitter_misc":{"\u00c9crit par":"vincent vaillant","Dur\u00e9e de lecture estim\u00e9e":"1 minute"},"schema":{"@context":"https:\/\/schema.org","@graph":[{"@type":"WebPage","@id":"https:\/\/blogs.thesocialmedia.com\/leblogmoto\/2005\/11\/13\/valentino-rossi-2\/","url":"https:\/\/blogs.thesocialmedia.com\/leblogmoto\/2005\/11\/13\/valentino-rossi-2\/","name":"Valentino Rossi dans une Ferrari \u00e0 Fiorano et au Mugello - leblogmoto.com","isPartOf":{"@id":"https:\/\/blogs.thesocialmedia.com\/leblogmoto\/#website"},"primaryImageOfPage":{"@id":"https:\/\/blogs.thesocialmedia.com\/leblogmoto\/2005\/11\/13\/valentino-rossi-2\/#primaryimage"},"image":{"@id":"https:\/\/blogs.thesocialmedia.com\/leblogmoto\/2005\/11\/13\/valentino-rossi-2\/#primaryimage"},"thumbnailUrl":"http:\/\/www.leblogmoto.com\/images\/rossi_ferrari_1.jpg","datePublished":"2005-11-13T12:15:10+00:00","dateModified":"2012-07-11T14:09:22+00:00","author":{"@id":"https:\/\/blogs.thesocialmedia.com\/leblogmoto\/#\/schema\/person\/80d2a078dbdb8b60abbd76bae6011f19"},"breadcrumb":{"@id":"https:\/\/blogs.thesocialmedia.com\/leblogmoto\/2005\/11\/13\/valentino-rossi-2\/#breadcrumb"},"inLanguage":"fr-FR","potentialAction":[{"@type":"ReadAction","target":["https:\/\/blogs.thesocialmedia.com\/leblogmoto\/2005\/11\/13\/valentino-rossi-2\/"]}]},{"@type":"ImageObject","inLanguage":"fr-FR","@id":"https:\/\/blogs.thesocialmedia.com\/leblogmoto\/2005\/11\/13\/valentino-rossi-2\/#primaryimage","url":"http:\/\/www.leblogmoto.com\/images\/rossi_ferrari_1.jpg","contentUrl":"http:\/\/www.leblogmoto.com\/images\/rossi_ferrari_1.jpg"},{"@type":"BreadcrumbList","@id":"https:\/\/blogs.thesocialmedia.com\/leblogmoto\/2005\/11\/13\/valentino-rossi-2\/#breadcrumb","itemListElement":[{"@type":"ListItem","position":1,"name":"Accueil","item":"https:\/\/blogs.thesocialmedia.com\/leblogmoto\/"},{"@type":"ListItem","position":2,"name":"Valentino Rossi dans une Ferrari \u00e0 Fiorano et au Mugello"}]},{"@type":"WebSite","@id":"https:\/\/blogs.thesocialmedia.com\/leblogmoto\/#website","url":"https:\/\/blogs.thesocialmedia.com\/leblogmoto\/","name":"leblogmoto","description":"Toute l&#039;actualit\u00e9 des 2 roues","potentialAction":[{"@type":"SearchAction","target":{"@type":"EntryPoint","urlTemplate":"https:\/\/blogs.thesocialmedia.com\/leblogmoto\/?s={search_term_string}"},"query-input":{"@type":"PropertyValueSpecification","valueRequired":true,"valueName":"search_term_string"}}],"inLanguage":"fr-FR"},{"@type":"Person","@id":"https:\/\/blogs.thesocialmedia.com\/leblogmoto\/#\/schema\/person\/80d2a078dbdb8b60abbd76bae6011f19","name":"vincent vaillant","image":{"@type":"ImageObject","inLanguage":"fr-FR","@id":"https:\/\/blogs.thesocialmedia.com\/leblogmoto\/#\/schema\/person\/image\/","url":"https:\/\/secure.gravatar.com\/avatar\/?s=96&d=mm&r=g","contentUrl":"https:\/\/secure.gravatar.com\/avatar\/?s=96&d=mm&r=g","caption":"vincent vaillant"},"url":"https:\/\/blogs.thesocialmedia.com\/leblogmoto\/author\/vincent-vaillant\/"}]}},"_links":{"self":[{"href":"https:\/\/blogs.thesocialmedia.com\/leblogmoto\/wp-json\/wp\/v2\/posts\/2226","targetHints":{"allow":["GET"]}}],"collection":[{"href":"https:\/\/blogs.thesocialmedia.com\/leblogmoto\/wp-json\/wp\/v2\/posts"}],"about":[{"href":"https:\/\/blogs.thesocialmedia.com\/leblogmoto\/wp-json\/wp\/v2\/types\/post"}],"author":[{"embeddable":true,"href":"https:\/\/blogs.thesocialmedia.com\/leblogmoto\/wp-json\/wp\/v2\/users\/338"}],"replies":[{"embeddable":true,"href":"https:\/\/blogs.thesocialmedia.com\/leblogmoto\/wp-json\/wp\/v2\/comments?post=2226"}],"version-history":[{"count":2,"href":"https:\/\/blogs.thesocialmedia.com\/leblogmoto\/wp-json\/wp\/v2\/posts\/2226\/revisions"}],"predecessor-version":[{"id":6701,"href":"https:\/\/blogs.thesocialmedia.com\/leblogmoto\/wp-json\/wp\/v2\/posts\/2226\/revisions\/6701"}],"wp:attachment":[{"href":"https:\/\/blogs.thesocialmedia.com\/leblogmoto\/wp-json\/wp\/v2\/media?parent=2226"}],"wp:term":[{"taxonomy":"category","embeddable":true,"href":"https:\/\/blogs.thesocialmedia.com\/leblogmoto\/wp-json\/wp\/v2\/categories?post=2226"},{"taxonomy":"post_tag","embeddable":true,"href":"https:\/\/blogs.thesocialmedia.com\/leblogmoto\/wp-json\/wp\/v2\/tags?post=2226"}],"curies":[{"name":"wp","href":"https:\/\/api.w.org\/{rel}","templated":true}]}}