{"id":223,"date":"2009-03-20T02:26:04","date_gmt":"2009-03-20T02:26:04","guid":{"rendered":"http:\/\/blogs.thesocialmedia.com\/leblogmoto\/2009\/03\/20\/album-du-vendredi-velocette\/"},"modified":"2012-07-11T17:13:58","modified_gmt":"2012-07-11T17:13:58","slug":"album-du-vendredi-velocette","status":"publish","type":"post","link":"https:\/\/blogs.thesocialmedia.com\/leblogmoto\/2009\/03\/20\/album-du-vendredi-velocette\/","title":{"rendered":"Album du vendredi &#8211; Velocette"},"content":{"rendered":"<p><a href=\"http:\/\/blogs.thesocialmedia.com\/leblogmoto\/files\/2012\/07\/6a00d83451b18369e20112797e51c628a4-popup.png\"><img decoding=\"async\" alt=\"Velo\" class=\"at-xid-6a00d83451b18369e20112797e51c628a4 \" src=\"http:\/\/blogs.thesocialmedia.com\/leblogmoto\/files\/2012\/07\/6a00d83451b18369e20112797e51c628a4-500wi.jpg\" style=\"width: 470px\" \/><\/a> <\/p>\n<p>Dr\u00f4le de nom pour une moto sportive, que <a href=\"http:\/\/www.velocette-amateur.com\/indexfr.htm\">Velocette<\/a>. Cela rime plus avec trottinette, voire V\u00e9lo Solex, rien donc pour \u00e9tablir des records de vitesse, ce que les Velocette feront.<\/p>\n<p>Cr\u00e9e en Angleterre au d\u00e9but du si\u00e8cle dernier par deux passionn\u00e9s, John Goodman et William Gue, Veloce Ltd., produira \u00e0 partir de 1913 des 2 temps de 250 cm3 sous le vocable Velocette, pour les distinguer de leurs 4 temps. Mais la popularit\u00e9 et la bonne r\u00e9putation de ces 2 temps feront en sorte que le nom Velocette s\u2019impose de lui-m\u00eame, et finira par couvrir toute la gamme des motos.<\/p>\n<p> L\u2019on doit \u00e0 <a href=\"http:\/\/www.leveloclub.org.uk\/index2.htm\">Velocette<\/a> plusieurs innovations comme l\u2019entra\u00eenement par courroie, les changements de vitesse au pied, l\u2019injection d\u2019huile li\u00e9e \u00e0 la manette des gaz et m\u00eame, alors que tous les autres proposaient une vaste gamme de couleurs tant que cette couleur \u00e9tait le noir, Velocette offrira le bleu pour son r\u00e9servoir; shocking indeed!<\/p>\n<p>L\u2019adage voulant que de gagner le dimanche fait vendre le lundi, Velocette s\u2019engagera donc dans plusieurs comp\u00e9titions o\u00f9 il figurera avec succ\u00e8s, cherchant toujours \u00e0 \u00e9galer sinon surpasser le voisin et g\u00e9ant Norton (les deux \u00e9tant \u00e9tablis \u00e0 Birmingham dans le centre de l\u2019Angleterre o\u00f9, apr\u00e8s la Premi\u00e8re Guerre mondiale, plus d\u2019une centaine de constructeurs de motos se faisait comp\u00e9tition, la majorit\u00e9 ne survivant pas \u00e0 la grande d\u00e9pression, et les derniers, Norton, BSA et Triumph succombant \u00e0 l\u2019invasion japonaise des ann\u00e9es 70).<\/p>\n<p>Et si la fin des ann\u00e9es 60 voit le d\u00e9clin de Velocette, elle quittera la sc\u00e8ne avec fracas en \u00e9tablissant une marque qui tient toujours, soit celui d\u2019avoir parcouru pr\u00e8s de 4,000 km en 34 heures \u00e0 une moyenne de plus de 100 mph (160 km\/h), avec une Venon de 500 cm3.<\/p>\n<p><a href=\"http:\/\/clabedan.typepad.com\/.a\/6a00d83451b18369e20112797e63f728a4-popup\"><img decoding=\"async\" alt=\"Velo1\" class=\"at-xid-6a00d83451b18369e20112797e63f728a4 \" src=\"http:\/\/blogs.thesocialmedia.com\/leblogmoto\/files\/2012\/07\/6a00d83451b18369e20112797e63f728a4-500wi.jpg\" style=\"width: 470px\" \/><\/a> <\/p>\n<p><a href=\"http:\/\/blogs.thesocialmedia.com\/leblogmoto\/files\/2012\/07\/6a00d83451b18369e20112797e62b128a4-popup.png\"><img decoding=\"async\" alt=\"Velo2\" class=\"at-xid-6a00d83451b18369e20112797e62b128a4 \" src=\"http:\/\/blogs.thesocialmedia.com\/leblogmoto\/files\/2012\/07\/6a00d83451b18369e20112797e62b128a4-500wi.jpg\" style=\"width: 470px\" \/><\/a> <\/p>\n<p><a href=\"http:\/\/blogs.thesocialmedia.com\/leblogmoto\/files\/2012\/07\/6a00d83451b18369e20111690a693a970c-popup.png\"><img decoding=\"async\" alt=\"Velo3\" class=\"at-xid-6a00d83451b18369e20111690a693a970c \" src=\"http:\/\/blogs.thesocialmedia.com\/leblogmoto\/files\/2012\/07\/6a00d83451b18369e20111690a693a970c-500wi.jpg\" style=\"width: 470px\" \/><\/a> <\/p>\n<p><a href=\"http:\/\/blogs.thesocialmedia.com\/leblogmoto\/files\/2012\/07\/6a00d83451b18369e20111690a6834970c-popup.png\"><img decoding=\"async\" alt=\"Velo4\" class=\"at-xid-6a00d83451b18369e20111690a6834970c \" src=\"http:\/\/blogs.thesocialmedia.com\/leblogmoto\/files\/2012\/07\/6a00d83451b18369e20111690a6834970c-500wi.jpg\" style=\"width: 470px\" \/><\/a> <\/p>\n<p><a href=\"http:\/\/blogs.thesocialmedia.com\/leblogmoto\/files\/2012\/07\/6a00d83451b18369e20111690a66d7970c-popup.png\"><img decoding=\"async\" alt=\"Velo5\" class=\"at-xid-6a00d83451b18369e20111690a66d7970c \" src=\"http:\/\/blogs.thesocialmedia.com\/leblogmoto\/files\/2012\/07\/6a00d83451b18369e20111690a66d7970c-500wi.jpg\" style=\"width: 470px\" \/><\/a> <\/p>\n<p><a href=\"http:\/\/blogs.thesocialmedia.com\/leblogmoto\/files\/2012\/07\/6a00d83451b18369e20112797e5c3828a4-popup.png\"><img decoding=\"async\" alt=\"Velo6\" class=\"at-xid-6a00d83451b18369e20112797e5c3828a4 \" src=\"http:\/\/blogs.thesocialmedia.com\/leblogmoto\/files\/2012\/07\/6a00d83451b18369e20112797e5c3828a4-500wi.jpg\" style=\"width: 470px\" \/><\/a> <\/p>\n<p><a href=\"http:\/\/blogs.thesocialmedia.com\/leblogmoto\/files\/2012\/07\/6a00d83451b18369e20111690a63ab970c-popup.png\"><img decoding=\"async\" alt=\"Velo8\" class=\"at-xid-6a00d83451b18369e20111690a63ab970c \" src=\"http:\/\/blogs.thesocialmedia.com\/leblogmoto\/files\/2012\/07\/6a00d83451b18369e20111690a63ab970c-500wi.jpg\" style=\"width: 470px\" \/><\/a> <\/p>\n<p><a href=\"http:\/\/blogs.thesocialmedia.com\/leblogmoto\/files\/2012\/07\/6a00d83451b18369e20112797e571028a4-popup.png\"><img decoding=\"async\" alt=\"Velo6\" class=\"at-xid-6a00d83451b18369e20112797e571028a4 \" src=\"http:\/\/blogs.thesocialmedia.com\/leblogmoto\/files\/2012\/07\/6a00d83451b18369e20112797e571028a4-500wi.jpg\" style=\"width: 470px\" \/><\/a> <\/p>\n<p><a href=\"http:\/\/blogs.thesocialmedia.com\/leblogmoto\/files\/2012\/07\/6a00d83451b18369e20111690a613f970c-popup.png\"><img decoding=\"async\" alt=\"Velo7\" class=\"at-xid-6a00d83451b18369e20111690a613f970c \" src=\"http:\/\/blogs.thesocialmedia.com\/leblogmoto\/files\/2012\/07\/6a00d83451b18369e20111690a613f970c-500wi.jpg\" style=\"width: 470px\" \/><\/a> <\/p>\n<p><a href=\"http:\/\/blogs.thesocialmedia.com\/leblogmoto\/files\/2012\/07\/6a00d83451b18369e20112797e54bc28a4-popup.png\"><img decoding=\"async\" alt=\"Velo9\" class=\"at-xid-6a00d83451b18369e20112797e54bc28a4 \" src=\"http:\/\/blogs.thesocialmedia.com\/leblogmoto\/files\/2012\/07\/6a00d83451b18369e20112797e54bc28a4-500wi.jpg\" style=\"width: 470px\" \/><\/a> <\/p>\n<p><a href=\"http:\/\/blogs.thesocialmedia.com\/leblogmoto\/files\/2012\/07\/6a00d83451b18369e20111690a5f1a970c-popup.png\"><img decoding=\"async\" alt=\"Velo10\" class=\"at-xid-6a00d83451b18369e20111690a5f1a970c \" src=\"http:\/\/blogs.thesocialmedia.com\/leblogmoto\/files\/2012\/07\/6a00d83451b18369e20111690a5f1a970c-500wi.jpg\" style=\"width: 470px\" \/><\/a> <\/p>\n<\/p>\n<p>En vid\u00e9o, la Velocette de Burt Munro, le son est fabuleux.<\/p>\n<p><object height=\"353\" width=\"470\"><param name=\"allowfullscreen\" value=\"true\" \/><param name=\"allowscriptaccess\" value=\"always\" \/><param name=\"movie\" value=\"http:\/\/vimeo.com\/moogaloop.swf?clip_id=3748159&amp;server=vimeo.com&amp;show_title=1&amp;show_byline=1&amp;show_portrait=0&amp;color=00ADEF&amp;fullscreen=1\" \/><embed height=\"353\" src=\"http:\/\/vimeo.com\/moogaloop.swf?clip_id=3748159&amp;server=vimeo.com&amp;show_title=1&amp;show_byline=1&amp;show_portrait=0&amp;color=00ADEF&amp;fullscreen=1\" type=\"application\/x-shockwave-flash\" width=\"470\" \/><\/object><\/p>\n","protected":false},"excerpt":{"rendered":"<p>Dr\u00f4le de nom pour une moto sportive, que Velocette. Cela rime plus avec trottinette, voire V\u00e9lo Solex, rien donc pour \u00e9tablir des records de vitesse, ce que les Velocette feront. Cr\u00e9e en Angleterre au d\u00e9but du si\u00e8cle dernier par deux passionn\u00e9s, John Goodman et William Gue, Veloce Ltd., produira \u00e0 partir de 1913 des 2 [&hellip;]<\/p>\n","protected":false},"author":325,"featured_media":12979,"comment_status":"open","ping_status":"open","sticky":false,"template":"","format":"standard","meta":{"footnotes":""},"categories":[1],"tags":[],"class_list":["post-223","post","type-post","status-publish","format-standard","has-post-thumbnail","hentry","category-uncategorized"],"yoast_head":"<!-- This site is optimized with the Yoast SEO plugin v26.0 - https:\/\/yoast.com\/wordpress\/plugins\/seo\/ -->\n<title>Album du vendredi - Velocette - leblogmoto.com<\/title>\n<meta name=\"robots\" content=\"index, follow, max-snippet:-1, max-image-preview:large, max-video-preview:-1\" \/>\n<link rel=\"canonical\" href=\"https:\/\/blogs.thesocialmedia.com\/leblogmoto\/2009\/03\/20\/album-du-vendredi-velocette\/\" \/>\n<meta name=\"twitter:card\" content=\"summary_large_image\" \/>\n<meta name=\"twitter:title\" content=\"Album du vendredi - Velocette - leblogmoto.com\" \/>\n<meta name=\"twitter:description\" content=\"Dr\u00f4le de nom pour une moto sportive, que Velocette. Cela rime plus avec trottinette, voire V\u00e9lo Solex, rien donc pour \u00e9tablir des records de vitesse, ce que les Velocette feront. Cr\u00e9e en Angleterre au d\u00e9but du si\u00e8cle dernier par deux passionn\u00e9s, John Goodman et William Gue, Veloce Ltd., produira \u00e0 partir de 1913 des 2 [&hellip;]\" \/>\n<meta name=\"twitter:image\" content=\"https:\/\/blogs.thesocialmedia.com\/leblogmoto\/files\/2012\/07\/6a00d83451b18369e20112797e51c628a4-500wi.jpg\" \/>\n<meta name=\"twitter:label1\" content=\"\u00c9crit par\" \/>\n\t<meta name=\"twitter:data1\" content=\"jacques lesage\" \/>\n\t<meta name=\"twitter:label2\" content=\"Dur\u00e9e de lecture estim\u00e9e\" \/>\n\t<meta name=\"twitter:data2\" content=\"2 minutes\" \/>\n<script type=\"application\/ld+json\" class=\"yoast-schema-graph\">{\"@context\":\"https:\/\/schema.org\",\"@graph\":[{\"@type\":\"WebPage\",\"@id\":\"https:\/\/blogs.thesocialmedia.com\/leblogmoto\/2009\/03\/20\/album-du-vendredi-velocette\/\",\"url\":\"https:\/\/blogs.thesocialmedia.com\/leblogmoto\/2009\/03\/20\/album-du-vendredi-velocette\/\",\"name\":\"Album du vendredi - Velocette - leblogmoto.com\",\"isPartOf\":{\"@id\":\"https:\/\/blogs.thesocialmedia.com\/leblogmoto\/#website\"},\"primaryImageOfPage\":{\"@id\":\"https:\/\/blogs.thesocialmedia.com\/leblogmoto\/2009\/03\/20\/album-du-vendredi-velocette\/#primaryimage\"},\"image\":{\"@id\":\"https:\/\/blogs.thesocialmedia.com\/leblogmoto\/2009\/03\/20\/album-du-vendredi-velocette\/#primaryimage\"},\"thumbnailUrl\":\"https:\/\/blogs.thesocialmedia.com\/leblogmoto\/files\/2012\/07\/6a00d83451b18369e20112797e51c628a4-500wi.jpg\",\"datePublished\":\"2009-03-20T02:26:04+00:00\",\"dateModified\":\"2012-07-11T17:13:58+00:00\",\"author\":{\"@id\":\"https:\/\/blogs.thesocialmedia.com\/leblogmoto\/#\/schema\/person\/e82a0ca8a9a63d031586097a3ed58526\"},\"breadcrumb\":{\"@id\":\"https:\/\/blogs.thesocialmedia.com\/leblogmoto\/2009\/03\/20\/album-du-vendredi-velocette\/#breadcrumb\"},\"inLanguage\":\"fr-FR\",\"potentialAction\":[{\"@type\":\"ReadAction\",\"target\":[\"https:\/\/blogs.thesocialmedia.com\/leblogmoto\/2009\/03\/20\/album-du-vendredi-velocette\/\"]}]},{\"@type\":\"ImageObject\",\"inLanguage\":\"fr-FR\",\"@id\":\"https:\/\/blogs.thesocialmedia.com\/leblogmoto\/2009\/03\/20\/album-du-vendredi-velocette\/#primaryimage\",\"url\":\"https:\/\/blogs.thesocialmedia.com\/leblogmoto\/files\/2012\/07\/6a00d83451b18369e20112797e51c628a4-500wi.jpg\",\"contentUrl\":\"https:\/\/blogs.thesocialmedia.com\/leblogmoto\/files\/2012\/07\/6a00d83451b18369e20112797e51c628a4-500wi.jpg\",\"width\":\"500\",\"height\":\"181\"},{\"@type\":\"BreadcrumbList\",\"@id\":\"https:\/\/blogs.thesocialmedia.com\/leblogmoto\/2009\/03\/20\/album-du-vendredi-velocette\/#breadcrumb\",\"itemListElement\":[{\"@type\":\"ListItem\",\"position\":1,\"name\":\"Accueil\",\"item\":\"https:\/\/blogs.thesocialmedia.com\/leblogmoto\/\"},{\"@type\":\"ListItem\",\"position\":2,\"name\":\"Album du vendredi &#8211; Velocette\"}]},{\"@type\":\"WebSite\",\"@id\":\"https:\/\/blogs.thesocialmedia.com\/leblogmoto\/#website\",\"url\":\"https:\/\/blogs.thesocialmedia.com\/leblogmoto\/\",\"name\":\"leblogmoto\",\"description\":\"Toute l&#039;actualit\u00e9 des 2 roues\",\"potentialAction\":[{\"@type\":\"SearchAction\",\"target\":{\"@type\":\"EntryPoint\",\"urlTemplate\":\"https:\/\/blogs.thesocialmedia.com\/leblogmoto\/?s={search_term_string}\"},\"query-input\":{\"@type\":\"PropertyValueSpecification\",\"valueRequired\":true,\"valueName\":\"search_term_string\"}}],\"inLanguage\":\"fr-FR\"},{\"@type\":\"Person\",\"@id\":\"https:\/\/blogs.thesocialmedia.com\/leblogmoto\/#\/schema\/person\/e82a0ca8a9a63d031586097a3ed58526\",\"name\":\"jacques lesage\",\"image\":{\"@type\":\"ImageObject\",\"inLanguage\":\"fr-FR\",\"@id\":\"https:\/\/blogs.thesocialmedia.com\/leblogmoto\/#\/schema\/person\/image\/\",\"url\":\"https:\/\/secure.gravatar.com\/avatar\/?s=96&d=mm&r=g\",\"contentUrl\":\"https:\/\/secure.gravatar.com\/avatar\/?s=96&d=mm&r=g\",\"caption\":\"jacques lesage\"},\"url\":\"https:\/\/blogs.thesocialmedia.com\/leblogmoto\/author\/jacques-lesage\/\"}]}<\/script>\n<!-- \/ Yoast SEO plugin. -->","yoast_head_json":{"title":"Album du vendredi - Velocette - leblogmoto.com","robots":{"index":"index","follow":"follow","max-snippet":"max-snippet:-1","max-image-preview":"max-image-preview:large","max-video-preview":"max-video-preview:-1"},"canonical":"https:\/\/blogs.thesocialmedia.com\/leblogmoto\/2009\/03\/20\/album-du-vendredi-velocette\/","twitter_card":"summary_large_image","twitter_title":"Album du vendredi - Velocette - leblogmoto.com","twitter_description":"Dr\u00f4le de nom pour une moto sportive, que Velocette. Cela rime plus avec trottinette, voire V\u00e9lo Solex, rien donc pour \u00e9tablir des records de vitesse, ce que les Velocette feront. Cr\u00e9e en Angleterre au d\u00e9but du si\u00e8cle dernier par deux passionn\u00e9s, John Goodman et William Gue, Veloce Ltd., produira \u00e0 partir de 1913 des 2 [&hellip;]","twitter_image":"https:\/\/blogs.thesocialmedia.com\/leblogmoto\/files\/2012\/07\/6a00d83451b18369e20112797e51c628a4-500wi.jpg","twitter_misc":{"\u00c9crit par":"jacques lesage","Dur\u00e9e de lecture estim\u00e9e":"2 minutes"},"schema":{"@context":"https:\/\/schema.org","@graph":[{"@type":"WebPage","@id":"https:\/\/blogs.thesocialmedia.com\/leblogmoto\/2009\/03\/20\/album-du-vendredi-velocette\/","url":"https:\/\/blogs.thesocialmedia.com\/leblogmoto\/2009\/03\/20\/album-du-vendredi-velocette\/","name":"Album du vendredi - Velocette - leblogmoto.com","isPartOf":{"@id":"https:\/\/blogs.thesocialmedia.com\/leblogmoto\/#website"},"primaryImageOfPage":{"@id":"https:\/\/blogs.thesocialmedia.com\/leblogmoto\/2009\/03\/20\/album-du-vendredi-velocette\/#primaryimage"},"image":{"@id":"https:\/\/blogs.thesocialmedia.com\/leblogmoto\/2009\/03\/20\/album-du-vendredi-velocette\/#primaryimage"},"thumbnailUrl":"https:\/\/blogs.thesocialmedia.com\/leblogmoto\/files\/2012\/07\/6a00d83451b18369e20112797e51c628a4-500wi.jpg","datePublished":"2009-03-20T02:26:04+00:00","dateModified":"2012-07-11T17:13:58+00:00","author":{"@id":"https:\/\/blogs.thesocialmedia.com\/leblogmoto\/#\/schema\/person\/e82a0ca8a9a63d031586097a3ed58526"},"breadcrumb":{"@id":"https:\/\/blogs.thesocialmedia.com\/leblogmoto\/2009\/03\/20\/album-du-vendredi-velocette\/#breadcrumb"},"inLanguage":"fr-FR","potentialAction":[{"@type":"ReadAction","target":["https:\/\/blogs.thesocialmedia.com\/leblogmoto\/2009\/03\/20\/album-du-vendredi-velocette\/"]}]},{"@type":"ImageObject","inLanguage":"fr-FR","@id":"https:\/\/blogs.thesocialmedia.com\/leblogmoto\/2009\/03\/20\/album-du-vendredi-velocette\/#primaryimage","url":"https:\/\/blogs.thesocialmedia.com\/leblogmoto\/files\/2012\/07\/6a00d83451b18369e20112797e51c628a4-500wi.jpg","contentUrl":"https:\/\/blogs.thesocialmedia.com\/leblogmoto\/files\/2012\/07\/6a00d83451b18369e20112797e51c628a4-500wi.jpg","width":"500","height":"181"},{"@type":"BreadcrumbList","@id":"https:\/\/blogs.thesocialmedia.com\/leblogmoto\/2009\/03\/20\/album-du-vendredi-velocette\/#breadcrumb","itemListElement":[{"@type":"ListItem","position":1,"name":"Accueil","item":"https:\/\/blogs.thesocialmedia.com\/leblogmoto\/"},{"@type":"ListItem","position":2,"name":"Album du vendredi &#8211; Velocette"}]},{"@type":"WebSite","@id":"https:\/\/blogs.thesocialmedia.com\/leblogmoto\/#website","url":"https:\/\/blogs.thesocialmedia.com\/leblogmoto\/","name":"leblogmoto","description":"Toute l&#039;actualit\u00e9 des 2 roues","potentialAction":[{"@type":"SearchAction","target":{"@type":"EntryPoint","urlTemplate":"https:\/\/blogs.thesocialmedia.com\/leblogmoto\/?s={search_term_string}"},"query-input":{"@type":"PropertyValueSpecification","valueRequired":true,"valueName":"search_term_string"}}],"inLanguage":"fr-FR"},{"@type":"Person","@id":"https:\/\/blogs.thesocialmedia.com\/leblogmoto\/#\/schema\/person\/e82a0ca8a9a63d031586097a3ed58526","name":"jacques lesage","image":{"@type":"ImageObject","inLanguage":"fr-FR","@id":"https:\/\/blogs.thesocialmedia.com\/leblogmoto\/#\/schema\/person\/image\/","url":"https:\/\/secure.gravatar.com\/avatar\/?s=96&d=mm&r=g","contentUrl":"https:\/\/secure.gravatar.com\/avatar\/?s=96&d=mm&r=g","caption":"jacques lesage"},"url":"https:\/\/blogs.thesocialmedia.com\/leblogmoto\/author\/jacques-lesage\/"}]}},"_links":{"self":[{"href":"https:\/\/blogs.thesocialmedia.com\/leblogmoto\/wp-json\/wp\/v2\/posts\/223","targetHints":{"allow":["GET"]}}],"collection":[{"href":"https:\/\/blogs.thesocialmedia.com\/leblogmoto\/wp-json\/wp\/v2\/posts"}],"about":[{"href":"https:\/\/blogs.thesocialmedia.com\/leblogmoto\/wp-json\/wp\/v2\/types\/post"}],"author":[{"embeddable":true,"href":"https:\/\/blogs.thesocialmedia.com\/leblogmoto\/wp-json\/wp\/v2\/users\/325"}],"replies":[{"embeddable":true,"href":"https:\/\/blogs.thesocialmedia.com\/leblogmoto\/wp-json\/wp\/v2\/comments?post=223"}],"version-history":[{"count":2,"href":"https:\/\/blogs.thesocialmedia.com\/leblogmoto\/wp-json\/wp\/v2\/posts\/223\/revisions"}],"predecessor-version":[{"id":13002,"href":"https:\/\/blogs.thesocialmedia.com\/leblogmoto\/wp-json\/wp\/v2\/posts\/223\/revisions\/13002"}],"wp:featuredmedia":[{"embeddable":true,"href":"https:\/\/blogs.thesocialmedia.com\/leblogmoto\/wp-json\/wp\/v2\/media\/12979"}],"wp:attachment":[{"href":"https:\/\/blogs.thesocialmedia.com\/leblogmoto\/wp-json\/wp\/v2\/media?parent=223"}],"wp:term":[{"taxonomy":"category","embeddable":true,"href":"https:\/\/blogs.thesocialmedia.com\/leblogmoto\/wp-json\/wp\/v2\/categories?post=223"},{"taxonomy":"post_tag","embeddable":true,"href":"https:\/\/blogs.thesocialmedia.com\/leblogmoto\/wp-json\/wp\/v2\/tags?post=223"}],"curies":[{"name":"wp","href":"https:\/\/api.w.org\/{rel}","templated":true}]}}