{"id":2237,"date":"2005-11-10T11:06:54","date_gmt":"2005-11-10T11:06:54","guid":{"rendered":"http:\/\/blogs.thesocialmedia.com\/leblogmoto\/2005\/11\/10\/nouvelle-benell\/"},"modified":"2012-07-11T14:08:28","modified_gmt":"2012-07-11T14:08:28","slug":"nouvelle-benell","status":"publish","type":"post","link":"https:\/\/blogs.thesocialmedia.com\/leblogmoto\/2005\/11\/10\/nouvelle-benell\/","title":{"rendered":"Nouvelle Benelli Tornado 1130"},"content":{"rendered":"<p><a href=\"http:\/\/blogs.thesocialmedia.com\/leblogmoto\/files\/2012\/07\/benelli_tornado_1130_1.jpg\"><img loading=\"lazy\" decoding=\"async\" width=\"250\" height=\"187\"  alt=\"Benelli_tornado_1130_1\" src=\"http:\/\/www.leblogmoto.com\/images\/benelli_tornado_1130_1.jpg\" style=\"margin: 0px 5px 5px 0px;float: left\" \/><\/a>Durant le prochain Salon EICMA de Milan, <a href=\"http:\/\/blogs.thesocialmedia.com\/leblogmoto\/files\/2012\/07\/index.html_42.png\">Benelli<\/a> pr\u00e9sentera une nouvelle version de sa sportive Tornado. <strong>L\u2019ancien moulin de 900 cm3 va laisser sa place au 1130 cm3 du roadster TnT<\/strong>, ce qui laisse \u00e0 penser que la nouvelle Tornado disposera du m\u00eame temp\u00e9rament tr\u00e8s explosif. Les ing\u00e9nieurs maison ont certainement modifi\u00e9 l\u2019ensemble pour lui donner un esprit de sportive et pas que seulement du couple \u00e0 bas r\u00e9gimes comme sur un roadster, et peut \u00eatre y aura-t-il aussi quelques chevaux de plus. Sachant que le 1130 TnT affiche 135 ch, il est fort \u00e0 parier que sa puissance sera augment\u00e9e jusqu\u2019\u00e0 au moins 160 ch si Benelli veut pr\u00e9tendre affronter les japonaises sur leur terrain de chasse. Pour l\u2019occasion, la Tornado 1130 devrait arborer deux nouvelles teintes : une noir\/blanc assez discr\u00e8te et une jaune\/noir tr\u00e8s flashy. R\u00e9ponse bient\u00f4t !<\/p>\n<p><a href=\"http:\/\/clabedan.typepad.com\/.shared\/image.html?\/photos\/uncategorized\/benelli_tornado_1130_3.jpg\"><img loading=\"lazy\" decoding=\"async\" width=\"470\" height=\"421\"  alt=\"Benelli_tornado_1130_3\" src=\"http:\/\/www.leblogmoto.com\/images\/benelli_tornado_1130_3.jpg\" style=\"margin: 0px 5px 5px 0px;float: left\" \/><\/a><a href=\"http:\/\/blogs.thesocialmedia.com\/leblogmoto\/files\/2012\/07\/benelli_tornado_1130_2.jpg\"><img loading=\"lazy\" decoding=\"async\" width=\"470\" height=\"352\"  alt=\"Benelli_tornado_1130_2\" src=\"http:\/\/www.leblogmoto.com\/images\/benelli_tornado_1130_2.jpg\" style=\"margin: 0px 5px 5px 0px;float: left\" \/><\/a><\/p>\n","protected":false},"excerpt":{"rendered":"<p>Durant le prochain Salon EICMA de Milan, Benelli pr\u00e9sentera une nouvelle version de sa sportive Tornado. L\u2019ancien moulin de 900 cm3 va laisser sa place au 1130 cm3 du roadster TnT, ce qui laisse \u00e0 penser que la nouvelle Tornado disposera du m\u00eame temp\u00e9rament tr\u00e8s explosif. Les ing\u00e9nieurs maison ont certainement modifi\u00e9 l\u2019ensemble pour lui [&hellip;]<\/p>\n","protected":false},"author":338,"featured_media":0,"comment_status":"open","ping_status":"open","sticky":false,"template":"","format":"standard","meta":{"footnotes":""},"categories":[84],"tags":[],"class_list":["post-2237","post","type-post","status-publish","format-standard","hentry","category-benelli"],"yoast_head":"<!-- This site is optimized with the Yoast SEO plugin v26.0 - https:\/\/yoast.com\/wordpress\/plugins\/seo\/ -->\n<title>Nouvelle Benelli Tornado 1130 - leblogmoto.com<\/title>\n<meta name=\"robots\" content=\"index, follow, max-snippet:-1, max-image-preview:large, max-video-preview:-1\" \/>\n<link rel=\"canonical\" href=\"https:\/\/blogs.thesocialmedia.com\/leblogmoto\/2005\/11\/10\/nouvelle-benell\/\" \/>\n<meta name=\"twitter:card\" content=\"summary_large_image\" \/>\n<meta name=\"twitter:title\" content=\"Nouvelle Benelli Tornado 1130 - leblogmoto.com\" \/>\n<meta name=\"twitter:description\" content=\"Durant le prochain Salon EICMA de Milan, Benelli pr\u00e9sentera une nouvelle version de sa sportive Tornado. L\u2019ancien moulin de 900 cm3 va laisser sa place au 1130 cm3 du roadster TnT, ce qui laisse \u00e0 penser que la nouvelle Tornado disposera du m\u00eame temp\u00e9rament tr\u00e8s explosif. Les ing\u00e9nieurs maison ont certainement modifi\u00e9 l\u2019ensemble pour lui [&hellip;]\" \/>\n<meta name=\"twitter:image\" content=\"http:\/\/www.leblogmoto.com\/images\/benelli_tornado_1130_1.jpg\" \/>\n<meta name=\"twitter:label1\" content=\"\u00c9crit par\" \/>\n\t<meta name=\"twitter:data1\" content=\"vincent vaillant\" \/>\n\t<meta name=\"twitter:label2\" content=\"Dur\u00e9e de lecture estim\u00e9e\" \/>\n\t<meta name=\"twitter:data2\" content=\"1 minute\" \/>\n<script type=\"application\/ld+json\" class=\"yoast-schema-graph\">{\"@context\":\"https:\/\/schema.org\",\"@graph\":[{\"@type\":\"WebPage\",\"@id\":\"https:\/\/blogs.thesocialmedia.com\/leblogmoto\/2005\/11\/10\/nouvelle-benell\/\",\"url\":\"https:\/\/blogs.thesocialmedia.com\/leblogmoto\/2005\/11\/10\/nouvelle-benell\/\",\"name\":\"Nouvelle Benelli Tornado 1130 - leblogmoto.com\",\"isPartOf\":{\"@id\":\"https:\/\/blogs.thesocialmedia.com\/leblogmoto\/#website\"},\"primaryImageOfPage\":{\"@id\":\"https:\/\/blogs.thesocialmedia.com\/leblogmoto\/2005\/11\/10\/nouvelle-benell\/#primaryimage\"},\"image\":{\"@id\":\"https:\/\/blogs.thesocialmedia.com\/leblogmoto\/2005\/11\/10\/nouvelle-benell\/#primaryimage\"},\"thumbnailUrl\":\"http:\/\/www.leblogmoto.com\/images\/benelli_tornado_1130_1.jpg\",\"datePublished\":\"2005-11-10T11:06:54+00:00\",\"dateModified\":\"2012-07-11T14:08:28+00:00\",\"author\":{\"@id\":\"https:\/\/blogs.thesocialmedia.com\/leblogmoto\/#\/schema\/person\/80d2a078dbdb8b60abbd76bae6011f19\"},\"breadcrumb\":{\"@id\":\"https:\/\/blogs.thesocialmedia.com\/leblogmoto\/2005\/11\/10\/nouvelle-benell\/#breadcrumb\"},\"inLanguage\":\"fr-FR\",\"potentialAction\":[{\"@type\":\"ReadAction\",\"target\":[\"https:\/\/blogs.thesocialmedia.com\/leblogmoto\/2005\/11\/10\/nouvelle-benell\/\"]}]},{\"@type\":\"ImageObject\",\"inLanguage\":\"fr-FR\",\"@id\":\"https:\/\/blogs.thesocialmedia.com\/leblogmoto\/2005\/11\/10\/nouvelle-benell\/#primaryimage\",\"url\":\"http:\/\/www.leblogmoto.com\/images\/benelli_tornado_1130_1.jpg\",\"contentUrl\":\"http:\/\/www.leblogmoto.com\/images\/benelli_tornado_1130_1.jpg\"},{\"@type\":\"BreadcrumbList\",\"@id\":\"https:\/\/blogs.thesocialmedia.com\/leblogmoto\/2005\/11\/10\/nouvelle-benell\/#breadcrumb\",\"itemListElement\":[{\"@type\":\"ListItem\",\"position\":1,\"name\":\"Accueil\",\"item\":\"https:\/\/blogs.thesocialmedia.com\/leblogmoto\/\"},{\"@type\":\"ListItem\",\"position\":2,\"name\":\"Nouvelle Benelli Tornado 1130\"}]},{\"@type\":\"WebSite\",\"@id\":\"https:\/\/blogs.thesocialmedia.com\/leblogmoto\/#website\",\"url\":\"https:\/\/blogs.thesocialmedia.com\/leblogmoto\/\",\"name\":\"leblogmoto\",\"description\":\"Toute l&#039;actualit\u00e9 des 2 roues\",\"potentialAction\":[{\"@type\":\"SearchAction\",\"target\":{\"@type\":\"EntryPoint\",\"urlTemplate\":\"https:\/\/blogs.thesocialmedia.com\/leblogmoto\/?s={search_term_string}\"},\"query-input\":{\"@type\":\"PropertyValueSpecification\",\"valueRequired\":true,\"valueName\":\"search_term_string\"}}],\"inLanguage\":\"fr-FR\"},{\"@type\":\"Person\",\"@id\":\"https:\/\/blogs.thesocialmedia.com\/leblogmoto\/#\/schema\/person\/80d2a078dbdb8b60abbd76bae6011f19\",\"name\":\"vincent vaillant\",\"image\":{\"@type\":\"ImageObject\",\"inLanguage\":\"fr-FR\",\"@id\":\"https:\/\/blogs.thesocialmedia.com\/leblogmoto\/#\/schema\/person\/image\/\",\"url\":\"https:\/\/secure.gravatar.com\/avatar\/?s=96&d=mm&r=g\",\"contentUrl\":\"https:\/\/secure.gravatar.com\/avatar\/?s=96&d=mm&r=g\",\"caption\":\"vincent vaillant\"},\"url\":\"https:\/\/blogs.thesocialmedia.com\/leblogmoto\/author\/vincent-vaillant\/\"}]}<\/script>\n<!-- \/ Yoast SEO plugin. -->","yoast_head_json":{"title":"Nouvelle Benelli Tornado 1130 - leblogmoto.com","robots":{"index":"index","follow":"follow","max-snippet":"max-snippet:-1","max-image-preview":"max-image-preview:large","max-video-preview":"max-video-preview:-1"},"canonical":"https:\/\/blogs.thesocialmedia.com\/leblogmoto\/2005\/11\/10\/nouvelle-benell\/","twitter_card":"summary_large_image","twitter_title":"Nouvelle Benelli Tornado 1130 - leblogmoto.com","twitter_description":"Durant le prochain Salon EICMA de Milan, Benelli pr\u00e9sentera une nouvelle version de sa sportive Tornado. L\u2019ancien moulin de 900 cm3 va laisser sa place au 1130 cm3 du roadster TnT, ce qui laisse \u00e0 penser que la nouvelle Tornado disposera du m\u00eame temp\u00e9rament tr\u00e8s explosif. Les ing\u00e9nieurs maison ont certainement modifi\u00e9 l\u2019ensemble pour lui [&hellip;]","twitter_image":"http:\/\/www.leblogmoto.com\/images\/benelli_tornado_1130_1.jpg","twitter_misc":{"\u00c9crit par":"vincent vaillant","Dur\u00e9e de lecture estim\u00e9e":"1 minute"},"schema":{"@context":"https:\/\/schema.org","@graph":[{"@type":"WebPage","@id":"https:\/\/blogs.thesocialmedia.com\/leblogmoto\/2005\/11\/10\/nouvelle-benell\/","url":"https:\/\/blogs.thesocialmedia.com\/leblogmoto\/2005\/11\/10\/nouvelle-benell\/","name":"Nouvelle Benelli Tornado 1130 - leblogmoto.com","isPartOf":{"@id":"https:\/\/blogs.thesocialmedia.com\/leblogmoto\/#website"},"primaryImageOfPage":{"@id":"https:\/\/blogs.thesocialmedia.com\/leblogmoto\/2005\/11\/10\/nouvelle-benell\/#primaryimage"},"image":{"@id":"https:\/\/blogs.thesocialmedia.com\/leblogmoto\/2005\/11\/10\/nouvelle-benell\/#primaryimage"},"thumbnailUrl":"http:\/\/www.leblogmoto.com\/images\/benelli_tornado_1130_1.jpg","datePublished":"2005-11-10T11:06:54+00:00","dateModified":"2012-07-11T14:08:28+00:00","author":{"@id":"https:\/\/blogs.thesocialmedia.com\/leblogmoto\/#\/schema\/person\/80d2a078dbdb8b60abbd76bae6011f19"},"breadcrumb":{"@id":"https:\/\/blogs.thesocialmedia.com\/leblogmoto\/2005\/11\/10\/nouvelle-benell\/#breadcrumb"},"inLanguage":"fr-FR","potentialAction":[{"@type":"ReadAction","target":["https:\/\/blogs.thesocialmedia.com\/leblogmoto\/2005\/11\/10\/nouvelle-benell\/"]}]},{"@type":"ImageObject","inLanguage":"fr-FR","@id":"https:\/\/blogs.thesocialmedia.com\/leblogmoto\/2005\/11\/10\/nouvelle-benell\/#primaryimage","url":"http:\/\/www.leblogmoto.com\/images\/benelli_tornado_1130_1.jpg","contentUrl":"http:\/\/www.leblogmoto.com\/images\/benelli_tornado_1130_1.jpg"},{"@type":"BreadcrumbList","@id":"https:\/\/blogs.thesocialmedia.com\/leblogmoto\/2005\/11\/10\/nouvelle-benell\/#breadcrumb","itemListElement":[{"@type":"ListItem","position":1,"name":"Accueil","item":"https:\/\/blogs.thesocialmedia.com\/leblogmoto\/"},{"@type":"ListItem","position":2,"name":"Nouvelle Benelli Tornado 1130"}]},{"@type":"WebSite","@id":"https:\/\/blogs.thesocialmedia.com\/leblogmoto\/#website","url":"https:\/\/blogs.thesocialmedia.com\/leblogmoto\/","name":"leblogmoto","description":"Toute l&#039;actualit\u00e9 des 2 roues","potentialAction":[{"@type":"SearchAction","target":{"@type":"EntryPoint","urlTemplate":"https:\/\/blogs.thesocialmedia.com\/leblogmoto\/?s={search_term_string}"},"query-input":{"@type":"PropertyValueSpecification","valueRequired":true,"valueName":"search_term_string"}}],"inLanguage":"fr-FR"},{"@type":"Person","@id":"https:\/\/blogs.thesocialmedia.com\/leblogmoto\/#\/schema\/person\/80d2a078dbdb8b60abbd76bae6011f19","name":"vincent vaillant","image":{"@type":"ImageObject","inLanguage":"fr-FR","@id":"https:\/\/blogs.thesocialmedia.com\/leblogmoto\/#\/schema\/person\/image\/","url":"https:\/\/secure.gravatar.com\/avatar\/?s=96&d=mm&r=g","contentUrl":"https:\/\/secure.gravatar.com\/avatar\/?s=96&d=mm&r=g","caption":"vincent vaillant"},"url":"https:\/\/blogs.thesocialmedia.com\/leblogmoto\/author\/vincent-vaillant\/"}]}},"_links":{"self":[{"href":"https:\/\/blogs.thesocialmedia.com\/leblogmoto\/wp-json\/wp\/v2\/posts\/2237","targetHints":{"allow":["GET"]}}],"collection":[{"href":"https:\/\/blogs.thesocialmedia.com\/leblogmoto\/wp-json\/wp\/v2\/posts"}],"about":[{"href":"https:\/\/blogs.thesocialmedia.com\/leblogmoto\/wp-json\/wp\/v2\/types\/post"}],"author":[{"embeddable":true,"href":"https:\/\/blogs.thesocialmedia.com\/leblogmoto\/wp-json\/wp\/v2\/users\/338"}],"replies":[{"embeddable":true,"href":"https:\/\/blogs.thesocialmedia.com\/leblogmoto\/wp-json\/wp\/v2\/comments?post=2237"}],"version-history":[{"count":2,"href":"https:\/\/blogs.thesocialmedia.com\/leblogmoto\/wp-json\/wp\/v2\/posts\/2237\/revisions"}],"predecessor-version":[{"id":6666,"href":"https:\/\/blogs.thesocialmedia.com\/leblogmoto\/wp-json\/wp\/v2\/posts\/2237\/revisions\/6666"}],"wp:attachment":[{"href":"https:\/\/blogs.thesocialmedia.com\/leblogmoto\/wp-json\/wp\/v2\/media?parent=2237"}],"wp:term":[{"taxonomy":"category","embeddable":true,"href":"https:\/\/blogs.thesocialmedia.com\/leblogmoto\/wp-json\/wp\/v2\/categories?post=2237"},{"taxonomy":"post_tag","embeddable":true,"href":"https:\/\/blogs.thesocialmedia.com\/leblogmoto\/wp-json\/wp\/v2\/tags?post=2237"}],"curies":[{"name":"wp","href":"https:\/\/api.w.org\/{rel}","templated":true}]}}