{"id":224,"date":"2009-03-19T21:40:30","date_gmt":"2009-03-19T21:40:30","guid":{"rendered":"http:\/\/blogs.thesocialmedia.com\/leblogmoto\/2009\/03\/19\/livre-harley-da\/"},"modified":"2012-07-11T17:13:31","modified_gmt":"2012-07-11T17:13:31","slug":"livre-harley-da","status":"publish","type":"post","link":"https:\/\/blogs.thesocialmedia.com\/leblogmoto\/2009\/03\/19\/livre-harley-da\/","title":{"rendered":"En ce mois de mars, un livre en Fran\u00e7ais d\u00e9di\u00e9 au Sportster."},"content":{"rendered":"<p><a href=\"http:\/\/blogs.thesocialmedia.com\/leblogmoto\/files\/2012\/07\/6a00d83451b18369e20112797c177228a4-popup.png\"><img decoding=\"async\" alt=\"Moto Livre Harley Davidson Sportster\" class=\"at-xid-6a00d83451b18369e20112797c177228a4 \" src=\"http:\/\/blogs.thesocialmedia.com\/leblogmoto\/files\/2012\/07\/6a00d83451b18369e20112797c177228a4-500wi.jpg\" \/><\/a> <\/p>\n<p>Il fallait bien un livre de 192 pages, qui plus est mis en valeur par un format de 25 sur 25 cm, pour enfin traiter en Fran\u00e7ais de cette gamme et de ce petit ph\u00e9nom\u00e8ne de vente. En effet, actuellement, une Harley produite sur cinq est labellis\u00e9e <em>Sportster<\/em> par la <a href=\"http:\/\/www.harley-davidson.fr\" target=\"_blank\">firme de Milwaukee<\/a>. Cette moto n\u00e9e en 1957 cubait exclusivement du 883 \u00e0 l&#039;\u00e9poque, une cylindr\u00e9e \u00e0 laquelle fut adjointe un V-twin de 1100cc, au milieu des ann\u00e9es 80, pour passer de nos jours \u00e0 1200cc. Une \u00e9volution en taille mais \u00e9galement dans les mat\u00e9riaux, puisqu&#039;aux moteurs en fonte des d\u00e9buts succ\u00e9d\u00e8rent les moulins en alu. De nos jours deux blocs cohabitent donc, le 883 et le 1200. Des moulbifs d\u00e9clin\u00e9s dans leur versions r\u00e9centes en XR 1200 et 1200 Low, 883 R, 883 Sportster tout court, le r\u00e9cent 883 Iron, et XL 1200 C, XL 883 C. Pour r\u00e9parer cette \u00e9num\u00e9ration herm\u00e9tique, sachez qu&#039;\u00e0 l&#039;exception des XR 1000 et XR 1200, l&#039;ensemble des mod\u00e8les de cette gamme usent du pr\u00e9fixe XL dans leur d\u00e9signation. En ajout, le radical S&#160; d\u00e9signe la cat\u00e9gorie Sport, et C, quant \u00e0 lui, est pour Custom ou Cruiser. Des diff\u00e9rences qui t\u00e9moignent de l&#039;ubiquit\u00e9 (relative, on reste chez HD !) de cet engin. Une machine qui prouve que l&#039;on peut se faire plaisir et profiter du bicylindre m\u00e9lodieux (pardon pour le pl\u00e9onasme), sans forc\u00e9ment avoir \u00e0&#160;parader au guidon du co\u00fbteux Fat Boy.&#160; <\/p>\n<p>L&#039;auteur, Pascal Szymezak, roule r\u00e9guli\u00e8rement sur des b\u00e9canes du constructeur am\u00e9ricain et s&#039;occupe de la rubrique moto, \u00e0 la p\u00e9riodicit\u00e9 hebdomadaire, du quotidien Nice Matin. Un journal chez qui on \u00e9tait aller piocher un article sur la nouvelle tendance des locations de particulier \u00e0 particulier <a href=\"http:\/\/www.leblogmoto.com\/2009\/01\/en-ce-jour-de-g.html\" target=\"_blank\">pendant les gr\u00e8ves<\/a>. <\/p>\n<p>Son &quot;expertise&quot; en Harley, mot tr\u00e8s \u00e0 la mode actuellement et sorti de son contexte premier, n&#039;est pas \u00e0 mettre en doute, car ce passionn\u00e9 s&#039;\u00e9tait attel\u00e9 \u00e0 la r\u00e9daction du fascicule Hachette Moto Collection de la marque \u00e9ponyme. Quant \u00e0 l&#039;ouvrage du jour, il est disponible \u00e0 la <a href=\"http:\/\/livre.fnac.com\/a2571160\/Pascal-Szymezak-Harley-Davidson-Sporster?Mn=-1&amp;Mu=-13&amp;Ra=-1&amp;To=0&amp;Nu=1&amp;Fr=0\" target=\"_blank\">Fnac<\/a> pour pr\u00e8s de 42 euros (pas trouv\u00e9 chez Amazon).<\/p>\n<p><em>Via Le Repaire des Motards.<\/em><\/p>\n","protected":false},"excerpt":{"rendered":"<p>Il fallait bien un livre de 192 pages, qui plus est mis en valeur par un format de 25 sur 25 cm, pour enfin traiter en Fran\u00e7ais de cette gamme et de ce petit ph\u00e9nom\u00e8ne de vente. En effet, actuellement, une Harley produite sur cinq est labellis\u00e9e Sportster par la firme de Milwaukee. Cette moto [&hellip;]<\/p>\n","protected":false},"author":324,"featured_media":12976,"comment_status":"open","ping_status":"open","sticky":false,"template":"","format":"standard","meta":{"footnotes":""},"categories":[3,8,29,15],"tags":[],"class_list":["post-224","post","type-post","status-publish","format-standard","has-post-thumbnail","hentry","category-actualite","category-chaines-et-cuirs","category-harley-davidson","category-livres"],"yoast_head":"<!-- This site is optimized with the Yoast SEO plugin v26.0 - https:\/\/yoast.com\/wordpress\/plugins\/seo\/ -->\n<title>En ce mois de mars, un livre en Fran\u00e7ais d\u00e9di\u00e9 au Sportster. - leblogmoto.com<\/title>\n<meta name=\"robots\" content=\"index, follow, max-snippet:-1, max-image-preview:large, max-video-preview:-1\" \/>\n<link rel=\"canonical\" href=\"https:\/\/blogs.thesocialmedia.com\/leblogmoto\/2009\/03\/19\/livre-harley-da\/\" \/>\n<meta name=\"twitter:card\" content=\"summary_large_image\" \/>\n<meta name=\"twitter:title\" content=\"En ce mois de mars, un livre en Fran\u00e7ais d\u00e9di\u00e9 au Sportster. - leblogmoto.com\" \/>\n<meta name=\"twitter:description\" content=\"Il fallait bien un livre de 192 pages, qui plus est mis en valeur par un format de 25 sur 25 cm, pour enfin traiter en Fran\u00e7ais de cette gamme et de ce petit ph\u00e9nom\u00e8ne de vente. En effet, actuellement, une Harley produite sur cinq est labellis\u00e9e Sportster par la firme de Milwaukee. Cette moto [&hellip;]\" \/>\n<meta name=\"twitter:image\" content=\"https:\/\/blogs.thesocialmedia.com\/leblogmoto\/files\/2012\/07\/6a00d83451b18369e20112797c177228a4-500wi.jpg\" \/>\n<meta name=\"twitter:label1\" content=\"\u00c9crit par\" \/>\n\t<meta name=\"twitter:data1\" content=\"benoit rieu\" \/>\n\t<meta name=\"twitter:label2\" content=\"Dur\u00e9e de lecture estim\u00e9e\" \/>\n\t<meta name=\"twitter:data2\" content=\"2 minutes\" \/>\n<script type=\"application\/ld+json\" class=\"yoast-schema-graph\">{\"@context\":\"https:\/\/schema.org\",\"@graph\":[{\"@type\":\"WebPage\",\"@id\":\"https:\/\/blogs.thesocialmedia.com\/leblogmoto\/2009\/03\/19\/livre-harley-da\/\",\"url\":\"https:\/\/blogs.thesocialmedia.com\/leblogmoto\/2009\/03\/19\/livre-harley-da\/\",\"name\":\"En ce mois de mars, un livre en Fran\u00e7ais d\u00e9di\u00e9 au Sportster. - leblogmoto.com\",\"isPartOf\":{\"@id\":\"https:\/\/blogs.thesocialmedia.com\/leblogmoto\/#website\"},\"primaryImageOfPage\":{\"@id\":\"https:\/\/blogs.thesocialmedia.com\/leblogmoto\/2009\/03\/19\/livre-harley-da\/#primaryimage\"},\"image\":{\"@id\":\"https:\/\/blogs.thesocialmedia.com\/leblogmoto\/2009\/03\/19\/livre-harley-da\/#primaryimage\"},\"thumbnailUrl\":\"https:\/\/blogs.thesocialmedia.com\/leblogmoto\/files\/2012\/07\/6a00d83451b18369e20112797c177228a4-500wi.jpg\",\"datePublished\":\"2009-03-19T21:40:30+00:00\",\"dateModified\":\"2012-07-11T17:13:31+00:00\",\"author\":{\"@id\":\"https:\/\/blogs.thesocialmedia.com\/leblogmoto\/#\/schema\/person\/18bfe773e5725ed6d24f743da805362a\"},\"breadcrumb\":{\"@id\":\"https:\/\/blogs.thesocialmedia.com\/leblogmoto\/2009\/03\/19\/livre-harley-da\/#breadcrumb\"},\"inLanguage\":\"fr-FR\",\"potentialAction\":[{\"@type\":\"ReadAction\",\"target\":[\"https:\/\/blogs.thesocialmedia.com\/leblogmoto\/2009\/03\/19\/livre-harley-da\/\"]}]},{\"@type\":\"ImageObject\",\"inLanguage\":\"fr-FR\",\"@id\":\"https:\/\/blogs.thesocialmedia.com\/leblogmoto\/2009\/03\/19\/livre-harley-da\/#primaryimage\",\"url\":\"https:\/\/blogs.thesocialmedia.com\/leblogmoto\/files\/2012\/07\/6a00d83451b18369e20112797c177228a4-500wi.jpg\",\"contentUrl\":\"https:\/\/blogs.thesocialmedia.com\/leblogmoto\/files\/2012\/07\/6a00d83451b18369e20112797c177228a4-500wi.jpg\",\"width\":\"400\",\"height\":\"391\"},{\"@type\":\"BreadcrumbList\",\"@id\":\"https:\/\/blogs.thesocialmedia.com\/leblogmoto\/2009\/03\/19\/livre-harley-da\/#breadcrumb\",\"itemListElement\":[{\"@type\":\"ListItem\",\"position\":1,\"name\":\"Accueil\",\"item\":\"https:\/\/blogs.thesocialmedia.com\/leblogmoto\/\"},{\"@type\":\"ListItem\",\"position\":2,\"name\":\"En ce mois de mars, un livre en Fran\u00e7ais d\u00e9di\u00e9 au Sportster.\"}]},{\"@type\":\"WebSite\",\"@id\":\"https:\/\/blogs.thesocialmedia.com\/leblogmoto\/#website\",\"url\":\"https:\/\/blogs.thesocialmedia.com\/leblogmoto\/\",\"name\":\"leblogmoto\",\"description\":\"Toute l&#039;actualit\u00e9 des 2 roues\",\"potentialAction\":[{\"@type\":\"SearchAction\",\"target\":{\"@type\":\"EntryPoint\",\"urlTemplate\":\"https:\/\/blogs.thesocialmedia.com\/leblogmoto\/?s={search_term_string}\"},\"query-input\":{\"@type\":\"PropertyValueSpecification\",\"valueRequired\":true,\"valueName\":\"search_term_string\"}}],\"inLanguage\":\"fr-FR\"},{\"@type\":\"Person\",\"@id\":\"https:\/\/blogs.thesocialmedia.com\/leblogmoto\/#\/schema\/person\/18bfe773e5725ed6d24f743da805362a\",\"name\":\"benoit rieu\",\"image\":{\"@type\":\"ImageObject\",\"inLanguage\":\"fr-FR\",\"@id\":\"https:\/\/blogs.thesocialmedia.com\/leblogmoto\/#\/schema\/person\/image\/\",\"url\":\"https:\/\/secure.gravatar.com\/avatar\/?s=96&d=mm&r=g\",\"contentUrl\":\"https:\/\/secure.gravatar.com\/avatar\/?s=96&d=mm&r=g\",\"caption\":\"benoit rieu\"},\"url\":\"https:\/\/blogs.thesocialmedia.com\/leblogmoto\/author\/benoit-rieu\/\"}]}<\/script>\n<!-- \/ Yoast SEO plugin. -->","yoast_head_json":{"title":"En ce mois de mars, un livre en Fran\u00e7ais d\u00e9di\u00e9 au Sportster. - leblogmoto.com","robots":{"index":"index","follow":"follow","max-snippet":"max-snippet:-1","max-image-preview":"max-image-preview:large","max-video-preview":"max-video-preview:-1"},"canonical":"https:\/\/blogs.thesocialmedia.com\/leblogmoto\/2009\/03\/19\/livre-harley-da\/","twitter_card":"summary_large_image","twitter_title":"En ce mois de mars, un livre en Fran\u00e7ais d\u00e9di\u00e9 au Sportster. - leblogmoto.com","twitter_description":"Il fallait bien un livre de 192 pages, qui plus est mis en valeur par un format de 25 sur 25 cm, pour enfin traiter en Fran\u00e7ais de cette gamme et de ce petit ph\u00e9nom\u00e8ne de vente. En effet, actuellement, une Harley produite sur cinq est labellis\u00e9e Sportster par la firme de Milwaukee. Cette moto [&hellip;]","twitter_image":"https:\/\/blogs.thesocialmedia.com\/leblogmoto\/files\/2012\/07\/6a00d83451b18369e20112797c177228a4-500wi.jpg","twitter_misc":{"\u00c9crit par":"benoit rieu","Dur\u00e9e de lecture estim\u00e9e":"2 minutes"},"schema":{"@context":"https:\/\/schema.org","@graph":[{"@type":"WebPage","@id":"https:\/\/blogs.thesocialmedia.com\/leblogmoto\/2009\/03\/19\/livre-harley-da\/","url":"https:\/\/blogs.thesocialmedia.com\/leblogmoto\/2009\/03\/19\/livre-harley-da\/","name":"En ce mois de mars, un livre en Fran\u00e7ais d\u00e9di\u00e9 au Sportster. - leblogmoto.com","isPartOf":{"@id":"https:\/\/blogs.thesocialmedia.com\/leblogmoto\/#website"},"primaryImageOfPage":{"@id":"https:\/\/blogs.thesocialmedia.com\/leblogmoto\/2009\/03\/19\/livre-harley-da\/#primaryimage"},"image":{"@id":"https:\/\/blogs.thesocialmedia.com\/leblogmoto\/2009\/03\/19\/livre-harley-da\/#primaryimage"},"thumbnailUrl":"https:\/\/blogs.thesocialmedia.com\/leblogmoto\/files\/2012\/07\/6a00d83451b18369e20112797c177228a4-500wi.jpg","datePublished":"2009-03-19T21:40:30+00:00","dateModified":"2012-07-11T17:13:31+00:00","author":{"@id":"https:\/\/blogs.thesocialmedia.com\/leblogmoto\/#\/schema\/person\/18bfe773e5725ed6d24f743da805362a"},"breadcrumb":{"@id":"https:\/\/blogs.thesocialmedia.com\/leblogmoto\/2009\/03\/19\/livre-harley-da\/#breadcrumb"},"inLanguage":"fr-FR","potentialAction":[{"@type":"ReadAction","target":["https:\/\/blogs.thesocialmedia.com\/leblogmoto\/2009\/03\/19\/livre-harley-da\/"]}]},{"@type":"ImageObject","inLanguage":"fr-FR","@id":"https:\/\/blogs.thesocialmedia.com\/leblogmoto\/2009\/03\/19\/livre-harley-da\/#primaryimage","url":"https:\/\/blogs.thesocialmedia.com\/leblogmoto\/files\/2012\/07\/6a00d83451b18369e20112797c177228a4-500wi.jpg","contentUrl":"https:\/\/blogs.thesocialmedia.com\/leblogmoto\/files\/2012\/07\/6a00d83451b18369e20112797c177228a4-500wi.jpg","width":"400","height":"391"},{"@type":"BreadcrumbList","@id":"https:\/\/blogs.thesocialmedia.com\/leblogmoto\/2009\/03\/19\/livre-harley-da\/#breadcrumb","itemListElement":[{"@type":"ListItem","position":1,"name":"Accueil","item":"https:\/\/blogs.thesocialmedia.com\/leblogmoto\/"},{"@type":"ListItem","position":2,"name":"En ce mois de mars, un livre en Fran\u00e7ais d\u00e9di\u00e9 au Sportster."}]},{"@type":"WebSite","@id":"https:\/\/blogs.thesocialmedia.com\/leblogmoto\/#website","url":"https:\/\/blogs.thesocialmedia.com\/leblogmoto\/","name":"leblogmoto","description":"Toute l&#039;actualit\u00e9 des 2 roues","potentialAction":[{"@type":"SearchAction","target":{"@type":"EntryPoint","urlTemplate":"https:\/\/blogs.thesocialmedia.com\/leblogmoto\/?s={search_term_string}"},"query-input":{"@type":"PropertyValueSpecification","valueRequired":true,"valueName":"search_term_string"}}],"inLanguage":"fr-FR"},{"@type":"Person","@id":"https:\/\/blogs.thesocialmedia.com\/leblogmoto\/#\/schema\/person\/18bfe773e5725ed6d24f743da805362a","name":"benoit rieu","image":{"@type":"ImageObject","inLanguage":"fr-FR","@id":"https:\/\/blogs.thesocialmedia.com\/leblogmoto\/#\/schema\/person\/image\/","url":"https:\/\/secure.gravatar.com\/avatar\/?s=96&d=mm&r=g","contentUrl":"https:\/\/secure.gravatar.com\/avatar\/?s=96&d=mm&r=g","caption":"benoit rieu"},"url":"https:\/\/blogs.thesocialmedia.com\/leblogmoto\/author\/benoit-rieu\/"}]}},"_links":{"self":[{"href":"https:\/\/blogs.thesocialmedia.com\/leblogmoto\/wp-json\/wp\/v2\/posts\/224","targetHints":{"allow":["GET"]}}],"collection":[{"href":"https:\/\/blogs.thesocialmedia.com\/leblogmoto\/wp-json\/wp\/v2\/posts"}],"about":[{"href":"https:\/\/blogs.thesocialmedia.com\/leblogmoto\/wp-json\/wp\/v2\/types\/post"}],"author":[{"embeddable":true,"href":"https:\/\/blogs.thesocialmedia.com\/leblogmoto\/wp-json\/wp\/v2\/users\/324"}],"replies":[{"embeddable":true,"href":"https:\/\/blogs.thesocialmedia.com\/leblogmoto\/wp-json\/wp\/v2\/comments?post=224"}],"version-history":[{"count":2,"href":"https:\/\/blogs.thesocialmedia.com\/leblogmoto\/wp-json\/wp\/v2\/posts\/224\/revisions"}],"predecessor-version":[{"id":12978,"href":"https:\/\/blogs.thesocialmedia.com\/leblogmoto\/wp-json\/wp\/v2\/posts\/224\/revisions\/12978"}],"wp:featuredmedia":[{"embeddable":true,"href":"https:\/\/blogs.thesocialmedia.com\/leblogmoto\/wp-json\/wp\/v2\/media\/12976"}],"wp:attachment":[{"href":"https:\/\/blogs.thesocialmedia.com\/leblogmoto\/wp-json\/wp\/v2\/media?parent=224"}],"wp:term":[{"taxonomy":"category","embeddable":true,"href":"https:\/\/blogs.thesocialmedia.com\/leblogmoto\/wp-json\/wp\/v2\/categories?post=224"},{"taxonomy":"post_tag","embeddable":true,"href":"https:\/\/blogs.thesocialmedia.com\/leblogmoto\/wp-json\/wp\/v2\/tags?post=224"}],"curies":[{"name":"wp","href":"https:\/\/api.w.org\/{rel}","templated":true}]}}