{"id":2246,"date":"2005-11-09T11:28:35","date_gmt":"2005-11-09T11:28:35","guid":{"rendered":"http:\/\/blogs.thesocialmedia.com\/leblogmoto\/2005\/11\/09\/scurit-routire-5\/"},"modified":"2012-07-11T14:07:43","modified_gmt":"2012-07-11T14:07:43","slug":"scurit-routire-5","status":"publish","type":"post","link":"https:\/\/blogs.thesocialmedia.com\/leblogmoto\/2005\/11\/09\/scurit-routire-5\/","title":{"rendered":"S\u00e9curit\u00e9 routi\u00e8re : barom\u00e8tre du mois d\u2019octobre 2005"},"content":{"rendered":"<p><a href=\"http:\/\/blogs.thesocialmedia.com\/leblogmoto\/files\/2012\/07\/tableau_1.jpg\"><img loading=\"lazy\" decoding=\"async\" width=\"470\" height=\"94\"  src=\"http:\/\/www.leblogmoto.com\/images\/tableau_1.JPG\" alt=\"Tableau_1\" style=\"margin: 0px 5px 5px 0px;float: left\" \/><\/a>Au cours du mois d\u2019octobre 2005, compar\u00e9 \u00e0 octobre 2004, <strong>on a enregistr\u00e9 des diminutions homog\u00e8nes des nombres d\u2019accidents corporels et de bless\u00e9s et une diminution nettement plus marqu\u00e9e du nombre des personnes tu\u00e9es.<\/strong> A noter que les conditions m\u00e9t\u00e9orologiques de ce mois d\u2019octobre 2005 ont \u00e9t\u00e9 l\u00e9g\u00e8rement d\u00e9favorables \u00e0 la s\u00e9curit\u00e9 routi\u00e8re alors que celles d\u2019octobre 2004 avaient \u00e9t\u00e9 assez neutres. Le mois d\u2019octobre confirme donc les bons r\u00e9sultats constat\u00e9s en ao\u00fbt et en septembre. Pour la premi\u00e8re fois depuis que des statistiques fiables existent, le nombre annuel des personnes tu\u00e9es est pass\u00e9 sous la barre des 5 000 tu\u00e9s et se situe \u00e0 4 984. Le cumul des dix premiers mois de l\u2019ann\u00e9e se traduit par des diminutions homog\u00e8nes des nombres d\u2019accidents corporels et de bless\u00e9s et une baisse l\u00e9g\u00e8rement plus marqu\u00e9e du nombre de personnes tu\u00e9es. Le bilan des 12 derniers mois (novembre 2004 \u00e0 octobre 2005) est de 4 984 tu\u00e9s.<\/p>\n<p><a href=\"http:\/\/blogs.thesocialmedia.com\/leblogmoto\/files\/2012\/07\/tableau_2.jpg\"><img loading=\"lazy\" decoding=\"async\" width=\"470\" height=\"73\"  src=\"http:\/\/www.leblogmoto.com\/images\/tableau_2.JPG\" alt=\"Tableau_2\" style=\"margin: 0px 5px 5px 0px;float: left\" \/><\/a><\/p>\n<p><\/p>\n<p><a href=\"http:\/\/blogs.thesocialmedia.com\/leblogmoto\/files\/2012\/07\/graphique.png\"><img loading=\"lazy\" decoding=\"async\" width=\"469\" height=\"670\"  src=\"http:\/\/www.leblogmoto.com\/images\/graphique.png\" alt=\"Graphique\" style=\"margin: 0px 5px 5px 0px;float: left\" \/><\/a><\/p>\n<\/p>\n<\/p>\n<\/p>\n<\/p>\n<\/p>\n<\/p>\n<\/p>\n<\/p>\n<\/p>\n<\/p>\n<\/p>\n<p><strong><u>Source<\/u><\/strong> : <a href=\"http:\/\/www.securiteroutiere.gouv.fr\/index.html\">S\u00e9curit\u00e9 Routi\u00e8re<\/a><\/p>\n<\/p>\n<p><\/p>\n","protected":false},"excerpt":{"rendered":"<p>Au cours du mois d\u2019octobre 2005, compar\u00e9 \u00e0 octobre 2004, on a enregistr\u00e9 des diminutions homog\u00e8nes des nombres d\u2019accidents corporels et de bless\u00e9s et une diminution nettement plus marqu\u00e9e du nombre des personnes tu\u00e9es. A noter que les conditions m\u00e9t\u00e9orologiques de ce mois d\u2019octobre 2005 ont \u00e9t\u00e9 l\u00e9g\u00e8rement d\u00e9favorables \u00e0 la s\u00e9curit\u00e9 routi\u00e8re alors que [&hellip;]<\/p>\n","protected":false},"author":338,"featured_media":0,"comment_status":"open","ping_status":"open","sticky":false,"template":"","format":"standard","meta":{"footnotes":""},"categories":[27],"tags":[],"class_list":["post-2246","post","type-post","status-publish","format-standard","hentry","category-securite"],"yoast_head":"<!-- This site is optimized with the Yoast SEO plugin v26.0 - https:\/\/yoast.com\/wordpress\/plugins\/seo\/ -->\n<title>S\u00e9curit\u00e9 routi\u00e8re : barom\u00e8tre du mois d\u2019octobre 2005 - leblogmoto.com<\/title>\n<meta name=\"robots\" content=\"index, follow, max-snippet:-1, max-image-preview:large, max-video-preview:-1\" \/>\n<link rel=\"canonical\" href=\"https:\/\/blogs.thesocialmedia.com\/leblogmoto\/2005\/11\/09\/scurit-routire-5\/\" \/>\n<meta name=\"twitter:card\" content=\"summary_large_image\" \/>\n<meta name=\"twitter:title\" content=\"S\u00e9curit\u00e9 routi\u00e8re : barom\u00e8tre du mois d\u2019octobre 2005 - leblogmoto.com\" \/>\n<meta name=\"twitter:description\" content=\"Au cours du mois d\u2019octobre 2005, compar\u00e9 \u00e0 octobre 2004, on a enregistr\u00e9 des diminutions homog\u00e8nes des nombres d\u2019accidents corporels et de bless\u00e9s et une diminution nettement plus marqu\u00e9e du nombre des personnes tu\u00e9es. A noter que les conditions m\u00e9t\u00e9orologiques de ce mois d\u2019octobre 2005 ont \u00e9t\u00e9 l\u00e9g\u00e8rement d\u00e9favorables \u00e0 la s\u00e9curit\u00e9 routi\u00e8re alors que [&hellip;]\" \/>\n<meta name=\"twitter:image\" content=\"http:\/\/www.leblogmoto.com\/images\/tableau_1.JPG\" \/>\n<meta name=\"twitter:label1\" content=\"\u00c9crit par\" \/>\n\t<meta name=\"twitter:data1\" content=\"vincent vaillant\" \/>\n\t<meta name=\"twitter:label2\" content=\"Dur\u00e9e de lecture estim\u00e9e\" \/>\n\t<meta name=\"twitter:data2\" content=\"1 minute\" \/>\n<script type=\"application\/ld+json\" class=\"yoast-schema-graph\">{\"@context\":\"https:\/\/schema.org\",\"@graph\":[{\"@type\":\"WebPage\",\"@id\":\"https:\/\/blogs.thesocialmedia.com\/leblogmoto\/2005\/11\/09\/scurit-routire-5\/\",\"url\":\"https:\/\/blogs.thesocialmedia.com\/leblogmoto\/2005\/11\/09\/scurit-routire-5\/\",\"name\":\"S\u00e9curit\u00e9 routi\u00e8re : barom\u00e8tre du mois d\u2019octobre 2005 - leblogmoto.com\",\"isPartOf\":{\"@id\":\"https:\/\/blogs.thesocialmedia.com\/leblogmoto\/#website\"},\"primaryImageOfPage\":{\"@id\":\"https:\/\/blogs.thesocialmedia.com\/leblogmoto\/2005\/11\/09\/scurit-routire-5\/#primaryimage\"},\"image\":{\"@id\":\"https:\/\/blogs.thesocialmedia.com\/leblogmoto\/2005\/11\/09\/scurit-routire-5\/#primaryimage\"},\"thumbnailUrl\":\"http:\/\/www.leblogmoto.com\/images\/tableau_1.JPG\",\"datePublished\":\"2005-11-09T11:28:35+00:00\",\"dateModified\":\"2012-07-11T14:07:43+00:00\",\"author\":{\"@id\":\"https:\/\/blogs.thesocialmedia.com\/leblogmoto\/#\/schema\/person\/80d2a078dbdb8b60abbd76bae6011f19\"},\"breadcrumb\":{\"@id\":\"https:\/\/blogs.thesocialmedia.com\/leblogmoto\/2005\/11\/09\/scurit-routire-5\/#breadcrumb\"},\"inLanguage\":\"fr-FR\",\"potentialAction\":[{\"@type\":\"ReadAction\",\"target\":[\"https:\/\/blogs.thesocialmedia.com\/leblogmoto\/2005\/11\/09\/scurit-routire-5\/\"]}]},{\"@type\":\"ImageObject\",\"inLanguage\":\"fr-FR\",\"@id\":\"https:\/\/blogs.thesocialmedia.com\/leblogmoto\/2005\/11\/09\/scurit-routire-5\/#primaryimage\",\"url\":\"http:\/\/www.leblogmoto.com\/images\/tableau_1.JPG\",\"contentUrl\":\"http:\/\/www.leblogmoto.com\/images\/tableau_1.JPG\"},{\"@type\":\"BreadcrumbList\",\"@id\":\"https:\/\/blogs.thesocialmedia.com\/leblogmoto\/2005\/11\/09\/scurit-routire-5\/#breadcrumb\",\"itemListElement\":[{\"@type\":\"ListItem\",\"position\":1,\"name\":\"Accueil\",\"item\":\"https:\/\/blogs.thesocialmedia.com\/leblogmoto\/\"},{\"@type\":\"ListItem\",\"position\":2,\"name\":\"S\u00e9curit\u00e9 routi\u00e8re : barom\u00e8tre du mois d\u2019octobre 2005\"}]},{\"@type\":\"WebSite\",\"@id\":\"https:\/\/blogs.thesocialmedia.com\/leblogmoto\/#website\",\"url\":\"https:\/\/blogs.thesocialmedia.com\/leblogmoto\/\",\"name\":\"leblogmoto\",\"description\":\"Toute l&#039;actualit\u00e9 des 2 roues\",\"potentialAction\":[{\"@type\":\"SearchAction\",\"target\":{\"@type\":\"EntryPoint\",\"urlTemplate\":\"https:\/\/blogs.thesocialmedia.com\/leblogmoto\/?s={search_term_string}\"},\"query-input\":{\"@type\":\"PropertyValueSpecification\",\"valueRequired\":true,\"valueName\":\"search_term_string\"}}],\"inLanguage\":\"fr-FR\"},{\"@type\":\"Person\",\"@id\":\"https:\/\/blogs.thesocialmedia.com\/leblogmoto\/#\/schema\/person\/80d2a078dbdb8b60abbd76bae6011f19\",\"name\":\"vincent vaillant\",\"image\":{\"@type\":\"ImageObject\",\"inLanguage\":\"fr-FR\",\"@id\":\"https:\/\/blogs.thesocialmedia.com\/leblogmoto\/#\/schema\/person\/image\/\",\"url\":\"https:\/\/secure.gravatar.com\/avatar\/?s=96&d=mm&r=g\",\"contentUrl\":\"https:\/\/secure.gravatar.com\/avatar\/?s=96&d=mm&r=g\",\"caption\":\"vincent vaillant\"},\"url\":\"https:\/\/blogs.thesocialmedia.com\/leblogmoto\/author\/vincent-vaillant\/\"}]}<\/script>\n<!-- \/ Yoast SEO plugin. -->","yoast_head_json":{"title":"S\u00e9curit\u00e9 routi\u00e8re : barom\u00e8tre du mois d\u2019octobre 2005 - leblogmoto.com","robots":{"index":"index","follow":"follow","max-snippet":"max-snippet:-1","max-image-preview":"max-image-preview:large","max-video-preview":"max-video-preview:-1"},"canonical":"https:\/\/blogs.thesocialmedia.com\/leblogmoto\/2005\/11\/09\/scurit-routire-5\/","twitter_card":"summary_large_image","twitter_title":"S\u00e9curit\u00e9 routi\u00e8re : barom\u00e8tre du mois d\u2019octobre 2005 - leblogmoto.com","twitter_description":"Au cours du mois d\u2019octobre 2005, compar\u00e9 \u00e0 octobre 2004, on a enregistr\u00e9 des diminutions homog\u00e8nes des nombres d\u2019accidents corporels et de bless\u00e9s et une diminution nettement plus marqu\u00e9e du nombre des personnes tu\u00e9es. A noter que les conditions m\u00e9t\u00e9orologiques de ce mois d\u2019octobre 2005 ont \u00e9t\u00e9 l\u00e9g\u00e8rement d\u00e9favorables \u00e0 la s\u00e9curit\u00e9 routi\u00e8re alors que [&hellip;]","twitter_image":"http:\/\/www.leblogmoto.com\/images\/tableau_1.JPG","twitter_misc":{"\u00c9crit par":"vincent vaillant","Dur\u00e9e de lecture estim\u00e9e":"1 minute"},"schema":{"@context":"https:\/\/schema.org","@graph":[{"@type":"WebPage","@id":"https:\/\/blogs.thesocialmedia.com\/leblogmoto\/2005\/11\/09\/scurit-routire-5\/","url":"https:\/\/blogs.thesocialmedia.com\/leblogmoto\/2005\/11\/09\/scurit-routire-5\/","name":"S\u00e9curit\u00e9 routi\u00e8re : barom\u00e8tre du mois d\u2019octobre 2005 - leblogmoto.com","isPartOf":{"@id":"https:\/\/blogs.thesocialmedia.com\/leblogmoto\/#website"},"primaryImageOfPage":{"@id":"https:\/\/blogs.thesocialmedia.com\/leblogmoto\/2005\/11\/09\/scurit-routire-5\/#primaryimage"},"image":{"@id":"https:\/\/blogs.thesocialmedia.com\/leblogmoto\/2005\/11\/09\/scurit-routire-5\/#primaryimage"},"thumbnailUrl":"http:\/\/www.leblogmoto.com\/images\/tableau_1.JPG","datePublished":"2005-11-09T11:28:35+00:00","dateModified":"2012-07-11T14:07:43+00:00","author":{"@id":"https:\/\/blogs.thesocialmedia.com\/leblogmoto\/#\/schema\/person\/80d2a078dbdb8b60abbd76bae6011f19"},"breadcrumb":{"@id":"https:\/\/blogs.thesocialmedia.com\/leblogmoto\/2005\/11\/09\/scurit-routire-5\/#breadcrumb"},"inLanguage":"fr-FR","potentialAction":[{"@type":"ReadAction","target":["https:\/\/blogs.thesocialmedia.com\/leblogmoto\/2005\/11\/09\/scurit-routire-5\/"]}]},{"@type":"ImageObject","inLanguage":"fr-FR","@id":"https:\/\/blogs.thesocialmedia.com\/leblogmoto\/2005\/11\/09\/scurit-routire-5\/#primaryimage","url":"http:\/\/www.leblogmoto.com\/images\/tableau_1.JPG","contentUrl":"http:\/\/www.leblogmoto.com\/images\/tableau_1.JPG"},{"@type":"BreadcrumbList","@id":"https:\/\/blogs.thesocialmedia.com\/leblogmoto\/2005\/11\/09\/scurit-routire-5\/#breadcrumb","itemListElement":[{"@type":"ListItem","position":1,"name":"Accueil","item":"https:\/\/blogs.thesocialmedia.com\/leblogmoto\/"},{"@type":"ListItem","position":2,"name":"S\u00e9curit\u00e9 routi\u00e8re : barom\u00e8tre du mois d\u2019octobre 2005"}]},{"@type":"WebSite","@id":"https:\/\/blogs.thesocialmedia.com\/leblogmoto\/#website","url":"https:\/\/blogs.thesocialmedia.com\/leblogmoto\/","name":"leblogmoto","description":"Toute l&#039;actualit\u00e9 des 2 roues","potentialAction":[{"@type":"SearchAction","target":{"@type":"EntryPoint","urlTemplate":"https:\/\/blogs.thesocialmedia.com\/leblogmoto\/?s={search_term_string}"},"query-input":{"@type":"PropertyValueSpecification","valueRequired":true,"valueName":"search_term_string"}}],"inLanguage":"fr-FR"},{"@type":"Person","@id":"https:\/\/blogs.thesocialmedia.com\/leblogmoto\/#\/schema\/person\/80d2a078dbdb8b60abbd76bae6011f19","name":"vincent vaillant","image":{"@type":"ImageObject","inLanguage":"fr-FR","@id":"https:\/\/blogs.thesocialmedia.com\/leblogmoto\/#\/schema\/person\/image\/","url":"https:\/\/secure.gravatar.com\/avatar\/?s=96&d=mm&r=g","contentUrl":"https:\/\/secure.gravatar.com\/avatar\/?s=96&d=mm&r=g","caption":"vincent vaillant"},"url":"https:\/\/blogs.thesocialmedia.com\/leblogmoto\/author\/vincent-vaillant\/"}]}},"_links":{"self":[{"href":"https:\/\/blogs.thesocialmedia.com\/leblogmoto\/wp-json\/wp\/v2\/posts\/2246","targetHints":{"allow":["GET"]}}],"collection":[{"href":"https:\/\/blogs.thesocialmedia.com\/leblogmoto\/wp-json\/wp\/v2\/posts"}],"about":[{"href":"https:\/\/blogs.thesocialmedia.com\/leblogmoto\/wp-json\/wp\/v2\/types\/post"}],"author":[{"embeddable":true,"href":"https:\/\/blogs.thesocialmedia.com\/leblogmoto\/wp-json\/wp\/v2\/users\/338"}],"replies":[{"embeddable":true,"href":"https:\/\/blogs.thesocialmedia.com\/leblogmoto\/wp-json\/wp\/v2\/comments?post=2246"}],"version-history":[{"count":2,"href":"https:\/\/blogs.thesocialmedia.com\/leblogmoto\/wp-json\/wp\/v2\/posts\/2246\/revisions"}],"predecessor-version":[{"id":6634,"href":"https:\/\/blogs.thesocialmedia.com\/leblogmoto\/wp-json\/wp\/v2\/posts\/2246\/revisions\/6634"}],"wp:attachment":[{"href":"https:\/\/blogs.thesocialmedia.com\/leblogmoto\/wp-json\/wp\/v2\/media?parent=2246"}],"wp:term":[{"taxonomy":"category","embeddable":true,"href":"https:\/\/blogs.thesocialmedia.com\/leblogmoto\/wp-json\/wp\/v2\/categories?post=2246"},{"taxonomy":"post_tag","embeddable":true,"href":"https:\/\/blogs.thesocialmedia.com\/leblogmoto\/wp-json\/wp\/v2\/tags?post=2246"}],"curies":[{"name":"wp","href":"https:\/\/api.w.org\/{rel}","templated":true}]}}