{"id":2247,"date":"2005-11-08T23:19:15","date_gmt":"2005-11-08T23:19:15","guid":{"rendered":"http:\/\/blogs.thesocialmedia.com\/leblogmoto\/2005\/11\/08\/minibike-academ\/"},"modified":"2012-07-11T14:07:37","modified_gmt":"2012-07-11T14:07:37","slug":"minibike-academ","status":"publish","type":"post","link":"https:\/\/blogs.thesocialmedia.com\/leblogmoto\/2005\/11\/08\/minibike-academ\/","title":{"rendered":"Minibike Academy"},"content":{"rendered":"<p><a href=\"http:\/\/blogs.thesocialmedia.com\/leblogmoto\/files\/2012\/07\/minibike_academy_1.jpg\"><img loading=\"lazy\" decoding=\"async\" width=\"250\" height=\"187\"  alt=\"Minibike_academy_1\" src=\"http:\/\/www.leblogmoto.com\/images\/minibike_academy_1.jpg\" style=\"margin: 0px 5px 5px 0px;float: left\" \/><\/a>Signalons une belle initiative pour les pilotes moto en herbe \u00e2g\u00e9s d&rsquo;une dizaine d&rsquo;ann\u00e9e : la Minibike Academy organis\u00e9e par <a href=\"http:\/\/blogs.thesocialmedia.com\/leblogmoto\/files\/2012\/07\/index.html_41.png\">Honda<\/a>. <strong>C\u2019est Arnaud de Tournay qui est le grand gagnant de la 1\u00e8re \u00e9dition<\/strong>. Il s&rsquo;est donc vu remettre des mains de Bernard Rigoni, Responsable du service Comp\u00e9tition chez Honda Motor Europe South, les clefs de la CBR 125R avec laquelle il participera l&rsquo;ann\u00e9e prochaine \u00e0 la d\u00e9sormais c\u00e9l\u00e8bre Junior Cup organis\u00e9e par la FFM. Toute la Division Motocycles de HMES (Honda Motor Europe South sa) lui adresse ses plus vives F\u00e9licitations et lui donne rendez vous l&rsquo;ann\u00e9e prochaine pour sa 1\u00e8re saison en Junior Cup. Peut \u00eatre un futur grand pilote fran\u00e7ais en <a href=\"http:\/\/www.leblogmoto.com\/motogp\/index.html\">MotoGP<\/a> ou <a href=\"http:\/\/www.leblogmoto.com\/superbike\/index.html\">Superbike<\/a>\u2026<\/p>\n<p><strong><u>Source<\/u><\/strong> : <a href=\"http:\/\/moto.honda.fr\/hm\/index.php\">Honda<\/a><\/p>\n<p><strong><u>R\u00e8glement de la Minibike Academy 2005<\/u><\/strong><br \/>Version 9 du 4 d\u00e9cembre 2004<\/p>\n<p><u>Article 1<\/u> : Principe<br \/>La F\u00e9d\u00e9ration Fran\u00e7aise de Motocyclisme, dans le cadre de ses actions de d\u00e9tection, souhaite faciliter l\u2019acc\u00e8s \u00e0 la moto de vitesse au plus grand nombre. Dans cet objectif, elle inaugure en 2005 une \u00e9cole itin\u00e9rante intitul\u00e9e : Minibike Academy<br \/>Cette \u00e9cole, anim\u00e9e par des \u00e9ducateurs dipl\u00f4m\u00e9s d\u2019Etat, est principalement destin\u00e9e aux jeunes d\u00e9butants.<\/p>\n<p><u>Article 2<\/u> : El\u00e8ves pilotes admis<br \/>Les 20 \u00e9l\u00e8ves pilotes admis \u00e0 la Minibike Academy 2005 devront \u00eatre de nationalit\u00e9 fran\u00e7aise et \u00e2g\u00e9s entre 8 et 14 ans.<br \/>Toute demande n\u2019entrant pas dans ces diff\u00e9rents crit\u00e8res sera examin\u00e9e par la FFM qui pourra d\u00e9cider de d\u00e9roger aux diff\u00e9rents crit\u00e8res d\u00e9finis. Les \u00e9l\u00e8ves devront \u00eatre titulaires d\u2019une licence NEA ou NAM. Chaque \u00e9l\u00e8ve pilote devra \u00eatre plac\u00e9 sous la tutelle d\u2019un parent ou tuteur l\u00e9gal ou toute personne mandat\u00e9e par eux. Sa pr\u00e9sence est obligatoire durant toute les manifestations. Il sera charg\u00e9 notamment d\u2019assurer l\u2019interface entre l\u2019\u00e9l\u00e8ve et la structure organisatrice.<\/p>\n<p><u>Article 3<\/u> : Machines<br \/>Les motos de la Minibike Academy seront des Honda NSR50 strictement d\u2019origine mises \u00e0 disposition lors de chaque manifestation par la FFM.<br \/>Les motos seront attribu\u00e9es par tirage au sort lors de chaque manifestation, par un pilote choisi au hasard et diff\u00e9rent \u00e0 chaque fois. L\u2019entretien des machines sera \u00e0 la seule charge de la structure organisatrice. Une caution de 300 \u20ac sera exig\u00e9e lors de l\u2019inscription, une somme forfaitaire d\u2019un montant de 50 \u20ac pourra \u00eatre retir\u00e9e sur cette caution \u00e0 la suite de chaque chute sur d\u00e9cision des \u00e9ducateurs. L\u2019\u00e9l\u00e8ve pilote et son encadrement n\u2019auront pas \u00e0 intervenir sur la m\u00e9canique.<\/p>\n<p><u>Article 4<\/u> : Calendrier<br \/>La Minibike Academy se d\u00e9roulera au travers de 9 sessions : 3 stages, 4 manifestations dans le cadre du Championnat de France 50 cm3, 1 lors d\u2019une \u00e9preuve des Coupes de France Promosport et 1 activit\u00e9 sur le Grand Prix de France. <br \/>Calendrier (sous r\u00e9serve de modification)<br \/>28\/03\/05 Stage de formation \u00e0 Al\u00e8s (30)<br \/>9 et 10\/04\/05 Belmont sur Rance (81)<br \/>14\/05\/05 Grand Prix de France au Mans (72)<br \/>11 et 12\/06\/05 Le Creusot (71)<br \/>02 et 03\/07\/05 Roanne (42)<br \/>08\/08\/05 Stage de perfectionnement \u00e0 Al\u00e8s (30)<br \/>17 et 18\/09\/05 Fontenay Le Comte (85)<br \/>01 et 02\/10\/05 Circuit Carole (93)<br \/>24\/10\/05 Stage d\u2019\u00e9valutation \u00e0 Al\u00e8s (30)<\/p>\n<p><u>Article 5<\/u> : Inscriptions<br \/>Les formulaires d\u2019inscriptions devront parvenir avant le 31 janvier 2005 \u00e0 :<br \/>FFM Minibike Academy<br \/>74 avenue Parmentier<br \/>75011 PARIS<br \/>accompagn\u00e9s d\u2019un droit d\u2019inscription forfaitaire de 3000 euros TTC, en deux ch\u00e8ques, \u00e0 l\u2019ordre de la FFM (2000 \u20ac encaiss\u00e9s lors de l\u2019\u00e9tablissement de la liste des engag\u00e9s, les 1 000 \u20ac restants seront encaiss\u00e9s le 1er juillet 2005). En aucun cas ces sommes ne pourront \u00eatre rembours\u00e9es, sauf en cas de force majeure (blessure, maladie) reconnue par la FFM. Les 20 premiers dossiers arriv\u00e9s complets \u00e0 la FFM seront retenus, cachet de la poste faisant foi.<br \/>Cette somme comprend :<br \/>A) la mise \u00e0 disposition du circuit durant les horaires impartis par les organisateurs (les engagements et les droits de piste sont pris en charge).<br \/>B) la mise \u00e0 disposition et l\u2019entretien de la moto.<br \/>C) la fourniture de l\u2019\u00e9quipement (casque, gants, combinaison cuir). Les bottes et la protection dorsale devront \u00eatre fournis par l\u2019\u00e9l\u00e8ve pilote.<br \/>En cas de perte, de vol ou de d\u00e9t\u00e9rioration de l\u2019\u00e9quipement, la dotation ne pourra en aucun cas \u00eatre renouvel\u00e9e et devra \u00eatre remplac\u00e9e, aux frais du pilote, par des \u00e9l\u00e9ments identiques en termes de marque et de coloris. Les frais de d\u00e9placement, d\u2019h\u00e9bergement et de restauration sont \u00e0 la charge du pilote.<\/p>\n<p><u>Article 6<\/u> : D\u00e9roulement type d\u2019une manifestation<br \/>Les \u00e9l\u00e8ves pilotes devront se pr\u00e9senter \u00e0 l\u2019accueil de la Minibike Academy suivant les horaires indiqu\u00e9s dans leur convocation.<br \/>Sauf durant les stages sp\u00e9cifiques (qui permettront plus de roulage que lors des d\u00e9monstrations devant du public), les \u00e9l\u00e8ves de la Minibike Academy b\u00e9n\u00e9ficieront en principe d\u2019un minimum de 20 minutes de roulage le samedi, et 4 fois 10 minutes le dimanche.<br \/>Les d\u00e9monstrations devant public se d\u00e9rouleront selon la r\u00e9glementation sportive g\u00e9n\u00e9rale de l\u2019Educatif d\u2019Approche Sportive Minibike (obligation de poss\u00e9der le Guidon d\u2019Or ou le CASM, ces examens pourront \u00eatre pass\u00e9s lors du premier stage en mars 2005).<br \/>Aucun classement de course ne sera publi\u00e9 \u00e0 l\u2019issue de chaque stage ou manifestation.<\/p>\n<p><u>Article 7<\/u> : R\u00e9compenses<br \/>Les meilleurs \u00e9l\u00e8ves de la Minibike Academy, d\u00e9sign\u00e9s par les \u00e9ducateurs FFM, selon les crit\u00e8res d\u2019\u00e9valuation de l\u2019activit\u00e9 d\u2019approche sportive Minibike (comportement, aptitude au pilotage, tenue, etc\u2026) se verront attribuer les r\u00e9compenses suivantes :<br \/>Vainqueur de la Minibike Academy &#8211; Cat\u00e9gorie Poussin (\u00e9l\u00e8ve de moins de 12 ans au 01\/03\/06) : une moto Metrakit en pr\u00eat pour disputer le Minibike National 2006.<br \/>Vainqueur de la Minibike Academy &#8211; Cat\u00e9gorie Minime (\u00e9l\u00e8ve de moins de 14 ans au 01\/03\/06) : une moto Metrakit en pr\u00eat pour disputer la Minime Cup 2006. <br \/>Vainqueur de la Minibike Academy &#8211; Cat\u00e9gorie Cadet (\u00e9l\u00e8ve de plus de 14 ans au 01\/03\/06) : une 125 Honda CBR en pr\u00eat pour disputer la Junior Cup 2006.<\/p>\n<p><u>Article 8<\/u> : Application de la r\u00e9glementation<br \/>Le code sportif de la FFM ainsi que l&rsquo;ensemble des r\u00e8gles \u00e9ducatives d&rsquo;approche sportive sont applicables.<\/p>\n<p><u>Article 9<\/u> : Discipline<br \/>Les \u00e9ducateurs pourront \u00e0 tout moment sanctionner le comportement incorrect ou anti-sportif d&rsquo;un \u00e9l\u00e8ve pilote, de son tuteur l\u00e9gal ou de l&rsquo;un de ses accompagnateurs.<\/p>\n<p><u>Article 10<\/u> : Litige<br \/>Tout litige concernant le d\u00e9roulement de la Minibike Academy devra \u00eatre soumis \u00e0 la FFM (Direction Technique Nationale). En dernier lieu, les organes disciplinaires et d&rsquo;arbitrage de la FFM seront comp\u00e9tents.<\/p>\n<p><a href=\"http:\/\/clabedan.typepad.com\/.shared\/image.html?\/photos\/uncategorized\/minibike_academy_2.jpg\"><img loading=\"lazy\" decoding=\"async\" width=\"470\" height=\"352\"  src=\"http:\/\/www.leblogmoto.com\/images\/minibike_academy_2.jpg\" alt=\"Minibike_academy_2\" style=\"margin: 0px 5px 5px 0px;float: left\" \/><\/a><a href=\"http:\/\/blogs.thesocialmedia.com\/leblogmoto\/files\/2012\/07\/minibike_academy_3.jpg\"><img loading=\"lazy\" decoding=\"async\" width=\"470\" height=\"352\"  src=\"http:\/\/www.leblogmoto.com\/images\/minibike_academy_3.jpg\" alt=\"Minibike_academy_3\" style=\"margin: 0px 5px 5px 0px;float: left\" \/><\/a><\/p>\n","protected":false},"excerpt":{"rendered":"<p>Signalons une belle initiative pour les pilotes moto en herbe \u00e2g\u00e9s d&rsquo;une dizaine d&rsquo;ann\u00e9e : la Minibike Academy organis\u00e9e par Honda. C\u2019est Arnaud de Tournay qui est le grand gagnant de la 1\u00e8re \u00e9dition. Il s&rsquo;est donc vu remettre des mains de Bernard Rigoni, Responsable du service Comp\u00e9tition chez Honda Motor Europe South, les clefs [&hellip;]<\/p>\n","protected":false},"author":338,"featured_media":0,"comment_status":"open","ping_status":"open","sticky":false,"template":"","format":"standard","meta":{"footnotes":""},"categories":[32],"tags":[],"class_list":["post-2247","post","type-post","status-publish","format-standard","hentry","category-sport-moto"],"yoast_head":"<!-- This site is optimized with the Yoast SEO plugin v26.0 - https:\/\/yoast.com\/wordpress\/plugins\/seo\/ -->\n<title>Minibike Academy - leblogmoto.com<\/title>\n<meta name=\"robots\" content=\"index, follow, max-snippet:-1, max-image-preview:large, max-video-preview:-1\" \/>\n<link rel=\"canonical\" href=\"https:\/\/blogs.thesocialmedia.com\/leblogmoto\/2005\/11\/08\/minibike-academ\/\" \/>\n<meta name=\"twitter:card\" content=\"summary_large_image\" \/>\n<meta name=\"twitter:title\" content=\"Minibike Academy - leblogmoto.com\" \/>\n<meta name=\"twitter:description\" content=\"Signalons une belle initiative pour les pilotes moto en herbe \u00e2g\u00e9s d&rsquo;une dizaine d&rsquo;ann\u00e9e : la Minibike Academy organis\u00e9e par Honda. C\u2019est Arnaud de Tournay qui est le grand gagnant de la 1\u00e8re \u00e9dition. Il s&rsquo;est donc vu remettre des mains de Bernard Rigoni, Responsable du service Comp\u00e9tition chez Honda Motor Europe South, les clefs [&hellip;]\" \/>\n<meta name=\"twitter:image\" content=\"http:\/\/www.leblogmoto.com\/images\/minibike_academy_1.jpg\" \/>\n<meta name=\"twitter:label1\" content=\"\u00c9crit par\" \/>\n\t<meta name=\"twitter:data1\" content=\"vincent vaillant\" \/>\n\t<meta name=\"twitter:label2\" content=\"Dur\u00e9e de lecture estim\u00e9e\" \/>\n\t<meta name=\"twitter:data2\" content=\"5 minutes\" \/>\n<script type=\"application\/ld+json\" class=\"yoast-schema-graph\">{\"@context\":\"https:\/\/schema.org\",\"@graph\":[{\"@type\":\"WebPage\",\"@id\":\"https:\/\/blogs.thesocialmedia.com\/leblogmoto\/2005\/11\/08\/minibike-academ\/\",\"url\":\"https:\/\/blogs.thesocialmedia.com\/leblogmoto\/2005\/11\/08\/minibike-academ\/\",\"name\":\"Minibike Academy - leblogmoto.com\",\"isPartOf\":{\"@id\":\"https:\/\/blogs.thesocialmedia.com\/leblogmoto\/#website\"},\"primaryImageOfPage\":{\"@id\":\"https:\/\/blogs.thesocialmedia.com\/leblogmoto\/2005\/11\/08\/minibike-academ\/#primaryimage\"},\"image\":{\"@id\":\"https:\/\/blogs.thesocialmedia.com\/leblogmoto\/2005\/11\/08\/minibike-academ\/#primaryimage\"},\"thumbnailUrl\":\"http:\/\/www.leblogmoto.com\/images\/minibike_academy_1.jpg\",\"datePublished\":\"2005-11-08T23:19:15+00:00\",\"dateModified\":\"2012-07-11T14:07:37+00:00\",\"author\":{\"@id\":\"https:\/\/blogs.thesocialmedia.com\/leblogmoto\/#\/schema\/person\/80d2a078dbdb8b60abbd76bae6011f19\"},\"breadcrumb\":{\"@id\":\"https:\/\/blogs.thesocialmedia.com\/leblogmoto\/2005\/11\/08\/minibike-academ\/#breadcrumb\"},\"inLanguage\":\"fr-FR\",\"potentialAction\":[{\"@type\":\"ReadAction\",\"target\":[\"https:\/\/blogs.thesocialmedia.com\/leblogmoto\/2005\/11\/08\/minibike-academ\/\"]}]},{\"@type\":\"ImageObject\",\"inLanguage\":\"fr-FR\",\"@id\":\"https:\/\/blogs.thesocialmedia.com\/leblogmoto\/2005\/11\/08\/minibike-academ\/#primaryimage\",\"url\":\"http:\/\/www.leblogmoto.com\/images\/minibike_academy_1.jpg\",\"contentUrl\":\"http:\/\/www.leblogmoto.com\/images\/minibike_academy_1.jpg\"},{\"@type\":\"BreadcrumbList\",\"@id\":\"https:\/\/blogs.thesocialmedia.com\/leblogmoto\/2005\/11\/08\/minibike-academ\/#breadcrumb\",\"itemListElement\":[{\"@type\":\"ListItem\",\"position\":1,\"name\":\"Accueil\",\"item\":\"https:\/\/blogs.thesocialmedia.com\/leblogmoto\/\"},{\"@type\":\"ListItem\",\"position\":2,\"name\":\"Minibike Academy\"}]},{\"@type\":\"WebSite\",\"@id\":\"https:\/\/blogs.thesocialmedia.com\/leblogmoto\/#website\",\"url\":\"https:\/\/blogs.thesocialmedia.com\/leblogmoto\/\",\"name\":\"leblogmoto\",\"description\":\"Toute l&#039;actualit\u00e9 des 2 roues\",\"potentialAction\":[{\"@type\":\"SearchAction\",\"target\":{\"@type\":\"EntryPoint\",\"urlTemplate\":\"https:\/\/blogs.thesocialmedia.com\/leblogmoto\/?s={search_term_string}\"},\"query-input\":{\"@type\":\"PropertyValueSpecification\",\"valueRequired\":true,\"valueName\":\"search_term_string\"}}],\"inLanguage\":\"fr-FR\"},{\"@type\":\"Person\",\"@id\":\"https:\/\/blogs.thesocialmedia.com\/leblogmoto\/#\/schema\/person\/80d2a078dbdb8b60abbd76bae6011f19\",\"name\":\"vincent vaillant\",\"image\":{\"@type\":\"ImageObject\",\"inLanguage\":\"fr-FR\",\"@id\":\"https:\/\/blogs.thesocialmedia.com\/leblogmoto\/#\/schema\/person\/image\/\",\"url\":\"https:\/\/secure.gravatar.com\/avatar\/?s=96&d=mm&r=g\",\"contentUrl\":\"https:\/\/secure.gravatar.com\/avatar\/?s=96&d=mm&r=g\",\"caption\":\"vincent vaillant\"},\"url\":\"https:\/\/blogs.thesocialmedia.com\/leblogmoto\/author\/vincent-vaillant\/\"}]}<\/script>\n<!-- \/ Yoast SEO plugin. -->","yoast_head_json":{"title":"Minibike Academy - leblogmoto.com","robots":{"index":"index","follow":"follow","max-snippet":"max-snippet:-1","max-image-preview":"max-image-preview:large","max-video-preview":"max-video-preview:-1"},"canonical":"https:\/\/blogs.thesocialmedia.com\/leblogmoto\/2005\/11\/08\/minibike-academ\/","twitter_card":"summary_large_image","twitter_title":"Minibike Academy - leblogmoto.com","twitter_description":"Signalons une belle initiative pour les pilotes moto en herbe \u00e2g\u00e9s d&rsquo;une dizaine d&rsquo;ann\u00e9e : la Minibike Academy organis\u00e9e par Honda. C\u2019est Arnaud de Tournay qui est le grand gagnant de la 1\u00e8re \u00e9dition. Il s&rsquo;est donc vu remettre des mains de Bernard Rigoni, Responsable du service Comp\u00e9tition chez Honda Motor Europe South, les clefs [&hellip;]","twitter_image":"http:\/\/www.leblogmoto.com\/images\/minibike_academy_1.jpg","twitter_misc":{"\u00c9crit par":"vincent vaillant","Dur\u00e9e de lecture estim\u00e9e":"5 minutes"},"schema":{"@context":"https:\/\/schema.org","@graph":[{"@type":"WebPage","@id":"https:\/\/blogs.thesocialmedia.com\/leblogmoto\/2005\/11\/08\/minibike-academ\/","url":"https:\/\/blogs.thesocialmedia.com\/leblogmoto\/2005\/11\/08\/minibike-academ\/","name":"Minibike Academy - leblogmoto.com","isPartOf":{"@id":"https:\/\/blogs.thesocialmedia.com\/leblogmoto\/#website"},"primaryImageOfPage":{"@id":"https:\/\/blogs.thesocialmedia.com\/leblogmoto\/2005\/11\/08\/minibike-academ\/#primaryimage"},"image":{"@id":"https:\/\/blogs.thesocialmedia.com\/leblogmoto\/2005\/11\/08\/minibike-academ\/#primaryimage"},"thumbnailUrl":"http:\/\/www.leblogmoto.com\/images\/minibike_academy_1.jpg","datePublished":"2005-11-08T23:19:15+00:00","dateModified":"2012-07-11T14:07:37+00:00","author":{"@id":"https:\/\/blogs.thesocialmedia.com\/leblogmoto\/#\/schema\/person\/80d2a078dbdb8b60abbd76bae6011f19"},"breadcrumb":{"@id":"https:\/\/blogs.thesocialmedia.com\/leblogmoto\/2005\/11\/08\/minibike-academ\/#breadcrumb"},"inLanguage":"fr-FR","potentialAction":[{"@type":"ReadAction","target":["https:\/\/blogs.thesocialmedia.com\/leblogmoto\/2005\/11\/08\/minibike-academ\/"]}]},{"@type":"ImageObject","inLanguage":"fr-FR","@id":"https:\/\/blogs.thesocialmedia.com\/leblogmoto\/2005\/11\/08\/minibike-academ\/#primaryimage","url":"http:\/\/www.leblogmoto.com\/images\/minibike_academy_1.jpg","contentUrl":"http:\/\/www.leblogmoto.com\/images\/minibike_academy_1.jpg"},{"@type":"BreadcrumbList","@id":"https:\/\/blogs.thesocialmedia.com\/leblogmoto\/2005\/11\/08\/minibike-academ\/#breadcrumb","itemListElement":[{"@type":"ListItem","position":1,"name":"Accueil","item":"https:\/\/blogs.thesocialmedia.com\/leblogmoto\/"},{"@type":"ListItem","position":2,"name":"Minibike Academy"}]},{"@type":"WebSite","@id":"https:\/\/blogs.thesocialmedia.com\/leblogmoto\/#website","url":"https:\/\/blogs.thesocialmedia.com\/leblogmoto\/","name":"leblogmoto","description":"Toute l&#039;actualit\u00e9 des 2 roues","potentialAction":[{"@type":"SearchAction","target":{"@type":"EntryPoint","urlTemplate":"https:\/\/blogs.thesocialmedia.com\/leblogmoto\/?s={search_term_string}"},"query-input":{"@type":"PropertyValueSpecification","valueRequired":true,"valueName":"search_term_string"}}],"inLanguage":"fr-FR"},{"@type":"Person","@id":"https:\/\/blogs.thesocialmedia.com\/leblogmoto\/#\/schema\/person\/80d2a078dbdb8b60abbd76bae6011f19","name":"vincent vaillant","image":{"@type":"ImageObject","inLanguage":"fr-FR","@id":"https:\/\/blogs.thesocialmedia.com\/leblogmoto\/#\/schema\/person\/image\/","url":"https:\/\/secure.gravatar.com\/avatar\/?s=96&d=mm&r=g","contentUrl":"https:\/\/secure.gravatar.com\/avatar\/?s=96&d=mm&r=g","caption":"vincent vaillant"},"url":"https:\/\/blogs.thesocialmedia.com\/leblogmoto\/author\/vincent-vaillant\/"}]}},"_links":{"self":[{"href":"https:\/\/blogs.thesocialmedia.com\/leblogmoto\/wp-json\/wp\/v2\/posts\/2247","targetHints":{"allow":["GET"]}}],"collection":[{"href":"https:\/\/blogs.thesocialmedia.com\/leblogmoto\/wp-json\/wp\/v2\/posts"}],"about":[{"href":"https:\/\/blogs.thesocialmedia.com\/leblogmoto\/wp-json\/wp\/v2\/types\/post"}],"author":[{"embeddable":true,"href":"https:\/\/blogs.thesocialmedia.com\/leblogmoto\/wp-json\/wp\/v2\/users\/338"}],"replies":[{"embeddable":true,"href":"https:\/\/blogs.thesocialmedia.com\/leblogmoto\/wp-json\/wp\/v2\/comments?post=2247"}],"version-history":[{"count":2,"href":"https:\/\/blogs.thesocialmedia.com\/leblogmoto\/wp-json\/wp\/v2\/posts\/2247\/revisions"}],"predecessor-version":[{"id":6630,"href":"https:\/\/blogs.thesocialmedia.com\/leblogmoto\/wp-json\/wp\/v2\/posts\/2247\/revisions\/6630"}],"wp:attachment":[{"href":"https:\/\/blogs.thesocialmedia.com\/leblogmoto\/wp-json\/wp\/v2\/media?parent=2247"}],"wp:term":[{"taxonomy":"category","embeddable":true,"href":"https:\/\/blogs.thesocialmedia.com\/leblogmoto\/wp-json\/wp\/v2\/categories?post=2247"},{"taxonomy":"post_tag","embeddable":true,"href":"https:\/\/blogs.thesocialmedia.com\/leblogmoto\/wp-json\/wp\/v2\/tags?post=2247"}],"curies":[{"name":"wp","href":"https:\/\/api.w.org\/{rel}","templated":true}]}}