{"id":2248,"date":"2005-11-08T22:51:04","date_gmt":"2005-11-08T22:51:04","guid":{"rendered":"http:\/\/blogs.thesocialmedia.com\/leblogmoto\/2005\/11\/08\/gibernau-quitte\/"},"modified":"2012-07-11T14:07:32","modified_gmt":"2012-07-11T14:07:32","slug":"gibernau-quitte","status":"publish","type":"post","link":"https:\/\/blogs.thesocialmedia.com\/leblogmoto\/2005\/11\/08\/gibernau-quitte\/","title":{"rendered":"MotoGP : Gibernau quitte Honda pour Ducati"},"content":{"rendered":"<p><a href=\"http:\/\/blogs.thesocialmedia.com\/leblogmoto\/files\/2012\/07\/sete_gibernau.jpg\"><img loading=\"lazy\" decoding=\"async\" width=\"250\" height=\"246\"  src=\"http:\/\/www.leblogmoto.com\/images\/sete_gibernau.jpg\" alt=\"Sete_gibernau\" style=\"margin: 0px 5px 5px 0px;float: left\" \/><\/a>C\u2019est \u00e0 pr\u00e9sent officiel, <strong>Sete Gibernau laissera le guidon de sa <a href=\"http:\/\/www.leblogmoto.com\/honda\/index.html\">Honda<\/a> pour celui d\u2019une <a href=\"http:\/\/www.leblogmoto.com\/ducati\/index.html\">Ducati<\/a><\/strong>. Il participera \u00e0 la saison 2006 de <a href=\"http:\/\/www.leblogmoto.com\/motogp\/index.html\">MotoGP<\/a> aux c\u00f4t\u00e9s de Loris Capirossi puisqu\u2019il remplacera Carlos Checa. Souhaitons lui une meilleure saison que cette ann\u00e9e, puisqu&rsquo;il ne termine qu&rsquo;\u00e0 <a href=\"http:\/\/www.leblogmoto.com\/2005\/11\/motogp_melandri.html\">la 7\u00e8me place du classement pilote<\/a> ce qui n&rsquo;est pas repr\u00e9sentatif de son talent. Gibernau est confiant sur ce choix : \u00ab<em>Apr\u00e8s avoir d\u00e9croch\u00e9 de bons r\u00e9sultats ces derni\u00e8res ann\u00e9es, et \u00e0 l&rsquo;issue d&rsquo;une saison au cours de laquelle j&rsquo;ai rencontr\u00e9 certaines difficult\u00e9s tout en me maintenant au plus haut niveau, j&rsquo;ai d\u00e9cid\u00e9 de prendre une nouvelle direction. Je tiens avant tout \u00e0 remercier toutes les personnes qui m&rsquo;ont permis de d\u00e9crocher de beaux r\u00e9sultats, mais il \u00e9tait temps de trouver une nouvelle source de motivation. Le professionnalisme et l&rsquo;enthousiasme manifest\u00e9 chez Ducati m&rsquo;a d\u00e9cid\u00e9 \u00e0 les rejoindre. J&rsquo;aborde ce nouveau d\u00e9fi avec d\u00e9termination, et avec la conviction de pouvoir d\u00e9crocher de bons r\u00e9sultats. Ducati a de grandes ambitions et a d\u00e9montr\u00e9 un potentiel \u00e9norme. Avec mon exp\u00e9rience, je pense pouvoir apporter ma contribution \u00e0 ce projet afin d&rsquo;atteindre le but que nous visons tous.<\/em>\u00bb<\/p>\n<p><strong><u>Source<\/u><\/strong> : <a href=\"www.motogp.com\">MotoGP.com<\/a><\/p>\n","protected":false},"excerpt":{"rendered":"<p>C\u2019est \u00e0 pr\u00e9sent officiel, Sete Gibernau laissera le guidon de sa Honda pour celui d\u2019une Ducati. Il participera \u00e0 la saison 2006 de MotoGP aux c\u00f4t\u00e9s de Loris Capirossi puisqu\u2019il remplacera Carlos Checa. Souhaitons lui une meilleure saison que cette ann\u00e9e, puisqu&rsquo;il ne termine qu&rsquo;\u00e0 la 7\u00e8me place du classement pilote ce qui n&rsquo;est pas [&hellip;]<\/p>\n","protected":false},"author":338,"featured_media":0,"comment_status":"open","ping_status":"open","sticky":false,"template":"","format":"standard","meta":{"footnotes":""},"categories":[22],"tags":[],"class_list":["post-2248","post","type-post","status-publish","format-standard","hentry","category-motogp"],"yoast_head":"<!-- This site is optimized with the Yoast SEO plugin v26.0 - https:\/\/yoast.com\/wordpress\/plugins\/seo\/ -->\n<title>MotoGP : Gibernau quitte Honda pour Ducati - leblogmoto.com<\/title>\n<meta name=\"robots\" content=\"index, follow, max-snippet:-1, max-image-preview:large, max-video-preview:-1\" \/>\n<link rel=\"canonical\" href=\"https:\/\/blogs.thesocialmedia.com\/leblogmoto\/2005\/11\/08\/gibernau-quitte\/\" \/>\n<meta name=\"twitter:card\" content=\"summary_large_image\" \/>\n<meta name=\"twitter:title\" content=\"MotoGP : Gibernau quitte Honda pour Ducati - leblogmoto.com\" \/>\n<meta name=\"twitter:description\" content=\"C\u2019est \u00e0 pr\u00e9sent officiel, Sete Gibernau laissera le guidon de sa Honda pour celui d\u2019une Ducati. Il participera \u00e0 la saison 2006 de MotoGP aux c\u00f4t\u00e9s de Loris Capirossi puisqu\u2019il remplacera Carlos Checa. Souhaitons lui une meilleure saison que cette ann\u00e9e, puisqu&rsquo;il ne termine qu&rsquo;\u00e0 la 7\u00e8me place du classement pilote ce qui n&rsquo;est pas [&hellip;]\" \/>\n<meta name=\"twitter:image\" content=\"http:\/\/www.leblogmoto.com\/images\/sete_gibernau.jpg\" \/>\n<meta name=\"twitter:label1\" content=\"\u00c9crit par\" \/>\n\t<meta name=\"twitter:data1\" content=\"vincent vaillant\" \/>\n\t<meta name=\"twitter:label2\" content=\"Dur\u00e9e de lecture estim\u00e9e\" \/>\n\t<meta name=\"twitter:data2\" content=\"1 minute\" \/>\n<script type=\"application\/ld+json\" class=\"yoast-schema-graph\">{\"@context\":\"https:\/\/schema.org\",\"@graph\":[{\"@type\":\"WebPage\",\"@id\":\"https:\/\/blogs.thesocialmedia.com\/leblogmoto\/2005\/11\/08\/gibernau-quitte\/\",\"url\":\"https:\/\/blogs.thesocialmedia.com\/leblogmoto\/2005\/11\/08\/gibernau-quitte\/\",\"name\":\"MotoGP : Gibernau quitte Honda pour Ducati - leblogmoto.com\",\"isPartOf\":{\"@id\":\"https:\/\/blogs.thesocialmedia.com\/leblogmoto\/#website\"},\"primaryImageOfPage\":{\"@id\":\"https:\/\/blogs.thesocialmedia.com\/leblogmoto\/2005\/11\/08\/gibernau-quitte\/#primaryimage\"},\"image\":{\"@id\":\"https:\/\/blogs.thesocialmedia.com\/leblogmoto\/2005\/11\/08\/gibernau-quitte\/#primaryimage\"},\"thumbnailUrl\":\"http:\/\/www.leblogmoto.com\/images\/sete_gibernau.jpg\",\"datePublished\":\"2005-11-08T22:51:04+00:00\",\"dateModified\":\"2012-07-11T14:07:32+00:00\",\"author\":{\"@id\":\"https:\/\/blogs.thesocialmedia.com\/leblogmoto\/#\/schema\/person\/80d2a078dbdb8b60abbd76bae6011f19\"},\"breadcrumb\":{\"@id\":\"https:\/\/blogs.thesocialmedia.com\/leblogmoto\/2005\/11\/08\/gibernau-quitte\/#breadcrumb\"},\"inLanguage\":\"fr-FR\",\"potentialAction\":[{\"@type\":\"ReadAction\",\"target\":[\"https:\/\/blogs.thesocialmedia.com\/leblogmoto\/2005\/11\/08\/gibernau-quitte\/\"]}]},{\"@type\":\"ImageObject\",\"inLanguage\":\"fr-FR\",\"@id\":\"https:\/\/blogs.thesocialmedia.com\/leblogmoto\/2005\/11\/08\/gibernau-quitte\/#primaryimage\",\"url\":\"http:\/\/www.leblogmoto.com\/images\/sete_gibernau.jpg\",\"contentUrl\":\"http:\/\/www.leblogmoto.com\/images\/sete_gibernau.jpg\"},{\"@type\":\"BreadcrumbList\",\"@id\":\"https:\/\/blogs.thesocialmedia.com\/leblogmoto\/2005\/11\/08\/gibernau-quitte\/#breadcrumb\",\"itemListElement\":[{\"@type\":\"ListItem\",\"position\":1,\"name\":\"Accueil\",\"item\":\"https:\/\/blogs.thesocialmedia.com\/leblogmoto\/\"},{\"@type\":\"ListItem\",\"position\":2,\"name\":\"MotoGP : Gibernau quitte Honda pour Ducati\"}]},{\"@type\":\"WebSite\",\"@id\":\"https:\/\/blogs.thesocialmedia.com\/leblogmoto\/#website\",\"url\":\"https:\/\/blogs.thesocialmedia.com\/leblogmoto\/\",\"name\":\"leblogmoto\",\"description\":\"Toute l&#039;actualit\u00e9 des 2 roues\",\"potentialAction\":[{\"@type\":\"SearchAction\",\"target\":{\"@type\":\"EntryPoint\",\"urlTemplate\":\"https:\/\/blogs.thesocialmedia.com\/leblogmoto\/?s={search_term_string}\"},\"query-input\":{\"@type\":\"PropertyValueSpecification\",\"valueRequired\":true,\"valueName\":\"search_term_string\"}}],\"inLanguage\":\"fr-FR\"},{\"@type\":\"Person\",\"@id\":\"https:\/\/blogs.thesocialmedia.com\/leblogmoto\/#\/schema\/person\/80d2a078dbdb8b60abbd76bae6011f19\",\"name\":\"vincent vaillant\",\"image\":{\"@type\":\"ImageObject\",\"inLanguage\":\"fr-FR\",\"@id\":\"https:\/\/blogs.thesocialmedia.com\/leblogmoto\/#\/schema\/person\/image\/\",\"url\":\"https:\/\/secure.gravatar.com\/avatar\/?s=96&d=mm&r=g\",\"contentUrl\":\"https:\/\/secure.gravatar.com\/avatar\/?s=96&d=mm&r=g\",\"caption\":\"vincent vaillant\"},\"url\":\"https:\/\/blogs.thesocialmedia.com\/leblogmoto\/author\/vincent-vaillant\/\"}]}<\/script>\n<!-- \/ Yoast SEO plugin. -->","yoast_head_json":{"title":"MotoGP : Gibernau quitte Honda pour Ducati - leblogmoto.com","robots":{"index":"index","follow":"follow","max-snippet":"max-snippet:-1","max-image-preview":"max-image-preview:large","max-video-preview":"max-video-preview:-1"},"canonical":"https:\/\/blogs.thesocialmedia.com\/leblogmoto\/2005\/11\/08\/gibernau-quitte\/","twitter_card":"summary_large_image","twitter_title":"MotoGP : Gibernau quitte Honda pour Ducati - leblogmoto.com","twitter_description":"C\u2019est \u00e0 pr\u00e9sent officiel, Sete Gibernau laissera le guidon de sa Honda pour celui d\u2019une Ducati. Il participera \u00e0 la saison 2006 de MotoGP aux c\u00f4t\u00e9s de Loris Capirossi puisqu\u2019il remplacera Carlos Checa. Souhaitons lui une meilleure saison que cette ann\u00e9e, puisqu&rsquo;il ne termine qu&rsquo;\u00e0 la 7\u00e8me place du classement pilote ce qui n&rsquo;est pas [&hellip;]","twitter_image":"http:\/\/www.leblogmoto.com\/images\/sete_gibernau.jpg","twitter_misc":{"\u00c9crit par":"vincent vaillant","Dur\u00e9e de lecture estim\u00e9e":"1 minute"},"schema":{"@context":"https:\/\/schema.org","@graph":[{"@type":"WebPage","@id":"https:\/\/blogs.thesocialmedia.com\/leblogmoto\/2005\/11\/08\/gibernau-quitte\/","url":"https:\/\/blogs.thesocialmedia.com\/leblogmoto\/2005\/11\/08\/gibernau-quitte\/","name":"MotoGP : Gibernau quitte Honda pour Ducati - leblogmoto.com","isPartOf":{"@id":"https:\/\/blogs.thesocialmedia.com\/leblogmoto\/#website"},"primaryImageOfPage":{"@id":"https:\/\/blogs.thesocialmedia.com\/leblogmoto\/2005\/11\/08\/gibernau-quitte\/#primaryimage"},"image":{"@id":"https:\/\/blogs.thesocialmedia.com\/leblogmoto\/2005\/11\/08\/gibernau-quitte\/#primaryimage"},"thumbnailUrl":"http:\/\/www.leblogmoto.com\/images\/sete_gibernau.jpg","datePublished":"2005-11-08T22:51:04+00:00","dateModified":"2012-07-11T14:07:32+00:00","author":{"@id":"https:\/\/blogs.thesocialmedia.com\/leblogmoto\/#\/schema\/person\/80d2a078dbdb8b60abbd76bae6011f19"},"breadcrumb":{"@id":"https:\/\/blogs.thesocialmedia.com\/leblogmoto\/2005\/11\/08\/gibernau-quitte\/#breadcrumb"},"inLanguage":"fr-FR","potentialAction":[{"@type":"ReadAction","target":["https:\/\/blogs.thesocialmedia.com\/leblogmoto\/2005\/11\/08\/gibernau-quitte\/"]}]},{"@type":"ImageObject","inLanguage":"fr-FR","@id":"https:\/\/blogs.thesocialmedia.com\/leblogmoto\/2005\/11\/08\/gibernau-quitte\/#primaryimage","url":"http:\/\/www.leblogmoto.com\/images\/sete_gibernau.jpg","contentUrl":"http:\/\/www.leblogmoto.com\/images\/sete_gibernau.jpg"},{"@type":"BreadcrumbList","@id":"https:\/\/blogs.thesocialmedia.com\/leblogmoto\/2005\/11\/08\/gibernau-quitte\/#breadcrumb","itemListElement":[{"@type":"ListItem","position":1,"name":"Accueil","item":"https:\/\/blogs.thesocialmedia.com\/leblogmoto\/"},{"@type":"ListItem","position":2,"name":"MotoGP : Gibernau quitte Honda pour Ducati"}]},{"@type":"WebSite","@id":"https:\/\/blogs.thesocialmedia.com\/leblogmoto\/#website","url":"https:\/\/blogs.thesocialmedia.com\/leblogmoto\/","name":"leblogmoto","description":"Toute l&#039;actualit\u00e9 des 2 roues","potentialAction":[{"@type":"SearchAction","target":{"@type":"EntryPoint","urlTemplate":"https:\/\/blogs.thesocialmedia.com\/leblogmoto\/?s={search_term_string}"},"query-input":{"@type":"PropertyValueSpecification","valueRequired":true,"valueName":"search_term_string"}}],"inLanguage":"fr-FR"},{"@type":"Person","@id":"https:\/\/blogs.thesocialmedia.com\/leblogmoto\/#\/schema\/person\/80d2a078dbdb8b60abbd76bae6011f19","name":"vincent vaillant","image":{"@type":"ImageObject","inLanguage":"fr-FR","@id":"https:\/\/blogs.thesocialmedia.com\/leblogmoto\/#\/schema\/person\/image\/","url":"https:\/\/secure.gravatar.com\/avatar\/?s=96&d=mm&r=g","contentUrl":"https:\/\/secure.gravatar.com\/avatar\/?s=96&d=mm&r=g","caption":"vincent vaillant"},"url":"https:\/\/blogs.thesocialmedia.com\/leblogmoto\/author\/vincent-vaillant\/"}]}},"_links":{"self":[{"href":"https:\/\/blogs.thesocialmedia.com\/leblogmoto\/wp-json\/wp\/v2\/posts\/2248","targetHints":{"allow":["GET"]}}],"collection":[{"href":"https:\/\/blogs.thesocialmedia.com\/leblogmoto\/wp-json\/wp\/v2\/posts"}],"about":[{"href":"https:\/\/blogs.thesocialmedia.com\/leblogmoto\/wp-json\/wp\/v2\/types\/post"}],"author":[{"embeddable":true,"href":"https:\/\/blogs.thesocialmedia.com\/leblogmoto\/wp-json\/wp\/v2\/users\/338"}],"replies":[{"embeddable":true,"href":"https:\/\/blogs.thesocialmedia.com\/leblogmoto\/wp-json\/wp\/v2\/comments?post=2248"}],"version-history":[{"count":2,"href":"https:\/\/blogs.thesocialmedia.com\/leblogmoto\/wp-json\/wp\/v2\/posts\/2248\/revisions"}],"predecessor-version":[{"id":6627,"href":"https:\/\/blogs.thesocialmedia.com\/leblogmoto\/wp-json\/wp\/v2\/posts\/2248\/revisions\/6627"}],"wp:attachment":[{"href":"https:\/\/blogs.thesocialmedia.com\/leblogmoto\/wp-json\/wp\/v2\/media?parent=2248"}],"wp:term":[{"taxonomy":"category","embeddable":true,"href":"https:\/\/blogs.thesocialmedia.com\/leblogmoto\/wp-json\/wp\/v2\/categories?post=2248"},{"taxonomy":"post_tag","embeddable":true,"href":"https:\/\/blogs.thesocialmedia.com\/leblogmoto\/wp-json\/wp\/v2\/tags?post=2248"}],"curies":[{"name":"wp","href":"https:\/\/api.w.org\/{rel}","templated":true}]}}