{"id":2249,"date":"2005-11-08T21:10:10","date_gmt":"2005-11-08T21:10:10","guid":{"rendered":"http:\/\/blogs.thesocialmedia.com\/leblogmoto\/2005\/11\/08\/pierre-dupasqui-1\/"},"modified":"2012-07-11T14:07:31","modified_gmt":"2012-07-11T14:07:31","slug":"pierre-dupasqui-1","status":"publish","type":"post","link":"https:\/\/blogs.thesocialmedia.com\/leblogmoto\/2005\/11\/08\/pierre-dupasqui-1\/","title":{"rendered":"Pierre Dupasquier s\u2019en va en pleine gloire"},"content":{"rendered":"<p><a href=\"http:\/\/blogs.thesocialmedia.com\/leblogmoto\/files\/2012\/07\/pierre_dupasquier.jpg\"><img loading=\"lazy\" decoding=\"async\" width=\"250\" height=\"166\"  alt=\"Pierre_dupasquier\" src=\"http:\/\/www.leblogmoto.com\/images\/pierre_dupasquier.jpg\" style=\"margin: 0px 5px 5px 0px;float: left\" \/><\/a>L\u2019embl\u00e9matique Directeur de la comp\u00e9tition chez <a href=\"http:\/\/www.leblogauto.com\/michelin\/index.html\">Michelin<\/a>, Pierre Dupasquier, raccroche apr\u00e8s d\u2019innombrables victoires en sport <a href=\"www.leblogauto.com\">auto<\/a>\/<a href=\"www.leblogmoto.com\">moto<\/a> et notamment une ann\u00e9e 2005 forte en \u00e9motions. En effet, le manufacturier fran\u00e7ais de pneumatiques s\u2019est impos\u00e9 de main de ma\u00eetre dans ce qu\u2019il se fait de mieux en comp\u00e9tition avec notamment la <a href=\"http:\/\/www.leblogmoto.com\/motogp\/index.html\">MotoGP<\/a>, le WRC et la <a href=\"http:\/\/www.leblogauto.com\/f1\/index.html\">F1<\/a>. <strong>Il quitte ainsi son poste en pleine gloire, une retraite \u00e0 68 ans bien m\u00e9rit\u00e9e et passe le flambeau \u00e0 Fr\u00e9d\u00e9ric Henry Biadaud<\/strong>. Une immense f\u00eate a \u00e9t\u00e9 organis\u00e9e \u00e0 cette occasion avec de nombreux pilotes MotoGP. La t\u00e2che est difficile pour son successeur tant Pierre Dupasquier a marqu\u00e9 Michelin de son emprunte comme en t\u00e9moigne Edouard Michelin : \u00ab<em>Pierre a \u00e9t\u00e9 un leader charismatique et d\u00e9vou\u00e9. Tout d\u2019abord, c\u2019est un ing\u00e9nieur qui a su pousser la technologie du pneumatique \u00e0 son maximum. Il est la raison premi\u00e8re du retour \u00e0 la comp\u00e9tition de Michelin dans les ann\u00e9es 70 et fut un acteur crucial du d\u00e9veloppement du radial. Nous voulons saluer son engagement, son sens des valeurs, son esprit d\u2019\u00e9quipe, son sens du fairplay et son respect de nos partenaires&#8230;<\/em><\/p>\n<p>&#8230; <em>Depuis que Pierre a d\u00e9but\u00e9 comme directeur de la comp\u00e9tition en 1973, Michelin a connu tant de succ\u00e8s (92 victoires en F1, 534 en Grand Prix moto, 174 en WRC et 57 au Paris-Dakar) qui nous ont rapport\u00e9 au total plus de 180 titres mondiaux et 1300 courses de championnat du monde. Evidemment, 2005 a \u00e9t\u00e9 un cru exceptionnel pour nous, avec les titres mondiaux en F1, MotoGP et WRC, sans oublier nos victoires aux 24 Heures du Mans, en Rallye Raid et m\u00eame en championnat du monde de VTT. C\u2019est pourquoi nous voudrions remercier Pierre, lui dire que nous n\u2019oublierons jamais ce qu\u2019il a fait pour nous et pour la course. Nous lui souhaitons le meilleur dans sa vie \u00e0 venir.<\/em>\u00bb<br \/>Mais l\u2019int\u00e9ress\u00e9 ne quitte pas d\u00e9finitivement la sc\u00e8ne puisqu\u2019il restera Consultant privil\u00e9gi\u00e9 de Michelin : \u00ab<em>Nous avons r\u00e9ussi en moto parce que nous avons su \u00e9couter nos pilotes. Notre seule pr\u00e9occupation a \u00e9t\u00e9 la curiosit\u00e9, le travail incessant afin de comprendre pourquoi nous \u00e9tions bons ou pourquoi nous \u00e9tions mauvais, et surtout pour nous am\u00e9liorer en vue de la course suivante. Quand nous disons que nous allons faire quelque chose, nous le faisons, et nous faisons en sorte que nos pilotes et nos partenaires nous accordent leur confiance. Le produit final a toujours \u00e9t\u00e9 notre objectif premier. Je vous adresse \u00e0 tous mes remerciements pour ces grandes ann\u00e9es, et maintenant je laisse les clefs de la maison \u00e0 Fr\u00e9d\u00e9ric!<\/em>\u00bb<br \/> Son successeur, Fr\u00e9d\u00e9ric Henry-Biabaud lui a aussi rendu hommage : \u00ab<em>Quand Mick Jagger quitta les Rolling Stones, les Stones ne furent jamais plus vraiment les Stone. Personne ne remplacera Pierre, mais tout le monde chez Michelin regarde devant avec la d\u00e9termination d\u2019obtenir \u00e0 nouveaux d\u2019autres succ\u00e8s, sur deux et sur quatre roues.<\/em>\u00bb<\/p>\n","protected":false},"excerpt":{"rendered":"<p>L\u2019embl\u00e9matique Directeur de la comp\u00e9tition chez Michelin, Pierre Dupasquier, raccroche apr\u00e8s d\u2019innombrables victoires en sport auto\/moto et notamment une ann\u00e9e 2005 forte en \u00e9motions. En effet, le manufacturier fran\u00e7ais de pneumatiques s\u2019est impos\u00e9 de main de ma\u00eetre dans ce qu\u2019il se fait de mieux en comp\u00e9tition avec notamment la MotoGP, le WRC et la F1. [&hellip;]<\/p>\n","protected":false},"author":338,"featured_media":0,"comment_status":"open","ping_status":"open","sticky":false,"template":"","format":"standard","meta":{"footnotes":""},"categories":[49,22],"tags":[],"class_list":["post-2249","post","type-post","status-publish","format-standard","hentry","category-actualites-entreprise","category-motogp"],"yoast_head":"<!-- This site is optimized with the Yoast SEO plugin v26.0 - https:\/\/yoast.com\/wordpress\/plugins\/seo\/ -->\n<title>Pierre Dupasquier s\u2019en va en pleine gloire - leblogmoto.com<\/title>\n<meta name=\"robots\" content=\"index, follow, max-snippet:-1, max-image-preview:large, max-video-preview:-1\" \/>\n<link rel=\"canonical\" href=\"https:\/\/blogs.thesocialmedia.com\/leblogmoto\/2005\/11\/08\/pierre-dupasqui-1\/\" \/>\n<meta name=\"twitter:card\" content=\"summary_large_image\" \/>\n<meta name=\"twitter:title\" content=\"Pierre Dupasquier s\u2019en va en pleine gloire - leblogmoto.com\" \/>\n<meta name=\"twitter:description\" content=\"L\u2019embl\u00e9matique Directeur de la comp\u00e9tition chez Michelin, Pierre Dupasquier, raccroche apr\u00e8s d\u2019innombrables victoires en sport auto\/moto et notamment une ann\u00e9e 2005 forte en \u00e9motions. En effet, le manufacturier fran\u00e7ais de pneumatiques s\u2019est impos\u00e9 de main de ma\u00eetre dans ce qu\u2019il se fait de mieux en comp\u00e9tition avec notamment la MotoGP, le WRC et la F1. [&hellip;]\" \/>\n<meta name=\"twitter:image\" content=\"http:\/\/www.leblogmoto.com\/images\/pierre_dupasquier.jpg\" \/>\n<meta name=\"twitter:label1\" content=\"\u00c9crit par\" \/>\n\t<meta name=\"twitter:data1\" content=\"vincent vaillant\" \/>\n\t<meta name=\"twitter:label2\" content=\"Dur\u00e9e de lecture estim\u00e9e\" \/>\n\t<meta name=\"twitter:data2\" content=\"3 minutes\" \/>\n<script type=\"application\/ld+json\" class=\"yoast-schema-graph\">{\"@context\":\"https:\/\/schema.org\",\"@graph\":[{\"@type\":\"WebPage\",\"@id\":\"https:\/\/blogs.thesocialmedia.com\/leblogmoto\/2005\/11\/08\/pierre-dupasqui-1\/\",\"url\":\"https:\/\/blogs.thesocialmedia.com\/leblogmoto\/2005\/11\/08\/pierre-dupasqui-1\/\",\"name\":\"Pierre Dupasquier s\u2019en va en pleine gloire - leblogmoto.com\",\"isPartOf\":{\"@id\":\"https:\/\/blogs.thesocialmedia.com\/leblogmoto\/#website\"},\"primaryImageOfPage\":{\"@id\":\"https:\/\/blogs.thesocialmedia.com\/leblogmoto\/2005\/11\/08\/pierre-dupasqui-1\/#primaryimage\"},\"image\":{\"@id\":\"https:\/\/blogs.thesocialmedia.com\/leblogmoto\/2005\/11\/08\/pierre-dupasqui-1\/#primaryimage\"},\"thumbnailUrl\":\"http:\/\/www.leblogmoto.com\/images\/pierre_dupasquier.jpg\",\"datePublished\":\"2005-11-08T21:10:10+00:00\",\"dateModified\":\"2012-07-11T14:07:31+00:00\",\"author\":{\"@id\":\"https:\/\/blogs.thesocialmedia.com\/leblogmoto\/#\/schema\/person\/80d2a078dbdb8b60abbd76bae6011f19\"},\"breadcrumb\":{\"@id\":\"https:\/\/blogs.thesocialmedia.com\/leblogmoto\/2005\/11\/08\/pierre-dupasqui-1\/#breadcrumb\"},\"inLanguage\":\"fr-FR\",\"potentialAction\":[{\"@type\":\"ReadAction\",\"target\":[\"https:\/\/blogs.thesocialmedia.com\/leblogmoto\/2005\/11\/08\/pierre-dupasqui-1\/\"]}]},{\"@type\":\"ImageObject\",\"inLanguage\":\"fr-FR\",\"@id\":\"https:\/\/blogs.thesocialmedia.com\/leblogmoto\/2005\/11\/08\/pierre-dupasqui-1\/#primaryimage\",\"url\":\"http:\/\/www.leblogmoto.com\/images\/pierre_dupasquier.jpg\",\"contentUrl\":\"http:\/\/www.leblogmoto.com\/images\/pierre_dupasquier.jpg\"},{\"@type\":\"BreadcrumbList\",\"@id\":\"https:\/\/blogs.thesocialmedia.com\/leblogmoto\/2005\/11\/08\/pierre-dupasqui-1\/#breadcrumb\",\"itemListElement\":[{\"@type\":\"ListItem\",\"position\":1,\"name\":\"Accueil\",\"item\":\"https:\/\/blogs.thesocialmedia.com\/leblogmoto\/\"},{\"@type\":\"ListItem\",\"position\":2,\"name\":\"Pierre Dupasquier s\u2019en va en pleine gloire\"}]},{\"@type\":\"WebSite\",\"@id\":\"https:\/\/blogs.thesocialmedia.com\/leblogmoto\/#website\",\"url\":\"https:\/\/blogs.thesocialmedia.com\/leblogmoto\/\",\"name\":\"leblogmoto\",\"description\":\"Toute l&#039;actualit\u00e9 des 2 roues\",\"potentialAction\":[{\"@type\":\"SearchAction\",\"target\":{\"@type\":\"EntryPoint\",\"urlTemplate\":\"https:\/\/blogs.thesocialmedia.com\/leblogmoto\/?s={search_term_string}\"},\"query-input\":{\"@type\":\"PropertyValueSpecification\",\"valueRequired\":true,\"valueName\":\"search_term_string\"}}],\"inLanguage\":\"fr-FR\"},{\"@type\":\"Person\",\"@id\":\"https:\/\/blogs.thesocialmedia.com\/leblogmoto\/#\/schema\/person\/80d2a078dbdb8b60abbd76bae6011f19\",\"name\":\"vincent vaillant\",\"image\":{\"@type\":\"ImageObject\",\"inLanguage\":\"fr-FR\",\"@id\":\"https:\/\/blogs.thesocialmedia.com\/leblogmoto\/#\/schema\/person\/image\/\",\"url\":\"https:\/\/secure.gravatar.com\/avatar\/?s=96&d=mm&r=g\",\"contentUrl\":\"https:\/\/secure.gravatar.com\/avatar\/?s=96&d=mm&r=g\",\"caption\":\"vincent vaillant\"},\"url\":\"https:\/\/blogs.thesocialmedia.com\/leblogmoto\/author\/vincent-vaillant\/\"}]}<\/script>\n<!-- \/ Yoast SEO plugin. -->","yoast_head_json":{"title":"Pierre Dupasquier s\u2019en va en pleine gloire - leblogmoto.com","robots":{"index":"index","follow":"follow","max-snippet":"max-snippet:-1","max-image-preview":"max-image-preview:large","max-video-preview":"max-video-preview:-1"},"canonical":"https:\/\/blogs.thesocialmedia.com\/leblogmoto\/2005\/11\/08\/pierre-dupasqui-1\/","twitter_card":"summary_large_image","twitter_title":"Pierre Dupasquier s\u2019en va en pleine gloire - leblogmoto.com","twitter_description":"L\u2019embl\u00e9matique Directeur de la comp\u00e9tition chez Michelin, Pierre Dupasquier, raccroche apr\u00e8s d\u2019innombrables victoires en sport auto\/moto et notamment une ann\u00e9e 2005 forte en \u00e9motions. En effet, le manufacturier fran\u00e7ais de pneumatiques s\u2019est impos\u00e9 de main de ma\u00eetre dans ce qu\u2019il se fait de mieux en comp\u00e9tition avec notamment la MotoGP, le WRC et la F1. [&hellip;]","twitter_image":"http:\/\/www.leblogmoto.com\/images\/pierre_dupasquier.jpg","twitter_misc":{"\u00c9crit par":"vincent vaillant","Dur\u00e9e de lecture estim\u00e9e":"3 minutes"},"schema":{"@context":"https:\/\/schema.org","@graph":[{"@type":"WebPage","@id":"https:\/\/blogs.thesocialmedia.com\/leblogmoto\/2005\/11\/08\/pierre-dupasqui-1\/","url":"https:\/\/blogs.thesocialmedia.com\/leblogmoto\/2005\/11\/08\/pierre-dupasqui-1\/","name":"Pierre Dupasquier s\u2019en va en pleine gloire - leblogmoto.com","isPartOf":{"@id":"https:\/\/blogs.thesocialmedia.com\/leblogmoto\/#website"},"primaryImageOfPage":{"@id":"https:\/\/blogs.thesocialmedia.com\/leblogmoto\/2005\/11\/08\/pierre-dupasqui-1\/#primaryimage"},"image":{"@id":"https:\/\/blogs.thesocialmedia.com\/leblogmoto\/2005\/11\/08\/pierre-dupasqui-1\/#primaryimage"},"thumbnailUrl":"http:\/\/www.leblogmoto.com\/images\/pierre_dupasquier.jpg","datePublished":"2005-11-08T21:10:10+00:00","dateModified":"2012-07-11T14:07:31+00:00","author":{"@id":"https:\/\/blogs.thesocialmedia.com\/leblogmoto\/#\/schema\/person\/80d2a078dbdb8b60abbd76bae6011f19"},"breadcrumb":{"@id":"https:\/\/blogs.thesocialmedia.com\/leblogmoto\/2005\/11\/08\/pierre-dupasqui-1\/#breadcrumb"},"inLanguage":"fr-FR","potentialAction":[{"@type":"ReadAction","target":["https:\/\/blogs.thesocialmedia.com\/leblogmoto\/2005\/11\/08\/pierre-dupasqui-1\/"]}]},{"@type":"ImageObject","inLanguage":"fr-FR","@id":"https:\/\/blogs.thesocialmedia.com\/leblogmoto\/2005\/11\/08\/pierre-dupasqui-1\/#primaryimage","url":"http:\/\/www.leblogmoto.com\/images\/pierre_dupasquier.jpg","contentUrl":"http:\/\/www.leblogmoto.com\/images\/pierre_dupasquier.jpg"},{"@type":"BreadcrumbList","@id":"https:\/\/blogs.thesocialmedia.com\/leblogmoto\/2005\/11\/08\/pierre-dupasqui-1\/#breadcrumb","itemListElement":[{"@type":"ListItem","position":1,"name":"Accueil","item":"https:\/\/blogs.thesocialmedia.com\/leblogmoto\/"},{"@type":"ListItem","position":2,"name":"Pierre Dupasquier s\u2019en va en pleine gloire"}]},{"@type":"WebSite","@id":"https:\/\/blogs.thesocialmedia.com\/leblogmoto\/#website","url":"https:\/\/blogs.thesocialmedia.com\/leblogmoto\/","name":"leblogmoto","description":"Toute l&#039;actualit\u00e9 des 2 roues","potentialAction":[{"@type":"SearchAction","target":{"@type":"EntryPoint","urlTemplate":"https:\/\/blogs.thesocialmedia.com\/leblogmoto\/?s={search_term_string}"},"query-input":{"@type":"PropertyValueSpecification","valueRequired":true,"valueName":"search_term_string"}}],"inLanguage":"fr-FR"},{"@type":"Person","@id":"https:\/\/blogs.thesocialmedia.com\/leblogmoto\/#\/schema\/person\/80d2a078dbdb8b60abbd76bae6011f19","name":"vincent vaillant","image":{"@type":"ImageObject","inLanguage":"fr-FR","@id":"https:\/\/blogs.thesocialmedia.com\/leblogmoto\/#\/schema\/person\/image\/","url":"https:\/\/secure.gravatar.com\/avatar\/?s=96&d=mm&r=g","contentUrl":"https:\/\/secure.gravatar.com\/avatar\/?s=96&d=mm&r=g","caption":"vincent vaillant"},"url":"https:\/\/blogs.thesocialmedia.com\/leblogmoto\/author\/vincent-vaillant\/"}]}},"_links":{"self":[{"href":"https:\/\/blogs.thesocialmedia.com\/leblogmoto\/wp-json\/wp\/v2\/posts\/2249","targetHints":{"allow":["GET"]}}],"collection":[{"href":"https:\/\/blogs.thesocialmedia.com\/leblogmoto\/wp-json\/wp\/v2\/posts"}],"about":[{"href":"https:\/\/blogs.thesocialmedia.com\/leblogmoto\/wp-json\/wp\/v2\/types\/post"}],"author":[{"embeddable":true,"href":"https:\/\/blogs.thesocialmedia.com\/leblogmoto\/wp-json\/wp\/v2\/users\/338"}],"replies":[{"embeddable":true,"href":"https:\/\/blogs.thesocialmedia.com\/leblogmoto\/wp-json\/wp\/v2\/comments?post=2249"}],"version-history":[{"count":2,"href":"https:\/\/blogs.thesocialmedia.com\/leblogmoto\/wp-json\/wp\/v2\/posts\/2249\/revisions"}],"predecessor-version":[{"id":6625,"href":"https:\/\/blogs.thesocialmedia.com\/leblogmoto\/wp-json\/wp\/v2\/posts\/2249\/revisions\/6625"}],"wp:attachment":[{"href":"https:\/\/blogs.thesocialmedia.com\/leblogmoto\/wp-json\/wp\/v2\/media?parent=2249"}],"wp:term":[{"taxonomy":"category","embeddable":true,"href":"https:\/\/blogs.thesocialmedia.com\/leblogmoto\/wp-json\/wp\/v2\/categories?post=2249"},{"taxonomy":"post_tag","embeddable":true,"href":"https:\/\/blogs.thesocialmedia.com\/leblogmoto\/wp-json\/wp\/v2\/tags?post=2249"}],"curies":[{"name":"wp","href":"https:\/\/api.w.org\/{rel}","templated":true}]}}