{"id":225,"date":"2009-03-18T23:02:00","date_gmt":"2009-03-18T23:02:00","guid":{"rendered":"http:\/\/blogs.thesocialmedia.com\/leblogmoto\/2009\/03\/18\/un-indian-dans-le-15e\/"},"modified":"2012-07-11T17:13:29","modified_gmt":"2012-07-11T17:13:29","slug":"un-indian-dans-le-15e","status":"publish","type":"post","link":"https:\/\/blogs.thesocialmedia.com\/leblogmoto\/2009\/03\/18\/un-indian-dans-le-15e\/","title":{"rendered":"Un Indian dans le 15e"},"content":{"rendered":"<p> <a href=\"http:\/\/www.indianmotorcycle.com\/\"><a href=\"http:\/\/clabedan.typepad.com\/.a\/6a00d83451b18369e201116901c4ca970c-popup\"><img decoding=\"async\" alt=\"Indian1\" class=\"at-xid-6a00d83451b18369e201116901c4ca970c \" src=\"http:\/\/blogs.thesocialmedia.com\/leblogmoto\/files\/2012\/07\/6a00d83451b18369e201116901c4ca970c-500wi.jpg\" style=\"width: 470px\" \/><\/a> <br \/><\/a><\/p>\n<p><a href=\"http:\/\/www.indianmotorcycle.com\/\">Indian<\/a>, la l\u00e9gendaire marque am\u00e9ricaine de motos \u00abpower cruiser\u00bb, qui vient de rena\u00eetre de ses cendres juste \u00e0 temps pour revivre une autre d\u00e9pression, s\u2019est trouv\u00e9 un distributeur pour l\u2019Europe francophone.<br \/>Il s\u2019agit de l\u2019importateur <a href=\"http:\/\/www.paul-chedid.fr\/\">Paul Ch\u00e9did<\/a>, dont la salle d&#039;exposition du 15e arrondissement parisien exhibe la gamme de prestige de GM, Hummer, Cadillac et Corvette.<\/p>\n<p> Mais puisque l\u2019avenir du Hummer est tout sauf brillant (rappel de milliers de H3T sur probl\u00e8me de r\u00e9servoir \u00e0 essence, et son sort qui se d\u00e9cide dans quelques jours, soit par la vente \u00e0 des int\u00e9r\u00eats \u00e9tranger, on parle beaucoup des Chinois, ou simplement par la disparition pure et simple de la marque), voil\u00e0 qui lib\u00e9rera de l\u2019espace pour les nouvelles Indian Chief, aussi exclusives et dispendieuses (dans les 25,000 euros) que les 4 roues qu\u2019ils remplaceront.<\/p>\n<p>La nouvelle Indian Motorcycle Company offre des motos \u00e0 fort coefficient de nostalgie, mais aujourd\u2019hui \u00e9minemment moderne.<\/p>\n<p><a href=\"http:\/\/clabedan.typepad.com\/.a\/6a00d83451b18369e201127975e6b728a4-popup\"><img decoding=\"async\" alt=\"Indian2\" class=\"at-xid-6a00d83451b18369e201127975e6b728a4 \" src=\"http:\/\/blogs.thesocialmedia.com\/leblogmoto\/files\/2012\/07\/6a00d83451b18369e201127975e6b728a4-500wi.jpg\" style=\"width: 470px\" \/><\/a> <\/p>\n<p><a href=\"http:\/\/blogs.thesocialmedia.com\/leblogmoto\/files\/2012\/07\/6a00d83451b18369e201116901ca67970c-popup.png\"><img decoding=\"async\" alt=\"Indian3\" class=\"at-xid-6a00d83451b18369e201116901ca67970c \" src=\"http:\/\/blogs.thesocialmedia.com\/leblogmoto\/files\/2012\/07\/6a00d83451b18369e201116901ca67970c-500wi.jpg\" style=\"width: 470px\" \/><\/a> <\/p>\n<p><a href=\"http:\/\/blogs.thesocialmedia.com\/leblogmoto\/files\/2012\/07\/6a00d83451b18369e201127975e5f628a4-popup.png\"><img decoding=\"async\" alt=\"Indian4\" class=\"at-xid-6a00d83451b18369e201127975e5f628a4 \" src=\"http:\/\/blogs.thesocialmedia.com\/leblogmoto\/files\/2012\/07\/6a00d83451b18369e201127975e5f628a4-500wi.jpg\" style=\"width: 470px\" \/><\/a> <\/p>\n<p><a href=\"http:\/\/blogs.thesocialmedia.com\/leblogmoto\/files\/2012\/07\/6a00d83451b18369e201116901c982970c-popup.png\"><img decoding=\"async\" alt=\"Indian5\" class=\"at-xid-6a00d83451b18369e201116901c982970c \" src=\"http:\/\/blogs.thesocialmedia.com\/leblogmoto\/files\/2012\/07\/6a00d83451b18369e201116901c982970c-500wi.jpg\" style=\"width: 470px\" \/><\/a> <\/p>\n<p><a href=\"http:\/\/blogs.thesocialmedia.com\/leblogmoto\/files\/2012\/07\/6a00d83451b18369e201127975e52a28a4-popup.png\"><img decoding=\"async\" alt=\"Indian6\" class=\"at-xid-6a00d83451b18369e201127975e52a28a4 \" src=\"http:\/\/blogs.thesocialmedia.com\/leblogmoto\/files\/2012\/07\/6a00d83451b18369e201127975e52a28a4-500wi.jpg\" style=\"width: 470px\" \/><\/a> <\/p>\n<p><a href=\"http:\/\/blogs.thesocialmedia.com\/leblogmoto\/files\/2012\/07\/6a00d83451b18369e201127975e4a128a4-popup.png\"><img decoding=\"async\" alt=\"Indian7\" class=\"at-xid-6a00d83451b18369e201127975e4a128a4 \" src=\"http:\/\/blogs.thesocialmedia.com\/leblogmoto\/files\/2012\/07\/6a00d83451b18369e201127975e4a128a4-500wi.jpg\" style=\"width: 470px\" \/><\/a> <\/p>\n","protected":false},"excerpt":{"rendered":"<p>Indian, la l\u00e9gendaire marque am\u00e9ricaine de motos \u00abpower cruiser\u00bb, qui vient de rena\u00eetre de ses cendres juste \u00e0 temps pour revivre une autre d\u00e9pression, s\u2019est trouv\u00e9 un distributeur pour l\u2019Europe francophone.Il s\u2019agit de l\u2019importateur Paul Ch\u00e9did, dont la salle d&#039;exposition du 15e arrondissement parisien exhibe la gamme de prestige de GM, Hummer, Cadillac et Corvette. [&hellip;]<\/p>\n","protected":false},"author":325,"featured_media":12963,"comment_status":"open","ping_status":"open","sticky":false,"template":"","format":"standard","meta":{"footnotes":""},"categories":[3,8],"tags":[],"class_list":["post-225","post","type-post","status-publish","format-standard","has-post-thumbnail","hentry","category-actualite","category-chaines-et-cuirs"],"yoast_head":"<!-- This site is optimized with the Yoast SEO plugin v26.0 - https:\/\/yoast.com\/wordpress\/plugins\/seo\/ -->\n<title>Un Indian dans le 15e - leblogmoto.com<\/title>\n<meta name=\"robots\" content=\"index, follow, max-snippet:-1, max-image-preview:large, max-video-preview:-1\" \/>\n<link rel=\"canonical\" href=\"https:\/\/blogs.thesocialmedia.com\/leblogmoto\/2009\/03\/18\/un-indian-dans-le-15e\/\" \/>\n<meta name=\"twitter:card\" content=\"summary_large_image\" \/>\n<meta name=\"twitter:title\" content=\"Un Indian dans le 15e - leblogmoto.com\" \/>\n<meta name=\"twitter:description\" content=\"Indian, la l\u00e9gendaire marque am\u00e9ricaine de motos \u00abpower cruiser\u00bb, qui vient de rena\u00eetre de ses cendres juste \u00e0 temps pour revivre une autre d\u00e9pression, s\u2019est trouv\u00e9 un distributeur pour l\u2019Europe francophone.Il s\u2019agit de l\u2019importateur Paul Ch\u00e9did, dont la salle d&#039;exposition du 15e arrondissement parisien exhibe la gamme de prestige de GM, Hummer, Cadillac et Corvette. [&hellip;]\" \/>\n<meta name=\"twitter:image\" content=\"https:\/\/blogs.thesocialmedia.com\/leblogmoto\/files\/2012\/07\/6a00d83451b18369e201116901c4ca970c-500wi.jpg\" \/>\n<meta name=\"twitter:label1\" content=\"\u00c9crit par\" \/>\n\t<meta name=\"twitter:data1\" content=\"jacques lesage\" \/>\n\t<meta name=\"twitter:label2\" content=\"Dur\u00e9e de lecture estim\u00e9e\" \/>\n\t<meta name=\"twitter:data2\" content=\"1 minute\" \/>\n<script type=\"application\/ld+json\" class=\"yoast-schema-graph\">{\"@context\":\"https:\/\/schema.org\",\"@graph\":[{\"@type\":\"WebPage\",\"@id\":\"https:\/\/blogs.thesocialmedia.com\/leblogmoto\/2009\/03\/18\/un-indian-dans-le-15e\/\",\"url\":\"https:\/\/blogs.thesocialmedia.com\/leblogmoto\/2009\/03\/18\/un-indian-dans-le-15e\/\",\"name\":\"Un Indian dans le 15e - leblogmoto.com\",\"isPartOf\":{\"@id\":\"https:\/\/blogs.thesocialmedia.com\/leblogmoto\/#website\"},\"primaryImageOfPage\":{\"@id\":\"https:\/\/blogs.thesocialmedia.com\/leblogmoto\/2009\/03\/18\/un-indian-dans-le-15e\/#primaryimage\"},\"image\":{\"@id\":\"https:\/\/blogs.thesocialmedia.com\/leblogmoto\/2009\/03\/18\/un-indian-dans-le-15e\/#primaryimage\"},\"thumbnailUrl\":\"https:\/\/blogs.thesocialmedia.com\/leblogmoto\/files\/2012\/07\/6a00d83451b18369e201116901c4ca970c-500wi.jpg\",\"datePublished\":\"2009-03-18T23:02:00+00:00\",\"dateModified\":\"2012-07-11T17:13:29+00:00\",\"author\":{\"@id\":\"https:\/\/blogs.thesocialmedia.com\/leblogmoto\/#\/schema\/person\/e82a0ca8a9a63d031586097a3ed58526\"},\"breadcrumb\":{\"@id\":\"https:\/\/blogs.thesocialmedia.com\/leblogmoto\/2009\/03\/18\/un-indian-dans-le-15e\/#breadcrumb\"},\"inLanguage\":\"fr-FR\",\"potentialAction\":[{\"@type\":\"ReadAction\",\"target\":[\"https:\/\/blogs.thesocialmedia.com\/leblogmoto\/2009\/03\/18\/un-indian-dans-le-15e\/\"]}]},{\"@type\":\"ImageObject\",\"inLanguage\":\"fr-FR\",\"@id\":\"https:\/\/blogs.thesocialmedia.com\/leblogmoto\/2009\/03\/18\/un-indian-dans-le-15e\/#primaryimage\",\"url\":\"https:\/\/blogs.thesocialmedia.com\/leblogmoto\/files\/2012\/07\/6a00d83451b18369e201116901c4ca970c-500wi.jpg\",\"contentUrl\":\"https:\/\/blogs.thesocialmedia.com\/leblogmoto\/files\/2012\/07\/6a00d83451b18369e201116901c4ca970c-500wi.jpg\",\"width\":\"500\",\"height\":\"230\"},{\"@type\":\"BreadcrumbList\",\"@id\":\"https:\/\/blogs.thesocialmedia.com\/leblogmoto\/2009\/03\/18\/un-indian-dans-le-15e\/#breadcrumb\",\"itemListElement\":[{\"@type\":\"ListItem\",\"position\":1,\"name\":\"Accueil\",\"item\":\"https:\/\/blogs.thesocialmedia.com\/leblogmoto\/\"},{\"@type\":\"ListItem\",\"position\":2,\"name\":\"Un Indian dans le 15e\"}]},{\"@type\":\"WebSite\",\"@id\":\"https:\/\/blogs.thesocialmedia.com\/leblogmoto\/#website\",\"url\":\"https:\/\/blogs.thesocialmedia.com\/leblogmoto\/\",\"name\":\"leblogmoto\",\"description\":\"Toute l&#039;actualit\u00e9 des 2 roues\",\"potentialAction\":[{\"@type\":\"SearchAction\",\"target\":{\"@type\":\"EntryPoint\",\"urlTemplate\":\"https:\/\/blogs.thesocialmedia.com\/leblogmoto\/?s={search_term_string}\"},\"query-input\":{\"@type\":\"PropertyValueSpecification\",\"valueRequired\":true,\"valueName\":\"search_term_string\"}}],\"inLanguage\":\"fr-FR\"},{\"@type\":\"Person\",\"@id\":\"https:\/\/blogs.thesocialmedia.com\/leblogmoto\/#\/schema\/person\/e82a0ca8a9a63d031586097a3ed58526\",\"name\":\"jacques lesage\",\"image\":{\"@type\":\"ImageObject\",\"inLanguage\":\"fr-FR\",\"@id\":\"https:\/\/blogs.thesocialmedia.com\/leblogmoto\/#\/schema\/person\/image\/\",\"url\":\"https:\/\/secure.gravatar.com\/avatar\/?s=96&d=mm&r=g\",\"contentUrl\":\"https:\/\/secure.gravatar.com\/avatar\/?s=96&d=mm&r=g\",\"caption\":\"jacques lesage\"},\"url\":\"https:\/\/blogs.thesocialmedia.com\/leblogmoto\/author\/jacques-lesage\/\"}]}<\/script>\n<!-- \/ Yoast SEO plugin. -->","yoast_head_json":{"title":"Un Indian dans le 15e - leblogmoto.com","robots":{"index":"index","follow":"follow","max-snippet":"max-snippet:-1","max-image-preview":"max-image-preview:large","max-video-preview":"max-video-preview:-1"},"canonical":"https:\/\/blogs.thesocialmedia.com\/leblogmoto\/2009\/03\/18\/un-indian-dans-le-15e\/","twitter_card":"summary_large_image","twitter_title":"Un Indian dans le 15e - leblogmoto.com","twitter_description":"Indian, la l\u00e9gendaire marque am\u00e9ricaine de motos \u00abpower cruiser\u00bb, qui vient de rena\u00eetre de ses cendres juste \u00e0 temps pour revivre une autre d\u00e9pression, s\u2019est trouv\u00e9 un distributeur pour l\u2019Europe francophone.Il s\u2019agit de l\u2019importateur Paul Ch\u00e9did, dont la salle d&#039;exposition du 15e arrondissement parisien exhibe la gamme de prestige de GM, Hummer, Cadillac et Corvette. [&hellip;]","twitter_image":"https:\/\/blogs.thesocialmedia.com\/leblogmoto\/files\/2012\/07\/6a00d83451b18369e201116901c4ca970c-500wi.jpg","twitter_misc":{"\u00c9crit par":"jacques lesage","Dur\u00e9e de lecture estim\u00e9e":"1 minute"},"schema":{"@context":"https:\/\/schema.org","@graph":[{"@type":"WebPage","@id":"https:\/\/blogs.thesocialmedia.com\/leblogmoto\/2009\/03\/18\/un-indian-dans-le-15e\/","url":"https:\/\/blogs.thesocialmedia.com\/leblogmoto\/2009\/03\/18\/un-indian-dans-le-15e\/","name":"Un Indian dans le 15e - leblogmoto.com","isPartOf":{"@id":"https:\/\/blogs.thesocialmedia.com\/leblogmoto\/#website"},"primaryImageOfPage":{"@id":"https:\/\/blogs.thesocialmedia.com\/leblogmoto\/2009\/03\/18\/un-indian-dans-le-15e\/#primaryimage"},"image":{"@id":"https:\/\/blogs.thesocialmedia.com\/leblogmoto\/2009\/03\/18\/un-indian-dans-le-15e\/#primaryimage"},"thumbnailUrl":"https:\/\/blogs.thesocialmedia.com\/leblogmoto\/files\/2012\/07\/6a00d83451b18369e201116901c4ca970c-500wi.jpg","datePublished":"2009-03-18T23:02:00+00:00","dateModified":"2012-07-11T17:13:29+00:00","author":{"@id":"https:\/\/blogs.thesocialmedia.com\/leblogmoto\/#\/schema\/person\/e82a0ca8a9a63d031586097a3ed58526"},"breadcrumb":{"@id":"https:\/\/blogs.thesocialmedia.com\/leblogmoto\/2009\/03\/18\/un-indian-dans-le-15e\/#breadcrumb"},"inLanguage":"fr-FR","potentialAction":[{"@type":"ReadAction","target":["https:\/\/blogs.thesocialmedia.com\/leblogmoto\/2009\/03\/18\/un-indian-dans-le-15e\/"]}]},{"@type":"ImageObject","inLanguage":"fr-FR","@id":"https:\/\/blogs.thesocialmedia.com\/leblogmoto\/2009\/03\/18\/un-indian-dans-le-15e\/#primaryimage","url":"https:\/\/blogs.thesocialmedia.com\/leblogmoto\/files\/2012\/07\/6a00d83451b18369e201116901c4ca970c-500wi.jpg","contentUrl":"https:\/\/blogs.thesocialmedia.com\/leblogmoto\/files\/2012\/07\/6a00d83451b18369e201116901c4ca970c-500wi.jpg","width":"500","height":"230"},{"@type":"BreadcrumbList","@id":"https:\/\/blogs.thesocialmedia.com\/leblogmoto\/2009\/03\/18\/un-indian-dans-le-15e\/#breadcrumb","itemListElement":[{"@type":"ListItem","position":1,"name":"Accueil","item":"https:\/\/blogs.thesocialmedia.com\/leblogmoto\/"},{"@type":"ListItem","position":2,"name":"Un Indian dans le 15e"}]},{"@type":"WebSite","@id":"https:\/\/blogs.thesocialmedia.com\/leblogmoto\/#website","url":"https:\/\/blogs.thesocialmedia.com\/leblogmoto\/","name":"leblogmoto","description":"Toute l&#039;actualit\u00e9 des 2 roues","potentialAction":[{"@type":"SearchAction","target":{"@type":"EntryPoint","urlTemplate":"https:\/\/blogs.thesocialmedia.com\/leblogmoto\/?s={search_term_string}"},"query-input":{"@type":"PropertyValueSpecification","valueRequired":true,"valueName":"search_term_string"}}],"inLanguage":"fr-FR"},{"@type":"Person","@id":"https:\/\/blogs.thesocialmedia.com\/leblogmoto\/#\/schema\/person\/e82a0ca8a9a63d031586097a3ed58526","name":"jacques lesage","image":{"@type":"ImageObject","inLanguage":"fr-FR","@id":"https:\/\/blogs.thesocialmedia.com\/leblogmoto\/#\/schema\/person\/image\/","url":"https:\/\/secure.gravatar.com\/avatar\/?s=96&d=mm&r=g","contentUrl":"https:\/\/secure.gravatar.com\/avatar\/?s=96&d=mm&r=g","caption":"jacques lesage"},"url":"https:\/\/blogs.thesocialmedia.com\/leblogmoto\/author\/jacques-lesage\/"}]}},"_links":{"self":[{"href":"https:\/\/blogs.thesocialmedia.com\/leblogmoto\/wp-json\/wp\/v2\/posts\/225","targetHints":{"allow":["GET"]}}],"collection":[{"href":"https:\/\/blogs.thesocialmedia.com\/leblogmoto\/wp-json\/wp\/v2\/posts"}],"about":[{"href":"https:\/\/blogs.thesocialmedia.com\/leblogmoto\/wp-json\/wp\/v2\/types\/post"}],"author":[{"embeddable":true,"href":"https:\/\/blogs.thesocialmedia.com\/leblogmoto\/wp-json\/wp\/v2\/users\/325"}],"replies":[{"embeddable":true,"href":"https:\/\/blogs.thesocialmedia.com\/leblogmoto\/wp-json\/wp\/v2\/comments?post=225"}],"version-history":[{"count":2,"href":"https:\/\/blogs.thesocialmedia.com\/leblogmoto\/wp-json\/wp\/v2\/posts\/225\/revisions"}],"predecessor-version":[{"id":12975,"href":"https:\/\/blogs.thesocialmedia.com\/leblogmoto\/wp-json\/wp\/v2\/posts\/225\/revisions\/12975"}],"wp:featuredmedia":[{"embeddable":true,"href":"https:\/\/blogs.thesocialmedia.com\/leblogmoto\/wp-json\/wp\/v2\/media\/12963"}],"wp:attachment":[{"href":"https:\/\/blogs.thesocialmedia.com\/leblogmoto\/wp-json\/wp\/v2\/media?parent=225"}],"wp:term":[{"taxonomy":"category","embeddable":true,"href":"https:\/\/blogs.thesocialmedia.com\/leblogmoto\/wp-json\/wp\/v2\/categories?post=225"},{"taxonomy":"post_tag","embeddable":true,"href":"https:\/\/blogs.thesocialmedia.com\/leblogmoto\/wp-json\/wp\/v2\/tags?post=225"}],"curies":[{"name":"wp","href":"https:\/\/api.w.org\/{rel}","templated":true}]}}