{"id":2257,"date":"2005-11-07T20:48:00","date_gmt":"2005-11-07T20:48:00","guid":{"rendered":"http:\/\/blogs.thesocialmedia.com\/leblogmoto\/2005\/11\/07\/motogp-melandri-3\/"},"modified":"2012-07-11T14:06:40","modified_gmt":"2012-07-11T14:06:40","slug":"motogp-melandri-3","status":"publish","type":"post","link":"https:\/\/blogs.thesocialmedia.com\/leblogmoto\/2005\/11\/07\/motogp-melandri-3\/","title":{"rendered":"MotoGP : Melandri gagne sa 2\u00e8me course \u00e0 Valence"},"content":{"rendered":"<p><a href=\"http:\/\/blogs.thesocialmedia.com\/leblogmoto\/files\/2012\/07\/motogp_valence_1.jpg\"><img loading=\"lazy\" decoding=\"async\" width=\"250\" height=\"187\"  alt=\"Motogp_valence_1\" src=\"http:\/\/www.leblogmoto.com\/images\/motogp_valence_1.jpg\" style=\"margin: 0px 5px 5px 0px;float: left\" \/><\/a>La derni\u00e8re manche de <a href=\"http:\/\/blogs.thesocialmedia.com\/leblogmoto\/files\/2012\/07\/index.html_40.png\">MotoGP<\/a> se jouait \u00e0 Valence et s\u2019est une fois de plus termin\u00e9e avec le trio Rossi, Melandri et Hayden. Mais cette fois-ci, \u2018The Doctor\u2019 a du se contenter de la derni\u00e8re marche du podium, remontant que dans les derniers tours sur les deux \u00e9chapp\u00e9s en t\u00eate. Toutefois, Rossi a certainement sign\u00e9 l\u00e0 une de ses plus belles courses puisqu\u2019il partait de la 15\u00e8me place suite \u00e0 une chute lors des qualifications, il totalise un record de 16 podiums sur une saison de 17 courses. Melandri et Hayden se sont affront\u00e9s \u00e0 la r\u00e9guli\u00e8re tout au long du grand prix et une fois de plus le jeune italien a tenu bon et s\u2019est ainsi impos\u00e9 pour la deuxi\u00e8me fois de la saison, apr\u00e8s <a href=\"http:\/\/www.leblogmoto.com\/2005\/10\/motogp_melandri.html\">sa premi\u00e8re victoire en MotoGP lors du GP de Turquie<\/a>, terminant ainsi vice champion du monde MotoGP devant\u2026 Hayden.<br \/>Melandri est on ne peut plus heureux : \u00ab<em>Ces deux derni\u00e8res semaines furent incroyables. La course fut superbe. J\u2019ai tent\u00e9 d\u2019aligner des tours rapides pour m\u2019\u00e9chapper, mais Nicky est parvenu \u00e0 rester \u00e0 mon contact. J\u2019ai un moment pens\u00e9 le laisser prendre le commandement, mais il est si difficile de doubler sur ce trac\u00e9 que je me suis ravis\u00e9. Merci \u00e0 <a href=\"http:\/\/www.leblogmoto.com\/honda\/index.html\">Honda<\/a> et \u00e0 <a href=\"http:\/\/www.leblogauto.com\/michelin\/index.html\">Michelin<\/a>, mes pneus \u00e9taient parfaits aujourd\u2019hui.<\/em>\u00bb<\/p>\n<p>Hayden est rest\u00e9 sur sa faim : \u00ab<em>Je me sentais bien au guidon et les pneus ont bien fonctionn\u00e9. Je me pr\u00e9parais \u00e0 tenter un d\u00e9bordement par l\u2019int\u00e9rieur dans le dernier virage, mais Marco m\u2019a bloqu\u00e9 \u00e0 cet endroit et j\u2019ai du abandonner mon plan.<\/em>\u00bb<br \/> Rossi aurait aim\u00e9 finir la saison sur une victoire et semble un peu d\u00e9\u00e7u : \u00ab<em>Nous avons commis une erreur de mise au point, que nous n\u2019avons r\u00e9solu que ce matin. J\u2019ai fait une belle remont\u00e9e en course et c\u2019\u00e9tait sympa \u00e0 vivre.<\/em>\u00bb<br \/> L\u2019autre gagnant de ce dernier grand prix de MotoGP est sans aucun doute Michelin qui aura outrageusement domin\u00e9 cette saison, mais aussi dans d\u2019autres disciplines comme en t\u00e9moigne Nicolas Goubert, le responsable comp\u00e9tition : \u00ab<em>En fait, nous avons trois jeunes pilotes sur le podium, mais l\u2019un d\u2019entre-eux est juste un peu plus connus que les autres ! L\u2019an dernier, ce Grand Prix fut le seul \u00e0 \u00eatre plus lent que l\u2019ann\u00e9e pr\u00e9c\u00e9dente, m\u00eame si la diff\u00e9rence n\u2019\u00e9tait que de trois secondes. Mais aujourd\u2019hui nous avons battu le record de la course de 15 secondes, ce qui fait une diff\u00e9rence d\u2019une demie seconde au tour. Les pilotes des avant-postes ont \u00e9t\u00e9 rapides et r\u00e9guliers, et Valentino particuli\u00e8rement v\u00e9loce durant les premiers tours. Il est int\u00e9ressant de noter que Marco et Nicky, malgr\u00e9 un style de pilotage tr\u00e8s diff\u00e9rent, ont choisi le m\u00eame pneu medium \u00e0 l\u2019arri\u00e8re. Sete Gibernau bien qu\u2019ayant r\u00e9alis\u00e9 la pole position \u00e0 de nouveau rencontr\u00e9 des probl\u00e8mes; je n\u2019ai jamais vu un pilote accumuler autant de malchance.En conclusion, ce fut une grande ann\u00e9e pour nous avec 15 victoires sur 17 courses malgr\u00e9 un haut niveau de concurrence et des rythmes de course tr\u00e8s rapides. Ce fut r\u00e9ellement une ann\u00e9e exceptionnelle pour Michelin dans toutes les disciplines avec le titre mondial en MotoGP, en F1 et en WRC, ainsi que la victoire aux 24 Heures du Mans.<\/em>\u00bb<\/p>\n<p><strong><u><a href=\"http:\/\/clabedan.typepad.com\/.shared\/image.html?\/photos\/uncategorized\/motogp_valence_2.jpg\"><img loading=\"lazy\" decoding=\"async\" width=\"250\" height=\"187\"  alt=\"Motogp_valence_2\" src=\"http:\/\/www.leblogmoto.com\/images\/motogp_valence_2.jpg\" style=\"margin: 0px 5px 5px 0px;float: left\" \/><\/a>Arriv\u00e9e du GP<\/u><\/strong><br \/>1. M. Melandri (Honda, Ita)<br \/>2. N. Hayden (Honda, EU)<br \/>3. V. Rossi (Yamaha, Ita)<br \/>4. C. Checa (Ducati, Esp)<br \/>5. A. Barros (Honda, Br\u00e9s)<br \/>6. M. Biaggi (Honda, Ita)<br \/>7. L. Capirossi (Ducati, Ita)<br \/>8. C. Edwards (Yamaha, EU)<br \/>9. M. Tamada (Honda, Jap)<br \/>10. T. Elias (Yamaha, Esp)<\/p>\n<p><strong><u><a href=\"http:\/\/blogs.thesocialmedia.com\/leblogmoto\/files\/2012\/07\/motogp_valence_3.jpg\"><img loading=\"lazy\" decoding=\"async\" width=\"250\" height=\"187\"  alt=\"Motogp_valence_3\" src=\"http:\/\/www.leblogmoto.com\/images\/motogp_valence_3.jpg\" style=\"margin: 0px 5px 5px 0px;float: left\" \/><\/a>Classement pilote MotoGP<\/u><\/strong><br \/>1. V. Rossi (367 pts)<br \/>2. M. Melandri (220 pts)<br \/>3. N. Hayden (206 pts)<br \/>4. C. Edwards (179 pts)<br \/>5. M. Biaggi (173 pts)<br \/>6. L. Capirossi (157 pts)<br \/>7. S. Gibernau (150 pts)<br \/>8. A. Barros (147 pts)<br \/>9. C. Checa (138 pts)<br \/>10. S. Nakano (98 pts)<\/p>\n<p><strong><u><a href=\"http:\/\/blogs.thesocialmedia.com\/leblogmoto\/files\/2012\/07\/motogp_valence_4.jpg\"><img loading=\"lazy\" decoding=\"async\" width=\"250\" height=\"187\"  alt=\"Motogp_valence_4\" src=\"http:\/\/www.leblogmoto.com\/images\/motogp_valence_4.jpg\" style=\"margin: 0px 5px 5px 0px;float: left\" \/><\/a>Classement constructeur MotoGP<\/u><\/strong><br \/>1. <a href=\"http:\/\/www.leblogmoto.com\/yamaha\/index.html\">Yamaha<\/a> (381 pts)<br \/>2. <a href=\"http:\/\/www.leblogmoto.com\/honda\/index.html\">Honda<\/a> (341 pts)<br \/>3. <a href=\"http:\/\/www.leblogmoto.com\/ducati\/index.html\">Ducati<\/a> (202 pts)<br \/>4. <a href=\"http:\/\/www.leblogmoto.com\/kawasaki\/index.html\">Kawasaki<\/a> (126 pts)<br \/>5. <a href=\"http:\/\/www.leblogmoto.com\/suzuki\/index.html\">Suzuki<\/a> (100 pts)<\/p>\n<p><strong><u>Source<\/u><\/strong> : <a href=\"http:\/\/www.leblogmoto.com\/motogp\/www.motogp.com\">MotoGP.com<\/a><\/p>\n","protected":false},"excerpt":{"rendered":"<p>La derni\u00e8re manche de MotoGP se jouait \u00e0 Valence et s\u2019est une fois de plus termin\u00e9e avec le trio Rossi, Melandri et Hayden. Mais cette fois-ci, \u2018The Doctor\u2019 a du se contenter de la derni\u00e8re marche du podium, remontant que dans les derniers tours sur les deux \u00e9chapp\u00e9s en t\u00eate. Toutefois, Rossi a certainement sign\u00e9 [&hellip;]<\/p>\n","protected":false},"author":338,"featured_media":0,"comment_status":"open","ping_status":"open","sticky":false,"template":"","format":"standard","meta":{"footnotes":""},"categories":[22],"tags":[],"class_list":["post-2257","post","type-post","status-publish","format-standard","hentry","category-motogp"],"yoast_head":"<!-- This site is optimized with the Yoast SEO plugin v26.0 - https:\/\/yoast.com\/wordpress\/plugins\/seo\/ -->\n<title>MotoGP : Melandri gagne sa 2\u00e8me course \u00e0 Valence - leblogmoto.com<\/title>\n<meta name=\"robots\" content=\"index, follow, max-snippet:-1, max-image-preview:large, max-video-preview:-1\" \/>\n<link rel=\"canonical\" href=\"https:\/\/blogs.thesocialmedia.com\/leblogmoto\/2005\/11\/07\/motogp-melandri-3\/\" \/>\n<meta name=\"twitter:card\" content=\"summary_large_image\" \/>\n<meta name=\"twitter:title\" content=\"MotoGP : Melandri gagne sa 2\u00e8me course \u00e0 Valence - leblogmoto.com\" \/>\n<meta name=\"twitter:description\" content=\"La derni\u00e8re manche de MotoGP se jouait \u00e0 Valence et s\u2019est une fois de plus termin\u00e9e avec le trio Rossi, Melandri et Hayden. Mais cette fois-ci, \u2018The Doctor\u2019 a du se contenter de la derni\u00e8re marche du podium, remontant que dans les derniers tours sur les deux \u00e9chapp\u00e9s en t\u00eate. Toutefois, Rossi a certainement sign\u00e9 [&hellip;]\" \/>\n<meta name=\"twitter:image\" content=\"http:\/\/www.leblogmoto.com\/images\/motogp_valence_1.jpg\" \/>\n<meta name=\"twitter:label1\" content=\"\u00c9crit par\" \/>\n\t<meta name=\"twitter:data1\" content=\"vincent vaillant\" \/>\n\t<meta name=\"twitter:label2\" content=\"Dur\u00e9e de lecture estim\u00e9e\" \/>\n\t<meta name=\"twitter:data2\" content=\"3 minutes\" \/>\n<script type=\"application\/ld+json\" class=\"yoast-schema-graph\">{\"@context\":\"https:\/\/schema.org\",\"@graph\":[{\"@type\":\"WebPage\",\"@id\":\"https:\/\/blogs.thesocialmedia.com\/leblogmoto\/2005\/11\/07\/motogp-melandri-3\/\",\"url\":\"https:\/\/blogs.thesocialmedia.com\/leblogmoto\/2005\/11\/07\/motogp-melandri-3\/\",\"name\":\"MotoGP : Melandri gagne sa 2\u00e8me course \u00e0 Valence - leblogmoto.com\",\"isPartOf\":{\"@id\":\"https:\/\/blogs.thesocialmedia.com\/leblogmoto\/#website\"},\"primaryImageOfPage\":{\"@id\":\"https:\/\/blogs.thesocialmedia.com\/leblogmoto\/2005\/11\/07\/motogp-melandri-3\/#primaryimage\"},\"image\":{\"@id\":\"https:\/\/blogs.thesocialmedia.com\/leblogmoto\/2005\/11\/07\/motogp-melandri-3\/#primaryimage\"},\"thumbnailUrl\":\"http:\/\/www.leblogmoto.com\/images\/motogp_valence_1.jpg\",\"datePublished\":\"2005-11-07T20:48:00+00:00\",\"dateModified\":\"2012-07-11T14:06:40+00:00\",\"author\":{\"@id\":\"https:\/\/blogs.thesocialmedia.com\/leblogmoto\/#\/schema\/person\/80d2a078dbdb8b60abbd76bae6011f19\"},\"breadcrumb\":{\"@id\":\"https:\/\/blogs.thesocialmedia.com\/leblogmoto\/2005\/11\/07\/motogp-melandri-3\/#breadcrumb\"},\"inLanguage\":\"fr-FR\",\"potentialAction\":[{\"@type\":\"ReadAction\",\"target\":[\"https:\/\/blogs.thesocialmedia.com\/leblogmoto\/2005\/11\/07\/motogp-melandri-3\/\"]}]},{\"@type\":\"ImageObject\",\"inLanguage\":\"fr-FR\",\"@id\":\"https:\/\/blogs.thesocialmedia.com\/leblogmoto\/2005\/11\/07\/motogp-melandri-3\/#primaryimage\",\"url\":\"http:\/\/www.leblogmoto.com\/images\/motogp_valence_1.jpg\",\"contentUrl\":\"http:\/\/www.leblogmoto.com\/images\/motogp_valence_1.jpg\"},{\"@type\":\"BreadcrumbList\",\"@id\":\"https:\/\/blogs.thesocialmedia.com\/leblogmoto\/2005\/11\/07\/motogp-melandri-3\/#breadcrumb\",\"itemListElement\":[{\"@type\":\"ListItem\",\"position\":1,\"name\":\"Accueil\",\"item\":\"https:\/\/blogs.thesocialmedia.com\/leblogmoto\/\"},{\"@type\":\"ListItem\",\"position\":2,\"name\":\"MotoGP : Melandri gagne sa 2\u00e8me course \u00e0 Valence\"}]},{\"@type\":\"WebSite\",\"@id\":\"https:\/\/blogs.thesocialmedia.com\/leblogmoto\/#website\",\"url\":\"https:\/\/blogs.thesocialmedia.com\/leblogmoto\/\",\"name\":\"leblogmoto\",\"description\":\"Toute l&#039;actualit\u00e9 des 2 roues\",\"potentialAction\":[{\"@type\":\"SearchAction\",\"target\":{\"@type\":\"EntryPoint\",\"urlTemplate\":\"https:\/\/blogs.thesocialmedia.com\/leblogmoto\/?s={search_term_string}\"},\"query-input\":{\"@type\":\"PropertyValueSpecification\",\"valueRequired\":true,\"valueName\":\"search_term_string\"}}],\"inLanguage\":\"fr-FR\"},{\"@type\":\"Person\",\"@id\":\"https:\/\/blogs.thesocialmedia.com\/leblogmoto\/#\/schema\/person\/80d2a078dbdb8b60abbd76bae6011f19\",\"name\":\"vincent vaillant\",\"image\":{\"@type\":\"ImageObject\",\"inLanguage\":\"fr-FR\",\"@id\":\"https:\/\/blogs.thesocialmedia.com\/leblogmoto\/#\/schema\/person\/image\/\",\"url\":\"https:\/\/secure.gravatar.com\/avatar\/?s=96&d=mm&r=g\",\"contentUrl\":\"https:\/\/secure.gravatar.com\/avatar\/?s=96&d=mm&r=g\",\"caption\":\"vincent vaillant\"},\"url\":\"https:\/\/blogs.thesocialmedia.com\/leblogmoto\/author\/vincent-vaillant\/\"}]}<\/script>\n<!-- \/ Yoast SEO plugin. -->","yoast_head_json":{"title":"MotoGP : Melandri gagne sa 2\u00e8me course \u00e0 Valence - leblogmoto.com","robots":{"index":"index","follow":"follow","max-snippet":"max-snippet:-1","max-image-preview":"max-image-preview:large","max-video-preview":"max-video-preview:-1"},"canonical":"https:\/\/blogs.thesocialmedia.com\/leblogmoto\/2005\/11\/07\/motogp-melandri-3\/","twitter_card":"summary_large_image","twitter_title":"MotoGP : Melandri gagne sa 2\u00e8me course \u00e0 Valence - leblogmoto.com","twitter_description":"La derni\u00e8re manche de MotoGP se jouait \u00e0 Valence et s\u2019est une fois de plus termin\u00e9e avec le trio Rossi, Melandri et Hayden. Mais cette fois-ci, \u2018The Doctor\u2019 a du se contenter de la derni\u00e8re marche du podium, remontant que dans les derniers tours sur les deux \u00e9chapp\u00e9s en t\u00eate. Toutefois, Rossi a certainement sign\u00e9 [&hellip;]","twitter_image":"http:\/\/www.leblogmoto.com\/images\/motogp_valence_1.jpg","twitter_misc":{"\u00c9crit par":"vincent vaillant","Dur\u00e9e de lecture estim\u00e9e":"3 minutes"},"schema":{"@context":"https:\/\/schema.org","@graph":[{"@type":"WebPage","@id":"https:\/\/blogs.thesocialmedia.com\/leblogmoto\/2005\/11\/07\/motogp-melandri-3\/","url":"https:\/\/blogs.thesocialmedia.com\/leblogmoto\/2005\/11\/07\/motogp-melandri-3\/","name":"MotoGP : Melandri gagne sa 2\u00e8me course \u00e0 Valence - leblogmoto.com","isPartOf":{"@id":"https:\/\/blogs.thesocialmedia.com\/leblogmoto\/#website"},"primaryImageOfPage":{"@id":"https:\/\/blogs.thesocialmedia.com\/leblogmoto\/2005\/11\/07\/motogp-melandri-3\/#primaryimage"},"image":{"@id":"https:\/\/blogs.thesocialmedia.com\/leblogmoto\/2005\/11\/07\/motogp-melandri-3\/#primaryimage"},"thumbnailUrl":"http:\/\/www.leblogmoto.com\/images\/motogp_valence_1.jpg","datePublished":"2005-11-07T20:48:00+00:00","dateModified":"2012-07-11T14:06:40+00:00","author":{"@id":"https:\/\/blogs.thesocialmedia.com\/leblogmoto\/#\/schema\/person\/80d2a078dbdb8b60abbd76bae6011f19"},"breadcrumb":{"@id":"https:\/\/blogs.thesocialmedia.com\/leblogmoto\/2005\/11\/07\/motogp-melandri-3\/#breadcrumb"},"inLanguage":"fr-FR","potentialAction":[{"@type":"ReadAction","target":["https:\/\/blogs.thesocialmedia.com\/leblogmoto\/2005\/11\/07\/motogp-melandri-3\/"]}]},{"@type":"ImageObject","inLanguage":"fr-FR","@id":"https:\/\/blogs.thesocialmedia.com\/leblogmoto\/2005\/11\/07\/motogp-melandri-3\/#primaryimage","url":"http:\/\/www.leblogmoto.com\/images\/motogp_valence_1.jpg","contentUrl":"http:\/\/www.leblogmoto.com\/images\/motogp_valence_1.jpg"},{"@type":"BreadcrumbList","@id":"https:\/\/blogs.thesocialmedia.com\/leblogmoto\/2005\/11\/07\/motogp-melandri-3\/#breadcrumb","itemListElement":[{"@type":"ListItem","position":1,"name":"Accueil","item":"https:\/\/blogs.thesocialmedia.com\/leblogmoto\/"},{"@type":"ListItem","position":2,"name":"MotoGP : Melandri gagne sa 2\u00e8me course \u00e0 Valence"}]},{"@type":"WebSite","@id":"https:\/\/blogs.thesocialmedia.com\/leblogmoto\/#website","url":"https:\/\/blogs.thesocialmedia.com\/leblogmoto\/","name":"leblogmoto","description":"Toute l&#039;actualit\u00e9 des 2 roues","potentialAction":[{"@type":"SearchAction","target":{"@type":"EntryPoint","urlTemplate":"https:\/\/blogs.thesocialmedia.com\/leblogmoto\/?s={search_term_string}"},"query-input":{"@type":"PropertyValueSpecification","valueRequired":true,"valueName":"search_term_string"}}],"inLanguage":"fr-FR"},{"@type":"Person","@id":"https:\/\/blogs.thesocialmedia.com\/leblogmoto\/#\/schema\/person\/80d2a078dbdb8b60abbd76bae6011f19","name":"vincent vaillant","image":{"@type":"ImageObject","inLanguage":"fr-FR","@id":"https:\/\/blogs.thesocialmedia.com\/leblogmoto\/#\/schema\/person\/image\/","url":"https:\/\/secure.gravatar.com\/avatar\/?s=96&d=mm&r=g","contentUrl":"https:\/\/secure.gravatar.com\/avatar\/?s=96&d=mm&r=g","caption":"vincent vaillant"},"url":"https:\/\/blogs.thesocialmedia.com\/leblogmoto\/author\/vincent-vaillant\/"}]}},"_links":{"self":[{"href":"https:\/\/blogs.thesocialmedia.com\/leblogmoto\/wp-json\/wp\/v2\/posts\/2257","targetHints":{"allow":["GET"]}}],"collection":[{"href":"https:\/\/blogs.thesocialmedia.com\/leblogmoto\/wp-json\/wp\/v2\/posts"}],"about":[{"href":"https:\/\/blogs.thesocialmedia.com\/leblogmoto\/wp-json\/wp\/v2\/types\/post"}],"author":[{"embeddable":true,"href":"https:\/\/blogs.thesocialmedia.com\/leblogmoto\/wp-json\/wp\/v2\/users\/338"}],"replies":[{"embeddable":true,"href":"https:\/\/blogs.thesocialmedia.com\/leblogmoto\/wp-json\/wp\/v2\/comments?post=2257"}],"version-history":[{"count":2,"href":"https:\/\/blogs.thesocialmedia.com\/leblogmoto\/wp-json\/wp\/v2\/posts\/2257\/revisions"}],"predecessor-version":[{"id":6593,"href":"https:\/\/blogs.thesocialmedia.com\/leblogmoto\/wp-json\/wp\/v2\/posts\/2257\/revisions\/6593"}],"wp:attachment":[{"href":"https:\/\/blogs.thesocialmedia.com\/leblogmoto\/wp-json\/wp\/v2\/media?parent=2257"}],"wp:term":[{"taxonomy":"category","embeddable":true,"href":"https:\/\/blogs.thesocialmedia.com\/leblogmoto\/wp-json\/wp\/v2\/categories?post=2257"},{"taxonomy":"post_tag","embeddable":true,"href":"https:\/\/blogs.thesocialmedia.com\/leblogmoto\/wp-json\/wp\/v2\/tags?post=2257"}],"curies":[{"name":"wp","href":"https:\/\/api.w.org\/{rel}","templated":true}]}}