{"id":228,"date":"2009-03-13T01:56:34","date_gmt":"2009-03-13T01:56:34","guid":{"rendered":"http:\/\/blogs.thesocialmedia.com\/leblogmoto\/2009\/03\/13\/album-du-vend-1\/"},"modified":"2012-07-11T17:12:53","modified_gmt":"2012-07-11T17:12:53","slug":"album-du-vend-1","status":"publish","type":"post","link":"https:\/\/blogs.thesocialmedia.com\/leblogmoto\/2009\/03\/13\/album-du-vend-1\/","title":{"rendered":"Album du vendredi, un casque sur la t\u00eate"},"content":{"rendered":"<p><a href=\"http:\/\/blogs.thesocialmedia.com\/leblogmoto\/files\/2012\/07\/casques1.jpg\"><img loading=\"lazy\" decoding=\"async\" width=\"470\" height=\"314\"  src=\"http:\/\/www.leblogmoto.com\/images\/2009\/03\/12\/casques1.jpg\" alt=\"Casques1\" \/><\/a> <\/p>\n<p>Rien n\u2019\u00e9chappe \u00e0 <a href=\"http:\/\/www.karllagerfeld.com\/\">Karl Lagerfeld<\/a>, et les derni\u00e8res collections le prouvent encore, alors qu\u2019il s\u2019associe aux <a href=\"http:\/\/www.ateliersruby.com\/\">Ateliers Ruby<\/a>, pour des casques \u00abhautes coutures\u00bb.<br \/>Le casque de moto est avant tout un outil de protection, mais rien n\u2019emp\u00eache qu\u2019il devienne un accessoire de mode, comme on l\u2019a <a href=\"http:\/\/www.leblogmoto.com\/2008\/07\/les-vietnamiens.html\">d\u00e9j\u00e0 vu en Asie<\/a>, o\u00f9 qu\u2019il soit tout simplement personnalis\u00e9, comme un <a href=\"http:\/\/www.leblogmoto.com\/2008\/06\/valentino-rossi.html\">Valentino Rossi<\/a> sait si bien le faire.<\/p>\n<p>Faire un choix, ne serait ce qu\u2019au niveau de la couleur, c\u2019est d\u00e9j\u00e0 exprimer une opinion. Par exemple, si mon casque est rouge, c\u2019est parce que je veux \u00eatre bien visible, et que mon niveau de confiance envers les autres usag\u00e9s de la route n\u2019est pas tr\u00e8s \u00e9lev\u00e9. Je proclame mon existence. H\u00e9! Je suis l\u00e0, et par ailleurs vuln\u00e9rable, prenez donc conscience de ma pr\u00e9sence.<br \/>Pas mal pour une simple couleur, mais bon, avec cet Album, on d\u00e9passe l\u2019id\u00e9e de discours, pour aller vers l\u2019affirmation pure et simple.<\/p>\n<p><a href=\"http:\/\/clabedan.typepad.com\/.shared\/image.html?\/photos\/uncategorized\/2009\/03\/12\/casques2.jpg\"><img loading=\"lazy\" decoding=\"async\" width=\"470\" height=\"290\"  src=\"http:\/\/www.leblogmoto.com\/images\/2009\/03\/12\/casques2.jpg\" alt=\"Casques2\" \/><\/a> <\/p>\n<p><a href=\"http:\/\/blogs.thesocialmedia.com\/leblogmoto\/files\/2012\/07\/casques3.jpg\"><img loading=\"lazy\" decoding=\"async\" width=\"470\" height=\"323\"  src=\"http:\/\/www.leblogmoto.com\/images\/2009\/03\/12\/casques3.jpg\" alt=\"Casques3\" \/><\/a> <\/p>\n<p><a href=\"http:\/\/blogs.thesocialmedia.com\/leblogmoto\/files\/2012\/07\/casques4.jpg\"><img loading=\"lazy\" decoding=\"async\" width=\"470\" height=\"531\"  src=\"http:\/\/www.leblogmoto.com\/images\/2009\/03\/12\/casques4.jpg\" alt=\"Casques4\" \/><\/a> <\/p>\n<p><a href=\"http:\/\/blogs.thesocialmedia.com\/leblogmoto\/files\/2012\/07\/casques5.jpg\"><img loading=\"lazy\" decoding=\"async\" width=\"470\" height=\"670\"  src=\"http:\/\/www.leblogmoto.com\/images\/2009\/03\/12\/casques5.jpg\" alt=\"Casques5\" \/><\/a> <\/p>\n<p><a href=\"http:\/\/blogs.thesocialmedia.com\/leblogmoto\/files\/2012\/07\/casques6.jpg\"><img loading=\"lazy\" decoding=\"async\" width=\"470\" height=\"565\"  src=\"http:\/\/www.leblogmoto.com\/images\/2009\/03\/12\/casques6.jpg\" alt=\"Casques6\" \/><\/a> <\/p>\n<p><a href=\"http:\/\/blogs.thesocialmedia.com\/leblogmoto\/files\/2012\/07\/casques7.jpg\"><img loading=\"lazy\" decoding=\"async\" width=\"470\" height=\"513\"  src=\"http:\/\/www.leblogmoto.com\/images\/2009\/03\/12\/casques7.jpg\" alt=\"Casques7\" \/><\/a> <\/p>\n<p><a href=\"http:\/\/blogs.thesocialmedia.com\/leblogmoto\/files\/2012\/07\/casques8.jpg\"><img loading=\"lazy\" decoding=\"async\" width=\"470\" height=\"674\"  src=\"http:\/\/www.leblogmoto.com\/images\/2009\/03\/12\/casques8.jpg\" alt=\"Casques8\" \/><\/a> <\/p>\n<p><a href=\"http:\/\/blogs.thesocialmedia.com\/leblogmoto\/files\/2012\/07\/casques9.jpg\"><img loading=\"lazy\" decoding=\"async\" width=\"470\" height=\"522\"  src=\"http:\/\/www.leblogmoto.com\/images\/2009\/03\/12\/casques9.jpg\" alt=\"Casques9\" \/><\/a> <\/p>\n","protected":false},"excerpt":{"rendered":"<p>Rien n\u2019\u00e9chappe \u00e0 Karl Lagerfeld, et les derni\u00e8res collections le prouvent encore, alors qu\u2019il s\u2019associe aux Ateliers Ruby, pour des casques \u00abhautes coutures\u00bb.Le casque de moto est avant tout un outil de protection, mais rien n\u2019emp\u00eache qu\u2019il devienne un accessoire de mode, comme on l\u2019a d\u00e9j\u00e0 vu en Asie, o\u00f9 qu\u2019il soit tout simplement personnalis\u00e9, [&hellip;]<\/p>\n","protected":false},"author":325,"featured_media":0,"comment_status":"open","ping_status":"open","sticky":false,"template":"","format":"standard","meta":{"footnotes":""},"categories":[17,56],"tags":[],"class_list":["post-228","post","type-post","status-publish","format-standard","hentry","category-divers","category-protections"],"yoast_head":"<!-- This site is optimized with the Yoast SEO plugin v26.0 - https:\/\/yoast.com\/wordpress\/plugins\/seo\/ -->\n<title>Album du vendredi, un casque sur la t\u00eate - leblogmoto.com<\/title>\n<meta name=\"robots\" content=\"index, follow, max-snippet:-1, max-image-preview:large, max-video-preview:-1\" \/>\n<link rel=\"canonical\" href=\"https:\/\/blogs.thesocialmedia.com\/leblogmoto\/2009\/03\/13\/album-du-vend-1\/\" \/>\n<meta name=\"twitter:card\" content=\"summary_large_image\" \/>\n<meta name=\"twitter:title\" content=\"Album du vendredi, un casque sur la t\u00eate - leblogmoto.com\" \/>\n<meta name=\"twitter:description\" content=\"Rien n\u2019\u00e9chappe \u00e0 Karl Lagerfeld, et les derni\u00e8res collections le prouvent encore, alors qu\u2019il s\u2019associe aux Ateliers Ruby, pour des casques \u00abhautes coutures\u00bb.Le casque de moto est avant tout un outil de protection, mais rien n\u2019emp\u00eache qu\u2019il devienne un accessoire de mode, comme on l\u2019a d\u00e9j\u00e0 vu en Asie, o\u00f9 qu\u2019il soit tout simplement personnalis\u00e9, [&hellip;]\" \/>\n<meta name=\"twitter:image\" content=\"http:\/\/www.leblogmoto.com\/images\/2009\/03\/12\/casques1.jpg\" \/>\n<meta name=\"twitter:label1\" content=\"\u00c9crit par\" \/>\n\t<meta name=\"twitter:data1\" content=\"jacques lesage\" \/>\n\t<meta name=\"twitter:label2\" content=\"Dur\u00e9e de lecture estim\u00e9e\" \/>\n\t<meta name=\"twitter:data2\" content=\"1 minute\" \/>\n<script type=\"application\/ld+json\" class=\"yoast-schema-graph\">{\"@context\":\"https:\/\/schema.org\",\"@graph\":[{\"@type\":\"WebPage\",\"@id\":\"https:\/\/blogs.thesocialmedia.com\/leblogmoto\/2009\/03\/13\/album-du-vend-1\/\",\"url\":\"https:\/\/blogs.thesocialmedia.com\/leblogmoto\/2009\/03\/13\/album-du-vend-1\/\",\"name\":\"Album du vendredi, un casque sur la t\u00eate - leblogmoto.com\",\"isPartOf\":{\"@id\":\"https:\/\/blogs.thesocialmedia.com\/leblogmoto\/#website\"},\"primaryImageOfPage\":{\"@id\":\"https:\/\/blogs.thesocialmedia.com\/leblogmoto\/2009\/03\/13\/album-du-vend-1\/#primaryimage\"},\"image\":{\"@id\":\"https:\/\/blogs.thesocialmedia.com\/leblogmoto\/2009\/03\/13\/album-du-vend-1\/#primaryimage\"},\"thumbnailUrl\":\"http:\/\/www.leblogmoto.com\/images\/2009\/03\/12\/casques1.jpg\",\"datePublished\":\"2009-03-13T01:56:34+00:00\",\"dateModified\":\"2012-07-11T17:12:53+00:00\",\"author\":{\"@id\":\"https:\/\/blogs.thesocialmedia.com\/leblogmoto\/#\/schema\/person\/e82a0ca8a9a63d031586097a3ed58526\"},\"breadcrumb\":{\"@id\":\"https:\/\/blogs.thesocialmedia.com\/leblogmoto\/2009\/03\/13\/album-du-vend-1\/#breadcrumb\"},\"inLanguage\":\"fr-FR\",\"potentialAction\":[{\"@type\":\"ReadAction\",\"target\":[\"https:\/\/blogs.thesocialmedia.com\/leblogmoto\/2009\/03\/13\/album-du-vend-1\/\"]}]},{\"@type\":\"ImageObject\",\"inLanguage\":\"fr-FR\",\"@id\":\"https:\/\/blogs.thesocialmedia.com\/leblogmoto\/2009\/03\/13\/album-du-vend-1\/#primaryimage\",\"url\":\"http:\/\/www.leblogmoto.com\/images\/2009\/03\/12\/casques1.jpg\",\"contentUrl\":\"http:\/\/www.leblogmoto.com\/images\/2009\/03\/12\/casques1.jpg\"},{\"@type\":\"BreadcrumbList\",\"@id\":\"https:\/\/blogs.thesocialmedia.com\/leblogmoto\/2009\/03\/13\/album-du-vend-1\/#breadcrumb\",\"itemListElement\":[{\"@type\":\"ListItem\",\"position\":1,\"name\":\"Accueil\",\"item\":\"https:\/\/blogs.thesocialmedia.com\/leblogmoto\/\"},{\"@type\":\"ListItem\",\"position\":2,\"name\":\"Album du vendredi, un casque sur la t\u00eate\"}]},{\"@type\":\"WebSite\",\"@id\":\"https:\/\/blogs.thesocialmedia.com\/leblogmoto\/#website\",\"url\":\"https:\/\/blogs.thesocialmedia.com\/leblogmoto\/\",\"name\":\"leblogmoto\",\"description\":\"Toute l&#039;actualit\u00e9 des 2 roues\",\"potentialAction\":[{\"@type\":\"SearchAction\",\"target\":{\"@type\":\"EntryPoint\",\"urlTemplate\":\"https:\/\/blogs.thesocialmedia.com\/leblogmoto\/?s={search_term_string}\"},\"query-input\":{\"@type\":\"PropertyValueSpecification\",\"valueRequired\":true,\"valueName\":\"search_term_string\"}}],\"inLanguage\":\"fr-FR\"},{\"@type\":\"Person\",\"@id\":\"https:\/\/blogs.thesocialmedia.com\/leblogmoto\/#\/schema\/person\/e82a0ca8a9a63d031586097a3ed58526\",\"name\":\"jacques lesage\",\"image\":{\"@type\":\"ImageObject\",\"inLanguage\":\"fr-FR\",\"@id\":\"https:\/\/blogs.thesocialmedia.com\/leblogmoto\/#\/schema\/person\/image\/\",\"url\":\"https:\/\/secure.gravatar.com\/avatar\/?s=96&d=mm&r=g\",\"contentUrl\":\"https:\/\/secure.gravatar.com\/avatar\/?s=96&d=mm&r=g\",\"caption\":\"jacques lesage\"},\"url\":\"https:\/\/blogs.thesocialmedia.com\/leblogmoto\/author\/jacques-lesage\/\"}]}<\/script>\n<!-- \/ Yoast SEO plugin. -->","yoast_head_json":{"title":"Album du vendredi, un casque sur la t\u00eate - leblogmoto.com","robots":{"index":"index","follow":"follow","max-snippet":"max-snippet:-1","max-image-preview":"max-image-preview:large","max-video-preview":"max-video-preview:-1"},"canonical":"https:\/\/blogs.thesocialmedia.com\/leblogmoto\/2009\/03\/13\/album-du-vend-1\/","twitter_card":"summary_large_image","twitter_title":"Album du vendredi, un casque sur la t\u00eate - leblogmoto.com","twitter_description":"Rien n\u2019\u00e9chappe \u00e0 Karl Lagerfeld, et les derni\u00e8res collections le prouvent encore, alors qu\u2019il s\u2019associe aux Ateliers Ruby, pour des casques \u00abhautes coutures\u00bb.Le casque de moto est avant tout un outil de protection, mais rien n\u2019emp\u00eache qu\u2019il devienne un accessoire de mode, comme on l\u2019a d\u00e9j\u00e0 vu en Asie, o\u00f9 qu\u2019il soit tout simplement personnalis\u00e9, [&hellip;]","twitter_image":"http:\/\/www.leblogmoto.com\/images\/2009\/03\/12\/casques1.jpg","twitter_misc":{"\u00c9crit par":"jacques lesage","Dur\u00e9e de lecture estim\u00e9e":"1 minute"},"schema":{"@context":"https:\/\/schema.org","@graph":[{"@type":"WebPage","@id":"https:\/\/blogs.thesocialmedia.com\/leblogmoto\/2009\/03\/13\/album-du-vend-1\/","url":"https:\/\/blogs.thesocialmedia.com\/leblogmoto\/2009\/03\/13\/album-du-vend-1\/","name":"Album du vendredi, un casque sur la t\u00eate - leblogmoto.com","isPartOf":{"@id":"https:\/\/blogs.thesocialmedia.com\/leblogmoto\/#website"},"primaryImageOfPage":{"@id":"https:\/\/blogs.thesocialmedia.com\/leblogmoto\/2009\/03\/13\/album-du-vend-1\/#primaryimage"},"image":{"@id":"https:\/\/blogs.thesocialmedia.com\/leblogmoto\/2009\/03\/13\/album-du-vend-1\/#primaryimage"},"thumbnailUrl":"http:\/\/www.leblogmoto.com\/images\/2009\/03\/12\/casques1.jpg","datePublished":"2009-03-13T01:56:34+00:00","dateModified":"2012-07-11T17:12:53+00:00","author":{"@id":"https:\/\/blogs.thesocialmedia.com\/leblogmoto\/#\/schema\/person\/e82a0ca8a9a63d031586097a3ed58526"},"breadcrumb":{"@id":"https:\/\/blogs.thesocialmedia.com\/leblogmoto\/2009\/03\/13\/album-du-vend-1\/#breadcrumb"},"inLanguage":"fr-FR","potentialAction":[{"@type":"ReadAction","target":["https:\/\/blogs.thesocialmedia.com\/leblogmoto\/2009\/03\/13\/album-du-vend-1\/"]}]},{"@type":"ImageObject","inLanguage":"fr-FR","@id":"https:\/\/blogs.thesocialmedia.com\/leblogmoto\/2009\/03\/13\/album-du-vend-1\/#primaryimage","url":"http:\/\/www.leblogmoto.com\/images\/2009\/03\/12\/casques1.jpg","contentUrl":"http:\/\/www.leblogmoto.com\/images\/2009\/03\/12\/casques1.jpg"},{"@type":"BreadcrumbList","@id":"https:\/\/blogs.thesocialmedia.com\/leblogmoto\/2009\/03\/13\/album-du-vend-1\/#breadcrumb","itemListElement":[{"@type":"ListItem","position":1,"name":"Accueil","item":"https:\/\/blogs.thesocialmedia.com\/leblogmoto\/"},{"@type":"ListItem","position":2,"name":"Album du vendredi, un casque sur la t\u00eate"}]},{"@type":"WebSite","@id":"https:\/\/blogs.thesocialmedia.com\/leblogmoto\/#website","url":"https:\/\/blogs.thesocialmedia.com\/leblogmoto\/","name":"leblogmoto","description":"Toute l&#039;actualit\u00e9 des 2 roues","potentialAction":[{"@type":"SearchAction","target":{"@type":"EntryPoint","urlTemplate":"https:\/\/blogs.thesocialmedia.com\/leblogmoto\/?s={search_term_string}"},"query-input":{"@type":"PropertyValueSpecification","valueRequired":true,"valueName":"search_term_string"}}],"inLanguage":"fr-FR"},{"@type":"Person","@id":"https:\/\/blogs.thesocialmedia.com\/leblogmoto\/#\/schema\/person\/e82a0ca8a9a63d031586097a3ed58526","name":"jacques lesage","image":{"@type":"ImageObject","inLanguage":"fr-FR","@id":"https:\/\/blogs.thesocialmedia.com\/leblogmoto\/#\/schema\/person\/image\/","url":"https:\/\/secure.gravatar.com\/avatar\/?s=96&d=mm&r=g","contentUrl":"https:\/\/secure.gravatar.com\/avatar\/?s=96&d=mm&r=g","caption":"jacques lesage"},"url":"https:\/\/blogs.thesocialmedia.com\/leblogmoto\/author\/jacques-lesage\/"}]}},"_links":{"self":[{"href":"https:\/\/blogs.thesocialmedia.com\/leblogmoto\/wp-json\/wp\/v2\/posts\/228","targetHints":{"allow":["GET"]}}],"collection":[{"href":"https:\/\/blogs.thesocialmedia.com\/leblogmoto\/wp-json\/wp\/v2\/posts"}],"about":[{"href":"https:\/\/blogs.thesocialmedia.com\/leblogmoto\/wp-json\/wp\/v2\/types\/post"}],"author":[{"embeddable":true,"href":"https:\/\/blogs.thesocialmedia.com\/leblogmoto\/wp-json\/wp\/v2\/users\/325"}],"replies":[{"embeddable":true,"href":"https:\/\/blogs.thesocialmedia.com\/leblogmoto\/wp-json\/wp\/v2\/comments?post=228"}],"version-history":[{"count":2,"href":"https:\/\/blogs.thesocialmedia.com\/leblogmoto\/wp-json\/wp\/v2\/posts\/228\/revisions"}],"predecessor-version":[{"id":12951,"href":"https:\/\/blogs.thesocialmedia.com\/leblogmoto\/wp-json\/wp\/v2\/posts\/228\/revisions\/12951"}],"wp:attachment":[{"href":"https:\/\/blogs.thesocialmedia.com\/leblogmoto\/wp-json\/wp\/v2\/media?parent=228"}],"wp:term":[{"taxonomy":"category","embeddable":true,"href":"https:\/\/blogs.thesocialmedia.com\/leblogmoto\/wp-json\/wp\/v2\/categories?post=228"},{"taxonomy":"post_tag","embeddable":true,"href":"https:\/\/blogs.thesocialmedia.com\/leblogmoto\/wp-json\/wp\/v2\/tags?post=228"}],"curies":[{"name":"wp","href":"https:\/\/api.w.org\/{rel}","templated":true}]}}