{"id":2281,"date":"2005-11-04T10:33:00","date_gmt":"2005-11-04T10:33:00","guid":{"rendered":"http:\/\/blogs.thesocialmedia.com\/leblogmoto\/2005\/11\/04\/ducati-999-r-fi\/"},"modified":"2012-07-11T14:04:43","modified_gmt":"2012-07-11T14:04:43","slug":"ducati-999-r-fi","status":"publish","type":"post","link":"https:\/\/blogs.thesocialmedia.com\/leblogmoto\/2005\/11\/04\/ducati-999-r-fi\/","title":{"rendered":"Ducati 999 R Fila et Xerox"},"content":{"rendered":"<p><a href=\"http:\/\/blogs.thesocialmedia.com\/leblogmoto\/files\/2012\/07\/ducati_999_r_xerox_1.jpg\"><img loading=\"lazy\" decoding=\"async\" alt=\"Ducati_999_r_xerox_1\" src=\"http:\/\/www.leblogmoto.com\/images\/ducati_999_r_xerox_1.jpg\" width=\"250\" height=\"157\"  style=\"float: left;margin: 0px 5px 5px 0px\" \/><\/a> Rappelez-vous, il y a quelques temps d\u00e9j\u00e0, <a href=\"http:\/\/blogs.thesocialmedia.com\/leblogmoto\/files\/2012\/07\/index.html_38.png\">Ducati<\/a> avait pr\u00e9sent\u00e9 une \u00e9dition limit\u00e9e \u00e0 200 exemplaires de sa 999 R afin de f\u00eater la 200\u00e8me victoire de la marque en <a href=\"http:\/\/www.leblogmoto.com\/superbike\/index.html\">Superbike<\/a>. Celle-ci reprenait la d\u00e9coration exacte du mod\u00e8le de comp\u00e9tition avec comme sponsor principal la marque Fila. Cette 999 R Fila reprenait le moteur et la partie-cycle de <a href=\"http:\/\/www.leblogmoto.com\/2005\/06\/ducati_999_r.html\">la 999 R normale<\/a> mais y ajoutait de superbes jantes forg\u00e9es all\u00e9g\u00e9es Ducati Corse, un \u00e9chappement libre  faisant gagner 3 kg mais surtout quelques chevaux de plus, une puce \u00e9lectronique qui am\u00e9liore la gestion du moteur, une b\u00e9quille de stand tr\u00e8s pratique et une housse de protection pour bien la conserver. Aujourd\u2019hui, <strong>Ducati nous refait le coup de l\u2018\u00e9dition sp\u00e9ciale<\/strong> sous le nom de son nouveau sponsor en Superbike : Xerox. Elle se distingue notamment par une suspension arri\u00e8re enti\u00e8rement r\u00e9glable avec une variation de la compression pour les hautes et basses vitesses, des fourreaux de fourche anodis\u00e9s noir et un kit d&rsquo;\u00e9chappement complet Termignoni qui d\u00e9gage les bronches de votre 999 R. Si vous avez craqu\u00e9, attention de m\u00eame au porte-monnaie, car ces deux \u2018bella machina\u2019 co\u00fbtent environ 32 000 \u20ac tout de m\u00eame !<\/p>\n<p><a href=\"http:\/\/clabedan.typepad.com\/.shared\/image.html?\/photos\/uncategorized\/ducati_999_r_xerox_2.jpg\"><img loading=\"lazy\" decoding=\"async\" alt=\"Ducati_999_r_xerox_2\" src=\"http:\/\/www.leblogmoto.com\/images\/ducati_999_r_xerox_2.jpg\" width=\"470\" height=\"385\"  style=\"float: left;margin: 0px 5px 5px 0px\" \/><\/a><\/p>\n<p><a href=\"http:\/\/blogs.thesocialmedia.com\/leblogmoto\/files\/2012\/07\/ducati_999_r_fila_1.jpg\"><img loading=\"lazy\" decoding=\"async\" alt=\"Ducati_999_r_fila_1\" src=\"http:\/\/www.leblogmoto.com\/images\/ducati_999_r_fila_1.jpg\" width=\"470\" height=\"383\"  style=\"float: left;margin: 0px 5px 5px 0px\" \/><\/a><\/p>\n<p><a href=\"http:\/\/blogs.thesocialmedia.com\/leblogmoto\/files\/2012\/07\/ducati_999_r_fila_2.jpg\"><img loading=\"lazy\" decoding=\"async\" alt=\"Ducati_999_r_fila_2\" src=\"http:\/\/www.leblogmoto.com\/images\/ducati_999_r_fila_2.jpg\" width=\"470\" height=\"352\"  style=\"float: left;margin: 0px 5px 5px 0px\" \/><\/a> <\/p>\n","protected":false},"excerpt":{"rendered":"<p>Rappelez-vous, il y a quelques temps d\u00e9j\u00e0, Ducati avait pr\u00e9sent\u00e9 une \u00e9dition limit\u00e9e \u00e0 200 exemplaires de sa 999 R afin de f\u00eater la 200\u00e8me victoire de la marque en Superbike. Celle-ci reprenait la d\u00e9coration exacte du mod\u00e8le de comp\u00e9tition avec comme sponsor principal la marque Fila. Cette 999 R Fila reprenait le moteur et [&hellip;]<\/p>\n","protected":false},"author":338,"featured_media":0,"comment_status":"open","ping_status":"open","sticky":false,"template":"","format":"standard","meta":{"footnotes":""},"categories":[41],"tags":[],"class_list":["post-2281","post","type-post","status-publish","format-standard","hentry","category-ducati"],"yoast_head":"<!-- This site is optimized with the Yoast SEO plugin v26.0 - https:\/\/yoast.com\/wordpress\/plugins\/seo\/ -->\n<title>Ducati 999 R Fila et Xerox - leblogmoto.com<\/title>\n<meta name=\"robots\" content=\"index, follow, max-snippet:-1, max-image-preview:large, max-video-preview:-1\" \/>\n<link rel=\"canonical\" href=\"https:\/\/blogs.thesocialmedia.com\/leblogmoto\/2005\/11\/04\/ducati-999-r-fi\/\" \/>\n<meta name=\"twitter:card\" content=\"summary_large_image\" \/>\n<meta name=\"twitter:title\" content=\"Ducati 999 R Fila et Xerox - leblogmoto.com\" \/>\n<meta name=\"twitter:description\" content=\"Rappelez-vous, il y a quelques temps d\u00e9j\u00e0, Ducati avait pr\u00e9sent\u00e9 une \u00e9dition limit\u00e9e \u00e0 200 exemplaires de sa 999 R afin de f\u00eater la 200\u00e8me victoire de la marque en Superbike. Celle-ci reprenait la d\u00e9coration exacte du mod\u00e8le de comp\u00e9tition avec comme sponsor principal la marque Fila. Cette 999 R Fila reprenait le moteur et [&hellip;]\" \/>\n<meta name=\"twitter:image\" content=\"http:\/\/www.leblogmoto.com\/images\/ducati_999_r_xerox_1.jpg\" \/>\n<meta name=\"twitter:label1\" content=\"\u00c9crit par\" \/>\n\t<meta name=\"twitter:data1\" content=\"vincent vaillant\" \/>\n\t<meta name=\"twitter:label2\" content=\"Dur\u00e9e de lecture estim\u00e9e\" \/>\n\t<meta name=\"twitter:data2\" content=\"1 minute\" \/>\n<script type=\"application\/ld+json\" class=\"yoast-schema-graph\">{\"@context\":\"https:\/\/schema.org\",\"@graph\":[{\"@type\":\"WebPage\",\"@id\":\"https:\/\/blogs.thesocialmedia.com\/leblogmoto\/2005\/11\/04\/ducati-999-r-fi\/\",\"url\":\"https:\/\/blogs.thesocialmedia.com\/leblogmoto\/2005\/11\/04\/ducati-999-r-fi\/\",\"name\":\"Ducati 999 R Fila et Xerox - leblogmoto.com\",\"isPartOf\":{\"@id\":\"https:\/\/blogs.thesocialmedia.com\/leblogmoto\/#website\"},\"primaryImageOfPage\":{\"@id\":\"https:\/\/blogs.thesocialmedia.com\/leblogmoto\/2005\/11\/04\/ducati-999-r-fi\/#primaryimage\"},\"image\":{\"@id\":\"https:\/\/blogs.thesocialmedia.com\/leblogmoto\/2005\/11\/04\/ducati-999-r-fi\/#primaryimage\"},\"thumbnailUrl\":\"http:\/\/www.leblogmoto.com\/images\/ducati_999_r_xerox_1.jpg\",\"datePublished\":\"2005-11-04T10:33:00+00:00\",\"dateModified\":\"2012-07-11T14:04:43+00:00\",\"author\":{\"@id\":\"https:\/\/blogs.thesocialmedia.com\/leblogmoto\/#\/schema\/person\/80d2a078dbdb8b60abbd76bae6011f19\"},\"breadcrumb\":{\"@id\":\"https:\/\/blogs.thesocialmedia.com\/leblogmoto\/2005\/11\/04\/ducati-999-r-fi\/#breadcrumb\"},\"inLanguage\":\"fr-FR\",\"potentialAction\":[{\"@type\":\"ReadAction\",\"target\":[\"https:\/\/blogs.thesocialmedia.com\/leblogmoto\/2005\/11\/04\/ducati-999-r-fi\/\"]}]},{\"@type\":\"ImageObject\",\"inLanguage\":\"fr-FR\",\"@id\":\"https:\/\/blogs.thesocialmedia.com\/leblogmoto\/2005\/11\/04\/ducati-999-r-fi\/#primaryimage\",\"url\":\"http:\/\/www.leblogmoto.com\/images\/ducati_999_r_xerox_1.jpg\",\"contentUrl\":\"http:\/\/www.leblogmoto.com\/images\/ducati_999_r_xerox_1.jpg\"},{\"@type\":\"BreadcrumbList\",\"@id\":\"https:\/\/blogs.thesocialmedia.com\/leblogmoto\/2005\/11\/04\/ducati-999-r-fi\/#breadcrumb\",\"itemListElement\":[{\"@type\":\"ListItem\",\"position\":1,\"name\":\"Accueil\",\"item\":\"https:\/\/blogs.thesocialmedia.com\/leblogmoto\/\"},{\"@type\":\"ListItem\",\"position\":2,\"name\":\"Ducati 999 R Fila et Xerox\"}]},{\"@type\":\"WebSite\",\"@id\":\"https:\/\/blogs.thesocialmedia.com\/leblogmoto\/#website\",\"url\":\"https:\/\/blogs.thesocialmedia.com\/leblogmoto\/\",\"name\":\"leblogmoto\",\"description\":\"Toute l&#039;actualit\u00e9 des 2 roues\",\"potentialAction\":[{\"@type\":\"SearchAction\",\"target\":{\"@type\":\"EntryPoint\",\"urlTemplate\":\"https:\/\/blogs.thesocialmedia.com\/leblogmoto\/?s={search_term_string}\"},\"query-input\":{\"@type\":\"PropertyValueSpecification\",\"valueRequired\":true,\"valueName\":\"search_term_string\"}}],\"inLanguage\":\"fr-FR\"},{\"@type\":\"Person\",\"@id\":\"https:\/\/blogs.thesocialmedia.com\/leblogmoto\/#\/schema\/person\/80d2a078dbdb8b60abbd76bae6011f19\",\"name\":\"vincent vaillant\",\"image\":{\"@type\":\"ImageObject\",\"inLanguage\":\"fr-FR\",\"@id\":\"https:\/\/blogs.thesocialmedia.com\/leblogmoto\/#\/schema\/person\/image\/\",\"url\":\"https:\/\/secure.gravatar.com\/avatar\/?s=96&d=mm&r=g\",\"contentUrl\":\"https:\/\/secure.gravatar.com\/avatar\/?s=96&d=mm&r=g\",\"caption\":\"vincent vaillant\"},\"url\":\"https:\/\/blogs.thesocialmedia.com\/leblogmoto\/author\/vincent-vaillant\/\"}]}<\/script>\n<!-- \/ Yoast SEO plugin. -->","yoast_head_json":{"title":"Ducati 999 R Fila et Xerox - leblogmoto.com","robots":{"index":"index","follow":"follow","max-snippet":"max-snippet:-1","max-image-preview":"max-image-preview:large","max-video-preview":"max-video-preview:-1"},"canonical":"https:\/\/blogs.thesocialmedia.com\/leblogmoto\/2005\/11\/04\/ducati-999-r-fi\/","twitter_card":"summary_large_image","twitter_title":"Ducati 999 R Fila et Xerox - leblogmoto.com","twitter_description":"Rappelez-vous, il y a quelques temps d\u00e9j\u00e0, Ducati avait pr\u00e9sent\u00e9 une \u00e9dition limit\u00e9e \u00e0 200 exemplaires de sa 999 R afin de f\u00eater la 200\u00e8me victoire de la marque en Superbike. Celle-ci reprenait la d\u00e9coration exacte du mod\u00e8le de comp\u00e9tition avec comme sponsor principal la marque Fila. Cette 999 R Fila reprenait le moteur et [&hellip;]","twitter_image":"http:\/\/www.leblogmoto.com\/images\/ducati_999_r_xerox_1.jpg","twitter_misc":{"\u00c9crit par":"vincent vaillant","Dur\u00e9e de lecture estim\u00e9e":"1 minute"},"schema":{"@context":"https:\/\/schema.org","@graph":[{"@type":"WebPage","@id":"https:\/\/blogs.thesocialmedia.com\/leblogmoto\/2005\/11\/04\/ducati-999-r-fi\/","url":"https:\/\/blogs.thesocialmedia.com\/leblogmoto\/2005\/11\/04\/ducati-999-r-fi\/","name":"Ducati 999 R Fila et Xerox - leblogmoto.com","isPartOf":{"@id":"https:\/\/blogs.thesocialmedia.com\/leblogmoto\/#website"},"primaryImageOfPage":{"@id":"https:\/\/blogs.thesocialmedia.com\/leblogmoto\/2005\/11\/04\/ducati-999-r-fi\/#primaryimage"},"image":{"@id":"https:\/\/blogs.thesocialmedia.com\/leblogmoto\/2005\/11\/04\/ducati-999-r-fi\/#primaryimage"},"thumbnailUrl":"http:\/\/www.leblogmoto.com\/images\/ducati_999_r_xerox_1.jpg","datePublished":"2005-11-04T10:33:00+00:00","dateModified":"2012-07-11T14:04:43+00:00","author":{"@id":"https:\/\/blogs.thesocialmedia.com\/leblogmoto\/#\/schema\/person\/80d2a078dbdb8b60abbd76bae6011f19"},"breadcrumb":{"@id":"https:\/\/blogs.thesocialmedia.com\/leblogmoto\/2005\/11\/04\/ducati-999-r-fi\/#breadcrumb"},"inLanguage":"fr-FR","potentialAction":[{"@type":"ReadAction","target":["https:\/\/blogs.thesocialmedia.com\/leblogmoto\/2005\/11\/04\/ducati-999-r-fi\/"]}]},{"@type":"ImageObject","inLanguage":"fr-FR","@id":"https:\/\/blogs.thesocialmedia.com\/leblogmoto\/2005\/11\/04\/ducati-999-r-fi\/#primaryimage","url":"http:\/\/www.leblogmoto.com\/images\/ducati_999_r_xerox_1.jpg","contentUrl":"http:\/\/www.leblogmoto.com\/images\/ducati_999_r_xerox_1.jpg"},{"@type":"BreadcrumbList","@id":"https:\/\/blogs.thesocialmedia.com\/leblogmoto\/2005\/11\/04\/ducati-999-r-fi\/#breadcrumb","itemListElement":[{"@type":"ListItem","position":1,"name":"Accueil","item":"https:\/\/blogs.thesocialmedia.com\/leblogmoto\/"},{"@type":"ListItem","position":2,"name":"Ducati 999 R Fila et Xerox"}]},{"@type":"WebSite","@id":"https:\/\/blogs.thesocialmedia.com\/leblogmoto\/#website","url":"https:\/\/blogs.thesocialmedia.com\/leblogmoto\/","name":"leblogmoto","description":"Toute l&#039;actualit\u00e9 des 2 roues","potentialAction":[{"@type":"SearchAction","target":{"@type":"EntryPoint","urlTemplate":"https:\/\/blogs.thesocialmedia.com\/leblogmoto\/?s={search_term_string}"},"query-input":{"@type":"PropertyValueSpecification","valueRequired":true,"valueName":"search_term_string"}}],"inLanguage":"fr-FR"},{"@type":"Person","@id":"https:\/\/blogs.thesocialmedia.com\/leblogmoto\/#\/schema\/person\/80d2a078dbdb8b60abbd76bae6011f19","name":"vincent vaillant","image":{"@type":"ImageObject","inLanguage":"fr-FR","@id":"https:\/\/blogs.thesocialmedia.com\/leblogmoto\/#\/schema\/person\/image\/","url":"https:\/\/secure.gravatar.com\/avatar\/?s=96&d=mm&r=g","contentUrl":"https:\/\/secure.gravatar.com\/avatar\/?s=96&d=mm&r=g","caption":"vincent vaillant"},"url":"https:\/\/blogs.thesocialmedia.com\/leblogmoto\/author\/vincent-vaillant\/"}]}},"_links":{"self":[{"href":"https:\/\/blogs.thesocialmedia.com\/leblogmoto\/wp-json\/wp\/v2\/posts\/2281","targetHints":{"allow":["GET"]}}],"collection":[{"href":"https:\/\/blogs.thesocialmedia.com\/leblogmoto\/wp-json\/wp\/v2\/posts"}],"about":[{"href":"https:\/\/blogs.thesocialmedia.com\/leblogmoto\/wp-json\/wp\/v2\/types\/post"}],"author":[{"embeddable":true,"href":"https:\/\/blogs.thesocialmedia.com\/leblogmoto\/wp-json\/wp\/v2\/users\/338"}],"replies":[{"embeddable":true,"href":"https:\/\/blogs.thesocialmedia.com\/leblogmoto\/wp-json\/wp\/v2\/comments?post=2281"}],"version-history":[{"count":2,"href":"https:\/\/blogs.thesocialmedia.com\/leblogmoto\/wp-json\/wp\/v2\/posts\/2281\/revisions"}],"predecessor-version":[{"id":6508,"href":"https:\/\/blogs.thesocialmedia.com\/leblogmoto\/wp-json\/wp\/v2\/posts\/2281\/revisions\/6508"}],"wp:attachment":[{"href":"https:\/\/blogs.thesocialmedia.com\/leblogmoto\/wp-json\/wp\/v2\/media?parent=2281"}],"wp:term":[{"taxonomy":"category","embeddable":true,"href":"https:\/\/blogs.thesocialmedia.com\/leblogmoto\/wp-json\/wp\/v2\/categories?post=2281"},{"taxonomy":"post_tag","embeddable":true,"href":"https:\/\/blogs.thesocialmedia.com\/leblogmoto\/wp-json\/wp\/v2\/tags?post=2281"}],"curies":[{"name":"wp","href":"https:\/\/api.w.org\/{rel}","templated":true}]}}