{"id":2284,"date":"2005-11-04T09:34:43","date_gmt":"2005-11-04T09:34:43","guid":{"rendered":"http:\/\/blogs.thesocialmedia.com\/leblogmoto\/2005\/11\/04\/manifestation-p\/"},"modified":"2012-07-11T14:04:35","modified_gmt":"2012-07-11T14:04:35","slug":"manifestation-p","status":"publish","type":"post","link":"https:\/\/blogs.thesocialmedia.com\/leblogmoto\/2005\/11\/04\/manifestation-p\/","title":{"rendered":"Manifestation pour le stationnement sur les trottoirs"},"content":{"rendered":"<p><a href=\"http:\/\/blogs.thesocialmedia.com\/leblogmoto\/files\/2012\/07\/ffmc_75_1.gif\"><img loading=\"lazy\" decoding=\"async\" alt=\"Ffmc_75_1\" src=\"http:\/\/www.leblogmoto.com\/images\/ffmc_75_1.gif\" width=\"200\" height=\"110\"  style=\"float: left;margin: 0px 5px 5px 0px\" \/><\/a> Depuis quelques mois, les deux-roues motoris\u00e9s sont victimes d&rsquo;une r\u00e9pression excessive et sans discernement aucun pour du stationnement non g\u00eanant sur les trottoirs. Cette r\u00e9pression s&rsquo;amplifie de jour en jour. Pas \u00e9tonnant quand on lit les propos clairement motophobes du Pr\u00e9fet de Police de Paris : \u00ab\u00a0<em>Il n&rsquo;est plus possible de continuer \u00e0 tol\u00e9rer le stationnement des deux-roues sur les espaces pi\u00e9tonniers, notamment sur les trottoirs<\/em>\u00ab\u00a0. Et celui-ci de rajouter : \u00ab\u00a0<em>ces dispositions r\u00e9glementaires doivent d\u00e9sormais \u00eatre appliqu\u00e9es strictement par les services de polices qui verbalisent syst\u00e9matiquement<\/em>\u00ab\u00a0. Alors qu&rsquo;il manque largement plus de 100.000 emplacements dans Paris pour les deux-roues motoris\u00e9s, doit-on accepter de se faire verbaliser syst\u00e9matiquement, voire se faire enlever (et tr\u00e8s souvent ab\u00eemer) son v\u00e9hicule par la Police ? Comme vous, nous ne le pensons pas, c&rsquo;est pourquoi nous appelons tous les motards \u00e0 venir manifester <strong>le samedi 5 novembre, \u00e0 14h00 place de la Bastille<\/strong>. En revanche, montrant que les motards sont respectueux des autres usagers de l&rsquo;espace public, <a href=\"http:\/\/www.ffmc.asso.fr\/\">la FFMC<\/a> travaille depuis plusieurs mois avec la mairie de Paris et la Pr\u00e9fecture sur une charte donnant des conseils pour ne pas g\u00eaner sur les trottoirs.<\/p>\n<p><strong><u>Source<\/u><\/strong> : <a href=\"http:\/\/www.ffmc75.org\/\">FFMC Paris et Petite Couronne<\/a><\/p>\n","protected":false},"excerpt":{"rendered":"<p>Depuis quelques mois, les deux-roues motoris\u00e9s sont victimes d&rsquo;une r\u00e9pression excessive et sans discernement aucun pour du stationnement non g\u00eanant sur les trottoirs. Cette r\u00e9pression s&rsquo;amplifie de jour en jour. Pas \u00e9tonnant quand on lit les propos clairement motophobes du Pr\u00e9fet de Police de Paris : \u00ab\u00a0Il n&rsquo;est plus possible de continuer \u00e0 tol\u00e9rer le [&hellip;]<\/p>\n","protected":false},"author":338,"featured_media":0,"comment_status":"open","ping_status":"open","sticky":false,"template":"","format":"standard","meta":{"footnotes":""},"categories":[3,27],"tags":[],"class_list":["post-2284","post","type-post","status-publish","format-standard","hentry","category-actualite","category-securite"],"yoast_head":"<!-- This site is optimized with the Yoast SEO plugin v26.0 - https:\/\/yoast.com\/wordpress\/plugins\/seo\/ -->\n<title>Manifestation pour le stationnement sur les trottoirs - leblogmoto.com<\/title>\n<meta name=\"robots\" content=\"index, follow, max-snippet:-1, max-image-preview:large, max-video-preview:-1\" \/>\n<link rel=\"canonical\" href=\"https:\/\/blogs.thesocialmedia.com\/leblogmoto\/2005\/11\/04\/manifestation-p\/\" \/>\n<meta name=\"twitter:card\" content=\"summary_large_image\" \/>\n<meta name=\"twitter:title\" content=\"Manifestation pour le stationnement sur les trottoirs - leblogmoto.com\" \/>\n<meta name=\"twitter:description\" content=\"Depuis quelques mois, les deux-roues motoris\u00e9s sont victimes d&rsquo;une r\u00e9pression excessive et sans discernement aucun pour du stationnement non g\u00eanant sur les trottoirs. Cette r\u00e9pression s&rsquo;amplifie de jour en jour. Pas \u00e9tonnant quand on lit les propos clairement motophobes du Pr\u00e9fet de Police de Paris : \u00ab\u00a0Il n&rsquo;est plus possible de continuer \u00e0 tol\u00e9rer le [&hellip;]\" \/>\n<meta name=\"twitter:image\" content=\"http:\/\/www.leblogmoto.com\/images\/ffmc_75_1.gif\" \/>\n<meta name=\"twitter:label1\" content=\"\u00c9crit par\" \/>\n\t<meta name=\"twitter:data1\" content=\"vincent vaillant\" \/>\n\t<meta name=\"twitter:label2\" content=\"Dur\u00e9e de lecture estim\u00e9e\" \/>\n\t<meta name=\"twitter:data2\" content=\"1 minute\" \/>\n<script type=\"application\/ld+json\" class=\"yoast-schema-graph\">{\"@context\":\"https:\/\/schema.org\",\"@graph\":[{\"@type\":\"WebPage\",\"@id\":\"https:\/\/blogs.thesocialmedia.com\/leblogmoto\/2005\/11\/04\/manifestation-p\/\",\"url\":\"https:\/\/blogs.thesocialmedia.com\/leblogmoto\/2005\/11\/04\/manifestation-p\/\",\"name\":\"Manifestation pour le stationnement sur les trottoirs - leblogmoto.com\",\"isPartOf\":{\"@id\":\"https:\/\/blogs.thesocialmedia.com\/leblogmoto\/#website\"},\"primaryImageOfPage\":{\"@id\":\"https:\/\/blogs.thesocialmedia.com\/leblogmoto\/2005\/11\/04\/manifestation-p\/#primaryimage\"},\"image\":{\"@id\":\"https:\/\/blogs.thesocialmedia.com\/leblogmoto\/2005\/11\/04\/manifestation-p\/#primaryimage\"},\"thumbnailUrl\":\"http:\/\/www.leblogmoto.com\/images\/ffmc_75_1.gif\",\"datePublished\":\"2005-11-04T09:34:43+00:00\",\"dateModified\":\"2012-07-11T14:04:35+00:00\",\"author\":{\"@id\":\"https:\/\/blogs.thesocialmedia.com\/leblogmoto\/#\/schema\/person\/80d2a078dbdb8b60abbd76bae6011f19\"},\"breadcrumb\":{\"@id\":\"https:\/\/blogs.thesocialmedia.com\/leblogmoto\/2005\/11\/04\/manifestation-p\/#breadcrumb\"},\"inLanguage\":\"fr-FR\",\"potentialAction\":[{\"@type\":\"ReadAction\",\"target\":[\"https:\/\/blogs.thesocialmedia.com\/leblogmoto\/2005\/11\/04\/manifestation-p\/\"]}]},{\"@type\":\"ImageObject\",\"inLanguage\":\"fr-FR\",\"@id\":\"https:\/\/blogs.thesocialmedia.com\/leblogmoto\/2005\/11\/04\/manifestation-p\/#primaryimage\",\"url\":\"http:\/\/www.leblogmoto.com\/images\/ffmc_75_1.gif\",\"contentUrl\":\"http:\/\/www.leblogmoto.com\/images\/ffmc_75_1.gif\"},{\"@type\":\"BreadcrumbList\",\"@id\":\"https:\/\/blogs.thesocialmedia.com\/leblogmoto\/2005\/11\/04\/manifestation-p\/#breadcrumb\",\"itemListElement\":[{\"@type\":\"ListItem\",\"position\":1,\"name\":\"Accueil\",\"item\":\"https:\/\/blogs.thesocialmedia.com\/leblogmoto\/\"},{\"@type\":\"ListItem\",\"position\":2,\"name\":\"Manifestation pour le stationnement sur les trottoirs\"}]},{\"@type\":\"WebSite\",\"@id\":\"https:\/\/blogs.thesocialmedia.com\/leblogmoto\/#website\",\"url\":\"https:\/\/blogs.thesocialmedia.com\/leblogmoto\/\",\"name\":\"leblogmoto\",\"description\":\"Toute l&#039;actualit\u00e9 des 2 roues\",\"potentialAction\":[{\"@type\":\"SearchAction\",\"target\":{\"@type\":\"EntryPoint\",\"urlTemplate\":\"https:\/\/blogs.thesocialmedia.com\/leblogmoto\/?s={search_term_string}\"},\"query-input\":{\"@type\":\"PropertyValueSpecification\",\"valueRequired\":true,\"valueName\":\"search_term_string\"}}],\"inLanguage\":\"fr-FR\"},{\"@type\":\"Person\",\"@id\":\"https:\/\/blogs.thesocialmedia.com\/leblogmoto\/#\/schema\/person\/80d2a078dbdb8b60abbd76bae6011f19\",\"name\":\"vincent vaillant\",\"image\":{\"@type\":\"ImageObject\",\"inLanguage\":\"fr-FR\",\"@id\":\"https:\/\/blogs.thesocialmedia.com\/leblogmoto\/#\/schema\/person\/image\/\",\"url\":\"https:\/\/secure.gravatar.com\/avatar\/?s=96&d=mm&r=g\",\"contentUrl\":\"https:\/\/secure.gravatar.com\/avatar\/?s=96&d=mm&r=g\",\"caption\":\"vincent vaillant\"},\"url\":\"https:\/\/blogs.thesocialmedia.com\/leblogmoto\/author\/vincent-vaillant\/\"}]}<\/script>\n<!-- \/ Yoast SEO plugin. -->","yoast_head_json":{"title":"Manifestation pour le stationnement sur les trottoirs - leblogmoto.com","robots":{"index":"index","follow":"follow","max-snippet":"max-snippet:-1","max-image-preview":"max-image-preview:large","max-video-preview":"max-video-preview:-1"},"canonical":"https:\/\/blogs.thesocialmedia.com\/leblogmoto\/2005\/11\/04\/manifestation-p\/","twitter_card":"summary_large_image","twitter_title":"Manifestation pour le stationnement sur les trottoirs - leblogmoto.com","twitter_description":"Depuis quelques mois, les deux-roues motoris\u00e9s sont victimes d&rsquo;une r\u00e9pression excessive et sans discernement aucun pour du stationnement non g\u00eanant sur les trottoirs. Cette r\u00e9pression s&rsquo;amplifie de jour en jour. Pas \u00e9tonnant quand on lit les propos clairement motophobes du Pr\u00e9fet de Police de Paris : \u00ab\u00a0Il n&rsquo;est plus possible de continuer \u00e0 tol\u00e9rer le [&hellip;]","twitter_image":"http:\/\/www.leblogmoto.com\/images\/ffmc_75_1.gif","twitter_misc":{"\u00c9crit par":"vincent vaillant","Dur\u00e9e de lecture estim\u00e9e":"1 minute"},"schema":{"@context":"https:\/\/schema.org","@graph":[{"@type":"WebPage","@id":"https:\/\/blogs.thesocialmedia.com\/leblogmoto\/2005\/11\/04\/manifestation-p\/","url":"https:\/\/blogs.thesocialmedia.com\/leblogmoto\/2005\/11\/04\/manifestation-p\/","name":"Manifestation pour le stationnement sur les trottoirs - leblogmoto.com","isPartOf":{"@id":"https:\/\/blogs.thesocialmedia.com\/leblogmoto\/#website"},"primaryImageOfPage":{"@id":"https:\/\/blogs.thesocialmedia.com\/leblogmoto\/2005\/11\/04\/manifestation-p\/#primaryimage"},"image":{"@id":"https:\/\/blogs.thesocialmedia.com\/leblogmoto\/2005\/11\/04\/manifestation-p\/#primaryimage"},"thumbnailUrl":"http:\/\/www.leblogmoto.com\/images\/ffmc_75_1.gif","datePublished":"2005-11-04T09:34:43+00:00","dateModified":"2012-07-11T14:04:35+00:00","author":{"@id":"https:\/\/blogs.thesocialmedia.com\/leblogmoto\/#\/schema\/person\/80d2a078dbdb8b60abbd76bae6011f19"},"breadcrumb":{"@id":"https:\/\/blogs.thesocialmedia.com\/leblogmoto\/2005\/11\/04\/manifestation-p\/#breadcrumb"},"inLanguage":"fr-FR","potentialAction":[{"@type":"ReadAction","target":["https:\/\/blogs.thesocialmedia.com\/leblogmoto\/2005\/11\/04\/manifestation-p\/"]}]},{"@type":"ImageObject","inLanguage":"fr-FR","@id":"https:\/\/blogs.thesocialmedia.com\/leblogmoto\/2005\/11\/04\/manifestation-p\/#primaryimage","url":"http:\/\/www.leblogmoto.com\/images\/ffmc_75_1.gif","contentUrl":"http:\/\/www.leblogmoto.com\/images\/ffmc_75_1.gif"},{"@type":"BreadcrumbList","@id":"https:\/\/blogs.thesocialmedia.com\/leblogmoto\/2005\/11\/04\/manifestation-p\/#breadcrumb","itemListElement":[{"@type":"ListItem","position":1,"name":"Accueil","item":"https:\/\/blogs.thesocialmedia.com\/leblogmoto\/"},{"@type":"ListItem","position":2,"name":"Manifestation pour le stationnement sur les trottoirs"}]},{"@type":"WebSite","@id":"https:\/\/blogs.thesocialmedia.com\/leblogmoto\/#website","url":"https:\/\/blogs.thesocialmedia.com\/leblogmoto\/","name":"leblogmoto","description":"Toute l&#039;actualit\u00e9 des 2 roues","potentialAction":[{"@type":"SearchAction","target":{"@type":"EntryPoint","urlTemplate":"https:\/\/blogs.thesocialmedia.com\/leblogmoto\/?s={search_term_string}"},"query-input":{"@type":"PropertyValueSpecification","valueRequired":true,"valueName":"search_term_string"}}],"inLanguage":"fr-FR"},{"@type":"Person","@id":"https:\/\/blogs.thesocialmedia.com\/leblogmoto\/#\/schema\/person\/80d2a078dbdb8b60abbd76bae6011f19","name":"vincent vaillant","image":{"@type":"ImageObject","inLanguage":"fr-FR","@id":"https:\/\/blogs.thesocialmedia.com\/leblogmoto\/#\/schema\/person\/image\/","url":"https:\/\/secure.gravatar.com\/avatar\/?s=96&d=mm&r=g","contentUrl":"https:\/\/secure.gravatar.com\/avatar\/?s=96&d=mm&r=g","caption":"vincent vaillant"},"url":"https:\/\/blogs.thesocialmedia.com\/leblogmoto\/author\/vincent-vaillant\/"}]}},"_links":{"self":[{"href":"https:\/\/blogs.thesocialmedia.com\/leblogmoto\/wp-json\/wp\/v2\/posts\/2284","targetHints":{"allow":["GET"]}}],"collection":[{"href":"https:\/\/blogs.thesocialmedia.com\/leblogmoto\/wp-json\/wp\/v2\/posts"}],"about":[{"href":"https:\/\/blogs.thesocialmedia.com\/leblogmoto\/wp-json\/wp\/v2\/types\/post"}],"author":[{"embeddable":true,"href":"https:\/\/blogs.thesocialmedia.com\/leblogmoto\/wp-json\/wp\/v2\/users\/338"}],"replies":[{"embeddable":true,"href":"https:\/\/blogs.thesocialmedia.com\/leblogmoto\/wp-json\/wp\/v2\/comments?post=2284"}],"version-history":[{"count":2,"href":"https:\/\/blogs.thesocialmedia.com\/leblogmoto\/wp-json\/wp\/v2\/posts\/2284\/revisions"}],"predecessor-version":[{"id":6500,"href":"https:\/\/blogs.thesocialmedia.com\/leblogmoto\/wp-json\/wp\/v2\/posts\/2284\/revisions\/6500"}],"wp:attachment":[{"href":"https:\/\/blogs.thesocialmedia.com\/leblogmoto\/wp-json\/wp\/v2\/media?parent=2284"}],"wp:term":[{"taxonomy":"category","embeddable":true,"href":"https:\/\/blogs.thesocialmedia.com\/leblogmoto\/wp-json\/wp\/v2\/categories?post=2284"},{"taxonomy":"post_tag","embeddable":true,"href":"https:\/\/blogs.thesocialmedia.com\/leblogmoto\/wp-json\/wp\/v2\/tags?post=2284"}],"curies":[{"name":"wp","href":"https:\/\/api.w.org\/{rel}","templated":true}]}}