{"id":2285,"date":"2005-11-04T09:24:44","date_gmt":"2005-11-04T09:24:44","guid":{"rendered":"http:\/\/blogs.thesocialmedia.com\/leblogmoto\/2005\/11\/04\/feux-de-jour-pe\/"},"modified":"2012-07-11T14:04:34","modified_gmt":"2012-07-11T14:04:34","slug":"feux-de-jour-pe","status":"publish","type":"post","link":"https:\/\/blogs.thesocialmedia.com\/leblogmoto\/2005\/11\/04\/feux-de-jour-pe\/","title":{"rendered":"Feux de jour : Perben se trompe de sortie"},"content":{"rendered":"<p><a href=\"http:\/\/blogs.thesocialmedia.com\/leblogmoto\/files\/2012\/07\/ffmc_1_1.jpg\"><img loading=\"lazy\" decoding=\"async\" alt=\"Ffmc_1_1\" src=\"http:\/\/www.leblogmoto.com\/images\/ffmc_1_1.jpg\" width=\"250\" height=\"85\"  style=\"float: left;margin: 0px 5px 5px 0px\" \/><\/a> Dans l\u2019attente d\u2019une d\u00e9cision du Conseil National de la S\u00e9curit\u00e9 Routi\u00e8re (CNSR), le Minist\u00e8re des Transports a annonc\u00e9 lundi <strong>le maintien de sa recommandation d\u2019allumer les feux de croisement le jour <\/strong>pour les automobilistes \u00e0 l\u2019approche de l\u2019hiver, en attendant la g\u00e9n\u00e9ralisation de feux d\u00e9di\u00e9s sur les v\u00e9hicules neufs. Pour <a href=\"http:\/\/www.ffmc.asso.fr\/\">la FFMC<\/a>, c\u2019est la preuve qu\u2019en France, un panel de pseudo experts, sp\u00e9cialistes de l\u2019\u00e9quation et de la production de rapports, vaut plus que l\u2019ensemble des associations d\u2019usagers de la route, sp\u00e9cialistes de la s\u00e9curit\u00e9 routi\u00e8re, qui se sont d\u00e9j\u00e0 largement positionn\u00e9es contre, au niveau fran\u00e7ais comme europ\u00e9en. En recommandant l\u2019allumage des feux de jour alors que les deux exp\u00e9riences pr\u00e9c\u00e9dentes ont montr\u00e9 leur \u00e9chec et que plus de 180.000 personnes se sont exprim\u00e9es contre ce dispositif, les pouvoirs publics remettent gravement en cause, une nouvelle fois, le partage de la route et l\u2019imp\u00e9rieux besoin de respect et d\u2019attention aux plus fragiles.<\/p>\n<p>Pour la FFMC, il ne peut y avoir de politique de s\u00e9curit\u00e9 routi\u00e8re efficace qui aille \u00e0 l\u2019encontre des besoins des usagers vuln\u00e9rables, pi\u00e9tons, cyclistes, deux roues motoris\u00e9s, alors que des solutions existent, acceptables pour tous :<br \/> &#8211; Favoriser la technologie d\u2019allumage automatique des feux en fonction des conditions de visibilit\u00e9.<br \/> &#8211; Communiquer sur l\u2019importance de la vue au volant et remettre en vigueur la campagne \u00ab <em>bien voir, \u00eatre vu <\/em>\u00bb, assortie d\u2019un contr\u00f4le gratuit des feux automobiles.<br \/> &#8211; Am\u00e9liorer la vue de tous les usagers : l\u2019ASNAV notait r\u00e9cemment qu\u2019un minimum de 700.000 conducteurs \u00ab\u00a0seraient mieux avis\u00e9s de ne jamais s\u2019asseoir \u00e0 la place du conducteur\u00a0\u00bb ! Le code de la route a abaiss\u00e9 le seuil d\u2019accuit\u00e9 visuelle de 8\/10 \u00e0 5\/10, tout en instaurant des examens obligatoires de la vue, qui n\u2019ont jamais \u00e9t\u00e9 mis en \u0153uvre.<br \/> &#8211; Am\u00e9liorer la visibilit\u00e9 des v\u00e9hicules de gabarit r\u00e9duit, en rendant notamment obligatoire l\u2019allumage des feux de croisement des deux-roues motoris\u00e9s de cylindr\u00e9e inf\u00e9rieure ou \u00e9gale \u00e0 125 cm3.<br \/> La FFMC ne pourra accepter que la pression du lobby des constructeurs automobiles m\u00e8ne \u00e0 des mesures dangereuses pour les plus vuln\u00e9rables d\u2019entre-nous. Elle renouvelle sa demande de rencontre \u00e0 <a href=\"http:\/\/www.leblogmoto.com\/2005\/07\/perben_sattaque.html\">Dominique Perben<\/a>, de mani\u00e8re urgente.<\/p>\n<p><strong><u>Lire \u00e9galement<\/u><\/strong> :<br \/> &#8211; <a href=\"http:\/\/www.leblogmoto.com\/2005\/10\/remonte_de_file.html\">Remont\u00e9e de file : cacophonie au Mondial du deux-roues !<\/a><br \/> &#8211; <a href=\"http:\/\/www.leblogmoto.com\/2005\/09\/la_ffmc_sera_pr.html\">La FFMC sera pr\u00e9sente au Mondial du Deux Roues<\/a><\/p>\n<p><strong><u>Source<\/u><\/strong> : <a href=\"http:\/\/www.ffmc.asso.fr\/\">FFMC<\/a><\/p>\n","protected":false},"excerpt":{"rendered":"<p>Dans l\u2019attente d\u2019une d\u00e9cision du Conseil National de la S\u00e9curit\u00e9 Routi\u00e8re (CNSR), le Minist\u00e8re des Transports a annonc\u00e9 lundi le maintien de sa recommandation d\u2019allumer les feux de croisement le jour pour les automobilistes \u00e0 l\u2019approche de l\u2019hiver, en attendant la g\u00e9n\u00e9ralisation de feux d\u00e9di\u00e9s sur les v\u00e9hicules neufs. Pour la FFMC, c\u2019est la preuve [&hellip;]<\/p>\n","protected":false},"author":338,"featured_media":0,"comment_status":"open","ping_status":"open","sticky":false,"template":"","format":"standard","meta":{"footnotes":""},"categories":[3,27],"tags":[],"class_list":["post-2285","post","type-post","status-publish","format-standard","hentry","category-actualite","category-securite"],"yoast_head":"<!-- This site is optimized with the Yoast SEO plugin v26.0 - https:\/\/yoast.com\/wordpress\/plugins\/seo\/ -->\n<title>Feux de jour : Perben se trompe de sortie - leblogmoto.com<\/title>\n<meta name=\"robots\" content=\"index, follow, max-snippet:-1, max-image-preview:large, max-video-preview:-1\" \/>\n<link rel=\"canonical\" href=\"https:\/\/blogs.thesocialmedia.com\/leblogmoto\/2005\/11\/04\/feux-de-jour-pe\/\" \/>\n<meta name=\"twitter:card\" content=\"summary_large_image\" \/>\n<meta name=\"twitter:title\" content=\"Feux de jour : Perben se trompe de sortie - leblogmoto.com\" \/>\n<meta name=\"twitter:description\" content=\"Dans l\u2019attente d\u2019une d\u00e9cision du Conseil National de la S\u00e9curit\u00e9 Routi\u00e8re (CNSR), le Minist\u00e8re des Transports a annonc\u00e9 lundi le maintien de sa recommandation d\u2019allumer les feux de croisement le jour pour les automobilistes \u00e0 l\u2019approche de l\u2019hiver, en attendant la g\u00e9n\u00e9ralisation de feux d\u00e9di\u00e9s sur les v\u00e9hicules neufs. Pour la FFMC, c\u2019est la preuve [&hellip;]\" \/>\n<meta name=\"twitter:image\" content=\"http:\/\/www.leblogmoto.com\/images\/ffmc_1_1.jpg\" \/>\n<meta name=\"twitter:label1\" content=\"\u00c9crit par\" \/>\n\t<meta name=\"twitter:data1\" content=\"vincent vaillant\" \/>\n\t<meta name=\"twitter:label2\" content=\"Dur\u00e9e de lecture estim\u00e9e\" \/>\n\t<meta name=\"twitter:data2\" content=\"2 minutes\" \/>\n<script type=\"application\/ld+json\" class=\"yoast-schema-graph\">{\"@context\":\"https:\/\/schema.org\",\"@graph\":[{\"@type\":\"WebPage\",\"@id\":\"https:\/\/blogs.thesocialmedia.com\/leblogmoto\/2005\/11\/04\/feux-de-jour-pe\/\",\"url\":\"https:\/\/blogs.thesocialmedia.com\/leblogmoto\/2005\/11\/04\/feux-de-jour-pe\/\",\"name\":\"Feux de jour : Perben se trompe de sortie - leblogmoto.com\",\"isPartOf\":{\"@id\":\"https:\/\/blogs.thesocialmedia.com\/leblogmoto\/#website\"},\"primaryImageOfPage\":{\"@id\":\"https:\/\/blogs.thesocialmedia.com\/leblogmoto\/2005\/11\/04\/feux-de-jour-pe\/#primaryimage\"},\"image\":{\"@id\":\"https:\/\/blogs.thesocialmedia.com\/leblogmoto\/2005\/11\/04\/feux-de-jour-pe\/#primaryimage\"},\"thumbnailUrl\":\"http:\/\/www.leblogmoto.com\/images\/ffmc_1_1.jpg\",\"datePublished\":\"2005-11-04T09:24:44+00:00\",\"dateModified\":\"2012-07-11T14:04:34+00:00\",\"author\":{\"@id\":\"https:\/\/blogs.thesocialmedia.com\/leblogmoto\/#\/schema\/person\/80d2a078dbdb8b60abbd76bae6011f19\"},\"breadcrumb\":{\"@id\":\"https:\/\/blogs.thesocialmedia.com\/leblogmoto\/2005\/11\/04\/feux-de-jour-pe\/#breadcrumb\"},\"inLanguage\":\"fr-FR\",\"potentialAction\":[{\"@type\":\"ReadAction\",\"target\":[\"https:\/\/blogs.thesocialmedia.com\/leblogmoto\/2005\/11\/04\/feux-de-jour-pe\/\"]}]},{\"@type\":\"ImageObject\",\"inLanguage\":\"fr-FR\",\"@id\":\"https:\/\/blogs.thesocialmedia.com\/leblogmoto\/2005\/11\/04\/feux-de-jour-pe\/#primaryimage\",\"url\":\"http:\/\/www.leblogmoto.com\/images\/ffmc_1_1.jpg\",\"contentUrl\":\"http:\/\/www.leblogmoto.com\/images\/ffmc_1_1.jpg\"},{\"@type\":\"BreadcrumbList\",\"@id\":\"https:\/\/blogs.thesocialmedia.com\/leblogmoto\/2005\/11\/04\/feux-de-jour-pe\/#breadcrumb\",\"itemListElement\":[{\"@type\":\"ListItem\",\"position\":1,\"name\":\"Accueil\",\"item\":\"https:\/\/blogs.thesocialmedia.com\/leblogmoto\/\"},{\"@type\":\"ListItem\",\"position\":2,\"name\":\"Feux de jour : Perben se trompe de sortie\"}]},{\"@type\":\"WebSite\",\"@id\":\"https:\/\/blogs.thesocialmedia.com\/leblogmoto\/#website\",\"url\":\"https:\/\/blogs.thesocialmedia.com\/leblogmoto\/\",\"name\":\"leblogmoto\",\"description\":\"Toute l&#039;actualit\u00e9 des 2 roues\",\"potentialAction\":[{\"@type\":\"SearchAction\",\"target\":{\"@type\":\"EntryPoint\",\"urlTemplate\":\"https:\/\/blogs.thesocialmedia.com\/leblogmoto\/?s={search_term_string}\"},\"query-input\":{\"@type\":\"PropertyValueSpecification\",\"valueRequired\":true,\"valueName\":\"search_term_string\"}}],\"inLanguage\":\"fr-FR\"},{\"@type\":\"Person\",\"@id\":\"https:\/\/blogs.thesocialmedia.com\/leblogmoto\/#\/schema\/person\/80d2a078dbdb8b60abbd76bae6011f19\",\"name\":\"vincent vaillant\",\"image\":{\"@type\":\"ImageObject\",\"inLanguage\":\"fr-FR\",\"@id\":\"https:\/\/blogs.thesocialmedia.com\/leblogmoto\/#\/schema\/person\/image\/\",\"url\":\"https:\/\/secure.gravatar.com\/avatar\/?s=96&d=mm&r=g\",\"contentUrl\":\"https:\/\/secure.gravatar.com\/avatar\/?s=96&d=mm&r=g\",\"caption\":\"vincent vaillant\"},\"url\":\"https:\/\/blogs.thesocialmedia.com\/leblogmoto\/author\/vincent-vaillant\/\"}]}<\/script>\n<!-- \/ Yoast SEO plugin. -->","yoast_head_json":{"title":"Feux de jour : Perben se trompe de sortie - leblogmoto.com","robots":{"index":"index","follow":"follow","max-snippet":"max-snippet:-1","max-image-preview":"max-image-preview:large","max-video-preview":"max-video-preview:-1"},"canonical":"https:\/\/blogs.thesocialmedia.com\/leblogmoto\/2005\/11\/04\/feux-de-jour-pe\/","twitter_card":"summary_large_image","twitter_title":"Feux de jour : Perben se trompe de sortie - leblogmoto.com","twitter_description":"Dans l\u2019attente d\u2019une d\u00e9cision du Conseil National de la S\u00e9curit\u00e9 Routi\u00e8re (CNSR), le Minist\u00e8re des Transports a annonc\u00e9 lundi le maintien de sa recommandation d\u2019allumer les feux de croisement le jour pour les automobilistes \u00e0 l\u2019approche de l\u2019hiver, en attendant la g\u00e9n\u00e9ralisation de feux d\u00e9di\u00e9s sur les v\u00e9hicules neufs. Pour la FFMC, c\u2019est la preuve [&hellip;]","twitter_image":"http:\/\/www.leblogmoto.com\/images\/ffmc_1_1.jpg","twitter_misc":{"\u00c9crit par":"vincent vaillant","Dur\u00e9e de lecture estim\u00e9e":"2 minutes"},"schema":{"@context":"https:\/\/schema.org","@graph":[{"@type":"WebPage","@id":"https:\/\/blogs.thesocialmedia.com\/leblogmoto\/2005\/11\/04\/feux-de-jour-pe\/","url":"https:\/\/blogs.thesocialmedia.com\/leblogmoto\/2005\/11\/04\/feux-de-jour-pe\/","name":"Feux de jour : Perben se trompe de sortie - leblogmoto.com","isPartOf":{"@id":"https:\/\/blogs.thesocialmedia.com\/leblogmoto\/#website"},"primaryImageOfPage":{"@id":"https:\/\/blogs.thesocialmedia.com\/leblogmoto\/2005\/11\/04\/feux-de-jour-pe\/#primaryimage"},"image":{"@id":"https:\/\/blogs.thesocialmedia.com\/leblogmoto\/2005\/11\/04\/feux-de-jour-pe\/#primaryimage"},"thumbnailUrl":"http:\/\/www.leblogmoto.com\/images\/ffmc_1_1.jpg","datePublished":"2005-11-04T09:24:44+00:00","dateModified":"2012-07-11T14:04:34+00:00","author":{"@id":"https:\/\/blogs.thesocialmedia.com\/leblogmoto\/#\/schema\/person\/80d2a078dbdb8b60abbd76bae6011f19"},"breadcrumb":{"@id":"https:\/\/blogs.thesocialmedia.com\/leblogmoto\/2005\/11\/04\/feux-de-jour-pe\/#breadcrumb"},"inLanguage":"fr-FR","potentialAction":[{"@type":"ReadAction","target":["https:\/\/blogs.thesocialmedia.com\/leblogmoto\/2005\/11\/04\/feux-de-jour-pe\/"]}]},{"@type":"ImageObject","inLanguage":"fr-FR","@id":"https:\/\/blogs.thesocialmedia.com\/leblogmoto\/2005\/11\/04\/feux-de-jour-pe\/#primaryimage","url":"http:\/\/www.leblogmoto.com\/images\/ffmc_1_1.jpg","contentUrl":"http:\/\/www.leblogmoto.com\/images\/ffmc_1_1.jpg"},{"@type":"BreadcrumbList","@id":"https:\/\/blogs.thesocialmedia.com\/leblogmoto\/2005\/11\/04\/feux-de-jour-pe\/#breadcrumb","itemListElement":[{"@type":"ListItem","position":1,"name":"Accueil","item":"https:\/\/blogs.thesocialmedia.com\/leblogmoto\/"},{"@type":"ListItem","position":2,"name":"Feux de jour : Perben se trompe de sortie"}]},{"@type":"WebSite","@id":"https:\/\/blogs.thesocialmedia.com\/leblogmoto\/#website","url":"https:\/\/blogs.thesocialmedia.com\/leblogmoto\/","name":"leblogmoto","description":"Toute l&#039;actualit\u00e9 des 2 roues","potentialAction":[{"@type":"SearchAction","target":{"@type":"EntryPoint","urlTemplate":"https:\/\/blogs.thesocialmedia.com\/leblogmoto\/?s={search_term_string}"},"query-input":{"@type":"PropertyValueSpecification","valueRequired":true,"valueName":"search_term_string"}}],"inLanguage":"fr-FR"},{"@type":"Person","@id":"https:\/\/blogs.thesocialmedia.com\/leblogmoto\/#\/schema\/person\/80d2a078dbdb8b60abbd76bae6011f19","name":"vincent vaillant","image":{"@type":"ImageObject","inLanguage":"fr-FR","@id":"https:\/\/blogs.thesocialmedia.com\/leblogmoto\/#\/schema\/person\/image\/","url":"https:\/\/secure.gravatar.com\/avatar\/?s=96&d=mm&r=g","contentUrl":"https:\/\/secure.gravatar.com\/avatar\/?s=96&d=mm&r=g","caption":"vincent vaillant"},"url":"https:\/\/blogs.thesocialmedia.com\/leblogmoto\/author\/vincent-vaillant\/"}]}},"_links":{"self":[{"href":"https:\/\/blogs.thesocialmedia.com\/leblogmoto\/wp-json\/wp\/v2\/posts\/2285","targetHints":{"allow":["GET"]}}],"collection":[{"href":"https:\/\/blogs.thesocialmedia.com\/leblogmoto\/wp-json\/wp\/v2\/posts"}],"about":[{"href":"https:\/\/blogs.thesocialmedia.com\/leblogmoto\/wp-json\/wp\/v2\/types\/post"}],"author":[{"embeddable":true,"href":"https:\/\/blogs.thesocialmedia.com\/leblogmoto\/wp-json\/wp\/v2\/users\/338"}],"replies":[{"embeddable":true,"href":"https:\/\/blogs.thesocialmedia.com\/leblogmoto\/wp-json\/wp\/v2\/comments?post=2285"}],"version-history":[{"count":2,"href":"https:\/\/blogs.thesocialmedia.com\/leblogmoto\/wp-json\/wp\/v2\/posts\/2285\/revisions"}],"predecessor-version":[{"id":6498,"href":"https:\/\/blogs.thesocialmedia.com\/leblogmoto\/wp-json\/wp\/v2\/posts\/2285\/revisions\/6498"}],"wp:attachment":[{"href":"https:\/\/blogs.thesocialmedia.com\/leblogmoto\/wp-json\/wp\/v2\/media?parent=2285"}],"wp:term":[{"taxonomy":"category","embeddable":true,"href":"https:\/\/blogs.thesocialmedia.com\/leblogmoto\/wp-json\/wp\/v2\/categories?post=2285"},{"taxonomy":"post_tag","embeddable":true,"href":"https:\/\/blogs.thesocialmedia.com\/leblogmoto\/wp-json\/wp\/v2\/tags?post=2285"}],"curies":[{"name":"wp","href":"https:\/\/api.w.org\/{rel}","templated":true}]}}