{"id":2288,"date":"2005-11-03T11:17:11","date_gmt":"2005-11-03T11:17:11","guid":{"rendered":"http:\/\/blogs.thesocialmedia.com\/leblogmoto\/2005\/11\/03\/honda-dylan-125\/"},"modified":"2012-07-11T14:04:28","modified_gmt":"2012-07-11T14:04:28","slug":"honda-dylan-125","status":"publish","type":"post","link":"https:\/\/blogs.thesocialmedia.com\/leblogmoto\/2005\/11\/03\/honda-dylan-125\/","title":{"rendered":"Honda Dylan 125"},"content":{"rendered":"<p><a href=\"http:\/\/blogs.thesocialmedia.com\/leblogmoto\/files\/2012\/07\/dylan.jpg\"><img loading=\"lazy\" decoding=\"async\" alt=\"Dylan\" src=\"http:\/\/www.leblogmoto.com\/images\/dylan.jpg\" width=\"250\" height=\"195\"  style=\"float: left;margin: 0px 5px 5px 0px\" \/><\/a><\/p>\n<p> Dynamique, sportif et dessin\u00e9 pour le plaisir, voil\u00e0 ce qui caract\u00e9rise le Honda Dylan 125. D\u00e9riv\u00e9 du @ son \u00e9quipement est moins luxueux mois conserve n\u00e9anmoins une instrumentation compl\u00e8te, un porte-paquets et des rangement cons\u00e9quents. Conservant les roues de 13 pouces mont\u00e9es sur des jantes aluminium, il re\u00e7oit une face avant plus pointu lui donnant un aspect plus sportif et une selle con\u00e7u pour transporter une ou deux personnes avec le m\u00eame niveau de confort, le Dylan fait la diff\u00e9rence lorsqu\u2019il s\u2019agit de traverser la ville ou de s\u2019amuser sur les petites routes. <br \/> C\u00f4t\u00e9 moteur, on trouve un monocylindre  4 temps refroidi par eau  qui d\u00e9veloppe une puissance de 13,9 ch \u00e0 9000 tr\/mn. <br \/> C\u00f4t\u00e9 ch\u00e2ssis, on trouve un treillis tubulaire qui re\u00e7oit, \u00e0 l\u2019avant, une fourche hydraulique et un frein \u00e0 disque de 220 mn. La suspension arri\u00e8re se compose de 2 amortisseurs r\u00e9glables de 75 mn et le freinage est assur\u00e9 par un tambour de 130 mn. <\/p>\n<p>C\u00f4t\u00e9 \u00e9quipement, le Honda offre, sous la selle, un espace propre \u00e0 recevoir ce dont vous avez besoin pour voyager et notamment un casque int\u00e9gral, quant \u00e0 l\u2019exc\u00e9dent il peut \u00eatre facilement  plac\u00e9 sur le tr\u00e8s pratique porte-bagages arri\u00e8re.   On notera aussi l\u2019absence de pare-brise, mais il poss\u00e8de 2 b\u00e9quilles, une centrale et une lat\u00e9rale.<br \/> Disponible en 3 coloris, gris, vert ou bleu, le Honda Dylan 125 vous co\u00fbtera 2900 \u20ac.<\/p>\n","protected":false},"excerpt":{"rendered":"<p>Dynamique, sportif et dessin\u00e9 pour le plaisir, voil\u00e0 ce qui caract\u00e9rise le Honda Dylan 125. D\u00e9riv\u00e9 du @ son \u00e9quipement est moins luxueux mois conserve n\u00e9anmoins une instrumentation compl\u00e8te, un porte-paquets et des rangement cons\u00e9quents. Conservant les roues de 13 pouces mont\u00e9es sur des jantes aluminium, il re\u00e7oit une face avant plus pointu lui donnant [&hellip;]<\/p>\n","protected":false},"author":339,"featured_media":0,"comment_status":"open","ping_status":"open","sticky":false,"template":"","format":"standard","meta":{"footnotes":""},"categories":[14,19],"tags":[],"class_list":["post-2288","post","type-post","status-publish","format-standard","hentry","category-honda","category-scooter"],"yoast_head":"<!-- This site is optimized with the Yoast SEO plugin v26.0 - https:\/\/yoast.com\/wordpress\/plugins\/seo\/ -->\n<title>Honda Dylan 125 - leblogmoto.com<\/title>\n<meta name=\"robots\" content=\"index, follow, max-snippet:-1, max-image-preview:large, max-video-preview:-1\" \/>\n<link rel=\"canonical\" href=\"https:\/\/blogs.thesocialmedia.com\/leblogmoto\/2005\/11\/03\/honda-dylan-125\/\" \/>\n<meta name=\"twitter:card\" content=\"summary_large_image\" \/>\n<meta name=\"twitter:title\" content=\"Honda Dylan 125 - leblogmoto.com\" \/>\n<meta name=\"twitter:description\" content=\"Dynamique, sportif et dessin\u00e9 pour le plaisir, voil\u00e0 ce qui caract\u00e9rise le Honda Dylan 125. D\u00e9riv\u00e9 du @ son \u00e9quipement est moins luxueux mois conserve n\u00e9anmoins une instrumentation compl\u00e8te, un porte-paquets et des rangement cons\u00e9quents. Conservant les roues de 13 pouces mont\u00e9es sur des jantes aluminium, il re\u00e7oit une face avant plus pointu lui donnant [&hellip;]\" \/>\n<meta name=\"twitter:image\" content=\"http:\/\/www.leblogmoto.com\/images\/dylan.jpg\" \/>\n<meta name=\"twitter:label1\" content=\"\u00c9crit par\" \/>\n\t<meta name=\"twitter:data1\" content=\"daniel bour\" \/>\n\t<meta name=\"twitter:label2\" content=\"Dur\u00e9e de lecture estim\u00e9e\" \/>\n\t<meta name=\"twitter:data2\" content=\"1 minute\" \/>\n<script type=\"application\/ld+json\" class=\"yoast-schema-graph\">{\"@context\":\"https:\/\/schema.org\",\"@graph\":[{\"@type\":\"WebPage\",\"@id\":\"https:\/\/blogs.thesocialmedia.com\/leblogmoto\/2005\/11\/03\/honda-dylan-125\/\",\"url\":\"https:\/\/blogs.thesocialmedia.com\/leblogmoto\/2005\/11\/03\/honda-dylan-125\/\",\"name\":\"Honda Dylan 125 - leblogmoto.com\",\"isPartOf\":{\"@id\":\"https:\/\/blogs.thesocialmedia.com\/leblogmoto\/#website\"},\"primaryImageOfPage\":{\"@id\":\"https:\/\/blogs.thesocialmedia.com\/leblogmoto\/2005\/11\/03\/honda-dylan-125\/#primaryimage\"},\"image\":{\"@id\":\"https:\/\/blogs.thesocialmedia.com\/leblogmoto\/2005\/11\/03\/honda-dylan-125\/#primaryimage\"},\"thumbnailUrl\":\"http:\/\/www.leblogmoto.com\/images\/dylan.jpg\",\"datePublished\":\"2005-11-03T11:17:11+00:00\",\"dateModified\":\"2012-07-11T14:04:28+00:00\",\"author\":{\"@id\":\"https:\/\/blogs.thesocialmedia.com\/leblogmoto\/#\/schema\/person\/112bf3448e55eeb119f6276bbf85b8e7\"},\"breadcrumb\":{\"@id\":\"https:\/\/blogs.thesocialmedia.com\/leblogmoto\/2005\/11\/03\/honda-dylan-125\/#breadcrumb\"},\"inLanguage\":\"fr-FR\",\"potentialAction\":[{\"@type\":\"ReadAction\",\"target\":[\"https:\/\/blogs.thesocialmedia.com\/leblogmoto\/2005\/11\/03\/honda-dylan-125\/\"]}]},{\"@type\":\"ImageObject\",\"inLanguage\":\"fr-FR\",\"@id\":\"https:\/\/blogs.thesocialmedia.com\/leblogmoto\/2005\/11\/03\/honda-dylan-125\/#primaryimage\",\"url\":\"http:\/\/www.leblogmoto.com\/images\/dylan.jpg\",\"contentUrl\":\"http:\/\/www.leblogmoto.com\/images\/dylan.jpg\"},{\"@type\":\"BreadcrumbList\",\"@id\":\"https:\/\/blogs.thesocialmedia.com\/leblogmoto\/2005\/11\/03\/honda-dylan-125\/#breadcrumb\",\"itemListElement\":[{\"@type\":\"ListItem\",\"position\":1,\"name\":\"Accueil\",\"item\":\"https:\/\/blogs.thesocialmedia.com\/leblogmoto\/\"},{\"@type\":\"ListItem\",\"position\":2,\"name\":\"Honda Dylan 125\"}]},{\"@type\":\"WebSite\",\"@id\":\"https:\/\/blogs.thesocialmedia.com\/leblogmoto\/#website\",\"url\":\"https:\/\/blogs.thesocialmedia.com\/leblogmoto\/\",\"name\":\"leblogmoto\",\"description\":\"Toute l&#039;actualit\u00e9 des 2 roues\",\"potentialAction\":[{\"@type\":\"SearchAction\",\"target\":{\"@type\":\"EntryPoint\",\"urlTemplate\":\"https:\/\/blogs.thesocialmedia.com\/leblogmoto\/?s={search_term_string}\"},\"query-input\":{\"@type\":\"PropertyValueSpecification\",\"valueRequired\":true,\"valueName\":\"search_term_string\"}}],\"inLanguage\":\"fr-FR\"},{\"@type\":\"Person\",\"@id\":\"https:\/\/blogs.thesocialmedia.com\/leblogmoto\/#\/schema\/person\/112bf3448e55eeb119f6276bbf85b8e7\",\"name\":\"daniel bour\",\"image\":{\"@type\":\"ImageObject\",\"inLanguage\":\"fr-FR\",\"@id\":\"https:\/\/blogs.thesocialmedia.com\/leblogmoto\/#\/schema\/person\/image\/\",\"url\":\"https:\/\/secure.gravatar.com\/avatar\/?s=96&d=mm&r=g\",\"contentUrl\":\"https:\/\/secure.gravatar.com\/avatar\/?s=96&d=mm&r=g\",\"caption\":\"daniel bour\"},\"url\":\"https:\/\/blogs.thesocialmedia.com\/leblogmoto\/author\/daniel-bour\/\"}]}<\/script>\n<!-- \/ Yoast SEO plugin. -->","yoast_head_json":{"title":"Honda Dylan 125 - leblogmoto.com","robots":{"index":"index","follow":"follow","max-snippet":"max-snippet:-1","max-image-preview":"max-image-preview:large","max-video-preview":"max-video-preview:-1"},"canonical":"https:\/\/blogs.thesocialmedia.com\/leblogmoto\/2005\/11\/03\/honda-dylan-125\/","twitter_card":"summary_large_image","twitter_title":"Honda Dylan 125 - leblogmoto.com","twitter_description":"Dynamique, sportif et dessin\u00e9 pour le plaisir, voil\u00e0 ce qui caract\u00e9rise le Honda Dylan 125. D\u00e9riv\u00e9 du @ son \u00e9quipement est moins luxueux mois conserve n\u00e9anmoins une instrumentation compl\u00e8te, un porte-paquets et des rangement cons\u00e9quents. Conservant les roues de 13 pouces mont\u00e9es sur des jantes aluminium, il re\u00e7oit une face avant plus pointu lui donnant [&hellip;]","twitter_image":"http:\/\/www.leblogmoto.com\/images\/dylan.jpg","twitter_misc":{"\u00c9crit par":"daniel bour","Dur\u00e9e de lecture estim\u00e9e":"1 minute"},"schema":{"@context":"https:\/\/schema.org","@graph":[{"@type":"WebPage","@id":"https:\/\/blogs.thesocialmedia.com\/leblogmoto\/2005\/11\/03\/honda-dylan-125\/","url":"https:\/\/blogs.thesocialmedia.com\/leblogmoto\/2005\/11\/03\/honda-dylan-125\/","name":"Honda Dylan 125 - leblogmoto.com","isPartOf":{"@id":"https:\/\/blogs.thesocialmedia.com\/leblogmoto\/#website"},"primaryImageOfPage":{"@id":"https:\/\/blogs.thesocialmedia.com\/leblogmoto\/2005\/11\/03\/honda-dylan-125\/#primaryimage"},"image":{"@id":"https:\/\/blogs.thesocialmedia.com\/leblogmoto\/2005\/11\/03\/honda-dylan-125\/#primaryimage"},"thumbnailUrl":"http:\/\/www.leblogmoto.com\/images\/dylan.jpg","datePublished":"2005-11-03T11:17:11+00:00","dateModified":"2012-07-11T14:04:28+00:00","author":{"@id":"https:\/\/blogs.thesocialmedia.com\/leblogmoto\/#\/schema\/person\/112bf3448e55eeb119f6276bbf85b8e7"},"breadcrumb":{"@id":"https:\/\/blogs.thesocialmedia.com\/leblogmoto\/2005\/11\/03\/honda-dylan-125\/#breadcrumb"},"inLanguage":"fr-FR","potentialAction":[{"@type":"ReadAction","target":["https:\/\/blogs.thesocialmedia.com\/leblogmoto\/2005\/11\/03\/honda-dylan-125\/"]}]},{"@type":"ImageObject","inLanguage":"fr-FR","@id":"https:\/\/blogs.thesocialmedia.com\/leblogmoto\/2005\/11\/03\/honda-dylan-125\/#primaryimage","url":"http:\/\/www.leblogmoto.com\/images\/dylan.jpg","contentUrl":"http:\/\/www.leblogmoto.com\/images\/dylan.jpg"},{"@type":"BreadcrumbList","@id":"https:\/\/blogs.thesocialmedia.com\/leblogmoto\/2005\/11\/03\/honda-dylan-125\/#breadcrumb","itemListElement":[{"@type":"ListItem","position":1,"name":"Accueil","item":"https:\/\/blogs.thesocialmedia.com\/leblogmoto\/"},{"@type":"ListItem","position":2,"name":"Honda Dylan 125"}]},{"@type":"WebSite","@id":"https:\/\/blogs.thesocialmedia.com\/leblogmoto\/#website","url":"https:\/\/blogs.thesocialmedia.com\/leblogmoto\/","name":"leblogmoto","description":"Toute l&#039;actualit\u00e9 des 2 roues","potentialAction":[{"@type":"SearchAction","target":{"@type":"EntryPoint","urlTemplate":"https:\/\/blogs.thesocialmedia.com\/leblogmoto\/?s={search_term_string}"},"query-input":{"@type":"PropertyValueSpecification","valueRequired":true,"valueName":"search_term_string"}}],"inLanguage":"fr-FR"},{"@type":"Person","@id":"https:\/\/blogs.thesocialmedia.com\/leblogmoto\/#\/schema\/person\/112bf3448e55eeb119f6276bbf85b8e7","name":"daniel bour","image":{"@type":"ImageObject","inLanguage":"fr-FR","@id":"https:\/\/blogs.thesocialmedia.com\/leblogmoto\/#\/schema\/person\/image\/","url":"https:\/\/secure.gravatar.com\/avatar\/?s=96&d=mm&r=g","contentUrl":"https:\/\/secure.gravatar.com\/avatar\/?s=96&d=mm&r=g","caption":"daniel bour"},"url":"https:\/\/blogs.thesocialmedia.com\/leblogmoto\/author\/daniel-bour\/"}]}},"_links":{"self":[{"href":"https:\/\/blogs.thesocialmedia.com\/leblogmoto\/wp-json\/wp\/v2\/posts\/2288","targetHints":{"allow":["GET"]}}],"collection":[{"href":"https:\/\/blogs.thesocialmedia.com\/leblogmoto\/wp-json\/wp\/v2\/posts"}],"about":[{"href":"https:\/\/blogs.thesocialmedia.com\/leblogmoto\/wp-json\/wp\/v2\/types\/post"}],"author":[{"embeddable":true,"href":"https:\/\/blogs.thesocialmedia.com\/leblogmoto\/wp-json\/wp\/v2\/users\/339"}],"replies":[{"embeddable":true,"href":"https:\/\/blogs.thesocialmedia.com\/leblogmoto\/wp-json\/wp\/v2\/comments?post=2288"}],"version-history":[{"count":2,"href":"https:\/\/blogs.thesocialmedia.com\/leblogmoto\/wp-json\/wp\/v2\/posts\/2288\/revisions"}],"predecessor-version":[{"id":6490,"href":"https:\/\/blogs.thesocialmedia.com\/leblogmoto\/wp-json\/wp\/v2\/posts\/2288\/revisions\/6490"}],"wp:attachment":[{"href":"https:\/\/blogs.thesocialmedia.com\/leblogmoto\/wp-json\/wp\/v2\/media?parent=2288"}],"wp:term":[{"taxonomy":"category","embeddable":true,"href":"https:\/\/blogs.thesocialmedia.com\/leblogmoto\/wp-json\/wp\/v2\/categories?post=2288"},{"taxonomy":"post_tag","embeddable":true,"href":"https:\/\/blogs.thesocialmedia.com\/leblogmoto\/wp-json\/wp\/v2\/tags?post=2288"}],"curies":[{"name":"wp","href":"https:\/\/api.w.org\/{rel}","templated":true}]}}