{"id":229,"date":"2009-03-11T23:09:57","date_gmt":"2009-03-11T23:09:57","guid":{"rendered":"http:\/\/blogs.thesocialmedia.com\/leblogmoto\/2009\/03\/11\/la-moto-chez-so\/"},"modified":"2012-07-11T17:12:30","modified_gmt":"2012-07-11T17:12:30","slug":"la-moto-chez-so","status":"publish","type":"post","link":"https:\/\/blogs.thesocialmedia.com\/leblogmoto\/2009\/03\/11\/la-moto-chez-so\/","title":{"rendered":"La moto chez soi"},"content":{"rendered":"<p><a href=\"http:\/\/blogs.thesocialmedia.com\/leblogmoto\/files\/2012\/07\/motomaison1.jpg\"><img loading=\"lazy\" decoding=\"async\" width=\"470\" height=\"194\"  src=\"http:\/\/www.leblogmoto.com\/images\/2009\/03\/11\/motomaison1.jpg\" alt=\"Motomaison1\" \/><\/a> <\/p>\n<p>\u00catre au <a href=\"http:\/\/www.leblogauto.com\/\">Blog Auto<\/a>, un sujet pareil n\u2019aurait pas sa raison d\u2019\u00eatre, imaginez, des appartements avec des garages pour auto, quelle r\u00e9volution!<br \/>Mais ici, on est au Japon, et l\u2019espace urbain y est \u00e9triqu\u00e9. Toutes les solutions sont donc bonnes pour le maximiser, comme favoriser l\u2019utilisation de la moto \u00e0 partir de l\u2019architecture.<\/p>\n<p>La particularit\u00e9 de ce projet par <a href=\"http:\/\/nakae-a.jp\/works_neap_e.html\">Nakae Architects Inc.<\/a> est la place faite aux motos, qui occupe tout l\u2019espace du rez-de-chauss\u00e9e de l\u2019\u00e9difice de 3 \u00e9tages en forme de <a href=\"http:\/\/tenplusone.inax.co.jp\/archives\/2008\/02\/29213418.html\">U stylis\u00e9<\/a>.<br \/>Chaque r\u00e9sidence se d\u00e9cline sur 3 paliers, la moto partageant la surface allou\u00e9e avec certains appareils essentiels \u00e0 notre domesticit\u00e9 moderne. Les lieux semblent spartiates, pour la photog\u00e9nie des images sans doute, \u00e0 moins que les motards japonais soient peu enclins au chaos du quotidien. Le sol semble \u00e9trangement tout aussi immacul\u00e9, c\u2019est donc vrai que les motos japonaises n\u2019ont pas de fuites!?<\/p>\n<p><a href=\"http:\/\/clabedan.typepad.com\/.shared\/image.html?\/photos\/uncategorized\/2009\/03\/11\/motomaison2_2.jpg\"><img loading=\"lazy\" decoding=\"async\" width=\"470\" height=\"163\"  src=\"http:\/\/www.leblogmoto.com\/images\/2009\/03\/11\/motomaison2_2.jpg\" alt=\"Motomaison2_2\" \/><\/a> <\/p>\n<p><a href=\"http:\/\/blogs.thesocialmedia.com\/leblogmoto\/files\/2012\/07\/motomaison3.jpg\"><img loading=\"lazy\" decoding=\"async\" width=\"470\" height=\"315\"  src=\"http:\/\/www.leblogmoto.com\/images\/2009\/03\/11\/motomaison3.jpg\" alt=\"Motomaison3\" \/><\/a> <\/p>\n<p><a href=\"http:\/\/blogs.thesocialmedia.com\/leblogmoto\/files\/2012\/07\/motomaison4.jpg\"><img loading=\"lazy\" decoding=\"async\" width=\"470\" height=\"215\"  src=\"http:\/\/www.leblogmoto.com\/images\/2009\/03\/11\/motomaison4.jpg\" alt=\"Motomaison4\" \/><\/a> <\/p>\n<p><a href=\"http:\/\/blogs.thesocialmedia.com\/leblogmoto\/files\/2012\/07\/motomaison5.jpg\"><img loading=\"lazy\" decoding=\"async\" width=\"470\" height=\"214\"  src=\"http:\/\/www.leblogmoto.com\/images\/2009\/03\/11\/motomaison5.jpg\" alt=\"Motomaison5\" \/><\/a> <\/p>\n","protected":false},"excerpt":{"rendered":"<p>\u00catre au Blog Auto, un sujet pareil n\u2019aurait pas sa raison d\u2019\u00eatre, imaginez, des appartements avec des garages pour auto, quelle r\u00e9volution!Mais ici, on est au Japon, et l\u2019espace urbain y est \u00e9triqu\u00e9. Toutes les solutions sont donc bonnes pour le maximiser, comme favoriser l\u2019utilisation de la moto \u00e0 partir de l\u2019architecture. La particularit\u00e9 de [&hellip;]<\/p>\n","protected":false},"author":325,"featured_media":0,"comment_status":"open","ping_status":"open","sticky":false,"template":"","format":"standard","meta":{"footnotes":""},"categories":[17,58],"tags":[],"class_list":["post-229","post","type-post","status-publish","format-standard","hentry","category-divers","category-insolite"],"yoast_head":"<!-- This site is optimized with the Yoast SEO plugin v26.0 - https:\/\/yoast.com\/wordpress\/plugins\/seo\/ -->\n<title>La moto chez soi - leblogmoto.com<\/title>\n<meta name=\"robots\" content=\"index, follow, max-snippet:-1, max-image-preview:large, max-video-preview:-1\" \/>\n<link rel=\"canonical\" href=\"https:\/\/blogs.thesocialmedia.com\/leblogmoto\/2009\/03\/11\/la-moto-chez-so\/\" \/>\n<meta name=\"twitter:card\" content=\"summary_large_image\" \/>\n<meta name=\"twitter:title\" content=\"La moto chez soi - leblogmoto.com\" \/>\n<meta name=\"twitter:description\" content=\"\u00catre au Blog Auto, un sujet pareil n\u2019aurait pas sa raison d\u2019\u00eatre, imaginez, des appartements avec des garages pour auto, quelle r\u00e9volution!Mais ici, on est au Japon, et l\u2019espace urbain y est \u00e9triqu\u00e9. Toutes les solutions sont donc bonnes pour le maximiser, comme favoriser l\u2019utilisation de la moto \u00e0 partir de l\u2019architecture. La particularit\u00e9 de [&hellip;]\" \/>\n<meta name=\"twitter:image\" content=\"http:\/\/www.leblogmoto.com\/images\/2009\/03\/11\/motomaison1.jpg\" \/>\n<meta name=\"twitter:label1\" content=\"\u00c9crit par\" \/>\n\t<meta name=\"twitter:data1\" content=\"jacques lesage\" \/>\n\t<meta name=\"twitter:label2\" content=\"Dur\u00e9e de lecture estim\u00e9e\" \/>\n\t<meta name=\"twitter:data2\" content=\"1 minute\" \/>\n<script type=\"application\/ld+json\" class=\"yoast-schema-graph\">{\"@context\":\"https:\/\/schema.org\",\"@graph\":[{\"@type\":\"WebPage\",\"@id\":\"https:\/\/blogs.thesocialmedia.com\/leblogmoto\/2009\/03\/11\/la-moto-chez-so\/\",\"url\":\"https:\/\/blogs.thesocialmedia.com\/leblogmoto\/2009\/03\/11\/la-moto-chez-so\/\",\"name\":\"La moto chez soi - leblogmoto.com\",\"isPartOf\":{\"@id\":\"https:\/\/blogs.thesocialmedia.com\/leblogmoto\/#website\"},\"primaryImageOfPage\":{\"@id\":\"https:\/\/blogs.thesocialmedia.com\/leblogmoto\/2009\/03\/11\/la-moto-chez-so\/#primaryimage\"},\"image\":{\"@id\":\"https:\/\/blogs.thesocialmedia.com\/leblogmoto\/2009\/03\/11\/la-moto-chez-so\/#primaryimage\"},\"thumbnailUrl\":\"http:\/\/www.leblogmoto.com\/images\/2009\/03\/11\/motomaison1.jpg\",\"datePublished\":\"2009-03-11T23:09:57+00:00\",\"dateModified\":\"2012-07-11T17:12:30+00:00\",\"author\":{\"@id\":\"https:\/\/blogs.thesocialmedia.com\/leblogmoto\/#\/schema\/person\/e82a0ca8a9a63d031586097a3ed58526\"},\"breadcrumb\":{\"@id\":\"https:\/\/blogs.thesocialmedia.com\/leblogmoto\/2009\/03\/11\/la-moto-chez-so\/#breadcrumb\"},\"inLanguage\":\"fr-FR\",\"potentialAction\":[{\"@type\":\"ReadAction\",\"target\":[\"https:\/\/blogs.thesocialmedia.com\/leblogmoto\/2009\/03\/11\/la-moto-chez-so\/\"]}]},{\"@type\":\"ImageObject\",\"inLanguage\":\"fr-FR\",\"@id\":\"https:\/\/blogs.thesocialmedia.com\/leblogmoto\/2009\/03\/11\/la-moto-chez-so\/#primaryimage\",\"url\":\"http:\/\/www.leblogmoto.com\/images\/2009\/03\/11\/motomaison1.jpg\",\"contentUrl\":\"http:\/\/www.leblogmoto.com\/images\/2009\/03\/11\/motomaison1.jpg\"},{\"@type\":\"BreadcrumbList\",\"@id\":\"https:\/\/blogs.thesocialmedia.com\/leblogmoto\/2009\/03\/11\/la-moto-chez-so\/#breadcrumb\",\"itemListElement\":[{\"@type\":\"ListItem\",\"position\":1,\"name\":\"Accueil\",\"item\":\"https:\/\/blogs.thesocialmedia.com\/leblogmoto\/\"},{\"@type\":\"ListItem\",\"position\":2,\"name\":\"La moto chez soi\"}]},{\"@type\":\"WebSite\",\"@id\":\"https:\/\/blogs.thesocialmedia.com\/leblogmoto\/#website\",\"url\":\"https:\/\/blogs.thesocialmedia.com\/leblogmoto\/\",\"name\":\"leblogmoto\",\"description\":\"Toute l&#039;actualit\u00e9 des 2 roues\",\"potentialAction\":[{\"@type\":\"SearchAction\",\"target\":{\"@type\":\"EntryPoint\",\"urlTemplate\":\"https:\/\/blogs.thesocialmedia.com\/leblogmoto\/?s={search_term_string}\"},\"query-input\":{\"@type\":\"PropertyValueSpecification\",\"valueRequired\":true,\"valueName\":\"search_term_string\"}}],\"inLanguage\":\"fr-FR\"},{\"@type\":\"Person\",\"@id\":\"https:\/\/blogs.thesocialmedia.com\/leblogmoto\/#\/schema\/person\/e82a0ca8a9a63d031586097a3ed58526\",\"name\":\"jacques lesage\",\"image\":{\"@type\":\"ImageObject\",\"inLanguage\":\"fr-FR\",\"@id\":\"https:\/\/blogs.thesocialmedia.com\/leblogmoto\/#\/schema\/person\/image\/\",\"url\":\"https:\/\/secure.gravatar.com\/avatar\/?s=96&d=mm&r=g\",\"contentUrl\":\"https:\/\/secure.gravatar.com\/avatar\/?s=96&d=mm&r=g\",\"caption\":\"jacques lesage\"},\"url\":\"https:\/\/blogs.thesocialmedia.com\/leblogmoto\/author\/jacques-lesage\/\"}]}<\/script>\n<!-- \/ Yoast SEO plugin. -->","yoast_head_json":{"title":"La moto chez soi - leblogmoto.com","robots":{"index":"index","follow":"follow","max-snippet":"max-snippet:-1","max-image-preview":"max-image-preview:large","max-video-preview":"max-video-preview:-1"},"canonical":"https:\/\/blogs.thesocialmedia.com\/leblogmoto\/2009\/03\/11\/la-moto-chez-so\/","twitter_card":"summary_large_image","twitter_title":"La moto chez soi - leblogmoto.com","twitter_description":"\u00catre au Blog Auto, un sujet pareil n\u2019aurait pas sa raison d\u2019\u00eatre, imaginez, des appartements avec des garages pour auto, quelle r\u00e9volution!Mais ici, on est au Japon, et l\u2019espace urbain y est \u00e9triqu\u00e9. Toutes les solutions sont donc bonnes pour le maximiser, comme favoriser l\u2019utilisation de la moto \u00e0 partir de l\u2019architecture. La particularit\u00e9 de [&hellip;]","twitter_image":"http:\/\/www.leblogmoto.com\/images\/2009\/03\/11\/motomaison1.jpg","twitter_misc":{"\u00c9crit par":"jacques lesage","Dur\u00e9e de lecture estim\u00e9e":"1 minute"},"schema":{"@context":"https:\/\/schema.org","@graph":[{"@type":"WebPage","@id":"https:\/\/blogs.thesocialmedia.com\/leblogmoto\/2009\/03\/11\/la-moto-chez-so\/","url":"https:\/\/blogs.thesocialmedia.com\/leblogmoto\/2009\/03\/11\/la-moto-chez-so\/","name":"La moto chez soi - leblogmoto.com","isPartOf":{"@id":"https:\/\/blogs.thesocialmedia.com\/leblogmoto\/#website"},"primaryImageOfPage":{"@id":"https:\/\/blogs.thesocialmedia.com\/leblogmoto\/2009\/03\/11\/la-moto-chez-so\/#primaryimage"},"image":{"@id":"https:\/\/blogs.thesocialmedia.com\/leblogmoto\/2009\/03\/11\/la-moto-chez-so\/#primaryimage"},"thumbnailUrl":"http:\/\/www.leblogmoto.com\/images\/2009\/03\/11\/motomaison1.jpg","datePublished":"2009-03-11T23:09:57+00:00","dateModified":"2012-07-11T17:12:30+00:00","author":{"@id":"https:\/\/blogs.thesocialmedia.com\/leblogmoto\/#\/schema\/person\/e82a0ca8a9a63d031586097a3ed58526"},"breadcrumb":{"@id":"https:\/\/blogs.thesocialmedia.com\/leblogmoto\/2009\/03\/11\/la-moto-chez-so\/#breadcrumb"},"inLanguage":"fr-FR","potentialAction":[{"@type":"ReadAction","target":["https:\/\/blogs.thesocialmedia.com\/leblogmoto\/2009\/03\/11\/la-moto-chez-so\/"]}]},{"@type":"ImageObject","inLanguage":"fr-FR","@id":"https:\/\/blogs.thesocialmedia.com\/leblogmoto\/2009\/03\/11\/la-moto-chez-so\/#primaryimage","url":"http:\/\/www.leblogmoto.com\/images\/2009\/03\/11\/motomaison1.jpg","contentUrl":"http:\/\/www.leblogmoto.com\/images\/2009\/03\/11\/motomaison1.jpg"},{"@type":"BreadcrumbList","@id":"https:\/\/blogs.thesocialmedia.com\/leblogmoto\/2009\/03\/11\/la-moto-chez-so\/#breadcrumb","itemListElement":[{"@type":"ListItem","position":1,"name":"Accueil","item":"https:\/\/blogs.thesocialmedia.com\/leblogmoto\/"},{"@type":"ListItem","position":2,"name":"La moto chez soi"}]},{"@type":"WebSite","@id":"https:\/\/blogs.thesocialmedia.com\/leblogmoto\/#website","url":"https:\/\/blogs.thesocialmedia.com\/leblogmoto\/","name":"leblogmoto","description":"Toute l&#039;actualit\u00e9 des 2 roues","potentialAction":[{"@type":"SearchAction","target":{"@type":"EntryPoint","urlTemplate":"https:\/\/blogs.thesocialmedia.com\/leblogmoto\/?s={search_term_string}"},"query-input":{"@type":"PropertyValueSpecification","valueRequired":true,"valueName":"search_term_string"}}],"inLanguage":"fr-FR"},{"@type":"Person","@id":"https:\/\/blogs.thesocialmedia.com\/leblogmoto\/#\/schema\/person\/e82a0ca8a9a63d031586097a3ed58526","name":"jacques lesage","image":{"@type":"ImageObject","inLanguage":"fr-FR","@id":"https:\/\/blogs.thesocialmedia.com\/leblogmoto\/#\/schema\/person\/image\/","url":"https:\/\/secure.gravatar.com\/avatar\/?s=96&d=mm&r=g","contentUrl":"https:\/\/secure.gravatar.com\/avatar\/?s=96&d=mm&r=g","caption":"jacques lesage"},"url":"https:\/\/blogs.thesocialmedia.com\/leblogmoto\/author\/jacques-lesage\/"}]}},"_links":{"self":[{"href":"https:\/\/blogs.thesocialmedia.com\/leblogmoto\/wp-json\/wp\/v2\/posts\/229","targetHints":{"allow":["GET"]}}],"collection":[{"href":"https:\/\/blogs.thesocialmedia.com\/leblogmoto\/wp-json\/wp\/v2\/posts"}],"about":[{"href":"https:\/\/blogs.thesocialmedia.com\/leblogmoto\/wp-json\/wp\/v2\/types\/post"}],"author":[{"embeddable":true,"href":"https:\/\/blogs.thesocialmedia.com\/leblogmoto\/wp-json\/wp\/v2\/users\/325"}],"replies":[{"embeddable":true,"href":"https:\/\/blogs.thesocialmedia.com\/leblogmoto\/wp-json\/wp\/v2\/comments?post=229"}],"version-history":[{"count":2,"href":"https:\/\/blogs.thesocialmedia.com\/leblogmoto\/wp-json\/wp\/v2\/posts\/229\/revisions"}],"predecessor-version":[{"id":12942,"href":"https:\/\/blogs.thesocialmedia.com\/leblogmoto\/wp-json\/wp\/v2\/posts\/229\/revisions\/12942"}],"wp:attachment":[{"href":"https:\/\/blogs.thesocialmedia.com\/leblogmoto\/wp-json\/wp\/v2\/media?parent=229"}],"wp:term":[{"taxonomy":"category","embeddable":true,"href":"https:\/\/blogs.thesocialmedia.com\/leblogmoto\/wp-json\/wp\/v2\/categories?post=229"},{"taxonomy":"post_tag","embeddable":true,"href":"https:\/\/blogs.thesocialmedia.com\/leblogmoto\/wp-json\/wp\/v2\/tags?post=229"}],"curies":[{"name":"wp","href":"https:\/\/api.w.org\/{rel}","templated":true}]}}