{"id":2298,"date":"2005-10-30T19:02:45","date_gmt":"2005-10-30T19:02:45","guid":{"rendered":"http:\/\/blogs.thesocialmedia.com\/leblogmoto\/2005\/10\/30\/la-combi-de-ros\/"},"modified":"2012-07-11T14:03:50","modified_gmt":"2012-07-11T14:03:50","slug":"la-combi-de-ros","status":"publish","type":"post","link":"https:\/\/blogs.thesocialmedia.com\/leblogmoto\/2005\/10\/30\/la-combi-de-ros\/","title":{"rendered":"La combi de Rossi en vente sur Ebay"},"content":{"rendered":"<p><a href=\"http:\/\/blogs.thesocialmedia.com\/leblogmoto\/files\/2012\/07\/combi_rossi_1.jpg\"><img loading=\"lazy\" decoding=\"async\" width=\"250\" height=\"187\"  src=\"http:\/\/www.leblogmoto.com\/images\/combi_rossi_1.jpg\" alt=\"Combi_rossi_1\" style=\"margin: 0px 5px 5px 0px;float: left\" \/><\/a>Si vous \u00eates fan du pilote de g\u00e9nie italien <a href=\"http:\/\/www.leblogmoto.com\/2005\/09\/motogp_valentin_1.html\">Valentino Rossi<\/a>, vous pourrez peut \u00eatre remporter la vente aux ench\u00e8res organis\u00e9e par l\u2019\u00e9quipementier Dainese sur le site Internet Ebay. Pour l\u2019acqu\u00e9rir il vous faudra avoir le porte-monnaie bien remplie puisque les euros vont couler \u00e0 flot pour cette authentique pi\u00e8ce de collection que vont s\u2019arracher les passionn\u00e9s de moto du monde entier. A l\u2019heure de l\u2019\u00e9criture de cet article, la combi s\u2019affichait \u00e0 34 050 \u20ac ! De plus, l\u2019heureux vainqueur des ench\u00e8res sera invit\u00e9 \u00e0 prendre possession de sa combi dans le nouveau magasin Dainese \u00e0 Vicenza en Italie o\u00f9 il recevra un certificat d\u2019authenticit\u00e9 des mains du pr\u00e9sident de la marque : Lino Dainese. Cette combinaison int\u00e9grale est celle que Rossi a utilis\u00e9 lors du grand prix d\u2019Allemagne <a href=\"http:\/\/www.leblogmoto.com\/motogp\/index.html\">MotoGP<\/a> durant lequel il a chut\u00e9 lors des essais libres. En cons\u00e9quence, la combi est marqu\u00e9e au niveau du genou et coude gauches, mais pour oublier ces petits d\u00e9fauts, Rossi a appos\u00e9 son autographe par-dessus. La vente aux ench\u00e8res a d\u00e9but\u00e9 le 27 octobre et se terminera le 2 novembre. Les b\u00e9n\u00e9fices g\u00e9n\u00e9r\u00e9s par la vente iront \u00e0 l\u2019Universit\u00e9 de Padoue afin de financer le programme de recherche pour la s\u00e9curit\u00e9 des pilotes de moto. <a href=\"http:\/\/cgi.ebay.fr\/Valentino-Rossis-original-suite-by-Dainese-for-charity_W0QQitemZ8714818786QQcategoryZ27408QQssPageNameZWDVWQQrdZ1QQcmdZViewItem\">Bonnes ench\u00e8res<\/a>, il vous reste 3 jours et 15 heures !<\/p>\n<p><a href=\"http:\/\/clabedan.typepad.com\/.shared\/image.html?\/photos\/uncategorized\/combi_rossi_2.jpg\"><img loading=\"lazy\" decoding=\"async\" width=\"470\" height=\"352\"  src=\"http:\/\/www.leblogmoto.com\/images\/combi_rossi_2.jpg\" alt=\"Combi_rossi_2\" style=\"margin: 0px 5px 5px 0px;float: left\" \/><\/a><\/p>\n<\/p>\n<\/p>\n<\/p>\n<\/p>\n<\/p>\n<\/p>\n<p><strong><u>Sources<\/u><\/strong> : <a href=\"www.motogp.com\">motoGP.com<\/a><\/p>\n<p>&nbsp;<\/p>\n","protected":false},"excerpt":{"rendered":"<p>Si vous \u00eates fan du pilote de g\u00e9nie italien Valentino Rossi, vous pourrez peut \u00eatre remporter la vente aux ench\u00e8res organis\u00e9e par l\u2019\u00e9quipementier Dainese sur le site Internet Ebay. Pour l\u2019acqu\u00e9rir il vous faudra avoir le porte-monnaie bien remplie puisque les euros vont couler \u00e0 flot pour cette authentique pi\u00e8ce de collection que vont s\u2019arracher [&hellip;]<\/p>\n","protected":false},"author":338,"featured_media":0,"comment_status":"open","ping_status":"open","sticky":false,"template":"","format":"standard","meta":{"footnotes":""},"categories":[3,17,22,27],"tags":[],"class_list":["post-2298","post","type-post","status-publish","format-standard","hentry","category-actualite","category-divers","category-motogp","category-securite"],"yoast_head":"<!-- This site is optimized with the Yoast SEO plugin v26.0 - https:\/\/yoast.com\/wordpress\/plugins\/seo\/ -->\n<title>La combi de Rossi en vente sur Ebay - leblogmoto.com<\/title>\n<meta name=\"robots\" content=\"index, follow, max-snippet:-1, max-image-preview:large, max-video-preview:-1\" \/>\n<link rel=\"canonical\" href=\"https:\/\/blogs.thesocialmedia.com\/leblogmoto\/2005\/10\/30\/la-combi-de-ros\/\" \/>\n<meta name=\"twitter:card\" content=\"summary_large_image\" \/>\n<meta name=\"twitter:title\" content=\"La combi de Rossi en vente sur Ebay - leblogmoto.com\" \/>\n<meta name=\"twitter:description\" content=\"Si vous \u00eates fan du pilote de g\u00e9nie italien Valentino Rossi, vous pourrez peut \u00eatre remporter la vente aux ench\u00e8res organis\u00e9e par l\u2019\u00e9quipementier Dainese sur le site Internet Ebay. Pour l\u2019acqu\u00e9rir il vous faudra avoir le porte-monnaie bien remplie puisque les euros vont couler \u00e0 flot pour cette authentique pi\u00e8ce de collection que vont s\u2019arracher [&hellip;]\" \/>\n<meta name=\"twitter:image\" content=\"http:\/\/www.leblogmoto.com\/images\/combi_rossi_1.jpg\" \/>\n<meta name=\"twitter:label1\" content=\"\u00c9crit par\" \/>\n\t<meta name=\"twitter:data1\" content=\"vincent vaillant\" \/>\n\t<meta name=\"twitter:label2\" content=\"Dur\u00e9e de lecture estim\u00e9e\" \/>\n\t<meta name=\"twitter:data2\" content=\"1 minute\" \/>\n<script type=\"application\/ld+json\" class=\"yoast-schema-graph\">{\"@context\":\"https:\/\/schema.org\",\"@graph\":[{\"@type\":\"WebPage\",\"@id\":\"https:\/\/blogs.thesocialmedia.com\/leblogmoto\/2005\/10\/30\/la-combi-de-ros\/\",\"url\":\"https:\/\/blogs.thesocialmedia.com\/leblogmoto\/2005\/10\/30\/la-combi-de-ros\/\",\"name\":\"La combi de Rossi en vente sur Ebay - leblogmoto.com\",\"isPartOf\":{\"@id\":\"https:\/\/blogs.thesocialmedia.com\/leblogmoto\/#website\"},\"primaryImageOfPage\":{\"@id\":\"https:\/\/blogs.thesocialmedia.com\/leblogmoto\/2005\/10\/30\/la-combi-de-ros\/#primaryimage\"},\"image\":{\"@id\":\"https:\/\/blogs.thesocialmedia.com\/leblogmoto\/2005\/10\/30\/la-combi-de-ros\/#primaryimage\"},\"thumbnailUrl\":\"http:\/\/www.leblogmoto.com\/images\/combi_rossi_1.jpg\",\"datePublished\":\"2005-10-30T19:02:45+00:00\",\"dateModified\":\"2012-07-11T14:03:50+00:00\",\"author\":{\"@id\":\"https:\/\/blogs.thesocialmedia.com\/leblogmoto\/#\/schema\/person\/80d2a078dbdb8b60abbd76bae6011f19\"},\"breadcrumb\":{\"@id\":\"https:\/\/blogs.thesocialmedia.com\/leblogmoto\/2005\/10\/30\/la-combi-de-ros\/#breadcrumb\"},\"inLanguage\":\"fr-FR\",\"potentialAction\":[{\"@type\":\"ReadAction\",\"target\":[\"https:\/\/blogs.thesocialmedia.com\/leblogmoto\/2005\/10\/30\/la-combi-de-ros\/\"]}]},{\"@type\":\"ImageObject\",\"inLanguage\":\"fr-FR\",\"@id\":\"https:\/\/blogs.thesocialmedia.com\/leblogmoto\/2005\/10\/30\/la-combi-de-ros\/#primaryimage\",\"url\":\"http:\/\/www.leblogmoto.com\/images\/combi_rossi_1.jpg\",\"contentUrl\":\"http:\/\/www.leblogmoto.com\/images\/combi_rossi_1.jpg\"},{\"@type\":\"BreadcrumbList\",\"@id\":\"https:\/\/blogs.thesocialmedia.com\/leblogmoto\/2005\/10\/30\/la-combi-de-ros\/#breadcrumb\",\"itemListElement\":[{\"@type\":\"ListItem\",\"position\":1,\"name\":\"Accueil\",\"item\":\"https:\/\/blogs.thesocialmedia.com\/leblogmoto\/\"},{\"@type\":\"ListItem\",\"position\":2,\"name\":\"La combi de Rossi en vente sur Ebay\"}]},{\"@type\":\"WebSite\",\"@id\":\"https:\/\/blogs.thesocialmedia.com\/leblogmoto\/#website\",\"url\":\"https:\/\/blogs.thesocialmedia.com\/leblogmoto\/\",\"name\":\"leblogmoto\",\"description\":\"Toute l&#039;actualit\u00e9 des 2 roues\",\"potentialAction\":[{\"@type\":\"SearchAction\",\"target\":{\"@type\":\"EntryPoint\",\"urlTemplate\":\"https:\/\/blogs.thesocialmedia.com\/leblogmoto\/?s={search_term_string}\"},\"query-input\":{\"@type\":\"PropertyValueSpecification\",\"valueRequired\":true,\"valueName\":\"search_term_string\"}}],\"inLanguage\":\"fr-FR\"},{\"@type\":\"Person\",\"@id\":\"https:\/\/blogs.thesocialmedia.com\/leblogmoto\/#\/schema\/person\/80d2a078dbdb8b60abbd76bae6011f19\",\"name\":\"vincent vaillant\",\"image\":{\"@type\":\"ImageObject\",\"inLanguage\":\"fr-FR\",\"@id\":\"https:\/\/blogs.thesocialmedia.com\/leblogmoto\/#\/schema\/person\/image\/\",\"url\":\"https:\/\/secure.gravatar.com\/avatar\/?s=96&d=mm&r=g\",\"contentUrl\":\"https:\/\/secure.gravatar.com\/avatar\/?s=96&d=mm&r=g\",\"caption\":\"vincent vaillant\"},\"url\":\"https:\/\/blogs.thesocialmedia.com\/leblogmoto\/author\/vincent-vaillant\/\"}]}<\/script>\n<!-- \/ Yoast SEO plugin. -->","yoast_head_json":{"title":"La combi de Rossi en vente sur Ebay - leblogmoto.com","robots":{"index":"index","follow":"follow","max-snippet":"max-snippet:-1","max-image-preview":"max-image-preview:large","max-video-preview":"max-video-preview:-1"},"canonical":"https:\/\/blogs.thesocialmedia.com\/leblogmoto\/2005\/10\/30\/la-combi-de-ros\/","twitter_card":"summary_large_image","twitter_title":"La combi de Rossi en vente sur Ebay - leblogmoto.com","twitter_description":"Si vous \u00eates fan du pilote de g\u00e9nie italien Valentino Rossi, vous pourrez peut \u00eatre remporter la vente aux ench\u00e8res organis\u00e9e par l\u2019\u00e9quipementier Dainese sur le site Internet Ebay. Pour l\u2019acqu\u00e9rir il vous faudra avoir le porte-monnaie bien remplie puisque les euros vont couler \u00e0 flot pour cette authentique pi\u00e8ce de collection que vont s\u2019arracher [&hellip;]","twitter_image":"http:\/\/www.leblogmoto.com\/images\/combi_rossi_1.jpg","twitter_misc":{"\u00c9crit par":"vincent vaillant","Dur\u00e9e de lecture estim\u00e9e":"1 minute"},"schema":{"@context":"https:\/\/schema.org","@graph":[{"@type":"WebPage","@id":"https:\/\/blogs.thesocialmedia.com\/leblogmoto\/2005\/10\/30\/la-combi-de-ros\/","url":"https:\/\/blogs.thesocialmedia.com\/leblogmoto\/2005\/10\/30\/la-combi-de-ros\/","name":"La combi de Rossi en vente sur Ebay - leblogmoto.com","isPartOf":{"@id":"https:\/\/blogs.thesocialmedia.com\/leblogmoto\/#website"},"primaryImageOfPage":{"@id":"https:\/\/blogs.thesocialmedia.com\/leblogmoto\/2005\/10\/30\/la-combi-de-ros\/#primaryimage"},"image":{"@id":"https:\/\/blogs.thesocialmedia.com\/leblogmoto\/2005\/10\/30\/la-combi-de-ros\/#primaryimage"},"thumbnailUrl":"http:\/\/www.leblogmoto.com\/images\/combi_rossi_1.jpg","datePublished":"2005-10-30T19:02:45+00:00","dateModified":"2012-07-11T14:03:50+00:00","author":{"@id":"https:\/\/blogs.thesocialmedia.com\/leblogmoto\/#\/schema\/person\/80d2a078dbdb8b60abbd76bae6011f19"},"breadcrumb":{"@id":"https:\/\/blogs.thesocialmedia.com\/leblogmoto\/2005\/10\/30\/la-combi-de-ros\/#breadcrumb"},"inLanguage":"fr-FR","potentialAction":[{"@type":"ReadAction","target":["https:\/\/blogs.thesocialmedia.com\/leblogmoto\/2005\/10\/30\/la-combi-de-ros\/"]}]},{"@type":"ImageObject","inLanguage":"fr-FR","@id":"https:\/\/blogs.thesocialmedia.com\/leblogmoto\/2005\/10\/30\/la-combi-de-ros\/#primaryimage","url":"http:\/\/www.leblogmoto.com\/images\/combi_rossi_1.jpg","contentUrl":"http:\/\/www.leblogmoto.com\/images\/combi_rossi_1.jpg"},{"@type":"BreadcrumbList","@id":"https:\/\/blogs.thesocialmedia.com\/leblogmoto\/2005\/10\/30\/la-combi-de-ros\/#breadcrumb","itemListElement":[{"@type":"ListItem","position":1,"name":"Accueil","item":"https:\/\/blogs.thesocialmedia.com\/leblogmoto\/"},{"@type":"ListItem","position":2,"name":"La combi de Rossi en vente sur Ebay"}]},{"@type":"WebSite","@id":"https:\/\/blogs.thesocialmedia.com\/leblogmoto\/#website","url":"https:\/\/blogs.thesocialmedia.com\/leblogmoto\/","name":"leblogmoto","description":"Toute l&#039;actualit\u00e9 des 2 roues","potentialAction":[{"@type":"SearchAction","target":{"@type":"EntryPoint","urlTemplate":"https:\/\/blogs.thesocialmedia.com\/leblogmoto\/?s={search_term_string}"},"query-input":{"@type":"PropertyValueSpecification","valueRequired":true,"valueName":"search_term_string"}}],"inLanguage":"fr-FR"},{"@type":"Person","@id":"https:\/\/blogs.thesocialmedia.com\/leblogmoto\/#\/schema\/person\/80d2a078dbdb8b60abbd76bae6011f19","name":"vincent vaillant","image":{"@type":"ImageObject","inLanguage":"fr-FR","@id":"https:\/\/blogs.thesocialmedia.com\/leblogmoto\/#\/schema\/person\/image\/","url":"https:\/\/secure.gravatar.com\/avatar\/?s=96&d=mm&r=g","contentUrl":"https:\/\/secure.gravatar.com\/avatar\/?s=96&d=mm&r=g","caption":"vincent vaillant"},"url":"https:\/\/blogs.thesocialmedia.com\/leblogmoto\/author\/vincent-vaillant\/"}]}},"_links":{"self":[{"href":"https:\/\/blogs.thesocialmedia.com\/leblogmoto\/wp-json\/wp\/v2\/posts\/2298","targetHints":{"allow":["GET"]}}],"collection":[{"href":"https:\/\/blogs.thesocialmedia.com\/leblogmoto\/wp-json\/wp\/v2\/posts"}],"about":[{"href":"https:\/\/blogs.thesocialmedia.com\/leblogmoto\/wp-json\/wp\/v2\/types\/post"}],"author":[{"embeddable":true,"href":"https:\/\/blogs.thesocialmedia.com\/leblogmoto\/wp-json\/wp\/v2\/users\/338"}],"replies":[{"embeddable":true,"href":"https:\/\/blogs.thesocialmedia.com\/leblogmoto\/wp-json\/wp\/v2\/comments?post=2298"}],"version-history":[{"count":2,"href":"https:\/\/blogs.thesocialmedia.com\/leblogmoto\/wp-json\/wp\/v2\/posts\/2298\/revisions"}],"predecessor-version":[{"id":6458,"href":"https:\/\/blogs.thesocialmedia.com\/leblogmoto\/wp-json\/wp\/v2\/posts\/2298\/revisions\/6458"}],"wp:attachment":[{"href":"https:\/\/blogs.thesocialmedia.com\/leblogmoto\/wp-json\/wp\/v2\/media?parent=2298"}],"wp:term":[{"taxonomy":"category","embeddable":true,"href":"https:\/\/blogs.thesocialmedia.com\/leblogmoto\/wp-json\/wp\/v2\/categories?post=2298"},{"taxonomy":"post_tag","embeddable":true,"href":"https:\/\/blogs.thesocialmedia.com\/leblogmoto\/wp-json\/wp\/v2\/tags?post=2298"}],"curies":[{"name":"wp","href":"https:\/\/api.w.org\/{rel}","templated":true}]}}