{"id":2302,"date":"2005-10-26T10:34:45","date_gmt":"2005-10-26T10:34:45","guid":{"rendered":"http:\/\/blogs.thesocialmedia.com\/leblogmoto\/2005\/10\/26\/supercross-pari-2\/"},"modified":"2012-07-11T14:03:26","modified_gmt":"2012-07-11T14:03:26","slug":"supercross-pari-2","status":"publish","type":"post","link":"https:\/\/blogs.thesocialmedia.com\/leblogmoto\/2005\/10\/26\/supercross-pari-2\/","title":{"rendered":"Supercross Paris Bercy 2005"},"content":{"rendered":"<p><a href=\"http:\/\/blogs.thesocialmedia.com\/leblogmoto\/files\/2012\/07\/bercy_2_copie.jpg\"><img loading=\"lazy\" decoding=\"async\" alt=\"Bercy_2_copie\" src=\"http:\/\/www.leblogmoto.com\/images\/bercy_2_copie.jpg\" width=\"250\" height=\"162\"  style=\"float: left;margin: 0px 5px 5px 0px\" \/><\/a><\/p>\n<p>Les 11, 12 et 13 novembre prochains, le Palais Omnisports de Paris Bercy se transformera pour l\u2019occasion en un immense terrain de cross. Cette 23\u00e8me \u00e9dition du Supercross de Bercy s\u2019annonce d\u00e9j\u00e0 comme le plus grand rendez-vous europ\u00e9en de la saison de Supercross mais \u00e9galement de Freestyle.<br \/> Plus ancienne \u00e9preuve sportive au calendrier du POPB, le Supercross est aussi celle qui pr\u00e9sente le meilleur taux de remplissage de la mythique salle parisienne. Si le public reste fid\u00e8le \u00e0 ce fleuron du sport motocycliste, c\u2019est bien parce que le programme propos\u00e9 est un m\u00e9lange unique de sport de haut niveau et de show \u00e0 l\u2019am\u00e9ricaine.<br \/> Si les am\u00e9ricains sont \u00e9videmment favoris avec Andrew Short, vice-champion US et King of Bercy en titre, Mike Alessi, troisi\u00e8me et Mike Brown, finalement cinqui\u00e8me du \u00ab National \u00bb apr\u00e8s en avoir longtemps tenu le leadership, les fran\u00e7ais appr\u00e9cieront s\u00fbrement le retour de S\u00e9bastien Tortelli apr\u00e8s cinq ans d\u2019absence. Mais le fran\u00e7ais ne sera pas le seul \u00e0 affronter la horde am\u00e9ricaine. Il sera entour\u00e9 des meilleurs pilotes de GP comme : Pascal Leuret, Christophe et S\u00e9bastien Pourcel, soit des pilotes expatri\u00e9s outre-Atlantique. Steve Boniface, St\u00e9phane Roncada et Eric Sorby  qui seront \u00e9paul\u00e9s par les meilleurs repr\u00e9sentants du championnat de France SX Tour, dont le leader du classement Benjamin Coisy.<\/p>\n<p>Le Team \u00ab Reste du monde \u00bb pr\u00e9sent en force cette ann\u00e9e se regroupera autour des pilotes des championnats FIM, avec \u00e0 leur t\u00eate l\u2019Italien David Philippaerts, vainqueur des GP de France et d\u2019Afrique du Sud 2005, son compatriote Davide Guarnieri et l\u2019Anglais Carl Nunn (tous deux vainqueurs de manches MX2 cette saison), le Sud-Africain Gareth Swanepoel et le Suisse Julien Bill (troisi\u00e8me du Mondial MX3). Le tout jeune Canadien Colton Facciotti, vainqueur la semaine derni\u00e8re au SX de Montr\u00e9al et l\u2019Australien Ryan Marmont, vainqueur au m\u00eame moment du SX de Melbourne, renforceront au mieux les pilotes MX2.<br \/> C\u00f4t\u00e9 Freestyle, l\u2019\u00e9volution de la discipline a \u00e9t\u00e9 ph\u00e9nom\u00e9nale depuis deux ans et la plupart des \u00ab riders \u00bb pr\u00e9sents \u00e0 Bercy r\u00e9alisent le \u00ab trick \u00bb mythique du moment, le \u00ab backflip \u00bb sur la rampe de 25 m\u00e8tres pr\u00e9vue sp\u00e9cialement !<br \/> L\u2019Am\u00e9ricain Ronnie Renner, vainqueur du plus gros \u00e9v\u00e9nement de la saison, les X-Fighters de Mexico, vient comme chaque ann\u00e9e \u00e0 Bercy pour \u00ab fracasser \u00bb !<br \/> La r\u00e9plique europ\u00e9enne lui sera donn\u00e9e par l\u2019Espagnol Edgar Torronteras, toujours transcend\u00e9 \u00e0 Bercy mais \u00e9galement par Manu Troux, le meilleur freestyler fran\u00e7ais qui atteint actuellement sa pl\u00e9nitude, le Suisse Matt Rebeaud, auteur d\u2019un \u00ab long backflip \u00bb dans cette salle l\u2019an dernier, la touche d\u2019exotisme venant d\u2019Andr\u00e9 Villa, un Norv\u00e9gien au charisme ravageur et d\u2019Eigo Sato, le kamikaze japonais.<br \/> Nul doute que le Freestyle constituera encore l\u2019attraction incontournable de cet \u00e9v\u00e9nement de Bercy.<\/p>\n<p><a href=\"http:\/\/blogs.thesocialmedia.com\/leblogmoto\/files\/2012\/07\/bercy_1_copie.jpg\"><img loading=\"lazy\" decoding=\"async\" alt=\"Bercy_1_copie\" src=\"http:\/\/www.leblogmoto.com\/images\/bercy_1_copie.jpg\" width=\"470\" height=\"310\"  style=\"float: left;margin: 0px 5px 5px 0px\" \/><\/a><\/p>\n<p><a href=\"http:\/\/blogs.thesocialmedia.com\/leblogmoto\/files\/2012\/07\/bercy_3_copie.jpg\"><img loading=\"lazy\" decoding=\"async\" alt=\"Bercy_3_copie\" src=\"http:\/\/www.leblogmoto.com\/images\/bercy_3_copie.jpg\" width=\"470\" height=\"302\"  style=\"float: left;margin: 0px 5px 5px 0px\" \/><\/a><\/p>\n<p><a href=\"http:\/\/blogs.thesocialmedia.com\/leblogmoto\/files\/2012\/07\/bercy_4.jpg\"><img loading=\"lazy\" decoding=\"async\" alt=\"Bercy_4\" src=\"http:\/\/www.leblogmoto.com\/images\/bercy_4.jpg\" width=\"470\" height=\"309\"  style=\"float: left;margin: 0px 5px 5px 0px\" \/><\/a><\/p>\n","protected":false},"excerpt":{"rendered":"<p>Les 11, 12 et 13 novembre prochains, le Palais Omnisports de Paris Bercy se transformera pour l\u2019occasion en un immense terrain de cross. Cette 23\u00e8me \u00e9dition du Supercross de Bercy s\u2019annonce d\u00e9j\u00e0 comme le plus grand rendez-vous europ\u00e9en de la saison de Supercross mais \u00e9galement de Freestyle. Plus ancienne \u00e9preuve sportive au calendrier du POPB, [&hellip;]<\/p>\n","protected":false},"author":339,"featured_media":0,"comment_status":"open","ping_status":"open","sticky":false,"template":"","format":"standard","meta":{"footnotes":""},"categories":[66],"tags":[],"class_list":["post-2302","post","type-post","status-publish","format-standard","hentry","category-moto-cross"],"yoast_head":"<!-- This site is optimized with the Yoast SEO plugin v26.0 - https:\/\/yoast.com\/wordpress\/plugins\/seo\/ -->\n<title>Supercross Paris Bercy 2005 - leblogmoto.com<\/title>\n<meta name=\"robots\" content=\"index, follow, max-snippet:-1, max-image-preview:large, max-video-preview:-1\" \/>\n<link rel=\"canonical\" href=\"https:\/\/blogs.thesocialmedia.com\/leblogmoto\/2005\/10\/26\/supercross-pari-2\/\" \/>\n<meta name=\"twitter:card\" content=\"summary_large_image\" \/>\n<meta name=\"twitter:title\" content=\"Supercross Paris Bercy 2005 - leblogmoto.com\" \/>\n<meta name=\"twitter:description\" content=\"Les 11, 12 et 13 novembre prochains, le Palais Omnisports de Paris Bercy se transformera pour l\u2019occasion en un immense terrain de cross. Cette 23\u00e8me \u00e9dition du Supercross de Bercy s\u2019annonce d\u00e9j\u00e0 comme le plus grand rendez-vous europ\u00e9en de la saison de Supercross mais \u00e9galement de Freestyle. Plus ancienne \u00e9preuve sportive au calendrier du POPB, [&hellip;]\" \/>\n<meta name=\"twitter:image\" content=\"http:\/\/www.leblogmoto.com\/images\/bercy_2_copie.jpg\" \/>\n<meta name=\"twitter:label1\" content=\"\u00c9crit par\" \/>\n\t<meta name=\"twitter:data1\" content=\"daniel bour\" \/>\n\t<meta name=\"twitter:label2\" content=\"Dur\u00e9e de lecture estim\u00e9e\" \/>\n\t<meta name=\"twitter:data2\" content=\"2 minutes\" \/>\n<script type=\"application\/ld+json\" class=\"yoast-schema-graph\">{\"@context\":\"https:\/\/schema.org\",\"@graph\":[{\"@type\":\"WebPage\",\"@id\":\"https:\/\/blogs.thesocialmedia.com\/leblogmoto\/2005\/10\/26\/supercross-pari-2\/\",\"url\":\"https:\/\/blogs.thesocialmedia.com\/leblogmoto\/2005\/10\/26\/supercross-pari-2\/\",\"name\":\"Supercross Paris Bercy 2005 - leblogmoto.com\",\"isPartOf\":{\"@id\":\"https:\/\/blogs.thesocialmedia.com\/leblogmoto\/#website\"},\"primaryImageOfPage\":{\"@id\":\"https:\/\/blogs.thesocialmedia.com\/leblogmoto\/2005\/10\/26\/supercross-pari-2\/#primaryimage\"},\"image\":{\"@id\":\"https:\/\/blogs.thesocialmedia.com\/leblogmoto\/2005\/10\/26\/supercross-pari-2\/#primaryimage\"},\"thumbnailUrl\":\"http:\/\/www.leblogmoto.com\/images\/bercy_2_copie.jpg\",\"datePublished\":\"2005-10-26T10:34:45+00:00\",\"dateModified\":\"2012-07-11T14:03:26+00:00\",\"author\":{\"@id\":\"https:\/\/blogs.thesocialmedia.com\/leblogmoto\/#\/schema\/person\/112bf3448e55eeb119f6276bbf85b8e7\"},\"breadcrumb\":{\"@id\":\"https:\/\/blogs.thesocialmedia.com\/leblogmoto\/2005\/10\/26\/supercross-pari-2\/#breadcrumb\"},\"inLanguage\":\"fr-FR\",\"potentialAction\":[{\"@type\":\"ReadAction\",\"target\":[\"https:\/\/blogs.thesocialmedia.com\/leblogmoto\/2005\/10\/26\/supercross-pari-2\/\"]}]},{\"@type\":\"ImageObject\",\"inLanguage\":\"fr-FR\",\"@id\":\"https:\/\/blogs.thesocialmedia.com\/leblogmoto\/2005\/10\/26\/supercross-pari-2\/#primaryimage\",\"url\":\"http:\/\/www.leblogmoto.com\/images\/bercy_2_copie.jpg\",\"contentUrl\":\"http:\/\/www.leblogmoto.com\/images\/bercy_2_copie.jpg\"},{\"@type\":\"BreadcrumbList\",\"@id\":\"https:\/\/blogs.thesocialmedia.com\/leblogmoto\/2005\/10\/26\/supercross-pari-2\/#breadcrumb\",\"itemListElement\":[{\"@type\":\"ListItem\",\"position\":1,\"name\":\"Accueil\",\"item\":\"https:\/\/blogs.thesocialmedia.com\/leblogmoto\/\"},{\"@type\":\"ListItem\",\"position\":2,\"name\":\"Supercross Paris Bercy 2005\"}]},{\"@type\":\"WebSite\",\"@id\":\"https:\/\/blogs.thesocialmedia.com\/leblogmoto\/#website\",\"url\":\"https:\/\/blogs.thesocialmedia.com\/leblogmoto\/\",\"name\":\"leblogmoto\",\"description\":\"Toute l&#039;actualit\u00e9 des 2 roues\",\"potentialAction\":[{\"@type\":\"SearchAction\",\"target\":{\"@type\":\"EntryPoint\",\"urlTemplate\":\"https:\/\/blogs.thesocialmedia.com\/leblogmoto\/?s={search_term_string}\"},\"query-input\":{\"@type\":\"PropertyValueSpecification\",\"valueRequired\":true,\"valueName\":\"search_term_string\"}}],\"inLanguage\":\"fr-FR\"},{\"@type\":\"Person\",\"@id\":\"https:\/\/blogs.thesocialmedia.com\/leblogmoto\/#\/schema\/person\/112bf3448e55eeb119f6276bbf85b8e7\",\"name\":\"daniel bour\",\"image\":{\"@type\":\"ImageObject\",\"inLanguage\":\"fr-FR\",\"@id\":\"https:\/\/blogs.thesocialmedia.com\/leblogmoto\/#\/schema\/person\/image\/\",\"url\":\"https:\/\/secure.gravatar.com\/avatar\/?s=96&d=mm&r=g\",\"contentUrl\":\"https:\/\/secure.gravatar.com\/avatar\/?s=96&d=mm&r=g\",\"caption\":\"daniel bour\"},\"url\":\"https:\/\/blogs.thesocialmedia.com\/leblogmoto\/author\/daniel-bour\/\"}]}<\/script>\n<!-- \/ Yoast SEO plugin. -->","yoast_head_json":{"title":"Supercross Paris Bercy 2005 - leblogmoto.com","robots":{"index":"index","follow":"follow","max-snippet":"max-snippet:-1","max-image-preview":"max-image-preview:large","max-video-preview":"max-video-preview:-1"},"canonical":"https:\/\/blogs.thesocialmedia.com\/leblogmoto\/2005\/10\/26\/supercross-pari-2\/","twitter_card":"summary_large_image","twitter_title":"Supercross Paris Bercy 2005 - leblogmoto.com","twitter_description":"Les 11, 12 et 13 novembre prochains, le Palais Omnisports de Paris Bercy se transformera pour l\u2019occasion en un immense terrain de cross. Cette 23\u00e8me \u00e9dition du Supercross de Bercy s\u2019annonce d\u00e9j\u00e0 comme le plus grand rendez-vous europ\u00e9en de la saison de Supercross mais \u00e9galement de Freestyle. Plus ancienne \u00e9preuve sportive au calendrier du POPB, [&hellip;]","twitter_image":"http:\/\/www.leblogmoto.com\/images\/bercy_2_copie.jpg","twitter_misc":{"\u00c9crit par":"daniel bour","Dur\u00e9e de lecture estim\u00e9e":"2 minutes"},"schema":{"@context":"https:\/\/schema.org","@graph":[{"@type":"WebPage","@id":"https:\/\/blogs.thesocialmedia.com\/leblogmoto\/2005\/10\/26\/supercross-pari-2\/","url":"https:\/\/blogs.thesocialmedia.com\/leblogmoto\/2005\/10\/26\/supercross-pari-2\/","name":"Supercross Paris Bercy 2005 - leblogmoto.com","isPartOf":{"@id":"https:\/\/blogs.thesocialmedia.com\/leblogmoto\/#website"},"primaryImageOfPage":{"@id":"https:\/\/blogs.thesocialmedia.com\/leblogmoto\/2005\/10\/26\/supercross-pari-2\/#primaryimage"},"image":{"@id":"https:\/\/blogs.thesocialmedia.com\/leblogmoto\/2005\/10\/26\/supercross-pari-2\/#primaryimage"},"thumbnailUrl":"http:\/\/www.leblogmoto.com\/images\/bercy_2_copie.jpg","datePublished":"2005-10-26T10:34:45+00:00","dateModified":"2012-07-11T14:03:26+00:00","author":{"@id":"https:\/\/blogs.thesocialmedia.com\/leblogmoto\/#\/schema\/person\/112bf3448e55eeb119f6276bbf85b8e7"},"breadcrumb":{"@id":"https:\/\/blogs.thesocialmedia.com\/leblogmoto\/2005\/10\/26\/supercross-pari-2\/#breadcrumb"},"inLanguage":"fr-FR","potentialAction":[{"@type":"ReadAction","target":["https:\/\/blogs.thesocialmedia.com\/leblogmoto\/2005\/10\/26\/supercross-pari-2\/"]}]},{"@type":"ImageObject","inLanguage":"fr-FR","@id":"https:\/\/blogs.thesocialmedia.com\/leblogmoto\/2005\/10\/26\/supercross-pari-2\/#primaryimage","url":"http:\/\/www.leblogmoto.com\/images\/bercy_2_copie.jpg","contentUrl":"http:\/\/www.leblogmoto.com\/images\/bercy_2_copie.jpg"},{"@type":"BreadcrumbList","@id":"https:\/\/blogs.thesocialmedia.com\/leblogmoto\/2005\/10\/26\/supercross-pari-2\/#breadcrumb","itemListElement":[{"@type":"ListItem","position":1,"name":"Accueil","item":"https:\/\/blogs.thesocialmedia.com\/leblogmoto\/"},{"@type":"ListItem","position":2,"name":"Supercross Paris Bercy 2005"}]},{"@type":"WebSite","@id":"https:\/\/blogs.thesocialmedia.com\/leblogmoto\/#website","url":"https:\/\/blogs.thesocialmedia.com\/leblogmoto\/","name":"leblogmoto","description":"Toute l&#039;actualit\u00e9 des 2 roues","potentialAction":[{"@type":"SearchAction","target":{"@type":"EntryPoint","urlTemplate":"https:\/\/blogs.thesocialmedia.com\/leblogmoto\/?s={search_term_string}"},"query-input":{"@type":"PropertyValueSpecification","valueRequired":true,"valueName":"search_term_string"}}],"inLanguage":"fr-FR"},{"@type":"Person","@id":"https:\/\/blogs.thesocialmedia.com\/leblogmoto\/#\/schema\/person\/112bf3448e55eeb119f6276bbf85b8e7","name":"daniel bour","image":{"@type":"ImageObject","inLanguage":"fr-FR","@id":"https:\/\/blogs.thesocialmedia.com\/leblogmoto\/#\/schema\/person\/image\/","url":"https:\/\/secure.gravatar.com\/avatar\/?s=96&d=mm&r=g","contentUrl":"https:\/\/secure.gravatar.com\/avatar\/?s=96&d=mm&r=g","caption":"daniel bour"},"url":"https:\/\/blogs.thesocialmedia.com\/leblogmoto\/author\/daniel-bour\/"}]}},"_links":{"self":[{"href":"https:\/\/blogs.thesocialmedia.com\/leblogmoto\/wp-json\/wp\/v2\/posts\/2302","targetHints":{"allow":["GET"]}}],"collection":[{"href":"https:\/\/blogs.thesocialmedia.com\/leblogmoto\/wp-json\/wp\/v2\/posts"}],"about":[{"href":"https:\/\/blogs.thesocialmedia.com\/leblogmoto\/wp-json\/wp\/v2\/types\/post"}],"author":[{"embeddable":true,"href":"https:\/\/blogs.thesocialmedia.com\/leblogmoto\/wp-json\/wp\/v2\/users\/339"}],"replies":[{"embeddable":true,"href":"https:\/\/blogs.thesocialmedia.com\/leblogmoto\/wp-json\/wp\/v2\/comments?post=2302"}],"version-history":[{"count":2,"href":"https:\/\/blogs.thesocialmedia.com\/leblogmoto\/wp-json\/wp\/v2\/posts\/2302\/revisions"}],"predecessor-version":[{"id":6442,"href":"https:\/\/blogs.thesocialmedia.com\/leblogmoto\/wp-json\/wp\/v2\/posts\/2302\/revisions\/6442"}],"wp:attachment":[{"href":"https:\/\/blogs.thesocialmedia.com\/leblogmoto\/wp-json\/wp\/v2\/media?parent=2302"}],"wp:term":[{"taxonomy":"category","embeddable":true,"href":"https:\/\/blogs.thesocialmedia.com\/leblogmoto\/wp-json\/wp\/v2\/categories?post=2302"},{"taxonomy":"post_tag","embeddable":true,"href":"https:\/\/blogs.thesocialmedia.com\/leblogmoto\/wp-json\/wp\/v2\/tags?post=2302"}],"curies":[{"name":"wp","href":"https:\/\/api.w.org\/{rel}","templated":true}]}}