{"id":2303,"date":"2005-10-26T09:17:10","date_gmt":"2005-10-26T09:17:10","guid":{"rendered":"http:\/\/blogs.thesocialmedia.com\/leblogmoto\/2005\/10\/26\/casque-bmw-moto\/"},"modified":"2012-07-11T14:03:17","modified_gmt":"2012-07-11T14:03:17","slug":"casque-bmw-moto","status":"publish","type":"post","link":"https:\/\/blogs.thesocialmedia.com\/leblogmoto\/2005\/10\/26\/casque-bmw-moto\/","title":{"rendered":"Casque BMW Motorrad WCS-1"},"content":{"rendered":"<p><a href=\"http:\/\/blogs.thesocialmedia.com\/leblogmoto\/files\/2012\/07\/bmwmotorradwcs1.jpg\"><img loading=\"lazy\" decoding=\"async\" alt=\"Bmwmotorradwcs1\" src=\"http:\/\/www.leblogmoto.com\/images\/bmwmotorradwcs1.jpg\" width=\"250\" height=\"182\"  style=\"float: left;margin: 0px 5px 5px 0px\" \/><\/a><\/p>\n<p>Le systeme de communication sans fil BMW Motorrad WCS-1 (en option) est enti\u00e8rement int\u00e9gr\u00e9 dans le casque et ne p\u00e8se que 180g. Vous pouvez d\u00e9sormais parler avec votre passag\u00e8re, m\u00eame \u00e0 vitesse soutenue via des microphones. Bien entendu, d&rsquo;autres appareils utilisant la technologie Bluetooth, par exemple un t\u00e9l\u00e9phone portable, peuvent \u00e9galement \u00eatre connect\u00e9s. Le systeme WCS-1 de BMW Motorrad a une port\u00e9e maximale de 10 m\u00e8tres.<br \/> Mati\u00e8re : Kevlar(r)\/Carbone\/Fibre de verre pour la coque<br \/> DuPont Coolmax(r) pour le rembourage int\u00e9rieur<br \/> Caract\u00e9ristiques du BMW Motorrad WCS-1 (Wireless Communication System) :<br \/> &#8211; Communication sans fil de casque \u00e0 casque pour le pilote et le passager avec une port\u00e9e de dix m\u00e8tres<br \/> &#8211; Communication de casque \u00e0 casque ou casque altern\u00e9e avec casque et t\u00e9l\u00e9phone Bluetooth<br \/> &#8211; Syst\u00e8me enti\u00e8rement ind\u00e9pendant de la moto (peut \u00eatre utilis\u00e9 sur des motos de toutes marques)<br \/> &#8211; R\u00e9duction automatique des bruits parasites<br \/> &#8211; Syst\u00e8me fonctionnant avec mentonni\u00e8re relev\u00e9e jusqu&rsquo;\u00e0 130 km\/h<br \/> &#8211; Commande trois touches (clavier tactile) sur le cot\u00e9 gauche du casque<br \/> &#8211; Deux microphones diff\u00e9rentiels haut de gamme dans la partie frontale du casque<br \/> &#8211; Autonomie : jusqu&rsquo;\u00e0 9 heures<br \/> &#8211; 180 grammes<br \/> -Casque homologu\u00e9 avec le syst\u00e8me int\u00e9gr\u00e9<\/p>\n<p>Le syst\u00e8me ne comprend pas de microphone perche traditionnel mais deux microphones reli\u00e9s en r\u00e9seau et int\u00e9gr\u00e9s de fa\u00e7on presque invisible dans la partie frontale du casque. D&rsquo;une part, ce type de microphones ne comporte pas d&rsquo;\u00e9l\u00e9ments g\u00eanants \u00e0 l&rsquo;int\u00e9rieur du casque, d&rsquo;autre part, les deux microphones et un processeur de son num\u00e9rique situ\u00e9 en aval r\u00e9duisent efficacement les bruits parasites et a\u00e9rodynamiques.<br \/> Toute source audio n&rsquo;utilisant pas la technologie Bluetooth (GPS, lecteur MP3, radio, lecteur CD, \u00e9metteur-r\u00e9cepteur PMR) pourra \u00eatre raccord\u00e9e avec un syst\u00e8me embarqu\u00e9 ind\u00e9pendant de la moto.<br \/> Couleur : Noir, Argent titane m\u00e9tal, Magn\u00e9sium m\u00e9tal mat, Bleu mangan\u00e8se m\u00e9tal, Rouge rock uni m\u00e9tal<\/p>\n<p>Prix de vente TTC public maximum conseill\u00e9 :<br \/> WCS-1 seul : 390\u20ac (si vous poss\u00e9dez d\u00e9j\u00e0 un casque Syst\u00e8me 5)<br \/> Casque Syst\u00e8me 5 avec WCS-1 : 929\u20ac <\/p>\n","protected":false},"excerpt":{"rendered":"<p>Le systeme de communication sans fil BMW Motorrad WCS-1 (en option) est enti\u00e8rement int\u00e9gr\u00e9 dans le casque et ne p\u00e8se que 180g. Vous pouvez d\u00e9sormais parler avec votre passag\u00e8re, m\u00eame \u00e0 vitesse soutenue via des microphones. Bien entendu, d&rsquo;autres appareils utilisant la technologie Bluetooth, par exemple un t\u00e9l\u00e9phone portable, peuvent \u00e9galement \u00eatre connect\u00e9s. Le systeme [&hellip;]<\/p>\n","protected":false},"author":339,"featured_media":0,"comment_status":"open","ping_status":"open","sticky":false,"template":"","format":"standard","meta":{"footnotes":""},"categories":[7],"tags":[],"class_list":["post-2303","post","type-post","status-publish","format-standard","hentry","category-bmw"],"yoast_head":"<!-- This site is optimized with the Yoast SEO plugin v26.0 - https:\/\/yoast.com\/wordpress\/plugins\/seo\/ -->\n<title>Casque BMW Motorrad WCS-1 - leblogmoto.com<\/title>\n<meta name=\"robots\" content=\"index, follow, max-snippet:-1, max-image-preview:large, max-video-preview:-1\" \/>\n<link rel=\"canonical\" href=\"https:\/\/blogs.thesocialmedia.com\/leblogmoto\/2005\/10\/26\/casque-bmw-moto\/\" \/>\n<meta name=\"twitter:card\" content=\"summary_large_image\" \/>\n<meta name=\"twitter:title\" content=\"Casque BMW Motorrad WCS-1 - leblogmoto.com\" \/>\n<meta name=\"twitter:description\" content=\"Le systeme de communication sans fil BMW Motorrad WCS-1 (en option) est enti\u00e8rement int\u00e9gr\u00e9 dans le casque et ne p\u00e8se que 180g. Vous pouvez d\u00e9sormais parler avec votre passag\u00e8re, m\u00eame \u00e0 vitesse soutenue via des microphones. Bien entendu, d&rsquo;autres appareils utilisant la technologie Bluetooth, par exemple un t\u00e9l\u00e9phone portable, peuvent \u00e9galement \u00eatre connect\u00e9s. Le systeme [&hellip;]\" \/>\n<meta name=\"twitter:image\" content=\"http:\/\/www.leblogmoto.com\/images\/bmwmotorradwcs1.jpg\" \/>\n<meta name=\"twitter:label1\" content=\"\u00c9crit par\" \/>\n\t<meta name=\"twitter:data1\" content=\"daniel bour\" \/>\n\t<meta name=\"twitter:label2\" content=\"Dur\u00e9e de lecture estim\u00e9e\" \/>\n\t<meta name=\"twitter:data2\" content=\"2 minutes\" \/>\n<script type=\"application\/ld+json\" class=\"yoast-schema-graph\">{\"@context\":\"https:\/\/schema.org\",\"@graph\":[{\"@type\":\"WebPage\",\"@id\":\"https:\/\/blogs.thesocialmedia.com\/leblogmoto\/2005\/10\/26\/casque-bmw-moto\/\",\"url\":\"https:\/\/blogs.thesocialmedia.com\/leblogmoto\/2005\/10\/26\/casque-bmw-moto\/\",\"name\":\"Casque BMW Motorrad WCS-1 - leblogmoto.com\",\"isPartOf\":{\"@id\":\"https:\/\/blogs.thesocialmedia.com\/leblogmoto\/#website\"},\"primaryImageOfPage\":{\"@id\":\"https:\/\/blogs.thesocialmedia.com\/leblogmoto\/2005\/10\/26\/casque-bmw-moto\/#primaryimage\"},\"image\":{\"@id\":\"https:\/\/blogs.thesocialmedia.com\/leblogmoto\/2005\/10\/26\/casque-bmw-moto\/#primaryimage\"},\"thumbnailUrl\":\"http:\/\/www.leblogmoto.com\/images\/bmwmotorradwcs1.jpg\",\"datePublished\":\"2005-10-26T09:17:10+00:00\",\"dateModified\":\"2012-07-11T14:03:17+00:00\",\"author\":{\"@id\":\"https:\/\/blogs.thesocialmedia.com\/leblogmoto\/#\/schema\/person\/112bf3448e55eeb119f6276bbf85b8e7\"},\"breadcrumb\":{\"@id\":\"https:\/\/blogs.thesocialmedia.com\/leblogmoto\/2005\/10\/26\/casque-bmw-moto\/#breadcrumb\"},\"inLanguage\":\"fr-FR\",\"potentialAction\":[{\"@type\":\"ReadAction\",\"target\":[\"https:\/\/blogs.thesocialmedia.com\/leblogmoto\/2005\/10\/26\/casque-bmw-moto\/\"]}]},{\"@type\":\"ImageObject\",\"inLanguage\":\"fr-FR\",\"@id\":\"https:\/\/blogs.thesocialmedia.com\/leblogmoto\/2005\/10\/26\/casque-bmw-moto\/#primaryimage\",\"url\":\"http:\/\/www.leblogmoto.com\/images\/bmwmotorradwcs1.jpg\",\"contentUrl\":\"http:\/\/www.leblogmoto.com\/images\/bmwmotorradwcs1.jpg\"},{\"@type\":\"BreadcrumbList\",\"@id\":\"https:\/\/blogs.thesocialmedia.com\/leblogmoto\/2005\/10\/26\/casque-bmw-moto\/#breadcrumb\",\"itemListElement\":[{\"@type\":\"ListItem\",\"position\":1,\"name\":\"Accueil\",\"item\":\"https:\/\/blogs.thesocialmedia.com\/leblogmoto\/\"},{\"@type\":\"ListItem\",\"position\":2,\"name\":\"Casque BMW Motorrad WCS-1\"}]},{\"@type\":\"WebSite\",\"@id\":\"https:\/\/blogs.thesocialmedia.com\/leblogmoto\/#website\",\"url\":\"https:\/\/blogs.thesocialmedia.com\/leblogmoto\/\",\"name\":\"leblogmoto\",\"description\":\"Toute l&#039;actualit\u00e9 des 2 roues\",\"potentialAction\":[{\"@type\":\"SearchAction\",\"target\":{\"@type\":\"EntryPoint\",\"urlTemplate\":\"https:\/\/blogs.thesocialmedia.com\/leblogmoto\/?s={search_term_string}\"},\"query-input\":{\"@type\":\"PropertyValueSpecification\",\"valueRequired\":true,\"valueName\":\"search_term_string\"}}],\"inLanguage\":\"fr-FR\"},{\"@type\":\"Person\",\"@id\":\"https:\/\/blogs.thesocialmedia.com\/leblogmoto\/#\/schema\/person\/112bf3448e55eeb119f6276bbf85b8e7\",\"name\":\"daniel bour\",\"image\":{\"@type\":\"ImageObject\",\"inLanguage\":\"fr-FR\",\"@id\":\"https:\/\/blogs.thesocialmedia.com\/leblogmoto\/#\/schema\/person\/image\/\",\"url\":\"https:\/\/secure.gravatar.com\/avatar\/?s=96&d=mm&r=g\",\"contentUrl\":\"https:\/\/secure.gravatar.com\/avatar\/?s=96&d=mm&r=g\",\"caption\":\"daniel bour\"},\"url\":\"https:\/\/blogs.thesocialmedia.com\/leblogmoto\/author\/daniel-bour\/\"}]}<\/script>\n<!-- \/ Yoast SEO plugin. -->","yoast_head_json":{"title":"Casque BMW Motorrad WCS-1 - leblogmoto.com","robots":{"index":"index","follow":"follow","max-snippet":"max-snippet:-1","max-image-preview":"max-image-preview:large","max-video-preview":"max-video-preview:-1"},"canonical":"https:\/\/blogs.thesocialmedia.com\/leblogmoto\/2005\/10\/26\/casque-bmw-moto\/","twitter_card":"summary_large_image","twitter_title":"Casque BMW Motorrad WCS-1 - leblogmoto.com","twitter_description":"Le systeme de communication sans fil BMW Motorrad WCS-1 (en option) est enti\u00e8rement int\u00e9gr\u00e9 dans le casque et ne p\u00e8se que 180g. Vous pouvez d\u00e9sormais parler avec votre passag\u00e8re, m\u00eame \u00e0 vitesse soutenue via des microphones. Bien entendu, d&rsquo;autres appareils utilisant la technologie Bluetooth, par exemple un t\u00e9l\u00e9phone portable, peuvent \u00e9galement \u00eatre connect\u00e9s. Le systeme [&hellip;]","twitter_image":"http:\/\/www.leblogmoto.com\/images\/bmwmotorradwcs1.jpg","twitter_misc":{"\u00c9crit par":"daniel bour","Dur\u00e9e de lecture estim\u00e9e":"2 minutes"},"schema":{"@context":"https:\/\/schema.org","@graph":[{"@type":"WebPage","@id":"https:\/\/blogs.thesocialmedia.com\/leblogmoto\/2005\/10\/26\/casque-bmw-moto\/","url":"https:\/\/blogs.thesocialmedia.com\/leblogmoto\/2005\/10\/26\/casque-bmw-moto\/","name":"Casque BMW Motorrad WCS-1 - leblogmoto.com","isPartOf":{"@id":"https:\/\/blogs.thesocialmedia.com\/leblogmoto\/#website"},"primaryImageOfPage":{"@id":"https:\/\/blogs.thesocialmedia.com\/leblogmoto\/2005\/10\/26\/casque-bmw-moto\/#primaryimage"},"image":{"@id":"https:\/\/blogs.thesocialmedia.com\/leblogmoto\/2005\/10\/26\/casque-bmw-moto\/#primaryimage"},"thumbnailUrl":"http:\/\/www.leblogmoto.com\/images\/bmwmotorradwcs1.jpg","datePublished":"2005-10-26T09:17:10+00:00","dateModified":"2012-07-11T14:03:17+00:00","author":{"@id":"https:\/\/blogs.thesocialmedia.com\/leblogmoto\/#\/schema\/person\/112bf3448e55eeb119f6276bbf85b8e7"},"breadcrumb":{"@id":"https:\/\/blogs.thesocialmedia.com\/leblogmoto\/2005\/10\/26\/casque-bmw-moto\/#breadcrumb"},"inLanguage":"fr-FR","potentialAction":[{"@type":"ReadAction","target":["https:\/\/blogs.thesocialmedia.com\/leblogmoto\/2005\/10\/26\/casque-bmw-moto\/"]}]},{"@type":"ImageObject","inLanguage":"fr-FR","@id":"https:\/\/blogs.thesocialmedia.com\/leblogmoto\/2005\/10\/26\/casque-bmw-moto\/#primaryimage","url":"http:\/\/www.leblogmoto.com\/images\/bmwmotorradwcs1.jpg","contentUrl":"http:\/\/www.leblogmoto.com\/images\/bmwmotorradwcs1.jpg"},{"@type":"BreadcrumbList","@id":"https:\/\/blogs.thesocialmedia.com\/leblogmoto\/2005\/10\/26\/casque-bmw-moto\/#breadcrumb","itemListElement":[{"@type":"ListItem","position":1,"name":"Accueil","item":"https:\/\/blogs.thesocialmedia.com\/leblogmoto\/"},{"@type":"ListItem","position":2,"name":"Casque BMW Motorrad WCS-1"}]},{"@type":"WebSite","@id":"https:\/\/blogs.thesocialmedia.com\/leblogmoto\/#website","url":"https:\/\/blogs.thesocialmedia.com\/leblogmoto\/","name":"leblogmoto","description":"Toute l&#039;actualit\u00e9 des 2 roues","potentialAction":[{"@type":"SearchAction","target":{"@type":"EntryPoint","urlTemplate":"https:\/\/blogs.thesocialmedia.com\/leblogmoto\/?s={search_term_string}"},"query-input":{"@type":"PropertyValueSpecification","valueRequired":true,"valueName":"search_term_string"}}],"inLanguage":"fr-FR"},{"@type":"Person","@id":"https:\/\/blogs.thesocialmedia.com\/leblogmoto\/#\/schema\/person\/112bf3448e55eeb119f6276bbf85b8e7","name":"daniel bour","image":{"@type":"ImageObject","inLanguage":"fr-FR","@id":"https:\/\/blogs.thesocialmedia.com\/leblogmoto\/#\/schema\/person\/image\/","url":"https:\/\/secure.gravatar.com\/avatar\/?s=96&d=mm&r=g","contentUrl":"https:\/\/secure.gravatar.com\/avatar\/?s=96&d=mm&r=g","caption":"daniel bour"},"url":"https:\/\/blogs.thesocialmedia.com\/leblogmoto\/author\/daniel-bour\/"}]}},"_links":{"self":[{"href":"https:\/\/blogs.thesocialmedia.com\/leblogmoto\/wp-json\/wp\/v2\/posts\/2303","targetHints":{"allow":["GET"]}}],"collection":[{"href":"https:\/\/blogs.thesocialmedia.com\/leblogmoto\/wp-json\/wp\/v2\/posts"}],"about":[{"href":"https:\/\/blogs.thesocialmedia.com\/leblogmoto\/wp-json\/wp\/v2\/types\/post"}],"author":[{"embeddable":true,"href":"https:\/\/blogs.thesocialmedia.com\/leblogmoto\/wp-json\/wp\/v2\/users\/339"}],"replies":[{"embeddable":true,"href":"https:\/\/blogs.thesocialmedia.com\/leblogmoto\/wp-json\/wp\/v2\/comments?post=2303"}],"version-history":[{"count":2,"href":"https:\/\/blogs.thesocialmedia.com\/leblogmoto\/wp-json\/wp\/v2\/posts\/2303\/revisions"}],"predecessor-version":[{"id":6437,"href":"https:\/\/blogs.thesocialmedia.com\/leblogmoto\/wp-json\/wp\/v2\/posts\/2303\/revisions\/6437"}],"wp:attachment":[{"href":"https:\/\/blogs.thesocialmedia.com\/leblogmoto\/wp-json\/wp\/v2\/media?parent=2303"}],"wp:term":[{"taxonomy":"category","embeddable":true,"href":"https:\/\/blogs.thesocialmedia.com\/leblogmoto\/wp-json\/wp\/v2\/categories?post=2303"},{"taxonomy":"post_tag","embeddable":true,"href":"https:\/\/blogs.thesocialmedia.com\/leblogmoto\/wp-json\/wp\/v2\/tags?post=2303"}],"curies":[{"name":"wp","href":"https:\/\/api.w.org\/{rel}","templated":true}]}}