{"id":2305,"date":"2005-10-25T11:56:40","date_gmt":"2005-10-25T11:56:40","guid":{"rendered":"http:\/\/blogs.thesocialmedia.com\/leblogmoto\/2005\/10\/25\/schumacher-sess\/"},"modified":"2012-07-11T14:03:15","modified_gmt":"2012-07-11T14:03:15","slug":"schumacher-sess","status":"publish","type":"post","link":"https:\/\/blogs.thesocialmedia.com\/leblogmoto\/2005\/10\/25\/schumacher-sess\/","title":{"rendered":"Schumacher s&rsquo;essaye \u00e0 la motoGP"},"content":{"rendered":"<p><a href=\"http:\/\/blogs.thesocialmedia.com\/leblogmoto\/files\/2012\/07\/schumi_ducati.jpg\"><img loading=\"lazy\" decoding=\"async\" alt=\"Schumi_ducati\" src=\"http:\/\/www.leblogmoto.com\/images\/schumi_ducati.jpg\" width=\"250\" height=\"199\"  style=\"float: left;margin: 0px 5px 5px 0px\" \/><\/a><\/p>\n<p>Apr\u00e8s les essais de Valentino Rossi sur Ferrari qui ont fait courir beaucoup de bruit sur l\u2019\u00e9ventuelle possibilit\u00e9 de voir un jour le septuple champion de monde de vitesse d\u00e9marrer une nouvelle carri\u00e8re en F1, le pilote allemand de Formule 1 Michael Schumacher, septuple champion du monde de Formule 1,  vient de lui rendre la pareille en s&rsquo;essayant lundi \u00e0 la MotoGP au guidon d&rsquo;une Ducati \u00ab\u00a0Desmosedici\u00a0\u00bb sur le circuit Ferrari de Mugello, pr\u00e8s de Florence.<br \/> \u00ab\u00a0C&rsquo;est quelque chose que je voulais faire depuis longtemps (&#8230;) et je dois dire que je me suis bien amus\u00e9\u00a0\u00bb, a-t-il expliqu\u00e9 apr\u00e8s cette exhibition.<br \/> Arriv\u00e9 sur le circuit \u00e0 bord d&rsquo;un h\u00e9licopt\u00e8re, Michael Schumacher a \u00e9volu\u00e9 sur un circuit interdit \u00e0 la presse. Il a effectu\u00e9 une quarantaine de tours sur une Ducati d&rsquo;essai.<br \/> Pour son meilleur chrono, le champion allemand a r\u00e9alis\u00e9 2 minutes et 20 secondes au tour, soit 25 secondes de plus que l&rsquo;Italien Loris Capirossi, pilote officiel de la Ducati. Il s&rsquo;est \u00e9galement fait une petite frayeur avec un \u00ab\u00a0tout droit\u00a0\u00bb lors d&rsquo;une s\u00e9rie de virages. <\/p>\n","protected":false},"excerpt":{"rendered":"<p>Apr\u00e8s les essais de Valentino Rossi sur Ferrari qui ont fait courir beaucoup de bruit sur l\u2019\u00e9ventuelle possibilit\u00e9 de voir un jour le septuple champion de monde de vitesse d\u00e9marrer une nouvelle carri\u00e8re en F1, le pilote allemand de Formule 1 Michael Schumacher, septuple champion du monde de Formule 1, vient de lui rendre la [&hellip;]<\/p>\n","protected":false},"author":339,"featured_media":0,"comment_status":"open","ping_status":"open","sticky":false,"template":"","format":"standard","meta":{"footnotes":""},"categories":[41],"tags":[],"class_list":["post-2305","post","type-post","status-publish","format-standard","hentry","category-ducati"],"yoast_head":"<!-- This site is optimized with the Yoast SEO plugin v26.0 - https:\/\/yoast.com\/wordpress\/plugins\/seo\/ -->\n<title>Schumacher s&#039;essaye \u00e0 la motoGP - leblogmoto.com<\/title>\n<meta name=\"robots\" content=\"index, follow, max-snippet:-1, max-image-preview:large, max-video-preview:-1\" \/>\n<link rel=\"canonical\" href=\"https:\/\/blogs.thesocialmedia.com\/leblogmoto\/2005\/10\/25\/schumacher-sess\/\" \/>\n<meta name=\"twitter:card\" content=\"summary_large_image\" \/>\n<meta name=\"twitter:title\" content=\"Schumacher s&#039;essaye \u00e0 la motoGP - leblogmoto.com\" \/>\n<meta name=\"twitter:description\" content=\"Apr\u00e8s les essais de Valentino Rossi sur Ferrari qui ont fait courir beaucoup de bruit sur l\u2019\u00e9ventuelle possibilit\u00e9 de voir un jour le septuple champion de monde de vitesse d\u00e9marrer une nouvelle carri\u00e8re en F1, le pilote allemand de Formule 1 Michael Schumacher, septuple champion du monde de Formule 1, vient de lui rendre la [&hellip;]\" \/>\n<meta name=\"twitter:image\" content=\"http:\/\/www.leblogmoto.com\/images\/schumi_ducati.jpg\" \/>\n<meta name=\"twitter:label1\" content=\"\u00c9crit par\" \/>\n\t<meta name=\"twitter:data1\" content=\"daniel bour\" \/>\n\t<meta name=\"twitter:label2\" content=\"Dur\u00e9e de lecture estim\u00e9e\" \/>\n\t<meta name=\"twitter:data2\" content=\"1 minute\" \/>\n<script type=\"application\/ld+json\" class=\"yoast-schema-graph\">{\"@context\":\"https:\/\/schema.org\",\"@graph\":[{\"@type\":\"WebPage\",\"@id\":\"https:\/\/blogs.thesocialmedia.com\/leblogmoto\/2005\/10\/25\/schumacher-sess\/\",\"url\":\"https:\/\/blogs.thesocialmedia.com\/leblogmoto\/2005\/10\/25\/schumacher-sess\/\",\"name\":\"Schumacher s'essaye \u00e0 la motoGP - leblogmoto.com\",\"isPartOf\":{\"@id\":\"https:\/\/blogs.thesocialmedia.com\/leblogmoto\/#website\"},\"primaryImageOfPage\":{\"@id\":\"https:\/\/blogs.thesocialmedia.com\/leblogmoto\/2005\/10\/25\/schumacher-sess\/#primaryimage\"},\"image\":{\"@id\":\"https:\/\/blogs.thesocialmedia.com\/leblogmoto\/2005\/10\/25\/schumacher-sess\/#primaryimage\"},\"thumbnailUrl\":\"http:\/\/www.leblogmoto.com\/images\/schumi_ducati.jpg\",\"datePublished\":\"2005-10-25T11:56:40+00:00\",\"dateModified\":\"2012-07-11T14:03:15+00:00\",\"author\":{\"@id\":\"https:\/\/blogs.thesocialmedia.com\/leblogmoto\/#\/schema\/person\/112bf3448e55eeb119f6276bbf85b8e7\"},\"breadcrumb\":{\"@id\":\"https:\/\/blogs.thesocialmedia.com\/leblogmoto\/2005\/10\/25\/schumacher-sess\/#breadcrumb\"},\"inLanguage\":\"fr-FR\",\"potentialAction\":[{\"@type\":\"ReadAction\",\"target\":[\"https:\/\/blogs.thesocialmedia.com\/leblogmoto\/2005\/10\/25\/schumacher-sess\/\"]}]},{\"@type\":\"ImageObject\",\"inLanguage\":\"fr-FR\",\"@id\":\"https:\/\/blogs.thesocialmedia.com\/leblogmoto\/2005\/10\/25\/schumacher-sess\/#primaryimage\",\"url\":\"http:\/\/www.leblogmoto.com\/images\/schumi_ducati.jpg\",\"contentUrl\":\"http:\/\/www.leblogmoto.com\/images\/schumi_ducati.jpg\"},{\"@type\":\"BreadcrumbList\",\"@id\":\"https:\/\/blogs.thesocialmedia.com\/leblogmoto\/2005\/10\/25\/schumacher-sess\/#breadcrumb\",\"itemListElement\":[{\"@type\":\"ListItem\",\"position\":1,\"name\":\"Accueil\",\"item\":\"https:\/\/blogs.thesocialmedia.com\/leblogmoto\/\"},{\"@type\":\"ListItem\",\"position\":2,\"name\":\"Schumacher s&rsquo;essaye \u00e0 la motoGP\"}]},{\"@type\":\"WebSite\",\"@id\":\"https:\/\/blogs.thesocialmedia.com\/leblogmoto\/#website\",\"url\":\"https:\/\/blogs.thesocialmedia.com\/leblogmoto\/\",\"name\":\"leblogmoto\",\"description\":\"Toute l&#039;actualit\u00e9 des 2 roues\",\"potentialAction\":[{\"@type\":\"SearchAction\",\"target\":{\"@type\":\"EntryPoint\",\"urlTemplate\":\"https:\/\/blogs.thesocialmedia.com\/leblogmoto\/?s={search_term_string}\"},\"query-input\":{\"@type\":\"PropertyValueSpecification\",\"valueRequired\":true,\"valueName\":\"search_term_string\"}}],\"inLanguage\":\"fr-FR\"},{\"@type\":\"Person\",\"@id\":\"https:\/\/blogs.thesocialmedia.com\/leblogmoto\/#\/schema\/person\/112bf3448e55eeb119f6276bbf85b8e7\",\"name\":\"daniel bour\",\"image\":{\"@type\":\"ImageObject\",\"inLanguage\":\"fr-FR\",\"@id\":\"https:\/\/blogs.thesocialmedia.com\/leblogmoto\/#\/schema\/person\/image\/\",\"url\":\"https:\/\/secure.gravatar.com\/avatar\/?s=96&d=mm&r=g\",\"contentUrl\":\"https:\/\/secure.gravatar.com\/avatar\/?s=96&d=mm&r=g\",\"caption\":\"daniel bour\"},\"url\":\"https:\/\/blogs.thesocialmedia.com\/leblogmoto\/author\/daniel-bour\/\"}]}<\/script>\n<!-- \/ Yoast SEO plugin. -->","yoast_head_json":{"title":"Schumacher s'essaye \u00e0 la motoGP - leblogmoto.com","robots":{"index":"index","follow":"follow","max-snippet":"max-snippet:-1","max-image-preview":"max-image-preview:large","max-video-preview":"max-video-preview:-1"},"canonical":"https:\/\/blogs.thesocialmedia.com\/leblogmoto\/2005\/10\/25\/schumacher-sess\/","twitter_card":"summary_large_image","twitter_title":"Schumacher s'essaye \u00e0 la motoGP - leblogmoto.com","twitter_description":"Apr\u00e8s les essais de Valentino Rossi sur Ferrari qui ont fait courir beaucoup de bruit sur l\u2019\u00e9ventuelle possibilit\u00e9 de voir un jour le septuple champion de monde de vitesse d\u00e9marrer une nouvelle carri\u00e8re en F1, le pilote allemand de Formule 1 Michael Schumacher, septuple champion du monde de Formule 1, vient de lui rendre la [&hellip;]","twitter_image":"http:\/\/www.leblogmoto.com\/images\/schumi_ducati.jpg","twitter_misc":{"\u00c9crit par":"daniel bour","Dur\u00e9e de lecture estim\u00e9e":"1 minute"},"schema":{"@context":"https:\/\/schema.org","@graph":[{"@type":"WebPage","@id":"https:\/\/blogs.thesocialmedia.com\/leblogmoto\/2005\/10\/25\/schumacher-sess\/","url":"https:\/\/blogs.thesocialmedia.com\/leblogmoto\/2005\/10\/25\/schumacher-sess\/","name":"Schumacher s'essaye \u00e0 la motoGP - leblogmoto.com","isPartOf":{"@id":"https:\/\/blogs.thesocialmedia.com\/leblogmoto\/#website"},"primaryImageOfPage":{"@id":"https:\/\/blogs.thesocialmedia.com\/leblogmoto\/2005\/10\/25\/schumacher-sess\/#primaryimage"},"image":{"@id":"https:\/\/blogs.thesocialmedia.com\/leblogmoto\/2005\/10\/25\/schumacher-sess\/#primaryimage"},"thumbnailUrl":"http:\/\/www.leblogmoto.com\/images\/schumi_ducati.jpg","datePublished":"2005-10-25T11:56:40+00:00","dateModified":"2012-07-11T14:03:15+00:00","author":{"@id":"https:\/\/blogs.thesocialmedia.com\/leblogmoto\/#\/schema\/person\/112bf3448e55eeb119f6276bbf85b8e7"},"breadcrumb":{"@id":"https:\/\/blogs.thesocialmedia.com\/leblogmoto\/2005\/10\/25\/schumacher-sess\/#breadcrumb"},"inLanguage":"fr-FR","potentialAction":[{"@type":"ReadAction","target":["https:\/\/blogs.thesocialmedia.com\/leblogmoto\/2005\/10\/25\/schumacher-sess\/"]}]},{"@type":"ImageObject","inLanguage":"fr-FR","@id":"https:\/\/blogs.thesocialmedia.com\/leblogmoto\/2005\/10\/25\/schumacher-sess\/#primaryimage","url":"http:\/\/www.leblogmoto.com\/images\/schumi_ducati.jpg","contentUrl":"http:\/\/www.leblogmoto.com\/images\/schumi_ducati.jpg"},{"@type":"BreadcrumbList","@id":"https:\/\/blogs.thesocialmedia.com\/leblogmoto\/2005\/10\/25\/schumacher-sess\/#breadcrumb","itemListElement":[{"@type":"ListItem","position":1,"name":"Accueil","item":"https:\/\/blogs.thesocialmedia.com\/leblogmoto\/"},{"@type":"ListItem","position":2,"name":"Schumacher s&rsquo;essaye \u00e0 la motoGP"}]},{"@type":"WebSite","@id":"https:\/\/blogs.thesocialmedia.com\/leblogmoto\/#website","url":"https:\/\/blogs.thesocialmedia.com\/leblogmoto\/","name":"leblogmoto","description":"Toute l&#039;actualit\u00e9 des 2 roues","potentialAction":[{"@type":"SearchAction","target":{"@type":"EntryPoint","urlTemplate":"https:\/\/blogs.thesocialmedia.com\/leblogmoto\/?s={search_term_string}"},"query-input":{"@type":"PropertyValueSpecification","valueRequired":true,"valueName":"search_term_string"}}],"inLanguage":"fr-FR"},{"@type":"Person","@id":"https:\/\/blogs.thesocialmedia.com\/leblogmoto\/#\/schema\/person\/112bf3448e55eeb119f6276bbf85b8e7","name":"daniel bour","image":{"@type":"ImageObject","inLanguage":"fr-FR","@id":"https:\/\/blogs.thesocialmedia.com\/leblogmoto\/#\/schema\/person\/image\/","url":"https:\/\/secure.gravatar.com\/avatar\/?s=96&d=mm&r=g","contentUrl":"https:\/\/secure.gravatar.com\/avatar\/?s=96&d=mm&r=g","caption":"daniel bour"},"url":"https:\/\/blogs.thesocialmedia.com\/leblogmoto\/author\/daniel-bour\/"}]}},"_links":{"self":[{"href":"https:\/\/blogs.thesocialmedia.com\/leblogmoto\/wp-json\/wp\/v2\/posts\/2305","targetHints":{"allow":["GET"]}}],"collection":[{"href":"https:\/\/blogs.thesocialmedia.com\/leblogmoto\/wp-json\/wp\/v2\/posts"}],"about":[{"href":"https:\/\/blogs.thesocialmedia.com\/leblogmoto\/wp-json\/wp\/v2\/types\/post"}],"author":[{"embeddable":true,"href":"https:\/\/blogs.thesocialmedia.com\/leblogmoto\/wp-json\/wp\/v2\/users\/339"}],"replies":[{"embeddable":true,"href":"https:\/\/blogs.thesocialmedia.com\/leblogmoto\/wp-json\/wp\/v2\/comments?post=2305"}],"version-history":[{"count":2,"href":"https:\/\/blogs.thesocialmedia.com\/leblogmoto\/wp-json\/wp\/v2\/posts\/2305\/revisions"}],"predecessor-version":[{"id":6433,"href":"https:\/\/blogs.thesocialmedia.com\/leblogmoto\/wp-json\/wp\/v2\/posts\/2305\/revisions\/6433"}],"wp:attachment":[{"href":"https:\/\/blogs.thesocialmedia.com\/leblogmoto\/wp-json\/wp\/v2\/media?parent=2305"}],"wp:term":[{"taxonomy":"category","embeddable":true,"href":"https:\/\/blogs.thesocialmedia.com\/leblogmoto\/wp-json\/wp\/v2\/categories?post=2305"},{"taxonomy":"post_tag","embeddable":true,"href":"https:\/\/blogs.thesocialmedia.com\/leblogmoto\/wp-json\/wp\/v2\/tags?post=2305"}],"curies":[{"name":"wp","href":"https:\/\/api.w.org\/{rel}","templated":true}]}}