{"id":2306,"date":"2005-10-24T13:13:42","date_gmt":"2005-10-24T13:13:42","guid":{"rendered":"http:\/\/blogs.thesocialmedia.com\/leblogmoto\/2005\/10\/24\/motogp-olivier\/"},"modified":"2012-07-11T14:03:13","modified_gmt":"2012-07-11T14:03:13","slug":"motogp-olivier","status":"publish","type":"post","link":"https:\/\/blogs.thesocialmedia.com\/leblogmoto\/2005\/10\/24\/motogp-olivier\/","title":{"rendered":"MotoGP : Olivier Jacque tr\u00e8s d\u00e9\u00e7u"},"content":{"rendered":"<p><span lang=\"FR\"><\/span><span lang=\"FR\"><a href=\"http:\/\/blogs.thesocialmedia.com\/leblogmoto\/files\/2012\/07\/motogp_turquie_2005_3_1.jpg\"><img loading=\"lazy\" decoding=\"async\" width=\"250\" height=\"187\"  alt=\"Motogp_turquie_2005_3_1\" src=\"http:\/\/www.leblogmoto.com\/images\/motogp_turquie_2005_3_1.jpg\" style=\"margin: 0px 5px 5px 0px;float: left\" \/><\/a>Le fran\u00e7ais <a href=\"http:\/\/www.leblogmoto.com\/2005\/06\/olivier_jacque_.html\">Olivier Jacque<\/a>, <a href=\"http:\/\/www.leblogmoto.com\/2005\/09\/olivier_jacque_.html\">qui rempla\u00e7ait son co\u00e9quipier Alex Hofmann<\/a> suite \u00e0 une blessure de ce dernier, est tr\u00e8s d\u00e9\u00e7u de sa prestation au <a href=\"http:\/\/www.leblogmoto.com\/2005\/10\/motogp_melandri.html\">GP de Turquie<\/a>. En effet, il n\u2019a pu jouer les premiers r\u00f4les \u00e0 cause d\u2019un gros probl\u00e8me d\u2019adh\u00e9rence de sa moto \u00e9quip\u00e9e de pneumatiques Bridgestone. Au final, Olivier ne termine que 13<sup>\u00e8me<\/sup> ce qui est tr\u00e8s loin de son talent. Comme dans d\u2019autres disciplines (<a href=\"http:\/\/www.leblogauto.com\/f1\/index.html\">F1<\/a>, <a href=\"http:\/\/www.google.com\/search?q=WRC&amp;btnG=Recherche&amp;domains=http%3A%2F%2Fwww.leblogauto.com&amp;sitesearch=http%3A%2F%2Fwww.leblogauto.com\">WRC<\/a>,\u2026) les pneumatiques Bridgestone sont vraiment \u00e0 la peine et sont outrageusement domin\u00e9s par le manufacturier fran\u00e7ais <a href=\"http:\/\/www.leblogauto.com\/michelin\/index.html\">Michelin<\/a>. <\/span><span lang=\"FR\">\u00ab<em>C\u2019\u00e9tait une belle course, mais quelque peu ennuyeuse pour moi malheureusement. J\u2019ai pris un bon d\u00e9part mais apr\u00e8s quelques tours, je me suis fait quelques frayeurs, des glissades difficilement contr\u00f4lables, et j\u2019ai perdu le contact avec le groupe dans lequel je roulais. La moto manquait d\u2019adh\u00e9rence et je n\u2019ai rien pu faire pour revenir sur les pilotes qui me pr\u00e9c\u00e9daient&#8230;<\/em><\/span> <\/p>\n<p><span lang=\"FR\"><em>&#8230;Pourtant, la <a href=\"http:\/\/www.leblogmoto.com\/kawasaki\/index.html\">Kawasaki<\/a> \u00e9tait bien, nous avions trouv\u00e9 un bon \u00e9quilibre. De m\u00eame, le pneu avant assurait un excellent contact. Mais l\u2019arri\u00e8re \u00e9tait d\u00e9licat, surtout dans ces longs virages \u00e0 droite o\u00f9 l\u2019on prend beaucoup d\u2019angle. D\u2019apr\u00e8s ses dires \u00e0 l\u2019arriv\u00e9e, Shinya Nakano, mon co\u00e9quipier, a rencontr\u00e9 les m\u00eames probl\u00e8mes que moi. J\u2019ai donc fait ma course tout seul. A mi-\u00e9preuve, j\u2019ai m\u00eame modifi\u00e9 mon style de pilotage pour obtenir le meilleur de la moto, mais ce n\u2019\u00e9tait pas suffisant pour obtenir une bonne place \u00e0 l\u2019arriv\u00e9e. Je remercie toute l\u2019\u00e9quipe <a href=\"http:\/\/www.leblogmoto.com\/motogp\/index.html\">Kawasaki Racing Team<\/a> qui m\u2019a donn\u00e9 cette opportunit\u00e9 de participer \u00e0 ces quelques Grands Prix cette saison. Je me suis vraiment r\u00e9gal\u00e9, tant au guidon de la Ninja ZXR-R qu\u2019au sein de l\u2019\u00e9quipe avec qui je me suis tr\u00e8s bien entendu. Je pense que nous avons fait du bon travail ensemble et cette exp\u00e9rience a \u00e9t\u00e9 extraordinaire pour moi. Je ne sais pas encore si je participerai au dernier Grand Prix de la saison qui se d\u00e9roule \u00e0 Valence dans quinze jours. Cela d\u00e9pendra de l\u2019\u00e9tat de sant\u00e9 d\u2019Alex Hofmann que j\u2019ai remplac\u00e9 au sein de cette \u00e9curie.<\/em>\u00bb<br \/><\/span><\/p>\n<p><span lang=\"FR\">Source : <a href=\"www.motogp.com\">MotoGP.com<\/a><br \/><\/span><\/p>\n<p><span lang=\"FR\"><br \/><\/span><\/p>\n<p><span lang=\"FR\"><br \/><\/span><\/p>\n<p><span lang=\"FR\"><\/p>\n<p><\/span><\/p>\n","protected":false},"excerpt":{"rendered":"<p>Le fran\u00e7ais Olivier Jacque, qui rempla\u00e7ait son co\u00e9quipier Alex Hofmann suite \u00e0 une blessure de ce dernier, est tr\u00e8s d\u00e9\u00e7u de sa prestation au GP de Turquie. En effet, il n\u2019a pu jouer les premiers r\u00f4les \u00e0 cause d\u2019un gros probl\u00e8me d\u2019adh\u00e9rence de sa moto \u00e9quip\u00e9e de pneumatiques Bridgestone. Au final, Olivier ne termine que [&hellip;]<\/p>\n","protected":false},"author":338,"featured_media":0,"comment_status":"open","ping_status":"open","sticky":false,"template":"","format":"standard","meta":{"footnotes":""},"categories":[22],"tags":[],"class_list":["post-2306","post","type-post","status-publish","format-standard","hentry","category-motogp"],"yoast_head":"<!-- This site is optimized with the Yoast SEO plugin v26.0 - https:\/\/yoast.com\/wordpress\/plugins\/seo\/ -->\n<title>MotoGP : Olivier Jacque tr\u00e8s d\u00e9\u00e7u - leblogmoto.com<\/title>\n<meta name=\"robots\" content=\"index, follow, max-snippet:-1, max-image-preview:large, max-video-preview:-1\" \/>\n<link rel=\"canonical\" href=\"https:\/\/blogs.thesocialmedia.com\/leblogmoto\/2005\/10\/24\/motogp-olivier\/\" \/>\n<meta name=\"twitter:card\" content=\"summary_large_image\" \/>\n<meta name=\"twitter:title\" content=\"MotoGP : Olivier Jacque tr\u00e8s d\u00e9\u00e7u - leblogmoto.com\" \/>\n<meta name=\"twitter:description\" content=\"Le fran\u00e7ais Olivier Jacque, qui rempla\u00e7ait son co\u00e9quipier Alex Hofmann suite \u00e0 une blessure de ce dernier, est tr\u00e8s d\u00e9\u00e7u de sa prestation au GP de Turquie. En effet, il n\u2019a pu jouer les premiers r\u00f4les \u00e0 cause d\u2019un gros probl\u00e8me d\u2019adh\u00e9rence de sa moto \u00e9quip\u00e9e de pneumatiques Bridgestone. Au final, Olivier ne termine que [&hellip;]\" \/>\n<meta name=\"twitter:image\" content=\"http:\/\/www.leblogmoto.com\/images\/motogp_turquie_2005_3_1.jpg\" \/>\n<meta name=\"twitter:label1\" content=\"\u00c9crit par\" \/>\n\t<meta name=\"twitter:data1\" content=\"vincent vaillant\" \/>\n\t<meta name=\"twitter:label2\" content=\"Dur\u00e9e de lecture estim\u00e9e\" \/>\n\t<meta name=\"twitter:data2\" content=\"2 minutes\" \/>\n<script type=\"application\/ld+json\" class=\"yoast-schema-graph\">{\"@context\":\"https:\/\/schema.org\",\"@graph\":[{\"@type\":\"WebPage\",\"@id\":\"https:\/\/blogs.thesocialmedia.com\/leblogmoto\/2005\/10\/24\/motogp-olivier\/\",\"url\":\"https:\/\/blogs.thesocialmedia.com\/leblogmoto\/2005\/10\/24\/motogp-olivier\/\",\"name\":\"MotoGP : Olivier Jacque tr\u00e8s d\u00e9\u00e7u - leblogmoto.com\",\"isPartOf\":{\"@id\":\"https:\/\/blogs.thesocialmedia.com\/leblogmoto\/#website\"},\"primaryImageOfPage\":{\"@id\":\"https:\/\/blogs.thesocialmedia.com\/leblogmoto\/2005\/10\/24\/motogp-olivier\/#primaryimage\"},\"image\":{\"@id\":\"https:\/\/blogs.thesocialmedia.com\/leblogmoto\/2005\/10\/24\/motogp-olivier\/#primaryimage\"},\"thumbnailUrl\":\"http:\/\/www.leblogmoto.com\/images\/motogp_turquie_2005_3_1.jpg\",\"datePublished\":\"2005-10-24T13:13:42+00:00\",\"dateModified\":\"2012-07-11T14:03:13+00:00\",\"author\":{\"@id\":\"https:\/\/blogs.thesocialmedia.com\/leblogmoto\/#\/schema\/person\/80d2a078dbdb8b60abbd76bae6011f19\"},\"breadcrumb\":{\"@id\":\"https:\/\/blogs.thesocialmedia.com\/leblogmoto\/2005\/10\/24\/motogp-olivier\/#breadcrumb\"},\"inLanguage\":\"fr-FR\",\"potentialAction\":[{\"@type\":\"ReadAction\",\"target\":[\"https:\/\/blogs.thesocialmedia.com\/leblogmoto\/2005\/10\/24\/motogp-olivier\/\"]}]},{\"@type\":\"ImageObject\",\"inLanguage\":\"fr-FR\",\"@id\":\"https:\/\/blogs.thesocialmedia.com\/leblogmoto\/2005\/10\/24\/motogp-olivier\/#primaryimage\",\"url\":\"http:\/\/www.leblogmoto.com\/images\/motogp_turquie_2005_3_1.jpg\",\"contentUrl\":\"http:\/\/www.leblogmoto.com\/images\/motogp_turquie_2005_3_1.jpg\"},{\"@type\":\"BreadcrumbList\",\"@id\":\"https:\/\/blogs.thesocialmedia.com\/leblogmoto\/2005\/10\/24\/motogp-olivier\/#breadcrumb\",\"itemListElement\":[{\"@type\":\"ListItem\",\"position\":1,\"name\":\"Accueil\",\"item\":\"https:\/\/blogs.thesocialmedia.com\/leblogmoto\/\"},{\"@type\":\"ListItem\",\"position\":2,\"name\":\"MotoGP : Olivier Jacque tr\u00e8s d\u00e9\u00e7u\"}]},{\"@type\":\"WebSite\",\"@id\":\"https:\/\/blogs.thesocialmedia.com\/leblogmoto\/#website\",\"url\":\"https:\/\/blogs.thesocialmedia.com\/leblogmoto\/\",\"name\":\"leblogmoto\",\"description\":\"Toute l&#039;actualit\u00e9 des 2 roues\",\"potentialAction\":[{\"@type\":\"SearchAction\",\"target\":{\"@type\":\"EntryPoint\",\"urlTemplate\":\"https:\/\/blogs.thesocialmedia.com\/leblogmoto\/?s={search_term_string}\"},\"query-input\":{\"@type\":\"PropertyValueSpecification\",\"valueRequired\":true,\"valueName\":\"search_term_string\"}}],\"inLanguage\":\"fr-FR\"},{\"@type\":\"Person\",\"@id\":\"https:\/\/blogs.thesocialmedia.com\/leblogmoto\/#\/schema\/person\/80d2a078dbdb8b60abbd76bae6011f19\",\"name\":\"vincent vaillant\",\"image\":{\"@type\":\"ImageObject\",\"inLanguage\":\"fr-FR\",\"@id\":\"https:\/\/blogs.thesocialmedia.com\/leblogmoto\/#\/schema\/person\/image\/\",\"url\":\"https:\/\/secure.gravatar.com\/avatar\/?s=96&d=mm&r=g\",\"contentUrl\":\"https:\/\/secure.gravatar.com\/avatar\/?s=96&d=mm&r=g\",\"caption\":\"vincent vaillant\"},\"url\":\"https:\/\/blogs.thesocialmedia.com\/leblogmoto\/author\/vincent-vaillant\/\"}]}<\/script>\n<!-- \/ Yoast SEO plugin. -->","yoast_head_json":{"title":"MotoGP : Olivier Jacque tr\u00e8s d\u00e9\u00e7u - leblogmoto.com","robots":{"index":"index","follow":"follow","max-snippet":"max-snippet:-1","max-image-preview":"max-image-preview:large","max-video-preview":"max-video-preview:-1"},"canonical":"https:\/\/blogs.thesocialmedia.com\/leblogmoto\/2005\/10\/24\/motogp-olivier\/","twitter_card":"summary_large_image","twitter_title":"MotoGP : Olivier Jacque tr\u00e8s d\u00e9\u00e7u - leblogmoto.com","twitter_description":"Le fran\u00e7ais Olivier Jacque, qui rempla\u00e7ait son co\u00e9quipier Alex Hofmann suite \u00e0 une blessure de ce dernier, est tr\u00e8s d\u00e9\u00e7u de sa prestation au GP de Turquie. En effet, il n\u2019a pu jouer les premiers r\u00f4les \u00e0 cause d\u2019un gros probl\u00e8me d\u2019adh\u00e9rence de sa moto \u00e9quip\u00e9e de pneumatiques Bridgestone. Au final, Olivier ne termine que [&hellip;]","twitter_image":"http:\/\/www.leblogmoto.com\/images\/motogp_turquie_2005_3_1.jpg","twitter_misc":{"\u00c9crit par":"vincent vaillant","Dur\u00e9e de lecture estim\u00e9e":"2 minutes"},"schema":{"@context":"https:\/\/schema.org","@graph":[{"@type":"WebPage","@id":"https:\/\/blogs.thesocialmedia.com\/leblogmoto\/2005\/10\/24\/motogp-olivier\/","url":"https:\/\/blogs.thesocialmedia.com\/leblogmoto\/2005\/10\/24\/motogp-olivier\/","name":"MotoGP : Olivier Jacque tr\u00e8s d\u00e9\u00e7u - leblogmoto.com","isPartOf":{"@id":"https:\/\/blogs.thesocialmedia.com\/leblogmoto\/#website"},"primaryImageOfPage":{"@id":"https:\/\/blogs.thesocialmedia.com\/leblogmoto\/2005\/10\/24\/motogp-olivier\/#primaryimage"},"image":{"@id":"https:\/\/blogs.thesocialmedia.com\/leblogmoto\/2005\/10\/24\/motogp-olivier\/#primaryimage"},"thumbnailUrl":"http:\/\/www.leblogmoto.com\/images\/motogp_turquie_2005_3_1.jpg","datePublished":"2005-10-24T13:13:42+00:00","dateModified":"2012-07-11T14:03:13+00:00","author":{"@id":"https:\/\/blogs.thesocialmedia.com\/leblogmoto\/#\/schema\/person\/80d2a078dbdb8b60abbd76bae6011f19"},"breadcrumb":{"@id":"https:\/\/blogs.thesocialmedia.com\/leblogmoto\/2005\/10\/24\/motogp-olivier\/#breadcrumb"},"inLanguage":"fr-FR","potentialAction":[{"@type":"ReadAction","target":["https:\/\/blogs.thesocialmedia.com\/leblogmoto\/2005\/10\/24\/motogp-olivier\/"]}]},{"@type":"ImageObject","inLanguage":"fr-FR","@id":"https:\/\/blogs.thesocialmedia.com\/leblogmoto\/2005\/10\/24\/motogp-olivier\/#primaryimage","url":"http:\/\/www.leblogmoto.com\/images\/motogp_turquie_2005_3_1.jpg","contentUrl":"http:\/\/www.leblogmoto.com\/images\/motogp_turquie_2005_3_1.jpg"},{"@type":"BreadcrumbList","@id":"https:\/\/blogs.thesocialmedia.com\/leblogmoto\/2005\/10\/24\/motogp-olivier\/#breadcrumb","itemListElement":[{"@type":"ListItem","position":1,"name":"Accueil","item":"https:\/\/blogs.thesocialmedia.com\/leblogmoto\/"},{"@type":"ListItem","position":2,"name":"MotoGP : Olivier Jacque tr\u00e8s d\u00e9\u00e7u"}]},{"@type":"WebSite","@id":"https:\/\/blogs.thesocialmedia.com\/leblogmoto\/#website","url":"https:\/\/blogs.thesocialmedia.com\/leblogmoto\/","name":"leblogmoto","description":"Toute l&#039;actualit\u00e9 des 2 roues","potentialAction":[{"@type":"SearchAction","target":{"@type":"EntryPoint","urlTemplate":"https:\/\/blogs.thesocialmedia.com\/leblogmoto\/?s={search_term_string}"},"query-input":{"@type":"PropertyValueSpecification","valueRequired":true,"valueName":"search_term_string"}}],"inLanguage":"fr-FR"},{"@type":"Person","@id":"https:\/\/blogs.thesocialmedia.com\/leblogmoto\/#\/schema\/person\/80d2a078dbdb8b60abbd76bae6011f19","name":"vincent vaillant","image":{"@type":"ImageObject","inLanguage":"fr-FR","@id":"https:\/\/blogs.thesocialmedia.com\/leblogmoto\/#\/schema\/person\/image\/","url":"https:\/\/secure.gravatar.com\/avatar\/?s=96&d=mm&r=g","contentUrl":"https:\/\/secure.gravatar.com\/avatar\/?s=96&d=mm&r=g","caption":"vincent vaillant"},"url":"https:\/\/blogs.thesocialmedia.com\/leblogmoto\/author\/vincent-vaillant\/"}]}},"_links":{"self":[{"href":"https:\/\/blogs.thesocialmedia.com\/leblogmoto\/wp-json\/wp\/v2\/posts\/2306","targetHints":{"allow":["GET"]}}],"collection":[{"href":"https:\/\/blogs.thesocialmedia.com\/leblogmoto\/wp-json\/wp\/v2\/posts"}],"about":[{"href":"https:\/\/blogs.thesocialmedia.com\/leblogmoto\/wp-json\/wp\/v2\/types\/post"}],"author":[{"embeddable":true,"href":"https:\/\/blogs.thesocialmedia.com\/leblogmoto\/wp-json\/wp\/v2\/users\/338"}],"replies":[{"embeddable":true,"href":"https:\/\/blogs.thesocialmedia.com\/leblogmoto\/wp-json\/wp\/v2\/comments?post=2306"}],"version-history":[{"count":2,"href":"https:\/\/blogs.thesocialmedia.com\/leblogmoto\/wp-json\/wp\/v2\/posts\/2306\/revisions"}],"predecessor-version":[{"id":6431,"href":"https:\/\/blogs.thesocialmedia.com\/leblogmoto\/wp-json\/wp\/v2\/posts\/2306\/revisions\/6431"}],"wp:attachment":[{"href":"https:\/\/blogs.thesocialmedia.com\/leblogmoto\/wp-json\/wp\/v2\/media?parent=2306"}],"wp:term":[{"taxonomy":"category","embeddable":true,"href":"https:\/\/blogs.thesocialmedia.com\/leblogmoto\/wp-json\/wp\/v2\/categories?post=2306"},{"taxonomy":"post_tag","embeddable":true,"href":"https:\/\/blogs.thesocialmedia.com\/leblogmoto\/wp-json\/wp\/v2\/tags?post=2306"}],"curies":[{"name":"wp","href":"https:\/\/api.w.org\/{rel}","templated":true}]}}