{"id":2308,"date":"2005-10-24T12:45:28","date_gmt":"2005-10-24T12:45:28","guid":{"rendered":"http:\/\/blogs.thesocialmedia.com\/leblogmoto\/2005\/10\/24\/motogp-melandri-4\/"},"modified":"2012-07-11T14:03:09","modified_gmt":"2012-07-11T14:03:09","slug":"motogp-melandri-4","status":"publish","type":"post","link":"https:\/\/blogs.thesocialmedia.com\/leblogmoto\/2005\/10\/24\/motogp-melandri-4\/","title":{"rendered":"MotoGP : Melandri gagne enfin son premier GP"},"content":{"rendered":"<p><a href=\"http:\/\/blogs.thesocialmedia.com\/leblogmoto\/files\/2012\/07\/motogp_turquie_2005_1.jpg\"><img loading=\"lazy\" decoding=\"async\" width=\"250\" height=\"187\"  src=\"http:\/\/www.leblogmoto.com\/images\/motogp_turquie_2005_1.jpg\" alt=\"Motogp_turquie_2005_1\" style=\"margin: 0px 5px 5px 0px;float: left\" \/><\/a>Marc Melandri a survol\u00e9 l\u2019avant derni\u00e8re \u00e9preuve du championnat du monde MotoGP qui se tenait sur le circuit d\u2019Istanbul en Turquie. Melandri, auteur du 2\u00e8me temps en qualif derri\u00e8re son co\u00e9quipier Gibernau, a \u00e9t\u00e9 remarquable en course avec notamment le nouveau record du tour, et m\u00eame Rossi n\u2019a rien pu faire pour revenir sur lui. Il s\u2019adjuge ainsi sa premi\u00e8re victoire en <a href=\"http:\/\/blogs.thesocialmedia.com\/leblogmoto\/files\/2012\/07\/index.html_35.png\">MotoGP<\/a>. Rossi termine donc deuxi\u00e8me suivi de Hayden. Gibernau est d\u00e9cid\u00e9ment tr\u00e8s malchanceux cette saison puisque, bien que la p\u00f4le en poche et en t\u00eate de la course pendant les premiers tours, il ne termine que 4\u00e8me apr\u00e8s une l\u00e9g\u00e8re sortie de piste, mais r\u00e9alise cependant une belle remont\u00e9e. Derri\u00e8re lui, Checa termine 5\u00e8me suivi du bouillant Elias qui a \u00e9t\u00e9 l\u2019auteur d\u2019une course spectaculaire dans laquelle il a exprim\u00e9 toute sa fougue, qui lui a co\u00fbt\u00e9 un petit broutage d\u2019herbes, mais celui-ci ne s\u2019est pas laiss\u00e9 abattre et a grill\u00e9 la politesse de la 6\u00e8me place \u00e0 Edwards apr\u00e8s une fantastique remont\u00e9e dans les derniers m\u00e8tres.<\/p>\n<p><a href=\"http:\/\/clabedan.typepad.com\/.shared\/image.html?\/photos\/uncategorized\/motogp_turquie_2005_5.jpg\"><img loading=\"lazy\" decoding=\"async\" width=\"250\" height=\"187\"  src=\"http:\/\/www.leblogmoto.com\/images\/motogp_turquie_2005_5.jpg\" alt=\"Motogp_turquie_2005_5\" style=\"margin: 0px 5px 5px 0px;float: left\" \/><\/a>Une fois de plus Nicolas Goubert (<a href=\"http:\/\/www.leblogauto.com\/michelin\/index.html\">Michelin<\/a>) est aux anges : \u00ab<em>Sinc\u00e8rement, nous devons reconna\u00eetre que nous sommes satisfaits de nos r\u00e9sultats sur ce nouveau trac\u00e9. Nous pla\u00e7ons quatre pilotes en t\u00eate \u00e0 l\u2019arriv\u00e9e, mais nous sommes encore plus contents de l\u2019endurance et de la v\u00e9locit\u00e9 qu\u2019ont affich\u00e9 nos pneus. Melandri a d\u00e9croch\u00e9 le record de la piste lors du 17\u00e8me tour ; Rossi a r\u00e9alis\u00e9 son meilleur tour au m\u00eame moment, et Hayden au seizi\u00e8me tour. C\u2019est particuli\u00e8rement satisfaisant sur un circuit dont on ignorait tout. Cette premi\u00e8re victoire de Melandri n\u2019est que justice puisqu\u2019il a domin\u00e9 durant tout le week-end, il a du tout donn\u00e9 pour rester devant Rossi, qui est tr\u00e8s difficile \u00e0 battre, c\u2019est une grande victoire pour lui. De toute \u00e9vidence, Michelin est parvenu \u00e0 tr\u00e8s bien s\u2019adapter \u00e0 ce nouveau trac\u00e9 d\u2019Istanbul, de la m\u00eame fa\u00e7on que nous avons trust\u00e9 le podium lors de la course de <a href=\"http:\/\/www.leblogauto.com\/f1\/index.html\">Formule 1<\/a> avec <a href=\"http:\/\/www.leblogauto.com\/2005\/08\/iceman_devient_.html\">Ra\u00eekkonen, Alonso et Montoya<\/a>. Pour tout dire, lors de cette course nous avions monopolis\u00e9 les neuf premi\u00e8res places. Ce ne fut pas tout \u00e0 fait identique aujourd\u2019hui mais nous n\u2019en sommes pas loin.<\/em>\u00bb <br \/>De m\u00eame Marco Melandri exprime sa joie : \u00ab<em>Ce fut un week-end fantastique pour nous, m\u00eame si j\u2019ai rat\u00e9 la pole position samedi car nous avons gagn\u00e9 aujourd\u2019hui. Quand Gibernau m\u2019a doubl\u00e9, j\u2019ai d\u2019abord essay\u00e9 de le suivre pour voir si nous pouvions nous \u00e9chapper ensemble, mais il a fait une faute et est sorti de la piste. Ensuite, j\u2019ai essay\u00e9 de conserver mon rythme. J\u2019ai alors vu que Rossi n\u2019\u00e9tait pas loin derri\u00e8re moi, mais petit \u00e0 petit j\u2019ai pu le distancer, tour apr\u00e8s tour, puis j\u2019ai essay\u00e9 de rester concentr\u00e9 du mieux possible. Je veux remercier Michelin, qui m\u2019a fourni d\u2019excellents pneumatiques.<\/em>\u00bb <br \/>Rossi est un petit peu d\u00e9\u00e7u de sa prestation du week-end : \u00ab<em>Nous nous sommes d\u00e9men\u00e9s durant les essais vendredi et samedi matin, et ne trouvions pas le bon r\u00e9glage. Nous avons tent\u00e9 beaucoup d\u2019autres r\u00e9glages aujourd\u2019hui et nous avons bien travaill\u00e9 pour parvenir \u00e0 finir second. J\u2019ai fait une grosse erreur au d\u00e9part et cela ne m\u2019a pas facilit\u00e9 la t\u00e2che. Mais je veux f\u00e9liciter Melandri, il s\u2019est montr\u00e9 tr\u00e8s rapide aujourd\u2019hui, et m\u00eame bien plus rapide que moi sur certaines portions du trac\u00e9.<\/em>\u00bb<\/p>\n<p><a href=\"http:\/\/clabedan.typepad.com\/.shared\/image.html?\/photos\/uncategorized\/motogp_turquie_2005_2.jpg\"><img loading=\"lazy\" decoding=\"async\" width=\"250\" height=\"187\"  src=\"http:\/\/www.leblogmoto.com\/images\/motogp_turquie_2005_2.jpg\" alt=\"Motogp_turquie_2005_2\" style=\"margin: 0px 5px 5px 0px;float: left\" \/><\/a><strong><u>Arriv\u00e9e du GP<\/u><\/strong><br \/>1. M. Melandri (Honda, Ita)<br \/>2. V. Rossi (Yamaha, Ita)<br \/>3. N. Hayden (Honda, EU)<br \/>4. S. Gibernau (Honda, Esp)<br \/>5. C. Checa (Ducati, Esp)<br \/>6. T. Elias (Yamaha, Esp)<br \/>7. C. Edwards (Yamaha, EU)<br \/>8. M. Tamada (Honda, Jap)<br \/>9. A. Barros (Honda, Br\u00e9s)<br \/>10. S. Nakano (Kawasaki, Jap)<\/p>\n<p><a href=\"http:\/\/blogs.thesocialmedia.com\/leblogmoto\/files\/2012\/07\/motogp_turquie_2005_3.jpg\"><img loading=\"lazy\" decoding=\"async\" width=\"250\" height=\"187\"  src=\"http:\/\/www.leblogmoto.com\/images\/motogp_turquie_2005_3.jpg\" alt=\"Motogp_turquie_2005_3\" style=\"margin: 0px 5px 5px 0px;float: left\" \/><\/a><strong><u>Classement pilote MotoGP<\/u><\/strong><br \/>1. V. Rossi (351 pts)<br \/>2. M. Melandri (195 pts)<br \/>3. N. Hayden (186 pts)<br \/>4. C. Edwards (171 pts)<br \/>5. M. Biaggi (163 pts)<br \/>6. S. Gibernau (150 pts)<br \/>7. L. Capirossi (148 pts)<br \/>8. A. Barros (136 pts)<br \/>9. C. Checa (125 pts)<br \/>10. S. Nakano (87 pts)<\/p>\n<p><a href=\"http:\/\/blogs.thesocialmedia.com\/leblogmoto\/files\/2012\/07\/motogp_turquie_2005_4.jpg\"><img loading=\"lazy\" decoding=\"async\" width=\"250\" height=\"187\"  src=\"http:\/\/www.leblogmoto.com\/images\/motogp_turquie_2005_4.jpg\" alt=\"Motogp_turquie_2005_4\" style=\"margin: 0px 5px 5px 0px;float: left\" \/><\/a><strong><u>Classement constructeur MotoGP<\/u><\/strong><br \/>1. <a href=\"http:\/\/www.leblogmoto.com\/yamaha\/index.html\">Yamaha<\/a> (365 pts)<br \/>2. <a href=\"http:\/\/www.leblogmoto.com\/honda\/index.html\">Honda<\/a> (316 pts)<br \/>3. <a href=\"http:\/\/www.leblogmoto.com\/ducati\/index.html\">Ducati<\/a> (189 pts)<br \/>4. <a href=\"http:\/\/www.leblogmoto.com\/kawasaki\/index.html\">Kawasaki<\/a> (121 pts)<br \/>5. <a href=\"http:\/\/www.leblogmoto.com\/suzuki\/index.html\">Suzuki<\/a> (97 pts)<\/p>\n<p>Source : <a href=\"www.motogp.com\">MotoGP.com<\/a><\/p>\n","protected":false},"excerpt":{"rendered":"<p>Marc Melandri a survol\u00e9 l\u2019avant derni\u00e8re \u00e9preuve du championnat du monde MotoGP qui se tenait sur le circuit d\u2019Istanbul en Turquie. Melandri, auteur du 2\u00e8me temps en qualif derri\u00e8re son co\u00e9quipier Gibernau, a \u00e9t\u00e9 remarquable en course avec notamment le nouveau record du tour, et m\u00eame Rossi n\u2019a rien pu faire pour revenir sur lui. [&hellip;]<\/p>\n","protected":false},"author":338,"featured_media":0,"comment_status":"open","ping_status":"open","sticky":false,"template":"","format":"standard","meta":{"footnotes":""},"categories":[22],"tags":[],"class_list":["post-2308","post","type-post","status-publish","format-standard","hentry","category-motogp"],"yoast_head":"<!-- This site is optimized with the Yoast SEO plugin v26.0 - https:\/\/yoast.com\/wordpress\/plugins\/seo\/ -->\n<title>MotoGP : Melandri gagne enfin son premier GP - leblogmoto.com<\/title>\n<meta name=\"robots\" content=\"index, follow, max-snippet:-1, max-image-preview:large, max-video-preview:-1\" \/>\n<link rel=\"canonical\" href=\"https:\/\/blogs.thesocialmedia.com\/leblogmoto\/2005\/10\/24\/motogp-melandri-4\/\" \/>\n<meta name=\"twitter:card\" content=\"summary_large_image\" \/>\n<meta name=\"twitter:title\" content=\"MotoGP : Melandri gagne enfin son premier GP - leblogmoto.com\" \/>\n<meta name=\"twitter:description\" content=\"Marc Melandri a survol\u00e9 l\u2019avant derni\u00e8re \u00e9preuve du championnat du monde MotoGP qui se tenait sur le circuit d\u2019Istanbul en Turquie. Melandri, auteur du 2\u00e8me temps en qualif derri\u00e8re son co\u00e9quipier Gibernau, a \u00e9t\u00e9 remarquable en course avec notamment le nouveau record du tour, et m\u00eame Rossi n\u2019a rien pu faire pour revenir sur lui. [&hellip;]\" \/>\n<meta name=\"twitter:image\" content=\"http:\/\/www.leblogmoto.com\/images\/motogp_turquie_2005_1.jpg\" \/>\n<meta name=\"twitter:label1\" content=\"\u00c9crit par\" \/>\n\t<meta name=\"twitter:data1\" content=\"vincent vaillant\" \/>\n\t<meta name=\"twitter:label2\" content=\"Dur\u00e9e de lecture estim\u00e9e\" \/>\n\t<meta name=\"twitter:data2\" content=\"4 minutes\" \/>\n<script type=\"application\/ld+json\" class=\"yoast-schema-graph\">{\"@context\":\"https:\/\/schema.org\",\"@graph\":[{\"@type\":\"WebPage\",\"@id\":\"https:\/\/blogs.thesocialmedia.com\/leblogmoto\/2005\/10\/24\/motogp-melandri-4\/\",\"url\":\"https:\/\/blogs.thesocialmedia.com\/leblogmoto\/2005\/10\/24\/motogp-melandri-4\/\",\"name\":\"MotoGP : Melandri gagne enfin son premier GP - leblogmoto.com\",\"isPartOf\":{\"@id\":\"https:\/\/blogs.thesocialmedia.com\/leblogmoto\/#website\"},\"primaryImageOfPage\":{\"@id\":\"https:\/\/blogs.thesocialmedia.com\/leblogmoto\/2005\/10\/24\/motogp-melandri-4\/#primaryimage\"},\"image\":{\"@id\":\"https:\/\/blogs.thesocialmedia.com\/leblogmoto\/2005\/10\/24\/motogp-melandri-4\/#primaryimage\"},\"thumbnailUrl\":\"http:\/\/www.leblogmoto.com\/images\/motogp_turquie_2005_1.jpg\",\"datePublished\":\"2005-10-24T12:45:28+00:00\",\"dateModified\":\"2012-07-11T14:03:09+00:00\",\"author\":{\"@id\":\"https:\/\/blogs.thesocialmedia.com\/leblogmoto\/#\/schema\/person\/80d2a078dbdb8b60abbd76bae6011f19\"},\"breadcrumb\":{\"@id\":\"https:\/\/blogs.thesocialmedia.com\/leblogmoto\/2005\/10\/24\/motogp-melandri-4\/#breadcrumb\"},\"inLanguage\":\"fr-FR\",\"potentialAction\":[{\"@type\":\"ReadAction\",\"target\":[\"https:\/\/blogs.thesocialmedia.com\/leblogmoto\/2005\/10\/24\/motogp-melandri-4\/\"]}]},{\"@type\":\"ImageObject\",\"inLanguage\":\"fr-FR\",\"@id\":\"https:\/\/blogs.thesocialmedia.com\/leblogmoto\/2005\/10\/24\/motogp-melandri-4\/#primaryimage\",\"url\":\"http:\/\/www.leblogmoto.com\/images\/motogp_turquie_2005_1.jpg\",\"contentUrl\":\"http:\/\/www.leblogmoto.com\/images\/motogp_turquie_2005_1.jpg\"},{\"@type\":\"BreadcrumbList\",\"@id\":\"https:\/\/blogs.thesocialmedia.com\/leblogmoto\/2005\/10\/24\/motogp-melandri-4\/#breadcrumb\",\"itemListElement\":[{\"@type\":\"ListItem\",\"position\":1,\"name\":\"Accueil\",\"item\":\"https:\/\/blogs.thesocialmedia.com\/leblogmoto\/\"},{\"@type\":\"ListItem\",\"position\":2,\"name\":\"MotoGP : Melandri gagne enfin son premier GP\"}]},{\"@type\":\"WebSite\",\"@id\":\"https:\/\/blogs.thesocialmedia.com\/leblogmoto\/#website\",\"url\":\"https:\/\/blogs.thesocialmedia.com\/leblogmoto\/\",\"name\":\"leblogmoto\",\"description\":\"Toute l&#039;actualit\u00e9 des 2 roues\",\"potentialAction\":[{\"@type\":\"SearchAction\",\"target\":{\"@type\":\"EntryPoint\",\"urlTemplate\":\"https:\/\/blogs.thesocialmedia.com\/leblogmoto\/?s={search_term_string}\"},\"query-input\":{\"@type\":\"PropertyValueSpecification\",\"valueRequired\":true,\"valueName\":\"search_term_string\"}}],\"inLanguage\":\"fr-FR\"},{\"@type\":\"Person\",\"@id\":\"https:\/\/blogs.thesocialmedia.com\/leblogmoto\/#\/schema\/person\/80d2a078dbdb8b60abbd76bae6011f19\",\"name\":\"vincent vaillant\",\"image\":{\"@type\":\"ImageObject\",\"inLanguage\":\"fr-FR\",\"@id\":\"https:\/\/blogs.thesocialmedia.com\/leblogmoto\/#\/schema\/person\/image\/\",\"url\":\"https:\/\/secure.gravatar.com\/avatar\/?s=96&d=mm&r=g\",\"contentUrl\":\"https:\/\/secure.gravatar.com\/avatar\/?s=96&d=mm&r=g\",\"caption\":\"vincent vaillant\"},\"url\":\"https:\/\/blogs.thesocialmedia.com\/leblogmoto\/author\/vincent-vaillant\/\"}]}<\/script>\n<!-- \/ Yoast SEO plugin. -->","yoast_head_json":{"title":"MotoGP : Melandri gagne enfin son premier GP - leblogmoto.com","robots":{"index":"index","follow":"follow","max-snippet":"max-snippet:-1","max-image-preview":"max-image-preview:large","max-video-preview":"max-video-preview:-1"},"canonical":"https:\/\/blogs.thesocialmedia.com\/leblogmoto\/2005\/10\/24\/motogp-melandri-4\/","twitter_card":"summary_large_image","twitter_title":"MotoGP : Melandri gagne enfin son premier GP - leblogmoto.com","twitter_description":"Marc Melandri a survol\u00e9 l\u2019avant derni\u00e8re \u00e9preuve du championnat du monde MotoGP qui se tenait sur le circuit d\u2019Istanbul en Turquie. Melandri, auteur du 2\u00e8me temps en qualif derri\u00e8re son co\u00e9quipier Gibernau, a \u00e9t\u00e9 remarquable en course avec notamment le nouveau record du tour, et m\u00eame Rossi n\u2019a rien pu faire pour revenir sur lui. [&hellip;]","twitter_image":"http:\/\/www.leblogmoto.com\/images\/motogp_turquie_2005_1.jpg","twitter_misc":{"\u00c9crit par":"vincent vaillant","Dur\u00e9e de lecture estim\u00e9e":"4 minutes"},"schema":{"@context":"https:\/\/schema.org","@graph":[{"@type":"WebPage","@id":"https:\/\/blogs.thesocialmedia.com\/leblogmoto\/2005\/10\/24\/motogp-melandri-4\/","url":"https:\/\/blogs.thesocialmedia.com\/leblogmoto\/2005\/10\/24\/motogp-melandri-4\/","name":"MotoGP : Melandri gagne enfin son premier GP - leblogmoto.com","isPartOf":{"@id":"https:\/\/blogs.thesocialmedia.com\/leblogmoto\/#website"},"primaryImageOfPage":{"@id":"https:\/\/blogs.thesocialmedia.com\/leblogmoto\/2005\/10\/24\/motogp-melandri-4\/#primaryimage"},"image":{"@id":"https:\/\/blogs.thesocialmedia.com\/leblogmoto\/2005\/10\/24\/motogp-melandri-4\/#primaryimage"},"thumbnailUrl":"http:\/\/www.leblogmoto.com\/images\/motogp_turquie_2005_1.jpg","datePublished":"2005-10-24T12:45:28+00:00","dateModified":"2012-07-11T14:03:09+00:00","author":{"@id":"https:\/\/blogs.thesocialmedia.com\/leblogmoto\/#\/schema\/person\/80d2a078dbdb8b60abbd76bae6011f19"},"breadcrumb":{"@id":"https:\/\/blogs.thesocialmedia.com\/leblogmoto\/2005\/10\/24\/motogp-melandri-4\/#breadcrumb"},"inLanguage":"fr-FR","potentialAction":[{"@type":"ReadAction","target":["https:\/\/blogs.thesocialmedia.com\/leblogmoto\/2005\/10\/24\/motogp-melandri-4\/"]}]},{"@type":"ImageObject","inLanguage":"fr-FR","@id":"https:\/\/blogs.thesocialmedia.com\/leblogmoto\/2005\/10\/24\/motogp-melandri-4\/#primaryimage","url":"http:\/\/www.leblogmoto.com\/images\/motogp_turquie_2005_1.jpg","contentUrl":"http:\/\/www.leblogmoto.com\/images\/motogp_turquie_2005_1.jpg"},{"@type":"BreadcrumbList","@id":"https:\/\/blogs.thesocialmedia.com\/leblogmoto\/2005\/10\/24\/motogp-melandri-4\/#breadcrumb","itemListElement":[{"@type":"ListItem","position":1,"name":"Accueil","item":"https:\/\/blogs.thesocialmedia.com\/leblogmoto\/"},{"@type":"ListItem","position":2,"name":"MotoGP : Melandri gagne enfin son premier GP"}]},{"@type":"WebSite","@id":"https:\/\/blogs.thesocialmedia.com\/leblogmoto\/#website","url":"https:\/\/blogs.thesocialmedia.com\/leblogmoto\/","name":"leblogmoto","description":"Toute l&#039;actualit\u00e9 des 2 roues","potentialAction":[{"@type":"SearchAction","target":{"@type":"EntryPoint","urlTemplate":"https:\/\/blogs.thesocialmedia.com\/leblogmoto\/?s={search_term_string}"},"query-input":{"@type":"PropertyValueSpecification","valueRequired":true,"valueName":"search_term_string"}}],"inLanguage":"fr-FR"},{"@type":"Person","@id":"https:\/\/blogs.thesocialmedia.com\/leblogmoto\/#\/schema\/person\/80d2a078dbdb8b60abbd76bae6011f19","name":"vincent vaillant","image":{"@type":"ImageObject","inLanguage":"fr-FR","@id":"https:\/\/blogs.thesocialmedia.com\/leblogmoto\/#\/schema\/person\/image\/","url":"https:\/\/secure.gravatar.com\/avatar\/?s=96&d=mm&r=g","contentUrl":"https:\/\/secure.gravatar.com\/avatar\/?s=96&d=mm&r=g","caption":"vincent vaillant"},"url":"https:\/\/blogs.thesocialmedia.com\/leblogmoto\/author\/vincent-vaillant\/"}]}},"_links":{"self":[{"href":"https:\/\/blogs.thesocialmedia.com\/leblogmoto\/wp-json\/wp\/v2\/posts\/2308","targetHints":{"allow":["GET"]}}],"collection":[{"href":"https:\/\/blogs.thesocialmedia.com\/leblogmoto\/wp-json\/wp\/v2\/posts"}],"about":[{"href":"https:\/\/blogs.thesocialmedia.com\/leblogmoto\/wp-json\/wp\/v2\/types\/post"}],"author":[{"embeddable":true,"href":"https:\/\/blogs.thesocialmedia.com\/leblogmoto\/wp-json\/wp\/v2\/users\/338"}],"replies":[{"embeddable":true,"href":"https:\/\/blogs.thesocialmedia.com\/leblogmoto\/wp-json\/wp\/v2\/comments?post=2308"}],"version-history":[{"count":2,"href":"https:\/\/blogs.thesocialmedia.com\/leblogmoto\/wp-json\/wp\/v2\/posts\/2308\/revisions"}],"predecessor-version":[{"id":6427,"href":"https:\/\/blogs.thesocialmedia.com\/leblogmoto\/wp-json\/wp\/v2\/posts\/2308\/revisions\/6427"}],"wp:attachment":[{"href":"https:\/\/blogs.thesocialmedia.com\/leblogmoto\/wp-json\/wp\/v2\/media?parent=2308"}],"wp:term":[{"taxonomy":"category","embeddable":true,"href":"https:\/\/blogs.thesocialmedia.com\/leblogmoto\/wp-json\/wp\/v2\/categories?post=2308"},{"taxonomy":"post_tag","embeddable":true,"href":"https:\/\/blogs.thesocialmedia.com\/leblogmoto\/wp-json\/wp\/v2\/tags?post=2308"}],"curies":[{"name":"wp","href":"https:\/\/api.w.org\/{rel}","templated":true}]}}