{"id":231,"date":"2009-03-10T03:03:54","date_gmt":"2009-03-10T03:03:54","guid":{"rendered":"http:\/\/blogs.thesocialmedia.com\/leblogmoto\/2009\/03\/10\/ama-superbike-d\/"},"modified":"2012-07-11T17:12:02","modified_gmt":"2012-07-11T17:12:02","slug":"ama-superbike-d","status":"publish","type":"post","link":"https:\/\/blogs.thesocialmedia.com\/leblogmoto\/2009\/03\/10\/ama-superbike-d\/","title":{"rendered":"AMA Superbike Daytona"},"content":{"rendered":"<p><a href=\"http:\/\/blogs.thesocialmedia.com\/leblogmoto\/files\/2012\/07\/daytonasbk1.jpg\"><img loading=\"lazy\" decoding=\"async\" width=\"470\" height=\"212\"  src=\"http:\/\/www.leblogmoto.com\/images\/2009\/03\/09\/daytonasbk1.jpg\" alt=\"Daytonasbk1\" \/><\/a> <\/p>\n<p>En Superbike, apr\u00e8s la victoire de la Suzuki de <a href=\"http:\/\/www.mladinimports.com\/index.htm\">Mat Mladin<\/a>, beaucoup se demandaient si tout le brouhaha fait par les instances concernant<a href=\"http:\/\/www.leblogmoto.com\/2008\/10\/ama-superbike-l.html\"> la r\u00e8glementation<\/a>, permettant une plus grande parit\u00e9 entre les joueurs, en valait vraiment la peine?<\/p>\n<p>Ainsi, la victoire de Mladin \u00e9tait la 47e de suite pour Suzuki en AMA Superbike, victoire vol\u00e9e \u00e0 l\u2019arrach\u00e9 certes, car la course fut plus chaudement disput\u00e9e que certaines autres, mais la Suzuki de Mladin \u00e9tait une machine 2008 achet\u00e9e chez un concessionnaire apr\u00e8s que sa GSX-R1000 fut trouv\u00e9e coupable de non-conformit\u00e9 apr\u00e8s les derniers essais hivernaux. On disait m\u00eame Mladin peu en forme avec des probl\u00e8mes r\u00e9curant de dos. N\u2019emp\u00eache, Mladin \u00e0 prouver qu\u2019il peut gagner sur une trottinette, et Spies a aussi fait la preuve en Australie qu\u2019importe la monture, le circuit, voir le continent, il gagne. Les Suzuki sont de bonnes machines certes, mais les meilleurs pilotes \u00e9taient et sont dessus. Il est encore trop t\u00f4t pour pr\u00e9dire ce que sera la nouvelle saison, mais un <a href=\"http:\/\/www.myspace.com\/hodgson100\">Neil Hodgson<\/a>, qui a termin\u00e9 deuxi\u00e8me sur sa Honda peut esp\u00e9rer un meilleur sort pour 2009.<br \/>La pr\u00e9sence \u00e0 Daytona en Sportbike et ancien co\u00e9quipier de Hodgson, <a href=\"http:\/\/en.wikipedia.org\/wiki\/Miguel_Duhamel\">Miguel Duhamel<\/a>, aura vu un int\u00e9r\u00eat renouvel\u00e9 pour ses services en Superbike. Des discussions sont en cours, et on reverra peut-\u00eatre le v\u00e9t\u00e9ran pilote qu\u00e9b\u00e9cois sur les circuits en 2009.<\/p>\n<p><a href=\"http:\/\/clabedan.typepad.com\/.shared\/image.html?\/photos\/uncategorized\/2009\/03\/09\/daytonasbk5.jpg\"><img loading=\"lazy\" decoding=\"async\" width=\"470\" height=\"312\"  src=\"http:\/\/www.leblogmoto.com\/images\/2009\/03\/09\/daytonasbk5.jpg\" alt=\"Daytonasbk5\" \/><\/a> <\/p>\n<p><a href=\"http:\/\/blogs.thesocialmedia.com\/leblogmoto\/files\/2012\/07\/daytonasbk4.jpg\"><img loading=\"lazy\" decoding=\"async\" width=\"470\" height=\"312\"  src=\"http:\/\/www.leblogmoto.com\/images\/2009\/03\/09\/daytonasbk4.jpg\" alt=\"Daytonasbk4\" \/><\/a> <\/p>\n<p><a href=\"http:\/\/blogs.thesocialmedia.com\/leblogmoto\/files\/2012\/07\/daytonasbk3.jpg\"><img loading=\"lazy\" decoding=\"async\" width=\"470\" height=\"312\"  src=\"http:\/\/www.leblogmoto.com\/images\/2009\/03\/09\/daytonasbk3.jpg\" alt=\"Daytonasbk3\" \/><\/a> <\/p>\n<p><a href=\"http:\/\/blogs.thesocialmedia.com\/leblogmoto\/files\/2012\/07\/daytonasbk2.jpg\"><img loading=\"lazy\" decoding=\"async\" width=\"470\" height=\"312\"  src=\"http:\/\/www.leblogmoto.com\/images\/2009\/03\/09\/daytonasbk2.jpg\" alt=\"Daytonasbk2\" \/><\/a> <\/p>\n","protected":false},"excerpt":{"rendered":"<p>En Superbike, apr\u00e8s la victoire de la Suzuki de Mat Mladin, beaucoup se demandaient si tout le brouhaha fait par les instances concernant la r\u00e8glementation, permettant une plus grande parit\u00e9 entre les joueurs, en valait vraiment la peine? Ainsi, la victoire de Mladin \u00e9tait la 47e de suite pour Suzuki en AMA Superbike, victoire vol\u00e9e [&hellip;]<\/p>\n","protected":false},"author":325,"featured_media":0,"comment_status":"open","ping_status":"open","sticky":false,"template":"","format":"standard","meta":{"footnotes":""},"categories":[1],"tags":[],"class_list":["post-231","post","type-post","status-publish","format-standard","hentry","category-uncategorized"],"yoast_head":"<!-- This site is optimized with the Yoast SEO plugin v26.0 - https:\/\/yoast.com\/wordpress\/plugins\/seo\/ -->\n<title>AMA Superbike Daytona - leblogmoto.com<\/title>\n<meta name=\"robots\" content=\"index, follow, max-snippet:-1, max-image-preview:large, max-video-preview:-1\" \/>\n<link rel=\"canonical\" href=\"https:\/\/blogs.thesocialmedia.com\/leblogmoto\/2009\/03\/10\/ama-superbike-d\/\" \/>\n<meta name=\"twitter:card\" content=\"summary_large_image\" \/>\n<meta name=\"twitter:title\" content=\"AMA Superbike Daytona - leblogmoto.com\" \/>\n<meta name=\"twitter:description\" content=\"En Superbike, apr\u00e8s la victoire de la Suzuki de Mat Mladin, beaucoup se demandaient si tout le brouhaha fait par les instances concernant la r\u00e8glementation, permettant une plus grande parit\u00e9 entre les joueurs, en valait vraiment la peine? Ainsi, la victoire de Mladin \u00e9tait la 47e de suite pour Suzuki en AMA Superbike, victoire vol\u00e9e [&hellip;]\" \/>\n<meta name=\"twitter:image\" content=\"http:\/\/www.leblogmoto.com\/images\/2009\/03\/09\/daytonasbk1.jpg\" \/>\n<meta name=\"twitter:label1\" content=\"\u00c9crit par\" \/>\n\t<meta name=\"twitter:data1\" content=\"jacques lesage\" \/>\n\t<meta name=\"twitter:label2\" content=\"Dur\u00e9e de lecture estim\u00e9e\" \/>\n\t<meta name=\"twitter:data2\" content=\"1 minute\" \/>\n<script type=\"application\/ld+json\" class=\"yoast-schema-graph\">{\"@context\":\"https:\/\/schema.org\",\"@graph\":[{\"@type\":\"WebPage\",\"@id\":\"https:\/\/blogs.thesocialmedia.com\/leblogmoto\/2009\/03\/10\/ama-superbike-d\/\",\"url\":\"https:\/\/blogs.thesocialmedia.com\/leblogmoto\/2009\/03\/10\/ama-superbike-d\/\",\"name\":\"AMA Superbike Daytona - leblogmoto.com\",\"isPartOf\":{\"@id\":\"https:\/\/blogs.thesocialmedia.com\/leblogmoto\/#website\"},\"primaryImageOfPage\":{\"@id\":\"https:\/\/blogs.thesocialmedia.com\/leblogmoto\/2009\/03\/10\/ama-superbike-d\/#primaryimage\"},\"image\":{\"@id\":\"https:\/\/blogs.thesocialmedia.com\/leblogmoto\/2009\/03\/10\/ama-superbike-d\/#primaryimage\"},\"thumbnailUrl\":\"http:\/\/www.leblogmoto.com\/images\/2009\/03\/09\/daytonasbk1.jpg\",\"datePublished\":\"2009-03-10T03:03:54+00:00\",\"dateModified\":\"2012-07-11T17:12:02+00:00\",\"author\":{\"@id\":\"https:\/\/blogs.thesocialmedia.com\/leblogmoto\/#\/schema\/person\/e82a0ca8a9a63d031586097a3ed58526\"},\"breadcrumb\":{\"@id\":\"https:\/\/blogs.thesocialmedia.com\/leblogmoto\/2009\/03\/10\/ama-superbike-d\/#breadcrumb\"},\"inLanguage\":\"fr-FR\",\"potentialAction\":[{\"@type\":\"ReadAction\",\"target\":[\"https:\/\/blogs.thesocialmedia.com\/leblogmoto\/2009\/03\/10\/ama-superbike-d\/\"]}]},{\"@type\":\"ImageObject\",\"inLanguage\":\"fr-FR\",\"@id\":\"https:\/\/blogs.thesocialmedia.com\/leblogmoto\/2009\/03\/10\/ama-superbike-d\/#primaryimage\",\"url\":\"http:\/\/www.leblogmoto.com\/images\/2009\/03\/09\/daytonasbk1.jpg\",\"contentUrl\":\"http:\/\/www.leblogmoto.com\/images\/2009\/03\/09\/daytonasbk1.jpg\"},{\"@type\":\"BreadcrumbList\",\"@id\":\"https:\/\/blogs.thesocialmedia.com\/leblogmoto\/2009\/03\/10\/ama-superbike-d\/#breadcrumb\",\"itemListElement\":[{\"@type\":\"ListItem\",\"position\":1,\"name\":\"Accueil\",\"item\":\"https:\/\/blogs.thesocialmedia.com\/leblogmoto\/\"},{\"@type\":\"ListItem\",\"position\":2,\"name\":\"AMA Superbike Daytona\"}]},{\"@type\":\"WebSite\",\"@id\":\"https:\/\/blogs.thesocialmedia.com\/leblogmoto\/#website\",\"url\":\"https:\/\/blogs.thesocialmedia.com\/leblogmoto\/\",\"name\":\"leblogmoto\",\"description\":\"Toute l&#039;actualit\u00e9 des 2 roues\",\"potentialAction\":[{\"@type\":\"SearchAction\",\"target\":{\"@type\":\"EntryPoint\",\"urlTemplate\":\"https:\/\/blogs.thesocialmedia.com\/leblogmoto\/?s={search_term_string}\"},\"query-input\":{\"@type\":\"PropertyValueSpecification\",\"valueRequired\":true,\"valueName\":\"search_term_string\"}}],\"inLanguage\":\"fr-FR\"},{\"@type\":\"Person\",\"@id\":\"https:\/\/blogs.thesocialmedia.com\/leblogmoto\/#\/schema\/person\/e82a0ca8a9a63d031586097a3ed58526\",\"name\":\"jacques lesage\",\"image\":{\"@type\":\"ImageObject\",\"inLanguage\":\"fr-FR\",\"@id\":\"https:\/\/blogs.thesocialmedia.com\/leblogmoto\/#\/schema\/person\/image\/\",\"url\":\"https:\/\/secure.gravatar.com\/avatar\/?s=96&d=mm&r=g\",\"contentUrl\":\"https:\/\/secure.gravatar.com\/avatar\/?s=96&d=mm&r=g\",\"caption\":\"jacques lesage\"},\"url\":\"https:\/\/blogs.thesocialmedia.com\/leblogmoto\/author\/jacques-lesage\/\"}]}<\/script>\n<!-- \/ Yoast SEO plugin. -->","yoast_head_json":{"title":"AMA Superbike Daytona - leblogmoto.com","robots":{"index":"index","follow":"follow","max-snippet":"max-snippet:-1","max-image-preview":"max-image-preview:large","max-video-preview":"max-video-preview:-1"},"canonical":"https:\/\/blogs.thesocialmedia.com\/leblogmoto\/2009\/03\/10\/ama-superbike-d\/","twitter_card":"summary_large_image","twitter_title":"AMA Superbike Daytona - leblogmoto.com","twitter_description":"En Superbike, apr\u00e8s la victoire de la Suzuki de Mat Mladin, beaucoup se demandaient si tout le brouhaha fait par les instances concernant la r\u00e8glementation, permettant une plus grande parit\u00e9 entre les joueurs, en valait vraiment la peine? Ainsi, la victoire de Mladin \u00e9tait la 47e de suite pour Suzuki en AMA Superbike, victoire vol\u00e9e [&hellip;]","twitter_image":"http:\/\/www.leblogmoto.com\/images\/2009\/03\/09\/daytonasbk1.jpg","twitter_misc":{"\u00c9crit par":"jacques lesage","Dur\u00e9e de lecture estim\u00e9e":"1 minute"},"schema":{"@context":"https:\/\/schema.org","@graph":[{"@type":"WebPage","@id":"https:\/\/blogs.thesocialmedia.com\/leblogmoto\/2009\/03\/10\/ama-superbike-d\/","url":"https:\/\/blogs.thesocialmedia.com\/leblogmoto\/2009\/03\/10\/ama-superbike-d\/","name":"AMA Superbike Daytona - leblogmoto.com","isPartOf":{"@id":"https:\/\/blogs.thesocialmedia.com\/leblogmoto\/#website"},"primaryImageOfPage":{"@id":"https:\/\/blogs.thesocialmedia.com\/leblogmoto\/2009\/03\/10\/ama-superbike-d\/#primaryimage"},"image":{"@id":"https:\/\/blogs.thesocialmedia.com\/leblogmoto\/2009\/03\/10\/ama-superbike-d\/#primaryimage"},"thumbnailUrl":"http:\/\/www.leblogmoto.com\/images\/2009\/03\/09\/daytonasbk1.jpg","datePublished":"2009-03-10T03:03:54+00:00","dateModified":"2012-07-11T17:12:02+00:00","author":{"@id":"https:\/\/blogs.thesocialmedia.com\/leblogmoto\/#\/schema\/person\/e82a0ca8a9a63d031586097a3ed58526"},"breadcrumb":{"@id":"https:\/\/blogs.thesocialmedia.com\/leblogmoto\/2009\/03\/10\/ama-superbike-d\/#breadcrumb"},"inLanguage":"fr-FR","potentialAction":[{"@type":"ReadAction","target":["https:\/\/blogs.thesocialmedia.com\/leblogmoto\/2009\/03\/10\/ama-superbike-d\/"]}]},{"@type":"ImageObject","inLanguage":"fr-FR","@id":"https:\/\/blogs.thesocialmedia.com\/leblogmoto\/2009\/03\/10\/ama-superbike-d\/#primaryimage","url":"http:\/\/www.leblogmoto.com\/images\/2009\/03\/09\/daytonasbk1.jpg","contentUrl":"http:\/\/www.leblogmoto.com\/images\/2009\/03\/09\/daytonasbk1.jpg"},{"@type":"BreadcrumbList","@id":"https:\/\/blogs.thesocialmedia.com\/leblogmoto\/2009\/03\/10\/ama-superbike-d\/#breadcrumb","itemListElement":[{"@type":"ListItem","position":1,"name":"Accueil","item":"https:\/\/blogs.thesocialmedia.com\/leblogmoto\/"},{"@type":"ListItem","position":2,"name":"AMA Superbike Daytona"}]},{"@type":"WebSite","@id":"https:\/\/blogs.thesocialmedia.com\/leblogmoto\/#website","url":"https:\/\/blogs.thesocialmedia.com\/leblogmoto\/","name":"leblogmoto","description":"Toute l&#039;actualit\u00e9 des 2 roues","potentialAction":[{"@type":"SearchAction","target":{"@type":"EntryPoint","urlTemplate":"https:\/\/blogs.thesocialmedia.com\/leblogmoto\/?s={search_term_string}"},"query-input":{"@type":"PropertyValueSpecification","valueRequired":true,"valueName":"search_term_string"}}],"inLanguage":"fr-FR"},{"@type":"Person","@id":"https:\/\/blogs.thesocialmedia.com\/leblogmoto\/#\/schema\/person\/e82a0ca8a9a63d031586097a3ed58526","name":"jacques lesage","image":{"@type":"ImageObject","inLanguage":"fr-FR","@id":"https:\/\/blogs.thesocialmedia.com\/leblogmoto\/#\/schema\/person\/image\/","url":"https:\/\/secure.gravatar.com\/avatar\/?s=96&d=mm&r=g","contentUrl":"https:\/\/secure.gravatar.com\/avatar\/?s=96&d=mm&r=g","caption":"jacques lesage"},"url":"https:\/\/blogs.thesocialmedia.com\/leblogmoto\/author\/jacques-lesage\/"}]}},"_links":{"self":[{"href":"https:\/\/blogs.thesocialmedia.com\/leblogmoto\/wp-json\/wp\/v2\/posts\/231","targetHints":{"allow":["GET"]}}],"collection":[{"href":"https:\/\/blogs.thesocialmedia.com\/leblogmoto\/wp-json\/wp\/v2\/posts"}],"about":[{"href":"https:\/\/blogs.thesocialmedia.com\/leblogmoto\/wp-json\/wp\/v2\/types\/post"}],"author":[{"embeddable":true,"href":"https:\/\/blogs.thesocialmedia.com\/leblogmoto\/wp-json\/wp\/v2\/users\/325"}],"replies":[{"embeddable":true,"href":"https:\/\/blogs.thesocialmedia.com\/leblogmoto\/wp-json\/wp\/v2\/comments?post=231"}],"version-history":[{"count":2,"href":"https:\/\/blogs.thesocialmedia.com\/leblogmoto\/wp-json\/wp\/v2\/posts\/231\/revisions"}],"predecessor-version":[{"id":12928,"href":"https:\/\/blogs.thesocialmedia.com\/leblogmoto\/wp-json\/wp\/v2\/posts\/231\/revisions\/12928"}],"wp:attachment":[{"href":"https:\/\/blogs.thesocialmedia.com\/leblogmoto\/wp-json\/wp\/v2\/media?parent=231"}],"wp:term":[{"taxonomy":"category","embeddable":true,"href":"https:\/\/blogs.thesocialmedia.com\/leblogmoto\/wp-json\/wp\/v2\/categories?post=231"},{"taxonomy":"post_tag","embeddable":true,"href":"https:\/\/blogs.thesocialmedia.com\/leblogmoto\/wp-json\/wp\/v2\/tags?post=231"}],"curies":[{"name":"wp","href":"https:\/\/api.w.org\/{rel}","templated":true}]}}