{"id":2312,"date":"2005-10-22T21:04:28","date_gmt":"2005-10-22T21:04:28","guid":{"rendered":"http:\/\/blogs.thesocialmedia.com\/leblogmoto\/2005\/10\/22\/mondial-2005-de\/"},"modified":"2012-07-11T14:02:21","modified_gmt":"2012-07-11T14:02:21","slug":"mondial-2005-de","status":"publish","type":"post","link":"https:\/\/blogs.thesocialmedia.com\/leblogmoto\/2005\/10\/22\/mondial-2005-de\/","title":{"rendered":"Mondial 2005 : des pockets bikes pour tous les go\u00fbts &#8211; Live"},"content":{"rendered":"<p><a href=\"http:\/\/blogs.thesocialmedia.com\/leblogmoto\/files\/2012\/07\/parkson_international_macroracer_4t_1.jpg\"><img loading=\"lazy\" decoding=\"async\" width=\"250\" height=\"194\"  src=\"http:\/\/www.leblogmoto.com\/images\/parkson_international_macroracer_4t_1.jpg\" alt=\"Parkson_international_macroracer_4t_1\" style=\"margin: 0px 5px 5px 0px;float: left\" \/><\/a>Il y en avait de partout dans les coins du salon ! Les pockets bikes font fureur en ce moment et pas qu\u2019aupr\u00e8s des enfants. Certains adultes en sont fous et ne craignent pas le regard moqueur de leur voisin voyant un grand dadet d\u20191m80 chevaucher une mini-moto d\u2019\u00e0 peine 1 m de long pour 50 cm de haut. Voici une petite s\u00e9lection des motos qui ont attir\u00e9 mon regard. On commence par la <a href=\"www.scootelectric.com\">Parkson International<\/a> \u2018MacroRacer 4T\u2019 (en jaune) qui dispose d\u2019un moteur thermique de 50 cm3 lui assurant une vitesse maxi de 60 km\/h pour une autonomie de 50 km. La charge utile n\u2019est que de 80 kg, donc messieurs les costauds merci de ne pas jouer avec la b\u00e9cane de votre fils sous peine de l\u2019entendre <a href=\"http:\/\/www.leblogbebe.com\/\">crier et pleurer<\/a>. <\/p>\n<p><a href=\"http:\/\/clabedan.typepad.com\/.shared\/image.html?\/photos\/uncategorized\/parkson_international_macroracer_4t_2.jpg\"><img loading=\"lazy\" decoding=\"async\" width=\"250\" height=\"331\"  src=\"http:\/\/www.leblogmoto.com\/images\/parkson_international_macroracer_4t_2.jpg\" alt=\"Parkson_international_macroracer_4t_2\" style=\"margin: 0px 5px 5px 0px;float: left\" \/><\/a>Pour ceux qui auraient des tendances sportives tout-terrain voici 3 produits amusants du constructeur <a href=\"http:\/\/www.minico.fr\">Minico Fun Concept<\/a> : une mini-moto des neiges baptis\u00e9e \u2018Snow\u2019, un mini-<a href=\"http:\/\/www.leblogmoto.com\/moto_cross\/index.html\">trial<\/a> d\u00e9nomm\u00e9\u2026 \u2018Mini-Trial\u2019 et un mini-<a href=\"http:\/\/www.leblogmoto.com\/quad\/index.html\">quad<\/a> appel\u00e9 \u2018Mini Quader\u2019. La premi\u00e8re est \u00e9quip\u00e9e d\u2019un moteur thermique 4 temps de 80.7 cm3 d\u00e9veloppant 5 ch. La seconde d\u2019un moteur de 49 cm3 de 2.3 ch et la derni\u00e8re d\u2019un 39.9 cm3 de 3.4 ch. Le pocket bike <a href=\"http:\/\/www.polini.co.uk\/minimoto\/index.htm\">Polini<\/a> \u2018<a href=\"http:\/\/www.leblogmoto.com\/2005\/10\/mondial_2005_le.html\">Honda Team Movistar<\/a> Replica n\u00b033\u2019 est certainement l\u2019un des plus craquants avec sa teinte aux couleurs de Marco Melandri en MotoGP. Il est \u00e9quip\u00e9 d\u2019un monocylindre de 39.69 cm3 de 4.2 ch qui flirte avec les 50 km\/h.&nbsp; Quant \u00e0 lui, le Kikker \u20185150\u2019 s\u2019appr\u00e9ciera comme <a href=\"http:\/\/www.leblogmoto.com\/harleydavidson\/index.html\">tout bon custom<\/a> les cheveux au vent gr\u00e2ce \u00e0 son moteur 25 cm3 de 1.2 ch. Rien ne manque ici avec le guidon haut et large, les manchons de poignets, les repose-pieds avanc\u00e9s, les sacoches avant et arri\u00e8re en cuir, le chrome et la teinte bicolore. Ne manque plus que les tatouages, mais en bon p\u00e8re de famille que vous \u00eates certainement, vous savez \u00e9perdument qu\u2019on peut en trouver dans les malabars. Enfin, pour les d\u00e9fenseurs inv\u00e9t\u00e9r\u00e9s de l\u2019<a href=\"http:\/\/www.leblogmoto.com\/bio_carburantsvhicules_propres\/index.html\">\u00e9cologie<\/a>, voici la <a href=\"www.drin.com\">Drin<\/a> \u2018Racing\u2019 qui est une sorte de super trottinette \u00e9lectrique gr\u00e2ce \u00e0 son moteur de 24 V d\u00e9veloppant 315 W pour une vitesse maxi de l\u2019ordre de 20 km\/h. L\u2019autonomie est de 30 km par le biais de deux batteries 12V de 28Ah et il vous faudra compter 6 heures de temps de recharge. Si vous ne savez pas quoi acheter \u00e0 votre enfant pour no\u00ebl, sachez que vous pourrez le rendre tr\u00e8s heureux avec une pocket bike mais que les prix vont de 300 \u20ac \u00e0 parfois 1500 \u20ac !<\/p>\n<p><a href=\"http:\/\/clabedan.typepad.com\/.shared\/image.html?\/photos\/uncategorized\/minico_snow.jpg\"><img loading=\"lazy\" decoding=\"async\" width=\"470\" height=\"354\"  src=\"http:\/\/www.leblogmoto.com\/images\/minico_snow.jpg\" alt=\"Minico_snow\" style=\"margin: 0px 5px 5px 0px;float: left\" \/><\/a><a href=\"http:\/\/blogs.thesocialmedia.com\/leblogmoto\/files\/2012\/07\/minico_mini_trial.jpg\"><img loading=\"lazy\" decoding=\"async\" width=\"470\" height=\"354\"  src=\"http:\/\/www.leblogmoto.com\/images\/minico_mini_trial.jpg\" alt=\"Minico_mini_trial\" style=\"margin: 0px 5px 5px 0px;float: left\" \/><\/a><a href=\"http:\/\/blogs.thesocialmedia.com\/leblogmoto\/files\/2012\/07\/minico_mini_quader.jpg\"><img loading=\"lazy\" decoding=\"async\" width=\"470\" height=\"354\"  src=\"http:\/\/www.leblogmoto.com\/images\/minico_mini_quader.jpg\" alt=\"Minico_mini_quader\" style=\"margin: 0px 5px 5px 0px;float: left\" \/><\/a><a href=\"http:\/\/blogs.thesocialmedia.com\/leblogmoto\/files\/2012\/07\/polini_honda_team_movistar_replica_1.jpg\"><img loading=\"lazy\" decoding=\"async\" width=\"470\" height=\"354\"  src=\"http:\/\/www.leblogmoto.com\/images\/polini_honda_team_movistar_replica_1.jpg\" alt=\"Polini_honda_team_movistar_replica_1\" style=\"margin: 0px 5px 5px 0px;float: left\" \/><\/a><a href=\"http:\/\/blogs.thesocialmedia.com\/leblogmoto\/files\/2012\/07\/polini_honda_team_movistar_replica_2.jpg\"><img loading=\"lazy\" decoding=\"async\" width=\"470\" height=\"354\"  src=\"http:\/\/www.leblogmoto.com\/images\/polini_honda_team_movistar_replica_2.jpg\" alt=\"Polini_honda_team_movistar_replica_2\" style=\"margin: 0px 5px 5px 0px;float: left\" \/><\/a><a href=\"http:\/\/blogs.thesocialmedia.com\/leblogmoto\/files\/2012\/07\/kikker_5150.jpg\"><img loading=\"lazy\" decoding=\"async\" width=\"470\" height=\"354\"  src=\"http:\/\/www.leblogmoto.com\/images\/kikker_5150.jpg\" alt=\"Kikker_5150\" style=\"margin: 0px 5px 5px 0px;float: left\" \/><\/a><a href=\"http:\/\/blogs.thesocialmedia.com\/leblogmoto\/files\/2012\/07\/drin_racing_1.jpg\"><img loading=\"lazy\" decoding=\"async\" width=\"470\" height=\"354\"  src=\"http:\/\/www.leblogmoto.com\/images\/drin_racing_1.jpg\" alt=\"Drin_racing_1\" style=\"margin: 0px 5px 5px 0px;float: left\" \/><\/a><\/p>\n","protected":false},"excerpt":{"rendered":"<p>Il y en avait de partout dans les coins du salon ! Les pockets bikes font fureur en ce moment et pas qu\u2019aupr\u00e8s des enfants. Certains adultes en sont fous et ne craignent pas le regard moqueur de leur voisin voyant un grand dadet d\u20191m80 chevaucher une mini-moto d\u2019\u00e0 peine 1 m de long pour [&hellip;]<\/p>\n","protected":false},"author":338,"featured_media":0,"comment_status":"open","ping_status":"open","sticky":false,"template":"","format":"standard","meta":{"footnotes":""},"categories":[79,36],"tags":[],"class_list":["post-2312","post","type-post","status-publish","format-standard","hentry","category-pocket-bike","category-salons"],"yoast_head":"<!-- This site is optimized with the Yoast SEO plugin v26.0 - https:\/\/yoast.com\/wordpress\/plugins\/seo\/ -->\n<title>Mondial 2005 : des pockets bikes pour tous les go\u00fbts - Live - leblogmoto.com<\/title>\n<meta name=\"robots\" content=\"index, follow, max-snippet:-1, max-image-preview:large, max-video-preview:-1\" \/>\n<link rel=\"canonical\" href=\"https:\/\/blogs.thesocialmedia.com\/leblogmoto\/2005\/10\/22\/mondial-2005-de\/\" \/>\n<meta name=\"twitter:card\" content=\"summary_large_image\" \/>\n<meta name=\"twitter:title\" content=\"Mondial 2005 : des pockets bikes pour tous les go\u00fbts - Live - leblogmoto.com\" \/>\n<meta name=\"twitter:description\" content=\"Il y en avait de partout dans les coins du salon ! Les pockets bikes font fureur en ce moment et pas qu\u2019aupr\u00e8s des enfants. Certains adultes en sont fous et ne craignent pas le regard moqueur de leur voisin voyant un grand dadet d\u20191m80 chevaucher une mini-moto d\u2019\u00e0 peine 1 m de long pour [&hellip;]\" \/>\n<meta name=\"twitter:image\" content=\"http:\/\/www.leblogmoto.com\/images\/parkson_international_macroracer_4t_1.jpg\" \/>\n<meta name=\"twitter:label1\" content=\"\u00c9crit par\" \/>\n\t<meta name=\"twitter:data1\" content=\"vincent vaillant\" \/>\n\t<meta name=\"twitter:label2\" content=\"Dur\u00e9e de lecture estim\u00e9e\" \/>\n\t<meta name=\"twitter:data2\" content=\"2 minutes\" \/>\n<script type=\"application\/ld+json\" class=\"yoast-schema-graph\">{\"@context\":\"https:\/\/schema.org\",\"@graph\":[{\"@type\":\"WebPage\",\"@id\":\"https:\/\/blogs.thesocialmedia.com\/leblogmoto\/2005\/10\/22\/mondial-2005-de\/\",\"url\":\"https:\/\/blogs.thesocialmedia.com\/leblogmoto\/2005\/10\/22\/mondial-2005-de\/\",\"name\":\"Mondial 2005 : des pockets bikes pour tous les go\u00fbts - Live - leblogmoto.com\",\"isPartOf\":{\"@id\":\"https:\/\/blogs.thesocialmedia.com\/leblogmoto\/#website\"},\"primaryImageOfPage\":{\"@id\":\"https:\/\/blogs.thesocialmedia.com\/leblogmoto\/2005\/10\/22\/mondial-2005-de\/#primaryimage\"},\"image\":{\"@id\":\"https:\/\/blogs.thesocialmedia.com\/leblogmoto\/2005\/10\/22\/mondial-2005-de\/#primaryimage\"},\"thumbnailUrl\":\"http:\/\/www.leblogmoto.com\/images\/parkson_international_macroracer_4t_1.jpg\",\"datePublished\":\"2005-10-22T21:04:28+00:00\",\"dateModified\":\"2012-07-11T14:02:21+00:00\",\"author\":{\"@id\":\"https:\/\/blogs.thesocialmedia.com\/leblogmoto\/#\/schema\/person\/80d2a078dbdb8b60abbd76bae6011f19\"},\"breadcrumb\":{\"@id\":\"https:\/\/blogs.thesocialmedia.com\/leblogmoto\/2005\/10\/22\/mondial-2005-de\/#breadcrumb\"},\"inLanguage\":\"fr-FR\",\"potentialAction\":[{\"@type\":\"ReadAction\",\"target\":[\"https:\/\/blogs.thesocialmedia.com\/leblogmoto\/2005\/10\/22\/mondial-2005-de\/\"]}]},{\"@type\":\"ImageObject\",\"inLanguage\":\"fr-FR\",\"@id\":\"https:\/\/blogs.thesocialmedia.com\/leblogmoto\/2005\/10\/22\/mondial-2005-de\/#primaryimage\",\"url\":\"http:\/\/www.leblogmoto.com\/images\/parkson_international_macroracer_4t_1.jpg\",\"contentUrl\":\"http:\/\/www.leblogmoto.com\/images\/parkson_international_macroracer_4t_1.jpg\"},{\"@type\":\"BreadcrumbList\",\"@id\":\"https:\/\/blogs.thesocialmedia.com\/leblogmoto\/2005\/10\/22\/mondial-2005-de\/#breadcrumb\",\"itemListElement\":[{\"@type\":\"ListItem\",\"position\":1,\"name\":\"Accueil\",\"item\":\"https:\/\/blogs.thesocialmedia.com\/leblogmoto\/\"},{\"@type\":\"ListItem\",\"position\":2,\"name\":\"Mondial 2005 : des pockets bikes pour tous les go\u00fbts &#8211; Live\"}]},{\"@type\":\"WebSite\",\"@id\":\"https:\/\/blogs.thesocialmedia.com\/leblogmoto\/#website\",\"url\":\"https:\/\/blogs.thesocialmedia.com\/leblogmoto\/\",\"name\":\"leblogmoto\",\"description\":\"Toute l&#039;actualit\u00e9 des 2 roues\",\"potentialAction\":[{\"@type\":\"SearchAction\",\"target\":{\"@type\":\"EntryPoint\",\"urlTemplate\":\"https:\/\/blogs.thesocialmedia.com\/leblogmoto\/?s={search_term_string}\"},\"query-input\":{\"@type\":\"PropertyValueSpecification\",\"valueRequired\":true,\"valueName\":\"search_term_string\"}}],\"inLanguage\":\"fr-FR\"},{\"@type\":\"Person\",\"@id\":\"https:\/\/blogs.thesocialmedia.com\/leblogmoto\/#\/schema\/person\/80d2a078dbdb8b60abbd76bae6011f19\",\"name\":\"vincent vaillant\",\"image\":{\"@type\":\"ImageObject\",\"inLanguage\":\"fr-FR\",\"@id\":\"https:\/\/blogs.thesocialmedia.com\/leblogmoto\/#\/schema\/person\/image\/\",\"url\":\"https:\/\/secure.gravatar.com\/avatar\/?s=96&d=mm&r=g\",\"contentUrl\":\"https:\/\/secure.gravatar.com\/avatar\/?s=96&d=mm&r=g\",\"caption\":\"vincent vaillant\"},\"url\":\"https:\/\/blogs.thesocialmedia.com\/leblogmoto\/author\/vincent-vaillant\/\"}]}<\/script>\n<!-- \/ Yoast SEO plugin. -->","yoast_head_json":{"title":"Mondial 2005 : des pockets bikes pour tous les go\u00fbts - Live - leblogmoto.com","robots":{"index":"index","follow":"follow","max-snippet":"max-snippet:-1","max-image-preview":"max-image-preview:large","max-video-preview":"max-video-preview:-1"},"canonical":"https:\/\/blogs.thesocialmedia.com\/leblogmoto\/2005\/10\/22\/mondial-2005-de\/","twitter_card":"summary_large_image","twitter_title":"Mondial 2005 : des pockets bikes pour tous les go\u00fbts - Live - leblogmoto.com","twitter_description":"Il y en avait de partout dans les coins du salon ! Les pockets bikes font fureur en ce moment et pas qu\u2019aupr\u00e8s des enfants. Certains adultes en sont fous et ne craignent pas le regard moqueur de leur voisin voyant un grand dadet d\u20191m80 chevaucher une mini-moto d\u2019\u00e0 peine 1 m de long pour [&hellip;]","twitter_image":"http:\/\/www.leblogmoto.com\/images\/parkson_international_macroracer_4t_1.jpg","twitter_misc":{"\u00c9crit par":"vincent vaillant","Dur\u00e9e de lecture estim\u00e9e":"2 minutes"},"schema":{"@context":"https:\/\/schema.org","@graph":[{"@type":"WebPage","@id":"https:\/\/blogs.thesocialmedia.com\/leblogmoto\/2005\/10\/22\/mondial-2005-de\/","url":"https:\/\/blogs.thesocialmedia.com\/leblogmoto\/2005\/10\/22\/mondial-2005-de\/","name":"Mondial 2005 : des pockets bikes pour tous les go\u00fbts - Live - leblogmoto.com","isPartOf":{"@id":"https:\/\/blogs.thesocialmedia.com\/leblogmoto\/#website"},"primaryImageOfPage":{"@id":"https:\/\/blogs.thesocialmedia.com\/leblogmoto\/2005\/10\/22\/mondial-2005-de\/#primaryimage"},"image":{"@id":"https:\/\/blogs.thesocialmedia.com\/leblogmoto\/2005\/10\/22\/mondial-2005-de\/#primaryimage"},"thumbnailUrl":"http:\/\/www.leblogmoto.com\/images\/parkson_international_macroracer_4t_1.jpg","datePublished":"2005-10-22T21:04:28+00:00","dateModified":"2012-07-11T14:02:21+00:00","author":{"@id":"https:\/\/blogs.thesocialmedia.com\/leblogmoto\/#\/schema\/person\/80d2a078dbdb8b60abbd76bae6011f19"},"breadcrumb":{"@id":"https:\/\/blogs.thesocialmedia.com\/leblogmoto\/2005\/10\/22\/mondial-2005-de\/#breadcrumb"},"inLanguage":"fr-FR","potentialAction":[{"@type":"ReadAction","target":["https:\/\/blogs.thesocialmedia.com\/leblogmoto\/2005\/10\/22\/mondial-2005-de\/"]}]},{"@type":"ImageObject","inLanguage":"fr-FR","@id":"https:\/\/blogs.thesocialmedia.com\/leblogmoto\/2005\/10\/22\/mondial-2005-de\/#primaryimage","url":"http:\/\/www.leblogmoto.com\/images\/parkson_international_macroracer_4t_1.jpg","contentUrl":"http:\/\/www.leblogmoto.com\/images\/parkson_international_macroracer_4t_1.jpg"},{"@type":"BreadcrumbList","@id":"https:\/\/blogs.thesocialmedia.com\/leblogmoto\/2005\/10\/22\/mondial-2005-de\/#breadcrumb","itemListElement":[{"@type":"ListItem","position":1,"name":"Accueil","item":"https:\/\/blogs.thesocialmedia.com\/leblogmoto\/"},{"@type":"ListItem","position":2,"name":"Mondial 2005 : des pockets bikes pour tous les go\u00fbts &#8211; Live"}]},{"@type":"WebSite","@id":"https:\/\/blogs.thesocialmedia.com\/leblogmoto\/#website","url":"https:\/\/blogs.thesocialmedia.com\/leblogmoto\/","name":"leblogmoto","description":"Toute l&#039;actualit\u00e9 des 2 roues","potentialAction":[{"@type":"SearchAction","target":{"@type":"EntryPoint","urlTemplate":"https:\/\/blogs.thesocialmedia.com\/leblogmoto\/?s={search_term_string}"},"query-input":{"@type":"PropertyValueSpecification","valueRequired":true,"valueName":"search_term_string"}}],"inLanguage":"fr-FR"},{"@type":"Person","@id":"https:\/\/blogs.thesocialmedia.com\/leblogmoto\/#\/schema\/person\/80d2a078dbdb8b60abbd76bae6011f19","name":"vincent vaillant","image":{"@type":"ImageObject","inLanguage":"fr-FR","@id":"https:\/\/blogs.thesocialmedia.com\/leblogmoto\/#\/schema\/person\/image\/","url":"https:\/\/secure.gravatar.com\/avatar\/?s=96&d=mm&r=g","contentUrl":"https:\/\/secure.gravatar.com\/avatar\/?s=96&d=mm&r=g","caption":"vincent vaillant"},"url":"https:\/\/blogs.thesocialmedia.com\/leblogmoto\/author\/vincent-vaillant\/"}]}},"_links":{"self":[{"href":"https:\/\/blogs.thesocialmedia.com\/leblogmoto\/wp-json\/wp\/v2\/posts\/2312","targetHints":{"allow":["GET"]}}],"collection":[{"href":"https:\/\/blogs.thesocialmedia.com\/leblogmoto\/wp-json\/wp\/v2\/posts"}],"about":[{"href":"https:\/\/blogs.thesocialmedia.com\/leblogmoto\/wp-json\/wp\/v2\/types\/post"}],"author":[{"embeddable":true,"href":"https:\/\/blogs.thesocialmedia.com\/leblogmoto\/wp-json\/wp\/v2\/users\/338"}],"replies":[{"embeddable":true,"href":"https:\/\/blogs.thesocialmedia.com\/leblogmoto\/wp-json\/wp\/v2\/comments?post=2312"}],"version-history":[{"count":2,"href":"https:\/\/blogs.thesocialmedia.com\/leblogmoto\/wp-json\/wp\/v2\/posts\/2312\/revisions"}],"predecessor-version":[{"id":6400,"href":"https:\/\/blogs.thesocialmedia.com\/leblogmoto\/wp-json\/wp\/v2\/posts\/2312\/revisions\/6400"}],"wp:attachment":[{"href":"https:\/\/blogs.thesocialmedia.com\/leblogmoto\/wp-json\/wp\/v2\/media?parent=2312"}],"wp:term":[{"taxonomy":"category","embeddable":true,"href":"https:\/\/blogs.thesocialmedia.com\/leblogmoto\/wp-json\/wp\/v2\/categories?post=2312"},{"taxonomy":"post_tag","embeddable":true,"href":"https:\/\/blogs.thesocialmedia.com\/leblogmoto\/wp-json\/wp\/v2\/tags?post=2312"}],"curies":[{"name":"wp","href":"https:\/\/api.w.org\/{rel}","templated":true}]}}