{"id":2319,"date":"2005-10-21T19:25:35","date_gmt":"2005-10-21T19:25:35","guid":{"rendered":"http:\/\/blogs.thesocialmedia.com\/leblogmoto\/2005\/10\/21\/nouvelle-bmw-f\/"},"modified":"2012-07-11T14:01:01","modified_gmt":"2012-07-11T14:01:01","slug":"nouvelle-bmw-f","status":"publish","type":"post","link":"https:\/\/blogs.thesocialmedia.com\/leblogmoto\/2005\/10\/21\/nouvelle-bmw-f\/","title":{"rendered":"Nouvelle BMW F 800 S"},"content":{"rendered":"<p><a href=\"http:\/\/blogs.thesocialmedia.com\/leblogmoto\/files\/2012\/07\/bmw_f800_s_1.jpg\"><img loading=\"lazy\" decoding=\"async\" width=\"250\" height=\"184\"  alt=\"Bmw_f800_s_1\" src=\"http:\/\/www.leblogmoto.com\/images\/bmw_f800_s_1.jpg\" style=\"margin: 0px 5px 5px 0px;float: left\" \/><\/a><a href=\"http:\/\/www.bmw-motorrad.fr\/produits\/index.html\">BMW Motorrad<\/a> poursuit son offensive produit avec un tout nouveau bicylindre de 800 cm3 de milieu de gamme. La <a href=\"http:\/\/www.leblogmoto.com\/bmw\/index.html\">BMW<\/a> F 800 S sera pr\u00e9sent\u00e9e officiellement lors du prochain Salon de Milan (EICMA) qui aura lieu le 15 novembre 2005 prochain. Sa commercialisation est programm\u00e9e pour le 1er semestre 2006. Au programme, un poids \u00e0 sec de l\u2019ordre de 190 kg, une norme Euro 3 gr\u00e2ce au pot catalytique trifonctionnel r\u00e9gl\u00e9 par sonde lambda, une gestion moteur num\u00e9rique ultramoderne, un cadre poutre p\u00e9rim\u00e9trique en aluminium et une boucle arri\u00e8re en tube d\u2019acier, un ABS en option, une transmission secondaire sur courroie crant\u00e9e et un moteur 800 cm3 d\u00e9velopp\u00e9 en coop\u00e9ration avec la soci\u00e9t\u00e9 <a href=\"http:\/\/www.leblogmoto.com\/2005\/08\/embrio_moto_col.html\">Bombardier<\/a>-Rotax GmbH qui sera le premier bicylindre en ligne dans l\u2019histoire de la marque et devrait d\u00e9velopper plus de 80 ch.<\/p>\n<p>   Une version GT devrait aussi voir le jour et \u00e9quip\u00e9e de valises pour aller concurrencer la nouvelle Honda Deauville 700. Le prix devrait tourner aux alentours de 9 000 \u20ac sans ABS ce qui se situe dans la moyenne du segment. Enfin, il est fort dommage \u00e0 mes yeux que BMW n\u2019est pas montr\u00e9 plus d\u2019originalit\u00e9 stylistique sur ce nouveau produit, car l\u2019ensemble, bien qu\u2019harmonieux, manque cruellement de fougue. <\/p>\n<p><a href=\"http:\/\/clabedan.typepad.com\/.shared\/image.html?\/photos\/uncategorized\/bmw_f800_s_2.jpg\"><img loading=\"lazy\" decoding=\"async\" width=\"470\" height=\"346\"  alt=\"Bmw_f800_s_2\" src=\"http:\/\/www.leblogmoto.com\/images\/bmw_f800_s_2.jpg\" style=\"margin: 0px 5px 5px 0px;float: left\" \/><\/a><\/p>\n","protected":false},"excerpt":{"rendered":"<p>BMW Motorrad poursuit son offensive produit avec un tout nouveau bicylindre de 800 cm3 de milieu de gamme. La BMW F 800 S sera pr\u00e9sent\u00e9e officiellement lors du prochain Salon de Milan (EICMA) qui aura lieu le 15 novembre 2005 prochain. Sa commercialisation est programm\u00e9e pour le 1er semestre 2006. Au programme, un poids \u00e0 [&hellip;]<\/p>\n","protected":false},"author":338,"featured_media":0,"comment_status":"open","ping_status":"open","sticky":false,"template":"","format":"standard","meta":{"footnotes":""},"categories":[7],"tags":[],"class_list":["post-2319","post","type-post","status-publish","format-standard","hentry","category-bmw"],"yoast_head":"<!-- This site is optimized with the Yoast SEO plugin v26.0 - https:\/\/yoast.com\/wordpress\/plugins\/seo\/ -->\n<title>Nouvelle BMW F 800 S - leblogmoto.com<\/title>\n<meta name=\"robots\" content=\"index, follow, max-snippet:-1, max-image-preview:large, max-video-preview:-1\" \/>\n<link rel=\"canonical\" href=\"https:\/\/blogs.thesocialmedia.com\/leblogmoto\/2005\/10\/21\/nouvelle-bmw-f\/\" \/>\n<meta name=\"twitter:card\" content=\"summary_large_image\" \/>\n<meta name=\"twitter:title\" content=\"Nouvelle BMW F 800 S - leblogmoto.com\" \/>\n<meta name=\"twitter:description\" content=\"BMW Motorrad poursuit son offensive produit avec un tout nouveau bicylindre de 800 cm3 de milieu de gamme. La BMW F 800 S sera pr\u00e9sent\u00e9e officiellement lors du prochain Salon de Milan (EICMA) qui aura lieu le 15 novembre 2005 prochain. Sa commercialisation est programm\u00e9e pour le 1er semestre 2006. Au programme, un poids \u00e0 [&hellip;]\" \/>\n<meta name=\"twitter:image\" content=\"http:\/\/www.leblogmoto.com\/images\/bmw_f800_s_1.jpg\" \/>\n<meta name=\"twitter:label1\" content=\"\u00c9crit par\" \/>\n\t<meta name=\"twitter:data1\" content=\"vincent vaillant\" \/>\n\t<meta name=\"twitter:label2\" content=\"Dur\u00e9e de lecture estim\u00e9e\" \/>\n\t<meta name=\"twitter:data2\" content=\"1 minute\" \/>\n<script type=\"application\/ld+json\" class=\"yoast-schema-graph\">{\"@context\":\"https:\/\/schema.org\",\"@graph\":[{\"@type\":\"WebPage\",\"@id\":\"https:\/\/blogs.thesocialmedia.com\/leblogmoto\/2005\/10\/21\/nouvelle-bmw-f\/\",\"url\":\"https:\/\/blogs.thesocialmedia.com\/leblogmoto\/2005\/10\/21\/nouvelle-bmw-f\/\",\"name\":\"Nouvelle BMW F 800 S - leblogmoto.com\",\"isPartOf\":{\"@id\":\"https:\/\/blogs.thesocialmedia.com\/leblogmoto\/#website\"},\"primaryImageOfPage\":{\"@id\":\"https:\/\/blogs.thesocialmedia.com\/leblogmoto\/2005\/10\/21\/nouvelle-bmw-f\/#primaryimage\"},\"image\":{\"@id\":\"https:\/\/blogs.thesocialmedia.com\/leblogmoto\/2005\/10\/21\/nouvelle-bmw-f\/#primaryimage\"},\"thumbnailUrl\":\"http:\/\/www.leblogmoto.com\/images\/bmw_f800_s_1.jpg\",\"datePublished\":\"2005-10-21T19:25:35+00:00\",\"dateModified\":\"2012-07-11T14:01:01+00:00\",\"author\":{\"@id\":\"https:\/\/blogs.thesocialmedia.com\/leblogmoto\/#\/schema\/person\/80d2a078dbdb8b60abbd76bae6011f19\"},\"breadcrumb\":{\"@id\":\"https:\/\/blogs.thesocialmedia.com\/leblogmoto\/2005\/10\/21\/nouvelle-bmw-f\/#breadcrumb\"},\"inLanguage\":\"fr-FR\",\"potentialAction\":[{\"@type\":\"ReadAction\",\"target\":[\"https:\/\/blogs.thesocialmedia.com\/leblogmoto\/2005\/10\/21\/nouvelle-bmw-f\/\"]}]},{\"@type\":\"ImageObject\",\"inLanguage\":\"fr-FR\",\"@id\":\"https:\/\/blogs.thesocialmedia.com\/leblogmoto\/2005\/10\/21\/nouvelle-bmw-f\/#primaryimage\",\"url\":\"http:\/\/www.leblogmoto.com\/images\/bmw_f800_s_1.jpg\",\"contentUrl\":\"http:\/\/www.leblogmoto.com\/images\/bmw_f800_s_1.jpg\"},{\"@type\":\"BreadcrumbList\",\"@id\":\"https:\/\/blogs.thesocialmedia.com\/leblogmoto\/2005\/10\/21\/nouvelle-bmw-f\/#breadcrumb\",\"itemListElement\":[{\"@type\":\"ListItem\",\"position\":1,\"name\":\"Accueil\",\"item\":\"https:\/\/blogs.thesocialmedia.com\/leblogmoto\/\"},{\"@type\":\"ListItem\",\"position\":2,\"name\":\"Nouvelle BMW F 800 S\"}]},{\"@type\":\"WebSite\",\"@id\":\"https:\/\/blogs.thesocialmedia.com\/leblogmoto\/#website\",\"url\":\"https:\/\/blogs.thesocialmedia.com\/leblogmoto\/\",\"name\":\"leblogmoto\",\"description\":\"Toute l&#039;actualit\u00e9 des 2 roues\",\"potentialAction\":[{\"@type\":\"SearchAction\",\"target\":{\"@type\":\"EntryPoint\",\"urlTemplate\":\"https:\/\/blogs.thesocialmedia.com\/leblogmoto\/?s={search_term_string}\"},\"query-input\":{\"@type\":\"PropertyValueSpecification\",\"valueRequired\":true,\"valueName\":\"search_term_string\"}}],\"inLanguage\":\"fr-FR\"},{\"@type\":\"Person\",\"@id\":\"https:\/\/blogs.thesocialmedia.com\/leblogmoto\/#\/schema\/person\/80d2a078dbdb8b60abbd76bae6011f19\",\"name\":\"vincent vaillant\",\"image\":{\"@type\":\"ImageObject\",\"inLanguage\":\"fr-FR\",\"@id\":\"https:\/\/blogs.thesocialmedia.com\/leblogmoto\/#\/schema\/person\/image\/\",\"url\":\"https:\/\/secure.gravatar.com\/avatar\/?s=96&d=mm&r=g\",\"contentUrl\":\"https:\/\/secure.gravatar.com\/avatar\/?s=96&d=mm&r=g\",\"caption\":\"vincent vaillant\"},\"url\":\"https:\/\/blogs.thesocialmedia.com\/leblogmoto\/author\/vincent-vaillant\/\"}]}<\/script>\n<!-- \/ Yoast SEO plugin. -->","yoast_head_json":{"title":"Nouvelle BMW F 800 S - leblogmoto.com","robots":{"index":"index","follow":"follow","max-snippet":"max-snippet:-1","max-image-preview":"max-image-preview:large","max-video-preview":"max-video-preview:-1"},"canonical":"https:\/\/blogs.thesocialmedia.com\/leblogmoto\/2005\/10\/21\/nouvelle-bmw-f\/","twitter_card":"summary_large_image","twitter_title":"Nouvelle BMW F 800 S - leblogmoto.com","twitter_description":"BMW Motorrad poursuit son offensive produit avec un tout nouveau bicylindre de 800 cm3 de milieu de gamme. La BMW F 800 S sera pr\u00e9sent\u00e9e officiellement lors du prochain Salon de Milan (EICMA) qui aura lieu le 15 novembre 2005 prochain. Sa commercialisation est programm\u00e9e pour le 1er semestre 2006. Au programme, un poids \u00e0 [&hellip;]","twitter_image":"http:\/\/www.leblogmoto.com\/images\/bmw_f800_s_1.jpg","twitter_misc":{"\u00c9crit par":"vincent vaillant","Dur\u00e9e de lecture estim\u00e9e":"1 minute"},"schema":{"@context":"https:\/\/schema.org","@graph":[{"@type":"WebPage","@id":"https:\/\/blogs.thesocialmedia.com\/leblogmoto\/2005\/10\/21\/nouvelle-bmw-f\/","url":"https:\/\/blogs.thesocialmedia.com\/leblogmoto\/2005\/10\/21\/nouvelle-bmw-f\/","name":"Nouvelle BMW F 800 S - leblogmoto.com","isPartOf":{"@id":"https:\/\/blogs.thesocialmedia.com\/leblogmoto\/#website"},"primaryImageOfPage":{"@id":"https:\/\/blogs.thesocialmedia.com\/leblogmoto\/2005\/10\/21\/nouvelle-bmw-f\/#primaryimage"},"image":{"@id":"https:\/\/blogs.thesocialmedia.com\/leblogmoto\/2005\/10\/21\/nouvelle-bmw-f\/#primaryimage"},"thumbnailUrl":"http:\/\/www.leblogmoto.com\/images\/bmw_f800_s_1.jpg","datePublished":"2005-10-21T19:25:35+00:00","dateModified":"2012-07-11T14:01:01+00:00","author":{"@id":"https:\/\/blogs.thesocialmedia.com\/leblogmoto\/#\/schema\/person\/80d2a078dbdb8b60abbd76bae6011f19"},"breadcrumb":{"@id":"https:\/\/blogs.thesocialmedia.com\/leblogmoto\/2005\/10\/21\/nouvelle-bmw-f\/#breadcrumb"},"inLanguage":"fr-FR","potentialAction":[{"@type":"ReadAction","target":["https:\/\/blogs.thesocialmedia.com\/leblogmoto\/2005\/10\/21\/nouvelle-bmw-f\/"]}]},{"@type":"ImageObject","inLanguage":"fr-FR","@id":"https:\/\/blogs.thesocialmedia.com\/leblogmoto\/2005\/10\/21\/nouvelle-bmw-f\/#primaryimage","url":"http:\/\/www.leblogmoto.com\/images\/bmw_f800_s_1.jpg","contentUrl":"http:\/\/www.leblogmoto.com\/images\/bmw_f800_s_1.jpg"},{"@type":"BreadcrumbList","@id":"https:\/\/blogs.thesocialmedia.com\/leblogmoto\/2005\/10\/21\/nouvelle-bmw-f\/#breadcrumb","itemListElement":[{"@type":"ListItem","position":1,"name":"Accueil","item":"https:\/\/blogs.thesocialmedia.com\/leblogmoto\/"},{"@type":"ListItem","position":2,"name":"Nouvelle BMW F 800 S"}]},{"@type":"WebSite","@id":"https:\/\/blogs.thesocialmedia.com\/leblogmoto\/#website","url":"https:\/\/blogs.thesocialmedia.com\/leblogmoto\/","name":"leblogmoto","description":"Toute l&#039;actualit\u00e9 des 2 roues","potentialAction":[{"@type":"SearchAction","target":{"@type":"EntryPoint","urlTemplate":"https:\/\/blogs.thesocialmedia.com\/leblogmoto\/?s={search_term_string}"},"query-input":{"@type":"PropertyValueSpecification","valueRequired":true,"valueName":"search_term_string"}}],"inLanguage":"fr-FR"},{"@type":"Person","@id":"https:\/\/blogs.thesocialmedia.com\/leblogmoto\/#\/schema\/person\/80d2a078dbdb8b60abbd76bae6011f19","name":"vincent vaillant","image":{"@type":"ImageObject","inLanguage":"fr-FR","@id":"https:\/\/blogs.thesocialmedia.com\/leblogmoto\/#\/schema\/person\/image\/","url":"https:\/\/secure.gravatar.com\/avatar\/?s=96&d=mm&r=g","contentUrl":"https:\/\/secure.gravatar.com\/avatar\/?s=96&d=mm&r=g","caption":"vincent vaillant"},"url":"https:\/\/blogs.thesocialmedia.com\/leblogmoto\/author\/vincent-vaillant\/"}]}},"_links":{"self":[{"href":"https:\/\/blogs.thesocialmedia.com\/leblogmoto\/wp-json\/wp\/v2\/posts\/2319","targetHints":{"allow":["GET"]}}],"collection":[{"href":"https:\/\/blogs.thesocialmedia.com\/leblogmoto\/wp-json\/wp\/v2\/posts"}],"about":[{"href":"https:\/\/blogs.thesocialmedia.com\/leblogmoto\/wp-json\/wp\/v2\/types\/post"}],"author":[{"embeddable":true,"href":"https:\/\/blogs.thesocialmedia.com\/leblogmoto\/wp-json\/wp\/v2\/users\/338"}],"replies":[{"embeddable":true,"href":"https:\/\/blogs.thesocialmedia.com\/leblogmoto\/wp-json\/wp\/v2\/comments?post=2319"}],"version-history":[{"count":2,"href":"https:\/\/blogs.thesocialmedia.com\/leblogmoto\/wp-json\/wp\/v2\/posts\/2319\/revisions"}],"predecessor-version":[{"id":6353,"href":"https:\/\/blogs.thesocialmedia.com\/leblogmoto\/wp-json\/wp\/v2\/posts\/2319\/revisions\/6353"}],"wp:attachment":[{"href":"https:\/\/blogs.thesocialmedia.com\/leblogmoto\/wp-json\/wp\/v2\/media?parent=2319"}],"wp:term":[{"taxonomy":"category","embeddable":true,"href":"https:\/\/blogs.thesocialmedia.com\/leblogmoto\/wp-json\/wp\/v2\/categories?post=2319"},{"taxonomy":"post_tag","embeddable":true,"href":"https:\/\/blogs.thesocialmedia.com\/leblogmoto\/wp-json\/wp\/v2\/tags?post=2319"}],"curies":[{"name":"wp","href":"https:\/\/api.w.org\/{rel}","templated":true}]}}