{"id":232,"date":"2009-03-10T02:54:57","date_gmt":"2009-03-10T02:54:57","guid":{"rendered":"http:\/\/blogs.thesocialmedia.com\/leblogmoto\/2009\/03\/10\/daytona-200\/"},"modified":"2012-07-11T17:11:52","modified_gmt":"2012-07-11T17:11:52","slug":"daytona-200","status":"publish","type":"post","link":"https:\/\/blogs.thesocialmedia.com\/leblogmoto\/2009\/03\/10\/daytona-200\/","title":{"rendered":"Daytona 200"},"content":{"rendered":"<p><a href=\"http:\/\/blogs.thesocialmedia.com\/leblogmoto\/files\/2012\/07\/daytona1.jpg\"><img loading=\"lazy\" decoding=\"async\" width=\"470\" height=\"312\"  alt=\"Daytona1\" src=\"http:\/\/www.leblogmoto.com\/images\/2009\/03\/09\/daytona1.jpg\" \/><\/a> <br \/><em>Photos Brian J. Nelson<\/em><\/p>\n<p>La premi\u00e8re semaine du mois de mars est toujours intense \u00e0 Daytona en Floride. Conjointement, s\u2019y d\u00e9roule le fameux <a href=\"http:\/\/www.daytonabreak.com\/\">SpringBreak<\/a>, qui voit des hordes d\u2019\u00e9tudiants d\u00e9barqu\u00e9s sur les plages pour des nuits de d\u00e9bauches (et on a rien contre \u00e7a, on esp\u00e8re seulement qu\u2019ils et elles se prot\u00e8gent), le <a href=\"http:\/\/www.officialbikeweek.com\/\">Daytona Bike week<\/a> o\u00f9 plusieurs dizaines de milliers de motards se r\u00e9unissent pour \u00e9changer et f\u00eater eux aussi, et, le dernier mais non le moindre, les courses de motos sur l\u2019anneau, du&nbsp; moins en partie, du Daytona Speedway.<br \/>L\u2019attention cette ann\u00e9e \u00e9tait port\u00e9e vers le <a href=\"http:\/\/www.daytonainternationalspeedway.com\/Tickets-Events\/Events\/2009\/Daytona-200-Week-by-Honda\/Daytona-200-By-Honda.aspx\">Daytona 200<\/a> des Sportbike, \u00e9preuve courue de nuit, une premi\u00e8re pour eux.<\/p>\n<p><a href=\"http:\/\/www.redbullusa.com\/benbostrom\">Ben Bostrom<\/a> sur Yamaha YZF-R6 a remport\u00e9 l\u2019\u00e9preuve, une premi\u00e8re pour Yamaha depuis 1998 \u00e0 Daytona, et premi\u00e8re \u00e9galement depuis la pole apr\u00e8s la victoire de Miguel Duhamel en 2005.<br \/>Beaucoup de premi\u00e8res donc, et les petits ennuis qui viennent avec, \u00e0 commencer par l\u2019\u00e9clairage qui occasionna le premier drapeau jaune de la course, alors qu\u2019un d\u00e9but d\u2019incendie eu raison des sources lumineuses d\u2019une partie du circuit. La voiture de s\u00e9curit\u00e9 prenant sa place pour ralentir la meute, un accrochage entre divers concurrents amena alors la sortie du drapeau rouge. Certains comme Shawn Higbee sur une Buell 1125R, en profiteront (partit 16e il terminera 5e), ayant ravitaill\u00e9 au bon moment, sur le jaune, mais avant le rouge, alors que d\u2019autres, tel Miguel Duhamel, qui misait sur une strat\u00e9gie d\u2019arr\u00eats agressive, verra ses efforts an\u00e9antis par les circonstances et des ravitaillements capricieux, d\u00fb a un r\u00e9servoir fait sur mesure pour accueillir les 19 litres permis, mais qui s\u2019av\u00e8rera moins efficace que pr\u00e9vu.<br \/>Malgr\u00e9 la confusion et l\u2019obscurit\u00e9, la course fut chaudement disput\u00e9e, et les relances apr\u00e8s les deux drapeaux jaunes, alors que tous s\u2019engouffraient dans le premier virage, pneus froids, sans vouloir c\u00e9der, furent un beau spectacle.<\/p>\n<p><a href=\"http:\/\/clabedan.typepad.com\/.shared\/image.html?\/photos\/uncategorized\/2009\/03\/09\/daytona2.jpg\"><img loading=\"lazy\" decoding=\"async\" width=\"470\" height=\"312\"  alt=\"Daytona2\" src=\"http:\/\/www.leblogmoto.com\/images\/2009\/03\/09\/daytona2.jpg\" \/><\/a> <\/p>\n<p><a href=\"http:\/\/blogs.thesocialmedia.com\/leblogmoto\/files\/2012\/07\/daytona3.jpg\"><img loading=\"lazy\" decoding=\"async\" width=\"470\" height=\"312\"  alt=\"Daytona3\" src=\"http:\/\/www.leblogmoto.com\/images\/2009\/03\/09\/daytona3.jpg\" \/><\/a> <\/p>\n<p><a href=\"http:\/\/blogs.thesocialmedia.com\/leblogmoto\/files\/2012\/07\/daytona4.jpg\"><img loading=\"lazy\" decoding=\"async\" width=\"470\" height=\"312\"  alt=\"Daytona4\" src=\"http:\/\/www.leblogmoto.com\/images\/2009\/03\/09\/daytona4.jpg\" \/><\/a> <\/p>\n<p><a href=\"http:\/\/blogs.thesocialmedia.com\/leblogmoto\/files\/2012\/07\/daytona5.jpg\"><img loading=\"lazy\" decoding=\"async\" width=\"470\" height=\"312\"  alt=\"Daytona5\" src=\"http:\/\/www.leblogmoto.com\/images\/2009\/03\/09\/daytona5.jpg\" \/><\/a> <\/p>\n","protected":false},"excerpt":{"rendered":"<p>Photos Brian J. Nelson La premi\u00e8re semaine du mois de mars est toujours intense \u00e0 Daytona en Floride. Conjointement, s\u2019y d\u00e9roule le fameux SpringBreak, qui voit des hordes d\u2019\u00e9tudiants d\u00e9barqu\u00e9s sur les plages pour des nuits de d\u00e9bauches (et on a rien contre \u00e7a, on esp\u00e8re seulement qu\u2019ils et elles se prot\u00e8gent), le Daytona Bike [&hellip;]<\/p>\n","protected":false},"author":325,"featured_media":0,"comment_status":"open","ping_status":"open","sticky":false,"template":"","format":"standard","meta":{"footnotes":""},"categories":[74,42],"tags":[],"class_list":["post-232","post","type-post","status-publish","format-standard","hentry","category-ama-superbike","category-supersport"],"yoast_head":"<!-- This site is optimized with the Yoast SEO plugin v26.0 - https:\/\/yoast.com\/wordpress\/plugins\/seo\/ -->\n<title>Daytona 200 - leblogmoto.com<\/title>\n<meta name=\"robots\" content=\"index, follow, max-snippet:-1, max-image-preview:large, max-video-preview:-1\" \/>\n<link rel=\"canonical\" href=\"https:\/\/blogs.thesocialmedia.com\/leblogmoto\/2009\/03\/10\/daytona-200\/\" \/>\n<meta name=\"twitter:card\" content=\"summary_large_image\" \/>\n<meta name=\"twitter:title\" content=\"Daytona 200 - leblogmoto.com\" \/>\n<meta name=\"twitter:description\" content=\"Photos Brian J. Nelson La premi\u00e8re semaine du mois de mars est toujours intense \u00e0 Daytona en Floride. Conjointement, s\u2019y d\u00e9roule le fameux SpringBreak, qui voit des hordes d\u2019\u00e9tudiants d\u00e9barqu\u00e9s sur les plages pour des nuits de d\u00e9bauches (et on a rien contre \u00e7a, on esp\u00e8re seulement qu\u2019ils et elles se prot\u00e8gent), le Daytona Bike [&hellip;]\" \/>\n<meta name=\"twitter:image\" content=\"http:\/\/www.leblogmoto.com\/images\/2009\/03\/09\/daytona1.jpg\" \/>\n<meta name=\"twitter:label1\" content=\"\u00c9crit par\" \/>\n\t<meta name=\"twitter:data1\" content=\"jacques lesage\" \/>\n\t<meta name=\"twitter:label2\" content=\"Dur\u00e9e de lecture estim\u00e9e\" \/>\n\t<meta name=\"twitter:data2\" content=\"2 minutes\" \/>\n<script type=\"application\/ld+json\" class=\"yoast-schema-graph\">{\"@context\":\"https:\/\/schema.org\",\"@graph\":[{\"@type\":\"WebPage\",\"@id\":\"https:\/\/blogs.thesocialmedia.com\/leblogmoto\/2009\/03\/10\/daytona-200\/\",\"url\":\"https:\/\/blogs.thesocialmedia.com\/leblogmoto\/2009\/03\/10\/daytona-200\/\",\"name\":\"Daytona 200 - leblogmoto.com\",\"isPartOf\":{\"@id\":\"https:\/\/blogs.thesocialmedia.com\/leblogmoto\/#website\"},\"primaryImageOfPage\":{\"@id\":\"https:\/\/blogs.thesocialmedia.com\/leblogmoto\/2009\/03\/10\/daytona-200\/#primaryimage\"},\"image\":{\"@id\":\"https:\/\/blogs.thesocialmedia.com\/leblogmoto\/2009\/03\/10\/daytona-200\/#primaryimage\"},\"thumbnailUrl\":\"http:\/\/www.leblogmoto.com\/images\/2009\/03\/09\/daytona1.jpg\",\"datePublished\":\"2009-03-10T02:54:57+00:00\",\"dateModified\":\"2012-07-11T17:11:52+00:00\",\"author\":{\"@id\":\"https:\/\/blogs.thesocialmedia.com\/leblogmoto\/#\/schema\/person\/e82a0ca8a9a63d031586097a3ed58526\"},\"breadcrumb\":{\"@id\":\"https:\/\/blogs.thesocialmedia.com\/leblogmoto\/2009\/03\/10\/daytona-200\/#breadcrumb\"},\"inLanguage\":\"fr-FR\",\"potentialAction\":[{\"@type\":\"ReadAction\",\"target\":[\"https:\/\/blogs.thesocialmedia.com\/leblogmoto\/2009\/03\/10\/daytona-200\/\"]}]},{\"@type\":\"ImageObject\",\"inLanguage\":\"fr-FR\",\"@id\":\"https:\/\/blogs.thesocialmedia.com\/leblogmoto\/2009\/03\/10\/daytona-200\/#primaryimage\",\"url\":\"http:\/\/www.leblogmoto.com\/images\/2009\/03\/09\/daytona1.jpg\",\"contentUrl\":\"http:\/\/www.leblogmoto.com\/images\/2009\/03\/09\/daytona1.jpg\"},{\"@type\":\"BreadcrumbList\",\"@id\":\"https:\/\/blogs.thesocialmedia.com\/leblogmoto\/2009\/03\/10\/daytona-200\/#breadcrumb\",\"itemListElement\":[{\"@type\":\"ListItem\",\"position\":1,\"name\":\"Accueil\",\"item\":\"https:\/\/blogs.thesocialmedia.com\/leblogmoto\/\"},{\"@type\":\"ListItem\",\"position\":2,\"name\":\"Daytona 200\"}]},{\"@type\":\"WebSite\",\"@id\":\"https:\/\/blogs.thesocialmedia.com\/leblogmoto\/#website\",\"url\":\"https:\/\/blogs.thesocialmedia.com\/leblogmoto\/\",\"name\":\"leblogmoto\",\"description\":\"Toute l&#039;actualit\u00e9 des 2 roues\",\"potentialAction\":[{\"@type\":\"SearchAction\",\"target\":{\"@type\":\"EntryPoint\",\"urlTemplate\":\"https:\/\/blogs.thesocialmedia.com\/leblogmoto\/?s={search_term_string}\"},\"query-input\":{\"@type\":\"PropertyValueSpecification\",\"valueRequired\":true,\"valueName\":\"search_term_string\"}}],\"inLanguage\":\"fr-FR\"},{\"@type\":\"Person\",\"@id\":\"https:\/\/blogs.thesocialmedia.com\/leblogmoto\/#\/schema\/person\/e82a0ca8a9a63d031586097a3ed58526\",\"name\":\"jacques lesage\",\"image\":{\"@type\":\"ImageObject\",\"inLanguage\":\"fr-FR\",\"@id\":\"https:\/\/blogs.thesocialmedia.com\/leblogmoto\/#\/schema\/person\/image\/\",\"url\":\"https:\/\/secure.gravatar.com\/avatar\/?s=96&d=mm&r=g\",\"contentUrl\":\"https:\/\/secure.gravatar.com\/avatar\/?s=96&d=mm&r=g\",\"caption\":\"jacques lesage\"},\"url\":\"https:\/\/blogs.thesocialmedia.com\/leblogmoto\/author\/jacques-lesage\/\"}]}<\/script>\n<!-- \/ Yoast SEO plugin. -->","yoast_head_json":{"title":"Daytona 200 - leblogmoto.com","robots":{"index":"index","follow":"follow","max-snippet":"max-snippet:-1","max-image-preview":"max-image-preview:large","max-video-preview":"max-video-preview:-1"},"canonical":"https:\/\/blogs.thesocialmedia.com\/leblogmoto\/2009\/03\/10\/daytona-200\/","twitter_card":"summary_large_image","twitter_title":"Daytona 200 - leblogmoto.com","twitter_description":"Photos Brian J. Nelson La premi\u00e8re semaine du mois de mars est toujours intense \u00e0 Daytona en Floride. Conjointement, s\u2019y d\u00e9roule le fameux SpringBreak, qui voit des hordes d\u2019\u00e9tudiants d\u00e9barqu\u00e9s sur les plages pour des nuits de d\u00e9bauches (et on a rien contre \u00e7a, on esp\u00e8re seulement qu\u2019ils et elles se prot\u00e8gent), le Daytona Bike [&hellip;]","twitter_image":"http:\/\/www.leblogmoto.com\/images\/2009\/03\/09\/daytona1.jpg","twitter_misc":{"\u00c9crit par":"jacques lesage","Dur\u00e9e de lecture estim\u00e9e":"2 minutes"},"schema":{"@context":"https:\/\/schema.org","@graph":[{"@type":"WebPage","@id":"https:\/\/blogs.thesocialmedia.com\/leblogmoto\/2009\/03\/10\/daytona-200\/","url":"https:\/\/blogs.thesocialmedia.com\/leblogmoto\/2009\/03\/10\/daytona-200\/","name":"Daytona 200 - leblogmoto.com","isPartOf":{"@id":"https:\/\/blogs.thesocialmedia.com\/leblogmoto\/#website"},"primaryImageOfPage":{"@id":"https:\/\/blogs.thesocialmedia.com\/leblogmoto\/2009\/03\/10\/daytona-200\/#primaryimage"},"image":{"@id":"https:\/\/blogs.thesocialmedia.com\/leblogmoto\/2009\/03\/10\/daytona-200\/#primaryimage"},"thumbnailUrl":"http:\/\/www.leblogmoto.com\/images\/2009\/03\/09\/daytona1.jpg","datePublished":"2009-03-10T02:54:57+00:00","dateModified":"2012-07-11T17:11:52+00:00","author":{"@id":"https:\/\/blogs.thesocialmedia.com\/leblogmoto\/#\/schema\/person\/e82a0ca8a9a63d031586097a3ed58526"},"breadcrumb":{"@id":"https:\/\/blogs.thesocialmedia.com\/leblogmoto\/2009\/03\/10\/daytona-200\/#breadcrumb"},"inLanguage":"fr-FR","potentialAction":[{"@type":"ReadAction","target":["https:\/\/blogs.thesocialmedia.com\/leblogmoto\/2009\/03\/10\/daytona-200\/"]}]},{"@type":"ImageObject","inLanguage":"fr-FR","@id":"https:\/\/blogs.thesocialmedia.com\/leblogmoto\/2009\/03\/10\/daytona-200\/#primaryimage","url":"http:\/\/www.leblogmoto.com\/images\/2009\/03\/09\/daytona1.jpg","contentUrl":"http:\/\/www.leblogmoto.com\/images\/2009\/03\/09\/daytona1.jpg"},{"@type":"BreadcrumbList","@id":"https:\/\/blogs.thesocialmedia.com\/leblogmoto\/2009\/03\/10\/daytona-200\/#breadcrumb","itemListElement":[{"@type":"ListItem","position":1,"name":"Accueil","item":"https:\/\/blogs.thesocialmedia.com\/leblogmoto\/"},{"@type":"ListItem","position":2,"name":"Daytona 200"}]},{"@type":"WebSite","@id":"https:\/\/blogs.thesocialmedia.com\/leblogmoto\/#website","url":"https:\/\/blogs.thesocialmedia.com\/leblogmoto\/","name":"leblogmoto","description":"Toute l&#039;actualit\u00e9 des 2 roues","potentialAction":[{"@type":"SearchAction","target":{"@type":"EntryPoint","urlTemplate":"https:\/\/blogs.thesocialmedia.com\/leblogmoto\/?s={search_term_string}"},"query-input":{"@type":"PropertyValueSpecification","valueRequired":true,"valueName":"search_term_string"}}],"inLanguage":"fr-FR"},{"@type":"Person","@id":"https:\/\/blogs.thesocialmedia.com\/leblogmoto\/#\/schema\/person\/e82a0ca8a9a63d031586097a3ed58526","name":"jacques lesage","image":{"@type":"ImageObject","inLanguage":"fr-FR","@id":"https:\/\/blogs.thesocialmedia.com\/leblogmoto\/#\/schema\/person\/image\/","url":"https:\/\/secure.gravatar.com\/avatar\/?s=96&d=mm&r=g","contentUrl":"https:\/\/secure.gravatar.com\/avatar\/?s=96&d=mm&r=g","caption":"jacques lesage"},"url":"https:\/\/blogs.thesocialmedia.com\/leblogmoto\/author\/jacques-lesage\/"}]}},"_links":{"self":[{"href":"https:\/\/blogs.thesocialmedia.com\/leblogmoto\/wp-json\/wp\/v2\/posts\/232","targetHints":{"allow":["GET"]}}],"collection":[{"href":"https:\/\/blogs.thesocialmedia.com\/leblogmoto\/wp-json\/wp\/v2\/posts"}],"about":[{"href":"https:\/\/blogs.thesocialmedia.com\/leblogmoto\/wp-json\/wp\/v2\/types\/post"}],"author":[{"embeddable":true,"href":"https:\/\/blogs.thesocialmedia.com\/leblogmoto\/wp-json\/wp\/v2\/users\/325"}],"replies":[{"embeddable":true,"href":"https:\/\/blogs.thesocialmedia.com\/leblogmoto\/wp-json\/wp\/v2\/comments?post=232"}],"version-history":[{"count":2,"href":"https:\/\/blogs.thesocialmedia.com\/leblogmoto\/wp-json\/wp\/v2\/posts\/232\/revisions"}],"predecessor-version":[{"id":12923,"href":"https:\/\/blogs.thesocialmedia.com\/leblogmoto\/wp-json\/wp\/v2\/posts\/232\/revisions\/12923"}],"wp:attachment":[{"href":"https:\/\/blogs.thesocialmedia.com\/leblogmoto\/wp-json\/wp\/v2\/media?parent=232"}],"wp:term":[{"taxonomy":"category","embeddable":true,"href":"https:\/\/blogs.thesocialmedia.com\/leblogmoto\/wp-json\/wp\/v2\/categories?post=232"},{"taxonomy":"post_tag","embeddable":true,"href":"https:\/\/blogs.thesocialmedia.com\/leblogmoto\/wp-json\/wp\/v2\/tags?post=232"}],"curies":[{"name":"wp","href":"https:\/\/api.w.org\/{rel}","templated":true}]}}