{"id":2322,"date":"2005-10-21T16:33:49","date_gmt":"2005-10-21T16:33:49","guid":{"rendered":"http:\/\/blogs.thesocialmedia.com\/leblogmoto\/2005\/10\/21\/mondial-2005-su-3\/"},"modified":"2012-07-11T14:00:21","modified_gmt":"2012-07-11T14:00:21","slug":"mondial-2005-su-3","status":"publish","type":"post","link":"https:\/\/blogs.thesocialmedia.com\/leblogmoto\/2005\/10\/21\/mondial-2005-su-3\/","title":{"rendered":"Mondial 2005 : Suzuki GSX-R 600 2006 &lsquo;Carbon Style&rsquo; \u2013 Live"},"content":{"rendered":"<p><a href=\"http:\/\/blogs.thesocialmedia.com\/leblogmoto\/files\/2012\/07\/suzuki_gsxr_600_2006_1.jpg\"><img loading=\"lazy\" decoding=\"async\" width=\"250\" height=\"188\"  alt=\"Suzuki_gsxr_600_2006_1\" src=\"http:\/\/www.leblogmoto.com\/images\/suzuki_gsxr_600_2006_1.jpg\" style=\"margin: 0px 5px 5px 0px;float: left\" \/><\/a>J\u2019aurais aim\u00e9 vous d\u00e9tailler La nouvelle GSX-R 600 (et aussi 750) dans un article complet du style \u2018<a href=\"http:\/\/www.google.com\/search?q=l%27int%C3%A9grale+officielle&amp;btnG=Recherche&amp;domains=http%3A%2F%2Fwww.leblogmoto.com&amp;sitesearch=http%3A%2F%2Fwww.leblogmoto.com\">L\u2019int\u00e9grale officielle<\/a>\u2019 mais voil\u00e0 que je n\u2019ai toujours pas re\u00e7u le dossier de Presse <a href=\"http:\/\/www.leblogmoto.com\/suzuki\/index.html\">Suzuki<\/a>. Pourtant, je le leur ai bien demand\u00e9 mais on m\u2019a r\u00e9pondu que sans carte Presse il fallait s\u2019inscrire sur un listing, chose que j\u2019ai faite, mais je n\u2019ai toujours rien ! Un grand bravo donc au Service Presse de Suzuki qui perd ainsi au moins 1 million de lecteurs du blogmoto. Ca donnerait presque envie de crier \u2018Vive <a href=\"http:\/\/www.leblogmoto.com\/2005\/10\/mondial_2005_ya_7.html\">la Yamaha R6<\/a> !\u2019 mais je ne le ferai pas par conscience professionnelle. Toujours est il que la Gex 600 nouveau mill\u00e9sime est tr\u00e8s attirante et plus encore cette version toutes options &lsquo;Carbon Style&rsquo; d\u2019une rare beaut\u00e9.<\/p>\n<p>Jugez plut\u00f4t : bulle double courbure, garde-boue avant et arri\u00e8re en carbone, prot\u00e8ge-cha\u00eene en carbone, prot\u00e8ge-cadre gauche et droite en carbone, platine repose-pieds en carbone, passage de roue en carbone, protection t\u00e9 de fourche en carbone, protection tableau de bord en carbone, cache-bouchon de r\u00e9servoir, prot\u00e8ge-r\u00e9servoir, filets r\u00e9fl\u00e9chissants roues avant et arri\u00e8re, support de plaque d\u2019immatriculation et \u00e9chappement Yoshimura. M A G N I F I Q U E ! <\/p>\n<p><a href=\"http:\/\/clabedan.typepad.com\/.shared\/image.html?\/photos\/uncategorized\/suzuki_gsxr_600_2006_2_1.jpg\"><img loading=\"lazy\" decoding=\"async\" width=\"470\" height=\"622\"  src=\"http:\/\/www.leblogmoto.com\/images\/suzuki_gsxr_600_2006_2_1.jpg\" alt=\"Suzuki_gsxr_600_2006_2_1\" style=\"margin: 0px 5px 5px 0px;float: left\" \/><\/a><a href=\"http:\/\/blogs.thesocialmedia.com\/leblogmoto\/files\/2012\/07\/suzuki_gsxr_600_2006_3.jpg\"><img loading=\"lazy\" decoding=\"async\" width=\"470\" height=\"354\"  alt=\"Suzuki_gsxr_600_2006_3\" src=\"http:\/\/www.leblogmoto.com\/images\/suzuki_gsxr_600_2006_3.jpg\" style=\"margin: 0px 5px 5px 0px;float: left\" \/><\/a><a href=\"http:\/\/blogs.thesocialmedia.com\/leblogmoto\/files\/2012\/07\/suzuki_gsxr_600_2006_4.jpg\"><img loading=\"lazy\" decoding=\"async\" width=\"470\" height=\"622\"  alt=\"Suzuki_gsxr_600_2006_4\" src=\"http:\/\/www.leblogmoto.com\/images\/suzuki_gsxr_600_2006_4.jpg\" style=\"margin: 0px 5px 5px 0px;float: left\" \/><\/a><\/p>\n","protected":false},"excerpt":{"rendered":"<p>J\u2019aurais aim\u00e9 vous d\u00e9tailler La nouvelle GSX-R 600 (et aussi 750) dans un article complet du style \u2018L\u2019int\u00e9grale officielle\u2019 mais voil\u00e0 que je n\u2019ai toujours pas re\u00e7u le dossier de Presse Suzuki. Pourtant, je le leur ai bien demand\u00e9 mais on m\u2019a r\u00e9pondu que sans carte Presse il fallait s\u2019inscrire sur un listing, chose que [&hellip;]<\/p>\n","protected":false},"author":338,"featured_media":0,"comment_status":"open","ping_status":"open","sticky":false,"template":"","format":"standard","meta":{"footnotes":""},"categories":[36,51],"tags":[],"class_list":["post-2322","post","type-post","status-publish","format-standard","hentry","category-salons","category-suzuki"],"yoast_head":"<!-- This site is optimized with the Yoast SEO plugin v26.0 - https:\/\/yoast.com\/wordpress\/plugins\/seo\/ -->\n<title>Mondial 2005 : Suzuki GSX-R 600 2006 &#039;Carbon Style&#039; \u2013 Live - leblogmoto.com<\/title>\n<meta name=\"robots\" content=\"index, follow, max-snippet:-1, max-image-preview:large, max-video-preview:-1\" \/>\n<link rel=\"canonical\" href=\"https:\/\/blogs.thesocialmedia.com\/leblogmoto\/2005\/10\/21\/mondial-2005-su-3\/\" \/>\n<meta name=\"twitter:card\" content=\"summary_large_image\" \/>\n<meta name=\"twitter:title\" content=\"Mondial 2005 : Suzuki GSX-R 600 2006 &#039;Carbon Style&#039; \u2013 Live - leblogmoto.com\" \/>\n<meta name=\"twitter:description\" content=\"J\u2019aurais aim\u00e9 vous d\u00e9tailler La nouvelle GSX-R 600 (et aussi 750) dans un article complet du style \u2018L\u2019int\u00e9grale officielle\u2019 mais voil\u00e0 que je n\u2019ai toujours pas re\u00e7u le dossier de Presse Suzuki. Pourtant, je le leur ai bien demand\u00e9 mais on m\u2019a r\u00e9pondu que sans carte Presse il fallait s\u2019inscrire sur un listing, chose que [&hellip;]\" \/>\n<meta name=\"twitter:image\" content=\"http:\/\/www.leblogmoto.com\/images\/suzuki_gsxr_600_2006_1.jpg\" \/>\n<meta name=\"twitter:label1\" content=\"\u00c9crit par\" \/>\n\t<meta name=\"twitter:data1\" content=\"vincent vaillant\" \/>\n\t<meta name=\"twitter:label2\" content=\"Dur\u00e9e de lecture estim\u00e9e\" \/>\n\t<meta name=\"twitter:data2\" content=\"1 minute\" \/>\n<script type=\"application\/ld+json\" class=\"yoast-schema-graph\">{\"@context\":\"https:\/\/schema.org\",\"@graph\":[{\"@type\":\"WebPage\",\"@id\":\"https:\/\/blogs.thesocialmedia.com\/leblogmoto\/2005\/10\/21\/mondial-2005-su-3\/\",\"url\":\"https:\/\/blogs.thesocialmedia.com\/leblogmoto\/2005\/10\/21\/mondial-2005-su-3\/\",\"name\":\"Mondial 2005 : Suzuki GSX-R 600 2006 'Carbon Style' \u2013 Live - leblogmoto.com\",\"isPartOf\":{\"@id\":\"https:\/\/blogs.thesocialmedia.com\/leblogmoto\/#website\"},\"primaryImageOfPage\":{\"@id\":\"https:\/\/blogs.thesocialmedia.com\/leblogmoto\/2005\/10\/21\/mondial-2005-su-3\/#primaryimage\"},\"image\":{\"@id\":\"https:\/\/blogs.thesocialmedia.com\/leblogmoto\/2005\/10\/21\/mondial-2005-su-3\/#primaryimage\"},\"thumbnailUrl\":\"http:\/\/www.leblogmoto.com\/images\/suzuki_gsxr_600_2006_1.jpg\",\"datePublished\":\"2005-10-21T16:33:49+00:00\",\"dateModified\":\"2012-07-11T14:00:21+00:00\",\"author\":{\"@id\":\"https:\/\/blogs.thesocialmedia.com\/leblogmoto\/#\/schema\/person\/80d2a078dbdb8b60abbd76bae6011f19\"},\"breadcrumb\":{\"@id\":\"https:\/\/blogs.thesocialmedia.com\/leblogmoto\/2005\/10\/21\/mondial-2005-su-3\/#breadcrumb\"},\"inLanguage\":\"fr-FR\",\"potentialAction\":[{\"@type\":\"ReadAction\",\"target\":[\"https:\/\/blogs.thesocialmedia.com\/leblogmoto\/2005\/10\/21\/mondial-2005-su-3\/\"]}]},{\"@type\":\"ImageObject\",\"inLanguage\":\"fr-FR\",\"@id\":\"https:\/\/blogs.thesocialmedia.com\/leblogmoto\/2005\/10\/21\/mondial-2005-su-3\/#primaryimage\",\"url\":\"http:\/\/www.leblogmoto.com\/images\/suzuki_gsxr_600_2006_1.jpg\",\"contentUrl\":\"http:\/\/www.leblogmoto.com\/images\/suzuki_gsxr_600_2006_1.jpg\"},{\"@type\":\"BreadcrumbList\",\"@id\":\"https:\/\/blogs.thesocialmedia.com\/leblogmoto\/2005\/10\/21\/mondial-2005-su-3\/#breadcrumb\",\"itemListElement\":[{\"@type\":\"ListItem\",\"position\":1,\"name\":\"Accueil\",\"item\":\"https:\/\/blogs.thesocialmedia.com\/leblogmoto\/\"},{\"@type\":\"ListItem\",\"position\":2,\"name\":\"Mondial 2005 : Suzuki GSX-R 600 2006 &lsquo;Carbon Style&rsquo; \u2013 Live\"}]},{\"@type\":\"WebSite\",\"@id\":\"https:\/\/blogs.thesocialmedia.com\/leblogmoto\/#website\",\"url\":\"https:\/\/blogs.thesocialmedia.com\/leblogmoto\/\",\"name\":\"leblogmoto\",\"description\":\"Toute l&#039;actualit\u00e9 des 2 roues\",\"potentialAction\":[{\"@type\":\"SearchAction\",\"target\":{\"@type\":\"EntryPoint\",\"urlTemplate\":\"https:\/\/blogs.thesocialmedia.com\/leblogmoto\/?s={search_term_string}\"},\"query-input\":{\"@type\":\"PropertyValueSpecification\",\"valueRequired\":true,\"valueName\":\"search_term_string\"}}],\"inLanguage\":\"fr-FR\"},{\"@type\":\"Person\",\"@id\":\"https:\/\/blogs.thesocialmedia.com\/leblogmoto\/#\/schema\/person\/80d2a078dbdb8b60abbd76bae6011f19\",\"name\":\"vincent vaillant\",\"image\":{\"@type\":\"ImageObject\",\"inLanguage\":\"fr-FR\",\"@id\":\"https:\/\/blogs.thesocialmedia.com\/leblogmoto\/#\/schema\/person\/image\/\",\"url\":\"https:\/\/secure.gravatar.com\/avatar\/?s=96&d=mm&r=g\",\"contentUrl\":\"https:\/\/secure.gravatar.com\/avatar\/?s=96&d=mm&r=g\",\"caption\":\"vincent vaillant\"},\"url\":\"https:\/\/blogs.thesocialmedia.com\/leblogmoto\/author\/vincent-vaillant\/\"}]}<\/script>\n<!-- \/ Yoast SEO plugin. -->","yoast_head_json":{"title":"Mondial 2005 : Suzuki GSX-R 600 2006 'Carbon Style' \u2013 Live - leblogmoto.com","robots":{"index":"index","follow":"follow","max-snippet":"max-snippet:-1","max-image-preview":"max-image-preview:large","max-video-preview":"max-video-preview:-1"},"canonical":"https:\/\/blogs.thesocialmedia.com\/leblogmoto\/2005\/10\/21\/mondial-2005-su-3\/","twitter_card":"summary_large_image","twitter_title":"Mondial 2005 : Suzuki GSX-R 600 2006 'Carbon Style' \u2013 Live - leblogmoto.com","twitter_description":"J\u2019aurais aim\u00e9 vous d\u00e9tailler La nouvelle GSX-R 600 (et aussi 750) dans un article complet du style \u2018L\u2019int\u00e9grale officielle\u2019 mais voil\u00e0 que je n\u2019ai toujours pas re\u00e7u le dossier de Presse Suzuki. Pourtant, je le leur ai bien demand\u00e9 mais on m\u2019a r\u00e9pondu que sans carte Presse il fallait s\u2019inscrire sur un listing, chose que [&hellip;]","twitter_image":"http:\/\/www.leblogmoto.com\/images\/suzuki_gsxr_600_2006_1.jpg","twitter_misc":{"\u00c9crit par":"vincent vaillant","Dur\u00e9e de lecture estim\u00e9e":"1 minute"},"schema":{"@context":"https:\/\/schema.org","@graph":[{"@type":"WebPage","@id":"https:\/\/blogs.thesocialmedia.com\/leblogmoto\/2005\/10\/21\/mondial-2005-su-3\/","url":"https:\/\/blogs.thesocialmedia.com\/leblogmoto\/2005\/10\/21\/mondial-2005-su-3\/","name":"Mondial 2005 : Suzuki GSX-R 600 2006 'Carbon Style' \u2013 Live - leblogmoto.com","isPartOf":{"@id":"https:\/\/blogs.thesocialmedia.com\/leblogmoto\/#website"},"primaryImageOfPage":{"@id":"https:\/\/blogs.thesocialmedia.com\/leblogmoto\/2005\/10\/21\/mondial-2005-su-3\/#primaryimage"},"image":{"@id":"https:\/\/blogs.thesocialmedia.com\/leblogmoto\/2005\/10\/21\/mondial-2005-su-3\/#primaryimage"},"thumbnailUrl":"http:\/\/www.leblogmoto.com\/images\/suzuki_gsxr_600_2006_1.jpg","datePublished":"2005-10-21T16:33:49+00:00","dateModified":"2012-07-11T14:00:21+00:00","author":{"@id":"https:\/\/blogs.thesocialmedia.com\/leblogmoto\/#\/schema\/person\/80d2a078dbdb8b60abbd76bae6011f19"},"breadcrumb":{"@id":"https:\/\/blogs.thesocialmedia.com\/leblogmoto\/2005\/10\/21\/mondial-2005-su-3\/#breadcrumb"},"inLanguage":"fr-FR","potentialAction":[{"@type":"ReadAction","target":["https:\/\/blogs.thesocialmedia.com\/leblogmoto\/2005\/10\/21\/mondial-2005-su-3\/"]}]},{"@type":"ImageObject","inLanguage":"fr-FR","@id":"https:\/\/blogs.thesocialmedia.com\/leblogmoto\/2005\/10\/21\/mondial-2005-su-3\/#primaryimage","url":"http:\/\/www.leblogmoto.com\/images\/suzuki_gsxr_600_2006_1.jpg","contentUrl":"http:\/\/www.leblogmoto.com\/images\/suzuki_gsxr_600_2006_1.jpg"},{"@type":"BreadcrumbList","@id":"https:\/\/blogs.thesocialmedia.com\/leblogmoto\/2005\/10\/21\/mondial-2005-su-3\/#breadcrumb","itemListElement":[{"@type":"ListItem","position":1,"name":"Accueil","item":"https:\/\/blogs.thesocialmedia.com\/leblogmoto\/"},{"@type":"ListItem","position":2,"name":"Mondial 2005 : Suzuki GSX-R 600 2006 &lsquo;Carbon Style&rsquo; \u2013 Live"}]},{"@type":"WebSite","@id":"https:\/\/blogs.thesocialmedia.com\/leblogmoto\/#website","url":"https:\/\/blogs.thesocialmedia.com\/leblogmoto\/","name":"leblogmoto","description":"Toute l&#039;actualit\u00e9 des 2 roues","potentialAction":[{"@type":"SearchAction","target":{"@type":"EntryPoint","urlTemplate":"https:\/\/blogs.thesocialmedia.com\/leblogmoto\/?s={search_term_string}"},"query-input":{"@type":"PropertyValueSpecification","valueRequired":true,"valueName":"search_term_string"}}],"inLanguage":"fr-FR"},{"@type":"Person","@id":"https:\/\/blogs.thesocialmedia.com\/leblogmoto\/#\/schema\/person\/80d2a078dbdb8b60abbd76bae6011f19","name":"vincent vaillant","image":{"@type":"ImageObject","inLanguage":"fr-FR","@id":"https:\/\/blogs.thesocialmedia.com\/leblogmoto\/#\/schema\/person\/image\/","url":"https:\/\/secure.gravatar.com\/avatar\/?s=96&d=mm&r=g","contentUrl":"https:\/\/secure.gravatar.com\/avatar\/?s=96&d=mm&r=g","caption":"vincent vaillant"},"url":"https:\/\/blogs.thesocialmedia.com\/leblogmoto\/author\/vincent-vaillant\/"}]}},"_links":{"self":[{"href":"https:\/\/blogs.thesocialmedia.com\/leblogmoto\/wp-json\/wp\/v2\/posts\/2322","targetHints":{"allow":["GET"]}}],"collection":[{"href":"https:\/\/blogs.thesocialmedia.com\/leblogmoto\/wp-json\/wp\/v2\/posts"}],"about":[{"href":"https:\/\/blogs.thesocialmedia.com\/leblogmoto\/wp-json\/wp\/v2\/types\/post"}],"author":[{"embeddable":true,"href":"https:\/\/blogs.thesocialmedia.com\/leblogmoto\/wp-json\/wp\/v2\/users\/338"}],"replies":[{"embeddable":true,"href":"https:\/\/blogs.thesocialmedia.com\/leblogmoto\/wp-json\/wp\/v2\/comments?post=2322"}],"version-history":[{"count":2,"href":"https:\/\/blogs.thesocialmedia.com\/leblogmoto\/wp-json\/wp\/v2\/posts\/2322\/revisions"}],"predecessor-version":[{"id":6332,"href":"https:\/\/blogs.thesocialmedia.com\/leblogmoto\/wp-json\/wp\/v2\/posts\/2322\/revisions\/6332"}],"wp:attachment":[{"href":"https:\/\/blogs.thesocialmedia.com\/leblogmoto\/wp-json\/wp\/v2\/media?parent=2322"}],"wp:term":[{"taxonomy":"category","embeddable":true,"href":"https:\/\/blogs.thesocialmedia.com\/leblogmoto\/wp-json\/wp\/v2\/categories?post=2322"},{"taxonomy":"post_tag","embeddable":true,"href":"https:\/\/blogs.thesocialmedia.com\/leblogmoto\/wp-json\/wp\/v2\/tags?post=2322"}],"curies":[{"name":"wp","href":"https:\/\/api.w.org\/{rel}","templated":true}]}}