{"id":2323,"date":"2005-10-21T16:06:17","date_gmt":"2005-10-21T16:06:17","guid":{"rendered":"http:\/\/blogs.thesocialmedia.com\/leblogmoto\/2005\/10\/21\/yamaha-dienonyc\/"},"modified":"2012-07-11T14:00:14","modified_gmt":"2012-07-11T14:00:14","slug":"yamaha-dienonyc","status":"publish","type":"post","link":"https:\/\/blogs.thesocialmedia.com\/leblogmoto\/2005\/10\/21\/yamaha-dienonyc\/","title":{"rendered":"Yamaha Deinonychus"},"content":{"rendered":"<p><a href=\"http:\/\/blogs.thesocialmedia.com\/leblogmoto\/files\/2012\/07\/deinonychus_2.jpg\"><img loading=\"lazy\" decoding=\"async\" alt=\"Deinonychus_2\" src=\"http:\/\/www.leblogmoto.com\/images\/deinonychus_2.jpg\" width=\"250\" height=\"198\"  style=\"float: left;margin: 0px 5px 5px 0px\" \/><\/a><\/p>\n<p>Dr\u00f4le de b\u00e9cane que ce prototype Yamaha nomm\u00e9 \u201cDeinonychus\u201d Si il se caract\u00e9rise principalement par ses deux moteurs \u00e9lectriques plac\u00e9s au centre de chacune des roues, son ch\u00e2ssis est une v\u00e9ritable preuve d\u2019ing\u00e9niosit\u00e9.<br \/> C\u00f4t\u00e9 ch\u00e2ssis, on retrouve un cadre enti\u00e8rement modulable qui permet donc \u00e0 chaque type de morphologie d\u2019utiliser cette moto. L&#8217;empattement, la hauteur de selle et du guidon sont r\u00e9glables par des v\u00e9rins. <br \/> C\u00f4t\u00e9 moteur, cette machine utilise deux moteurs \u00e9lectriques plac\u00e9s au centre de chacune des roues, ce qui en fait une moto \u00e0 deux roues motrices. Les batterie sont, quant \u00e0 elles, dissimul\u00e9es derri\u00e8re la selle.<br \/> Ce concept particuli\u00e8rement audacieux ne verra probablement jamais le jour, mais nous pouvons tout de m\u00eame appr\u00e9cier \u00e0 juste titre le travail des designers  de Yamaha.<\/p>\n","protected":false},"excerpt":{"rendered":"<p>Dr\u00f4le de b\u00e9cane que ce prototype Yamaha nomm\u00e9 \u201cDeinonychus\u201d Si il se caract\u00e9rise principalement par ses deux moteurs \u00e9lectriques plac\u00e9s au centre de chacune des roues, son ch\u00e2ssis est une v\u00e9ritable preuve d\u2019ing\u00e9niosit\u00e9. C\u00f4t\u00e9 ch\u00e2ssis, on retrouve un cadre enti\u00e8rement modulable qui permet donc \u00e0 chaque type de morphologie d\u2019utiliser cette moto. L&#8217;empattement, la hauteur [&hellip;]<\/p>\n","protected":false},"author":339,"featured_media":0,"comment_status":"open","ping_status":"open","sticky":false,"template":"","format":"standard","meta":{"footnotes":""},"categories":[30,44],"tags":[],"class_list":["post-2323","post","type-post","status-publish","format-standard","hentry","category-bio-carburantsvehicules-propres","category-yamaha"],"yoast_head":"<!-- This site is optimized with the Yoast SEO plugin v26.0 - https:\/\/yoast.com\/wordpress\/plugins\/seo\/ -->\n<title>Yamaha Deinonychus - leblogmoto.com<\/title>\n<meta name=\"robots\" content=\"index, follow, max-snippet:-1, max-image-preview:large, max-video-preview:-1\" \/>\n<link rel=\"canonical\" href=\"https:\/\/blogs.thesocialmedia.com\/leblogmoto\/2005\/10\/21\/yamaha-dienonyc\/\" \/>\n<meta name=\"twitter:card\" content=\"summary_large_image\" \/>\n<meta name=\"twitter:title\" content=\"Yamaha Deinonychus - leblogmoto.com\" \/>\n<meta name=\"twitter:description\" content=\"Dr\u00f4le de b\u00e9cane que ce prototype Yamaha nomm\u00e9 \u201cDeinonychus\u201d Si il se caract\u00e9rise principalement par ses deux moteurs \u00e9lectriques plac\u00e9s au centre de chacune des roues, son ch\u00e2ssis est une v\u00e9ritable preuve d\u2019ing\u00e9niosit\u00e9. C\u00f4t\u00e9 ch\u00e2ssis, on retrouve un cadre enti\u00e8rement modulable qui permet donc \u00e0 chaque type de morphologie d\u2019utiliser cette moto. L&#8217;empattement, la hauteur [&hellip;]\" \/>\n<meta name=\"twitter:image\" content=\"http:\/\/www.leblogmoto.com\/images\/deinonychus_2.jpg\" \/>\n<meta name=\"twitter:label1\" content=\"\u00c9crit par\" \/>\n\t<meta name=\"twitter:data1\" content=\"daniel bour\" \/>\n\t<meta name=\"twitter:label2\" content=\"Dur\u00e9e de lecture estim\u00e9e\" \/>\n\t<meta name=\"twitter:data2\" content=\"1 minute\" \/>\n<script type=\"application\/ld+json\" class=\"yoast-schema-graph\">{\"@context\":\"https:\/\/schema.org\",\"@graph\":[{\"@type\":\"WebPage\",\"@id\":\"https:\/\/blogs.thesocialmedia.com\/leblogmoto\/2005\/10\/21\/yamaha-dienonyc\/\",\"url\":\"https:\/\/blogs.thesocialmedia.com\/leblogmoto\/2005\/10\/21\/yamaha-dienonyc\/\",\"name\":\"Yamaha Deinonychus - leblogmoto.com\",\"isPartOf\":{\"@id\":\"https:\/\/blogs.thesocialmedia.com\/leblogmoto\/#website\"},\"primaryImageOfPage\":{\"@id\":\"https:\/\/blogs.thesocialmedia.com\/leblogmoto\/2005\/10\/21\/yamaha-dienonyc\/#primaryimage\"},\"image\":{\"@id\":\"https:\/\/blogs.thesocialmedia.com\/leblogmoto\/2005\/10\/21\/yamaha-dienonyc\/#primaryimage\"},\"thumbnailUrl\":\"http:\/\/www.leblogmoto.com\/images\/deinonychus_2.jpg\",\"datePublished\":\"2005-10-21T16:06:17+00:00\",\"dateModified\":\"2012-07-11T14:00:14+00:00\",\"author\":{\"@id\":\"https:\/\/blogs.thesocialmedia.com\/leblogmoto\/#\/schema\/person\/112bf3448e55eeb119f6276bbf85b8e7\"},\"breadcrumb\":{\"@id\":\"https:\/\/blogs.thesocialmedia.com\/leblogmoto\/2005\/10\/21\/yamaha-dienonyc\/#breadcrumb\"},\"inLanguage\":\"fr-FR\",\"potentialAction\":[{\"@type\":\"ReadAction\",\"target\":[\"https:\/\/blogs.thesocialmedia.com\/leblogmoto\/2005\/10\/21\/yamaha-dienonyc\/\"]}]},{\"@type\":\"ImageObject\",\"inLanguage\":\"fr-FR\",\"@id\":\"https:\/\/blogs.thesocialmedia.com\/leblogmoto\/2005\/10\/21\/yamaha-dienonyc\/#primaryimage\",\"url\":\"http:\/\/www.leblogmoto.com\/images\/deinonychus_2.jpg\",\"contentUrl\":\"http:\/\/www.leblogmoto.com\/images\/deinonychus_2.jpg\"},{\"@type\":\"BreadcrumbList\",\"@id\":\"https:\/\/blogs.thesocialmedia.com\/leblogmoto\/2005\/10\/21\/yamaha-dienonyc\/#breadcrumb\",\"itemListElement\":[{\"@type\":\"ListItem\",\"position\":1,\"name\":\"Accueil\",\"item\":\"https:\/\/blogs.thesocialmedia.com\/leblogmoto\/\"},{\"@type\":\"ListItem\",\"position\":2,\"name\":\"Yamaha Deinonychus\"}]},{\"@type\":\"WebSite\",\"@id\":\"https:\/\/blogs.thesocialmedia.com\/leblogmoto\/#website\",\"url\":\"https:\/\/blogs.thesocialmedia.com\/leblogmoto\/\",\"name\":\"leblogmoto\",\"description\":\"Toute l&#039;actualit\u00e9 des 2 roues\",\"potentialAction\":[{\"@type\":\"SearchAction\",\"target\":{\"@type\":\"EntryPoint\",\"urlTemplate\":\"https:\/\/blogs.thesocialmedia.com\/leblogmoto\/?s={search_term_string}\"},\"query-input\":{\"@type\":\"PropertyValueSpecification\",\"valueRequired\":true,\"valueName\":\"search_term_string\"}}],\"inLanguage\":\"fr-FR\"},{\"@type\":\"Person\",\"@id\":\"https:\/\/blogs.thesocialmedia.com\/leblogmoto\/#\/schema\/person\/112bf3448e55eeb119f6276bbf85b8e7\",\"name\":\"daniel bour\",\"image\":{\"@type\":\"ImageObject\",\"inLanguage\":\"fr-FR\",\"@id\":\"https:\/\/blogs.thesocialmedia.com\/leblogmoto\/#\/schema\/person\/image\/\",\"url\":\"https:\/\/secure.gravatar.com\/avatar\/?s=96&d=mm&r=g\",\"contentUrl\":\"https:\/\/secure.gravatar.com\/avatar\/?s=96&d=mm&r=g\",\"caption\":\"daniel bour\"},\"url\":\"https:\/\/blogs.thesocialmedia.com\/leblogmoto\/author\/daniel-bour\/\"}]}<\/script>\n<!-- \/ Yoast SEO plugin. -->","yoast_head_json":{"title":"Yamaha Deinonychus - leblogmoto.com","robots":{"index":"index","follow":"follow","max-snippet":"max-snippet:-1","max-image-preview":"max-image-preview:large","max-video-preview":"max-video-preview:-1"},"canonical":"https:\/\/blogs.thesocialmedia.com\/leblogmoto\/2005\/10\/21\/yamaha-dienonyc\/","twitter_card":"summary_large_image","twitter_title":"Yamaha Deinonychus - leblogmoto.com","twitter_description":"Dr\u00f4le de b\u00e9cane que ce prototype Yamaha nomm\u00e9 \u201cDeinonychus\u201d Si il se caract\u00e9rise principalement par ses deux moteurs \u00e9lectriques plac\u00e9s au centre de chacune des roues, son ch\u00e2ssis est une v\u00e9ritable preuve d\u2019ing\u00e9niosit\u00e9. C\u00f4t\u00e9 ch\u00e2ssis, on retrouve un cadre enti\u00e8rement modulable qui permet donc \u00e0 chaque type de morphologie d\u2019utiliser cette moto. L&#8217;empattement, la hauteur [&hellip;]","twitter_image":"http:\/\/www.leblogmoto.com\/images\/deinonychus_2.jpg","twitter_misc":{"\u00c9crit par":"daniel bour","Dur\u00e9e de lecture estim\u00e9e":"1 minute"},"schema":{"@context":"https:\/\/schema.org","@graph":[{"@type":"WebPage","@id":"https:\/\/blogs.thesocialmedia.com\/leblogmoto\/2005\/10\/21\/yamaha-dienonyc\/","url":"https:\/\/blogs.thesocialmedia.com\/leblogmoto\/2005\/10\/21\/yamaha-dienonyc\/","name":"Yamaha Deinonychus - leblogmoto.com","isPartOf":{"@id":"https:\/\/blogs.thesocialmedia.com\/leblogmoto\/#website"},"primaryImageOfPage":{"@id":"https:\/\/blogs.thesocialmedia.com\/leblogmoto\/2005\/10\/21\/yamaha-dienonyc\/#primaryimage"},"image":{"@id":"https:\/\/blogs.thesocialmedia.com\/leblogmoto\/2005\/10\/21\/yamaha-dienonyc\/#primaryimage"},"thumbnailUrl":"http:\/\/www.leblogmoto.com\/images\/deinonychus_2.jpg","datePublished":"2005-10-21T16:06:17+00:00","dateModified":"2012-07-11T14:00:14+00:00","author":{"@id":"https:\/\/blogs.thesocialmedia.com\/leblogmoto\/#\/schema\/person\/112bf3448e55eeb119f6276bbf85b8e7"},"breadcrumb":{"@id":"https:\/\/blogs.thesocialmedia.com\/leblogmoto\/2005\/10\/21\/yamaha-dienonyc\/#breadcrumb"},"inLanguage":"fr-FR","potentialAction":[{"@type":"ReadAction","target":["https:\/\/blogs.thesocialmedia.com\/leblogmoto\/2005\/10\/21\/yamaha-dienonyc\/"]}]},{"@type":"ImageObject","inLanguage":"fr-FR","@id":"https:\/\/blogs.thesocialmedia.com\/leblogmoto\/2005\/10\/21\/yamaha-dienonyc\/#primaryimage","url":"http:\/\/www.leblogmoto.com\/images\/deinonychus_2.jpg","contentUrl":"http:\/\/www.leblogmoto.com\/images\/deinonychus_2.jpg"},{"@type":"BreadcrumbList","@id":"https:\/\/blogs.thesocialmedia.com\/leblogmoto\/2005\/10\/21\/yamaha-dienonyc\/#breadcrumb","itemListElement":[{"@type":"ListItem","position":1,"name":"Accueil","item":"https:\/\/blogs.thesocialmedia.com\/leblogmoto\/"},{"@type":"ListItem","position":2,"name":"Yamaha Deinonychus"}]},{"@type":"WebSite","@id":"https:\/\/blogs.thesocialmedia.com\/leblogmoto\/#website","url":"https:\/\/blogs.thesocialmedia.com\/leblogmoto\/","name":"leblogmoto","description":"Toute l&#039;actualit\u00e9 des 2 roues","potentialAction":[{"@type":"SearchAction","target":{"@type":"EntryPoint","urlTemplate":"https:\/\/blogs.thesocialmedia.com\/leblogmoto\/?s={search_term_string}"},"query-input":{"@type":"PropertyValueSpecification","valueRequired":true,"valueName":"search_term_string"}}],"inLanguage":"fr-FR"},{"@type":"Person","@id":"https:\/\/blogs.thesocialmedia.com\/leblogmoto\/#\/schema\/person\/112bf3448e55eeb119f6276bbf85b8e7","name":"daniel bour","image":{"@type":"ImageObject","inLanguage":"fr-FR","@id":"https:\/\/blogs.thesocialmedia.com\/leblogmoto\/#\/schema\/person\/image\/","url":"https:\/\/secure.gravatar.com\/avatar\/?s=96&d=mm&r=g","contentUrl":"https:\/\/secure.gravatar.com\/avatar\/?s=96&d=mm&r=g","caption":"daniel bour"},"url":"https:\/\/blogs.thesocialmedia.com\/leblogmoto\/author\/daniel-bour\/"}]}},"_links":{"self":[{"href":"https:\/\/blogs.thesocialmedia.com\/leblogmoto\/wp-json\/wp\/v2\/posts\/2323","targetHints":{"allow":["GET"]}}],"collection":[{"href":"https:\/\/blogs.thesocialmedia.com\/leblogmoto\/wp-json\/wp\/v2\/posts"}],"about":[{"href":"https:\/\/blogs.thesocialmedia.com\/leblogmoto\/wp-json\/wp\/v2\/types\/post"}],"author":[{"embeddable":true,"href":"https:\/\/blogs.thesocialmedia.com\/leblogmoto\/wp-json\/wp\/v2\/users\/339"}],"replies":[{"embeddable":true,"href":"https:\/\/blogs.thesocialmedia.com\/leblogmoto\/wp-json\/wp\/v2\/comments?post=2323"}],"version-history":[{"count":2,"href":"https:\/\/blogs.thesocialmedia.com\/leblogmoto\/wp-json\/wp\/v2\/posts\/2323\/revisions"}],"predecessor-version":[{"id":6328,"href":"https:\/\/blogs.thesocialmedia.com\/leblogmoto\/wp-json\/wp\/v2\/posts\/2323\/revisions\/6328"}],"wp:attachment":[{"href":"https:\/\/blogs.thesocialmedia.com\/leblogmoto\/wp-json\/wp\/v2\/media?parent=2323"}],"wp:term":[{"taxonomy":"category","embeddable":true,"href":"https:\/\/blogs.thesocialmedia.com\/leblogmoto\/wp-json\/wp\/v2\/categories?post=2323"},{"taxonomy":"post_tag","embeddable":true,"href":"https:\/\/blogs.thesocialmedia.com\/leblogmoto\/wp-json\/wp\/v2\/tags?post=2323"}],"curies":[{"name":"wp","href":"https:\/\/api.w.org\/{rel}","templated":true}]}}