{"id":2326,"date":"2005-10-20T21:41:02","date_gmt":"2005-10-20T21:41:02","guid":{"rendered":"http:\/\/blogs.thesocialmedia.com\/leblogmoto\/2005\/10\/20\/honda-dn01\/"},"modified":"2012-07-11T13:59:46","modified_gmt":"2012-07-11T13:59:46","slug":"honda-dn01","status":"publish","type":"post","link":"https:\/\/blogs.thesocialmedia.com\/leblogmoto\/2005\/10\/20\/honda-dn01\/","title":{"rendered":"Honda DN-01"},"content":{"rendered":"<p><a href=\"http:\/\/blogs.thesocialmedia.com\/leblogmoto\/files\/2012\/07\/honda_dn01_1.jpg\"><img loading=\"lazy\" decoding=\"async\" width=\"250\" height=\"187\"  alt=\"Honda_dn01_1\" src=\"http:\/\/www.leblogmoto.com\/images\/honda_dn01_1.jpg\" style=\"margin: 0px 5px 5px 0px;float: left\" \/><\/a>Au salon de Tokyo, <a href=\"http:\/\/www.leblogmoto.com\/honda\/index.html\">Honda<\/a> l\u00e8ve le voile sur un concept bike dont le march\u00e9 semble prometteur puisqu\u2019il s\u2019agit d\u2019une moto dot\u00e9e d\u2019une transmission automatique. A noter que <a href=\"http:\/\/www.leblogmoto.com\/yamaha\/index.html\">Yamaha<\/a> a d\u00e9j\u00e0 pr\u00e9sent\u00e9 une version automatique de <a href=\"http:\/\/www.leblogmoto.com\/2005\/10\/mondial_2005_ya_4.html\">la FJR 1300 AS<\/a>. Si on observe attentivement la DN-01, on peut y remarquer un savant m\u00e9lange de scooter et de moto. Peu d\u2019information pour le moment si ce n\u2019est une longueur de 2 345 mm, un empattement de 1 100 mm et d\u2019une hauteur de selle de 834 mm. C\u00f4t\u00e9 motorisation, c\u2019est le Twin 680 cm3 de <a href=\"http:\/\/www.leblogmoto.com\/2005\/10\/mondial_2005_ho_2.html\">la nouvelle Deauville<\/a> qui semble \u00eatre de la partie. Pour plus de renseignements, et si vous parlez japonais, allez jeter un \u0153il sur <a href=\"http:\/\/www.honda.co.jp\/motorshow\/motor\/conceptmodel\/DN-01\/index.html\">le site officiel de la DN-01<\/a>.<\/p>\n","protected":false},"excerpt":{"rendered":"<p>Au salon de Tokyo, Honda l\u00e8ve le voile sur un concept bike dont le march\u00e9 semble prometteur puisqu\u2019il s\u2019agit d\u2019une moto dot\u00e9e d\u2019une transmission automatique. A noter que Yamaha a d\u00e9j\u00e0 pr\u00e9sent\u00e9 une version automatique de la FJR 1300 AS. Si on observe attentivement la DN-01, on peut y remarquer un savant m\u00e9lange de scooter [&hellip;]<\/p>\n","protected":false},"author":338,"featured_media":0,"comment_status":"open","ping_status":"open","sticky":false,"template":"","format":"standard","meta":{"footnotes":""},"categories":[33,14,36],"tags":[],"class_list":["post-2326","post","type-post","status-publish","format-standard","hentry","category-concept-bike","category-honda","category-salons"],"yoast_head":"<!-- This site is optimized with the Yoast SEO plugin v26.0 - https:\/\/yoast.com\/wordpress\/plugins\/seo\/ -->\n<title>Honda DN-01 - leblogmoto.com<\/title>\n<meta name=\"robots\" content=\"index, follow, max-snippet:-1, max-image-preview:large, max-video-preview:-1\" \/>\n<link rel=\"canonical\" href=\"https:\/\/blogs.thesocialmedia.com\/leblogmoto\/2005\/10\/20\/honda-dn01\/\" \/>\n<meta name=\"twitter:card\" content=\"summary_large_image\" \/>\n<meta name=\"twitter:title\" content=\"Honda DN-01 - leblogmoto.com\" \/>\n<meta name=\"twitter:description\" content=\"Au salon de Tokyo, Honda l\u00e8ve le voile sur un concept bike dont le march\u00e9 semble prometteur puisqu\u2019il s\u2019agit d\u2019une moto dot\u00e9e d\u2019une transmission automatique. A noter que Yamaha a d\u00e9j\u00e0 pr\u00e9sent\u00e9 une version automatique de la FJR 1300 AS. Si on observe attentivement la DN-01, on peut y remarquer un savant m\u00e9lange de scooter [&hellip;]\" \/>\n<meta name=\"twitter:image\" content=\"http:\/\/www.leblogmoto.com\/images\/honda_dn01_1.jpg\" \/>\n<meta name=\"twitter:label1\" content=\"\u00c9crit par\" \/>\n\t<meta name=\"twitter:data1\" content=\"vincent vaillant\" \/>\n\t<meta name=\"twitter:label2\" content=\"Dur\u00e9e de lecture estim\u00e9e\" \/>\n\t<meta name=\"twitter:data2\" content=\"1 minute\" \/>\n<script type=\"application\/ld+json\" class=\"yoast-schema-graph\">{\"@context\":\"https:\/\/schema.org\",\"@graph\":[{\"@type\":\"WebPage\",\"@id\":\"https:\/\/blogs.thesocialmedia.com\/leblogmoto\/2005\/10\/20\/honda-dn01\/\",\"url\":\"https:\/\/blogs.thesocialmedia.com\/leblogmoto\/2005\/10\/20\/honda-dn01\/\",\"name\":\"Honda DN-01 - leblogmoto.com\",\"isPartOf\":{\"@id\":\"https:\/\/blogs.thesocialmedia.com\/leblogmoto\/#website\"},\"primaryImageOfPage\":{\"@id\":\"https:\/\/blogs.thesocialmedia.com\/leblogmoto\/2005\/10\/20\/honda-dn01\/#primaryimage\"},\"image\":{\"@id\":\"https:\/\/blogs.thesocialmedia.com\/leblogmoto\/2005\/10\/20\/honda-dn01\/#primaryimage\"},\"thumbnailUrl\":\"http:\/\/www.leblogmoto.com\/images\/honda_dn01_1.jpg\",\"datePublished\":\"2005-10-20T21:41:02+00:00\",\"dateModified\":\"2012-07-11T13:59:46+00:00\",\"author\":{\"@id\":\"https:\/\/blogs.thesocialmedia.com\/leblogmoto\/#\/schema\/person\/80d2a078dbdb8b60abbd76bae6011f19\"},\"breadcrumb\":{\"@id\":\"https:\/\/blogs.thesocialmedia.com\/leblogmoto\/2005\/10\/20\/honda-dn01\/#breadcrumb\"},\"inLanguage\":\"fr-FR\",\"potentialAction\":[{\"@type\":\"ReadAction\",\"target\":[\"https:\/\/blogs.thesocialmedia.com\/leblogmoto\/2005\/10\/20\/honda-dn01\/\"]}]},{\"@type\":\"ImageObject\",\"inLanguage\":\"fr-FR\",\"@id\":\"https:\/\/blogs.thesocialmedia.com\/leblogmoto\/2005\/10\/20\/honda-dn01\/#primaryimage\",\"url\":\"http:\/\/www.leblogmoto.com\/images\/honda_dn01_1.jpg\",\"contentUrl\":\"http:\/\/www.leblogmoto.com\/images\/honda_dn01_1.jpg\"},{\"@type\":\"BreadcrumbList\",\"@id\":\"https:\/\/blogs.thesocialmedia.com\/leblogmoto\/2005\/10\/20\/honda-dn01\/#breadcrumb\",\"itemListElement\":[{\"@type\":\"ListItem\",\"position\":1,\"name\":\"Accueil\",\"item\":\"https:\/\/blogs.thesocialmedia.com\/leblogmoto\/\"},{\"@type\":\"ListItem\",\"position\":2,\"name\":\"Honda DN-01\"}]},{\"@type\":\"WebSite\",\"@id\":\"https:\/\/blogs.thesocialmedia.com\/leblogmoto\/#website\",\"url\":\"https:\/\/blogs.thesocialmedia.com\/leblogmoto\/\",\"name\":\"leblogmoto\",\"description\":\"Toute l&#039;actualit\u00e9 des 2 roues\",\"potentialAction\":[{\"@type\":\"SearchAction\",\"target\":{\"@type\":\"EntryPoint\",\"urlTemplate\":\"https:\/\/blogs.thesocialmedia.com\/leblogmoto\/?s={search_term_string}\"},\"query-input\":{\"@type\":\"PropertyValueSpecification\",\"valueRequired\":true,\"valueName\":\"search_term_string\"}}],\"inLanguage\":\"fr-FR\"},{\"@type\":\"Person\",\"@id\":\"https:\/\/blogs.thesocialmedia.com\/leblogmoto\/#\/schema\/person\/80d2a078dbdb8b60abbd76bae6011f19\",\"name\":\"vincent vaillant\",\"image\":{\"@type\":\"ImageObject\",\"inLanguage\":\"fr-FR\",\"@id\":\"https:\/\/blogs.thesocialmedia.com\/leblogmoto\/#\/schema\/person\/image\/\",\"url\":\"https:\/\/secure.gravatar.com\/avatar\/?s=96&d=mm&r=g\",\"contentUrl\":\"https:\/\/secure.gravatar.com\/avatar\/?s=96&d=mm&r=g\",\"caption\":\"vincent vaillant\"},\"url\":\"https:\/\/blogs.thesocialmedia.com\/leblogmoto\/author\/vincent-vaillant\/\"}]}<\/script>\n<!-- \/ Yoast SEO plugin. -->","yoast_head_json":{"title":"Honda DN-01 - leblogmoto.com","robots":{"index":"index","follow":"follow","max-snippet":"max-snippet:-1","max-image-preview":"max-image-preview:large","max-video-preview":"max-video-preview:-1"},"canonical":"https:\/\/blogs.thesocialmedia.com\/leblogmoto\/2005\/10\/20\/honda-dn01\/","twitter_card":"summary_large_image","twitter_title":"Honda DN-01 - leblogmoto.com","twitter_description":"Au salon de Tokyo, Honda l\u00e8ve le voile sur un concept bike dont le march\u00e9 semble prometteur puisqu\u2019il s\u2019agit d\u2019une moto dot\u00e9e d\u2019une transmission automatique. A noter que Yamaha a d\u00e9j\u00e0 pr\u00e9sent\u00e9 une version automatique de la FJR 1300 AS. Si on observe attentivement la DN-01, on peut y remarquer un savant m\u00e9lange de scooter [&hellip;]","twitter_image":"http:\/\/www.leblogmoto.com\/images\/honda_dn01_1.jpg","twitter_misc":{"\u00c9crit par":"vincent vaillant","Dur\u00e9e de lecture estim\u00e9e":"1 minute"},"schema":{"@context":"https:\/\/schema.org","@graph":[{"@type":"WebPage","@id":"https:\/\/blogs.thesocialmedia.com\/leblogmoto\/2005\/10\/20\/honda-dn01\/","url":"https:\/\/blogs.thesocialmedia.com\/leblogmoto\/2005\/10\/20\/honda-dn01\/","name":"Honda DN-01 - leblogmoto.com","isPartOf":{"@id":"https:\/\/blogs.thesocialmedia.com\/leblogmoto\/#website"},"primaryImageOfPage":{"@id":"https:\/\/blogs.thesocialmedia.com\/leblogmoto\/2005\/10\/20\/honda-dn01\/#primaryimage"},"image":{"@id":"https:\/\/blogs.thesocialmedia.com\/leblogmoto\/2005\/10\/20\/honda-dn01\/#primaryimage"},"thumbnailUrl":"http:\/\/www.leblogmoto.com\/images\/honda_dn01_1.jpg","datePublished":"2005-10-20T21:41:02+00:00","dateModified":"2012-07-11T13:59:46+00:00","author":{"@id":"https:\/\/blogs.thesocialmedia.com\/leblogmoto\/#\/schema\/person\/80d2a078dbdb8b60abbd76bae6011f19"},"breadcrumb":{"@id":"https:\/\/blogs.thesocialmedia.com\/leblogmoto\/2005\/10\/20\/honda-dn01\/#breadcrumb"},"inLanguage":"fr-FR","potentialAction":[{"@type":"ReadAction","target":["https:\/\/blogs.thesocialmedia.com\/leblogmoto\/2005\/10\/20\/honda-dn01\/"]}]},{"@type":"ImageObject","inLanguage":"fr-FR","@id":"https:\/\/blogs.thesocialmedia.com\/leblogmoto\/2005\/10\/20\/honda-dn01\/#primaryimage","url":"http:\/\/www.leblogmoto.com\/images\/honda_dn01_1.jpg","contentUrl":"http:\/\/www.leblogmoto.com\/images\/honda_dn01_1.jpg"},{"@type":"BreadcrumbList","@id":"https:\/\/blogs.thesocialmedia.com\/leblogmoto\/2005\/10\/20\/honda-dn01\/#breadcrumb","itemListElement":[{"@type":"ListItem","position":1,"name":"Accueil","item":"https:\/\/blogs.thesocialmedia.com\/leblogmoto\/"},{"@type":"ListItem","position":2,"name":"Honda DN-01"}]},{"@type":"WebSite","@id":"https:\/\/blogs.thesocialmedia.com\/leblogmoto\/#website","url":"https:\/\/blogs.thesocialmedia.com\/leblogmoto\/","name":"leblogmoto","description":"Toute l&#039;actualit\u00e9 des 2 roues","potentialAction":[{"@type":"SearchAction","target":{"@type":"EntryPoint","urlTemplate":"https:\/\/blogs.thesocialmedia.com\/leblogmoto\/?s={search_term_string}"},"query-input":{"@type":"PropertyValueSpecification","valueRequired":true,"valueName":"search_term_string"}}],"inLanguage":"fr-FR"},{"@type":"Person","@id":"https:\/\/blogs.thesocialmedia.com\/leblogmoto\/#\/schema\/person\/80d2a078dbdb8b60abbd76bae6011f19","name":"vincent vaillant","image":{"@type":"ImageObject","inLanguage":"fr-FR","@id":"https:\/\/blogs.thesocialmedia.com\/leblogmoto\/#\/schema\/person\/image\/","url":"https:\/\/secure.gravatar.com\/avatar\/?s=96&d=mm&r=g","contentUrl":"https:\/\/secure.gravatar.com\/avatar\/?s=96&d=mm&r=g","caption":"vincent vaillant"},"url":"https:\/\/blogs.thesocialmedia.com\/leblogmoto\/author\/vincent-vaillant\/"}]}},"_links":{"self":[{"href":"https:\/\/blogs.thesocialmedia.com\/leblogmoto\/wp-json\/wp\/v2\/posts\/2326","targetHints":{"allow":["GET"]}}],"collection":[{"href":"https:\/\/blogs.thesocialmedia.com\/leblogmoto\/wp-json\/wp\/v2\/posts"}],"about":[{"href":"https:\/\/blogs.thesocialmedia.com\/leblogmoto\/wp-json\/wp\/v2\/types\/post"}],"author":[{"embeddable":true,"href":"https:\/\/blogs.thesocialmedia.com\/leblogmoto\/wp-json\/wp\/v2\/users\/338"}],"replies":[{"embeddable":true,"href":"https:\/\/blogs.thesocialmedia.com\/leblogmoto\/wp-json\/wp\/v2\/comments?post=2326"}],"version-history":[{"count":2,"href":"https:\/\/blogs.thesocialmedia.com\/leblogmoto\/wp-json\/wp\/v2\/posts\/2326\/revisions"}],"predecessor-version":[{"id":6312,"href":"https:\/\/blogs.thesocialmedia.com\/leblogmoto\/wp-json\/wp\/v2\/posts\/2326\/revisions\/6312"}],"wp:attachment":[{"href":"https:\/\/blogs.thesocialmedia.com\/leblogmoto\/wp-json\/wp\/v2\/media?parent=2326"}],"wp:term":[{"taxonomy":"category","embeddable":true,"href":"https:\/\/blogs.thesocialmedia.com\/leblogmoto\/wp-json\/wp\/v2\/categories?post=2326"},{"taxonomy":"post_tag","embeddable":true,"href":"https:\/\/blogs.thesocialmedia.com\/leblogmoto\/wp-json\/wp\/v2\/tags?post=2326"}],"curies":[{"name":"wp","href":"https:\/\/api.w.org\/{rel}","templated":true}]}}