{"id":2327,"date":"2005-10-20T21:01:47","date_gmt":"2005-10-20T21:01:47","guid":{"rendered":"http:\/\/blogs.thesocialmedia.com\/leblogmoto\/2005\/10\/20\/remonte-de-file\/"},"modified":"2012-07-11T13:59:45","modified_gmt":"2012-07-11T13:59:45","slug":"remonte-de-file","status":"publish","type":"post","link":"https:\/\/blogs.thesocialmedia.com\/leblogmoto\/2005\/10\/20\/remonte-de-file\/","title":{"rendered":"Remont\u00e9e de file : cacophonie au Mondial du deux-roues !"},"content":{"rendered":"<p><a href=\"http:\/\/blogs.thesocialmedia.com\/leblogmoto\/files\/2012\/07\/priphrique.jpg\"><img loading=\"lazy\" decoding=\"async\" width=\"250\" height=\"167\"  alt=\"Priphrique\" src=\"http:\/\/www.leblogmoto.com\/images\/priphrique.jpg\" style=\"margin: 0px 5px 5px 0px;float: left\" \/><\/a>La remont\u00e9e de file est une pratique accidentog\u00e8ne du fait du comportement suicidaire des motards. C\u2019est en substance ce qu\u2019a d\u00e9clar\u00e9 vendredi 7 octobre au <a href=\"http:\/\/www.leblogmoto.com\/2005\/09\/mondial_du_deux.html\">Mondial du deux-roues<\/a>, R\u00e9my Heitz, d\u00e9l\u00e9gu\u00e9 interminist\u00e9riel \u00e0 la <a href=\"http:\/\/www.leblogmoto.com\/scurit\/index.html\">s\u00e9curit\u00e9<\/a> routi\u00e8re. Selon lui, cette pratique, tol\u00e9r\u00e9e depuis des d\u00e9cennies en r\u00e9gion parisienne et se d\u00e9veloppant en province, est maintenant inacceptable, elle doit cesser, la tol\u00e9rance n\u2019existant pas dans le droit. Pour la FFMC, cette prise de position ne prend pas en compte la r\u00e9alit\u00e9, ni les d\u00e9clarations de la Mairie de Paris, favorable \u00e0 cette pratique. Elle va par ailleurs \u00e0 l\u2019encontre des travaux commenc\u00e9s avec les minist\u00e8res concern\u00e9s, interrompus selon Mr Moto National (cf. Moto Magazine du mois d\u2019octobre) mais qui se poursuivent toujours selon M Heitz. <\/p>\n<p>La FFMC r\u00e9affirme sa volont\u00e9 de voir la remont\u00e9e de file autoris\u00e9e, encadr\u00e9e, et donc enseign\u00e9e. C\u2019est une vraie solution \u00e0 l\u2019am\u00e9lioration de l\u2019accidentologie et \u00e0 la fluidification du trafic en ville. Elle maintient donc sa demande de modification du code de la route et relancera <a href=\"http:\/\/www.leblogmoto.com\/2005\/07\/perben_sattaque.html\">Dominique Perben<\/a>, ministre des transports, d\u00e8s lundi matin sur ce sujet.<\/p>\n<p><strong><u>Source<\/u><\/strong> : <a href=\"http:\/\/www.ffmc.asso.fr\/\">FFMC<\/a> <\/p>\n","protected":false},"excerpt":{"rendered":"<p>La remont\u00e9e de file est une pratique accidentog\u00e8ne du fait du comportement suicidaire des motards. C\u2019est en substance ce qu\u2019a d\u00e9clar\u00e9 vendredi 7 octobre au Mondial du deux-roues, R\u00e9my Heitz, d\u00e9l\u00e9gu\u00e9 interminist\u00e9riel \u00e0 la s\u00e9curit\u00e9 routi\u00e8re. Selon lui, cette pratique, tol\u00e9r\u00e9e depuis des d\u00e9cennies en r\u00e9gion parisienne et se d\u00e9veloppant en province, est maintenant inacceptable, [&hellip;]<\/p>\n","protected":false},"author":338,"featured_media":0,"comment_status":"open","ping_status":"open","sticky":false,"template":"","format":"standard","meta":{"footnotes":""},"categories":[3,27],"tags":[],"class_list":["post-2327","post","type-post","status-publish","format-standard","hentry","category-actualite","category-securite"],"yoast_head":"<!-- This site is optimized with the Yoast SEO plugin v26.0 - https:\/\/yoast.com\/wordpress\/plugins\/seo\/ -->\n<title>Remont\u00e9e de file : cacophonie au Mondial du deux-roues ! - leblogmoto.com<\/title>\n<meta name=\"robots\" content=\"index, follow, max-snippet:-1, max-image-preview:large, max-video-preview:-1\" \/>\n<link rel=\"canonical\" href=\"https:\/\/blogs.thesocialmedia.com\/leblogmoto\/2005\/10\/20\/remonte-de-file\/\" \/>\n<meta name=\"twitter:card\" content=\"summary_large_image\" \/>\n<meta name=\"twitter:title\" content=\"Remont\u00e9e de file : cacophonie au Mondial du deux-roues ! - leblogmoto.com\" \/>\n<meta name=\"twitter:description\" content=\"La remont\u00e9e de file est une pratique accidentog\u00e8ne du fait du comportement suicidaire des motards. C\u2019est en substance ce qu\u2019a d\u00e9clar\u00e9 vendredi 7 octobre au Mondial du deux-roues, R\u00e9my Heitz, d\u00e9l\u00e9gu\u00e9 interminist\u00e9riel \u00e0 la s\u00e9curit\u00e9 routi\u00e8re. Selon lui, cette pratique, tol\u00e9r\u00e9e depuis des d\u00e9cennies en r\u00e9gion parisienne et se d\u00e9veloppant en province, est maintenant inacceptable, [&hellip;]\" \/>\n<meta name=\"twitter:image\" content=\"http:\/\/www.leblogmoto.com\/images\/priphrique.jpg\" \/>\n<meta name=\"twitter:label1\" content=\"\u00c9crit par\" \/>\n\t<meta name=\"twitter:data1\" content=\"vincent vaillant\" \/>\n\t<meta name=\"twitter:label2\" content=\"Dur\u00e9e de lecture estim\u00e9e\" \/>\n\t<meta name=\"twitter:data2\" content=\"1 minute\" \/>\n<script type=\"application\/ld+json\" class=\"yoast-schema-graph\">{\"@context\":\"https:\/\/schema.org\",\"@graph\":[{\"@type\":\"WebPage\",\"@id\":\"https:\/\/blogs.thesocialmedia.com\/leblogmoto\/2005\/10\/20\/remonte-de-file\/\",\"url\":\"https:\/\/blogs.thesocialmedia.com\/leblogmoto\/2005\/10\/20\/remonte-de-file\/\",\"name\":\"Remont\u00e9e de file : cacophonie au Mondial du deux-roues ! - leblogmoto.com\",\"isPartOf\":{\"@id\":\"https:\/\/blogs.thesocialmedia.com\/leblogmoto\/#website\"},\"primaryImageOfPage\":{\"@id\":\"https:\/\/blogs.thesocialmedia.com\/leblogmoto\/2005\/10\/20\/remonte-de-file\/#primaryimage\"},\"image\":{\"@id\":\"https:\/\/blogs.thesocialmedia.com\/leblogmoto\/2005\/10\/20\/remonte-de-file\/#primaryimage\"},\"thumbnailUrl\":\"http:\/\/www.leblogmoto.com\/images\/priphrique.jpg\",\"datePublished\":\"2005-10-20T21:01:47+00:00\",\"dateModified\":\"2012-07-11T13:59:45+00:00\",\"author\":{\"@id\":\"https:\/\/blogs.thesocialmedia.com\/leblogmoto\/#\/schema\/person\/80d2a078dbdb8b60abbd76bae6011f19\"},\"breadcrumb\":{\"@id\":\"https:\/\/blogs.thesocialmedia.com\/leblogmoto\/2005\/10\/20\/remonte-de-file\/#breadcrumb\"},\"inLanguage\":\"fr-FR\",\"potentialAction\":[{\"@type\":\"ReadAction\",\"target\":[\"https:\/\/blogs.thesocialmedia.com\/leblogmoto\/2005\/10\/20\/remonte-de-file\/\"]}]},{\"@type\":\"ImageObject\",\"inLanguage\":\"fr-FR\",\"@id\":\"https:\/\/blogs.thesocialmedia.com\/leblogmoto\/2005\/10\/20\/remonte-de-file\/#primaryimage\",\"url\":\"http:\/\/www.leblogmoto.com\/images\/priphrique.jpg\",\"contentUrl\":\"http:\/\/www.leblogmoto.com\/images\/priphrique.jpg\"},{\"@type\":\"BreadcrumbList\",\"@id\":\"https:\/\/blogs.thesocialmedia.com\/leblogmoto\/2005\/10\/20\/remonte-de-file\/#breadcrumb\",\"itemListElement\":[{\"@type\":\"ListItem\",\"position\":1,\"name\":\"Accueil\",\"item\":\"https:\/\/blogs.thesocialmedia.com\/leblogmoto\/\"},{\"@type\":\"ListItem\",\"position\":2,\"name\":\"Remont\u00e9e de file : cacophonie au Mondial du deux-roues !\"}]},{\"@type\":\"WebSite\",\"@id\":\"https:\/\/blogs.thesocialmedia.com\/leblogmoto\/#website\",\"url\":\"https:\/\/blogs.thesocialmedia.com\/leblogmoto\/\",\"name\":\"leblogmoto\",\"description\":\"Toute l&#039;actualit\u00e9 des 2 roues\",\"potentialAction\":[{\"@type\":\"SearchAction\",\"target\":{\"@type\":\"EntryPoint\",\"urlTemplate\":\"https:\/\/blogs.thesocialmedia.com\/leblogmoto\/?s={search_term_string}\"},\"query-input\":{\"@type\":\"PropertyValueSpecification\",\"valueRequired\":true,\"valueName\":\"search_term_string\"}}],\"inLanguage\":\"fr-FR\"},{\"@type\":\"Person\",\"@id\":\"https:\/\/blogs.thesocialmedia.com\/leblogmoto\/#\/schema\/person\/80d2a078dbdb8b60abbd76bae6011f19\",\"name\":\"vincent vaillant\",\"image\":{\"@type\":\"ImageObject\",\"inLanguage\":\"fr-FR\",\"@id\":\"https:\/\/blogs.thesocialmedia.com\/leblogmoto\/#\/schema\/person\/image\/\",\"url\":\"https:\/\/secure.gravatar.com\/avatar\/?s=96&d=mm&r=g\",\"contentUrl\":\"https:\/\/secure.gravatar.com\/avatar\/?s=96&d=mm&r=g\",\"caption\":\"vincent vaillant\"},\"url\":\"https:\/\/blogs.thesocialmedia.com\/leblogmoto\/author\/vincent-vaillant\/\"}]}<\/script>\n<!-- \/ Yoast SEO plugin. -->","yoast_head_json":{"title":"Remont\u00e9e de file : cacophonie au Mondial du deux-roues ! - leblogmoto.com","robots":{"index":"index","follow":"follow","max-snippet":"max-snippet:-1","max-image-preview":"max-image-preview:large","max-video-preview":"max-video-preview:-1"},"canonical":"https:\/\/blogs.thesocialmedia.com\/leblogmoto\/2005\/10\/20\/remonte-de-file\/","twitter_card":"summary_large_image","twitter_title":"Remont\u00e9e de file : cacophonie au Mondial du deux-roues ! - leblogmoto.com","twitter_description":"La remont\u00e9e de file est une pratique accidentog\u00e8ne du fait du comportement suicidaire des motards. C\u2019est en substance ce qu\u2019a d\u00e9clar\u00e9 vendredi 7 octobre au Mondial du deux-roues, R\u00e9my Heitz, d\u00e9l\u00e9gu\u00e9 interminist\u00e9riel \u00e0 la s\u00e9curit\u00e9 routi\u00e8re. Selon lui, cette pratique, tol\u00e9r\u00e9e depuis des d\u00e9cennies en r\u00e9gion parisienne et se d\u00e9veloppant en province, est maintenant inacceptable, [&hellip;]","twitter_image":"http:\/\/www.leblogmoto.com\/images\/priphrique.jpg","twitter_misc":{"\u00c9crit par":"vincent vaillant","Dur\u00e9e de lecture estim\u00e9e":"1 minute"},"schema":{"@context":"https:\/\/schema.org","@graph":[{"@type":"WebPage","@id":"https:\/\/blogs.thesocialmedia.com\/leblogmoto\/2005\/10\/20\/remonte-de-file\/","url":"https:\/\/blogs.thesocialmedia.com\/leblogmoto\/2005\/10\/20\/remonte-de-file\/","name":"Remont\u00e9e de file : cacophonie au Mondial du deux-roues ! - leblogmoto.com","isPartOf":{"@id":"https:\/\/blogs.thesocialmedia.com\/leblogmoto\/#website"},"primaryImageOfPage":{"@id":"https:\/\/blogs.thesocialmedia.com\/leblogmoto\/2005\/10\/20\/remonte-de-file\/#primaryimage"},"image":{"@id":"https:\/\/blogs.thesocialmedia.com\/leblogmoto\/2005\/10\/20\/remonte-de-file\/#primaryimage"},"thumbnailUrl":"http:\/\/www.leblogmoto.com\/images\/priphrique.jpg","datePublished":"2005-10-20T21:01:47+00:00","dateModified":"2012-07-11T13:59:45+00:00","author":{"@id":"https:\/\/blogs.thesocialmedia.com\/leblogmoto\/#\/schema\/person\/80d2a078dbdb8b60abbd76bae6011f19"},"breadcrumb":{"@id":"https:\/\/blogs.thesocialmedia.com\/leblogmoto\/2005\/10\/20\/remonte-de-file\/#breadcrumb"},"inLanguage":"fr-FR","potentialAction":[{"@type":"ReadAction","target":["https:\/\/blogs.thesocialmedia.com\/leblogmoto\/2005\/10\/20\/remonte-de-file\/"]}]},{"@type":"ImageObject","inLanguage":"fr-FR","@id":"https:\/\/blogs.thesocialmedia.com\/leblogmoto\/2005\/10\/20\/remonte-de-file\/#primaryimage","url":"http:\/\/www.leblogmoto.com\/images\/priphrique.jpg","contentUrl":"http:\/\/www.leblogmoto.com\/images\/priphrique.jpg"},{"@type":"BreadcrumbList","@id":"https:\/\/blogs.thesocialmedia.com\/leblogmoto\/2005\/10\/20\/remonte-de-file\/#breadcrumb","itemListElement":[{"@type":"ListItem","position":1,"name":"Accueil","item":"https:\/\/blogs.thesocialmedia.com\/leblogmoto\/"},{"@type":"ListItem","position":2,"name":"Remont\u00e9e de file : cacophonie au Mondial du deux-roues !"}]},{"@type":"WebSite","@id":"https:\/\/blogs.thesocialmedia.com\/leblogmoto\/#website","url":"https:\/\/blogs.thesocialmedia.com\/leblogmoto\/","name":"leblogmoto","description":"Toute l&#039;actualit\u00e9 des 2 roues","potentialAction":[{"@type":"SearchAction","target":{"@type":"EntryPoint","urlTemplate":"https:\/\/blogs.thesocialmedia.com\/leblogmoto\/?s={search_term_string}"},"query-input":{"@type":"PropertyValueSpecification","valueRequired":true,"valueName":"search_term_string"}}],"inLanguage":"fr-FR"},{"@type":"Person","@id":"https:\/\/blogs.thesocialmedia.com\/leblogmoto\/#\/schema\/person\/80d2a078dbdb8b60abbd76bae6011f19","name":"vincent vaillant","image":{"@type":"ImageObject","inLanguage":"fr-FR","@id":"https:\/\/blogs.thesocialmedia.com\/leblogmoto\/#\/schema\/person\/image\/","url":"https:\/\/secure.gravatar.com\/avatar\/?s=96&d=mm&r=g","contentUrl":"https:\/\/secure.gravatar.com\/avatar\/?s=96&d=mm&r=g","caption":"vincent vaillant"},"url":"https:\/\/blogs.thesocialmedia.com\/leblogmoto\/author\/vincent-vaillant\/"}]}},"_links":{"self":[{"href":"https:\/\/blogs.thesocialmedia.com\/leblogmoto\/wp-json\/wp\/v2\/posts\/2327","targetHints":{"allow":["GET"]}}],"collection":[{"href":"https:\/\/blogs.thesocialmedia.com\/leblogmoto\/wp-json\/wp\/v2\/posts"}],"about":[{"href":"https:\/\/blogs.thesocialmedia.com\/leblogmoto\/wp-json\/wp\/v2\/types\/post"}],"author":[{"embeddable":true,"href":"https:\/\/blogs.thesocialmedia.com\/leblogmoto\/wp-json\/wp\/v2\/users\/338"}],"replies":[{"embeddable":true,"href":"https:\/\/blogs.thesocialmedia.com\/leblogmoto\/wp-json\/wp\/v2\/comments?post=2327"}],"version-history":[{"count":2,"href":"https:\/\/blogs.thesocialmedia.com\/leblogmoto\/wp-json\/wp\/v2\/posts\/2327\/revisions"}],"predecessor-version":[{"id":6310,"href":"https:\/\/blogs.thesocialmedia.com\/leblogmoto\/wp-json\/wp\/v2\/posts\/2327\/revisions\/6310"}],"wp:attachment":[{"href":"https:\/\/blogs.thesocialmedia.com\/leblogmoto\/wp-json\/wp\/v2\/media?parent=2327"}],"wp:term":[{"taxonomy":"category","embeddable":true,"href":"https:\/\/blogs.thesocialmedia.com\/leblogmoto\/wp-json\/wp\/v2\/categories?post=2327"},{"taxonomy":"post_tag","embeddable":true,"href":"https:\/\/blogs.thesocialmedia.com\/leblogmoto\/wp-json\/wp\/v2\/tags?post=2327"}],"curies":[{"name":"wp","href":"https:\/\/api.w.org\/{rel}","templated":true}]}}