{"id":2328,"date":"2005-10-20T20:39:01","date_gmt":"2005-10-20T20:39:01","guid":{"rendered":"http:\/\/blogs.thesocialmedia.com\/leblogmoto\/2005\/10\/20\/la-vitesse-bais\/"},"modified":"2012-07-11T13:59:41","modified_gmt":"2012-07-11T13:59:41","slug":"la-vitesse-bais","status":"publish","type":"post","link":"https:\/\/blogs.thesocialmedia.com\/leblogmoto\/2005\/10\/20\/la-vitesse-bais\/","title":{"rendered":"La vitesse baisse, sauf pour les motos\u2026"},"content":{"rendered":"<p><a href=\"http:\/\/blogs.thesocialmedia.com\/leblogmoto\/files\/2012\/07\/vitesse_moto.jpg\"><img loading=\"lazy\" decoding=\"async\" width=\"250\" height=\"114\"  alt=\"Vitesse_moto\" src=\"http:\/\/www.leblogmoto.com\/images\/vitesse_moto.JPG\" style=\"margin: 0px 5px 5px 0px;float: left\" \/><\/a>Tous les quatre mois, l\u2019Observatoire national interminist\u00e9riel de s\u00e9curit\u00e9 routi\u00e8re publie un Observatoire des <a href=\"http:\/\/www.leblogmoto.com\/2005\/09\/scurit_exemple_.html\">vitesses<\/a> qui rassemble les donn\u00e9es de synth\u00e8se concernant les vitesses et les infractions \u00e0 la vitesse constat\u00e9es. Au second quadrimestre 2005, les taux de d\u00e9passement des vitesses limites des voitures de tourisme et des poids lourds ont encore baiss\u00e9 et sont pass\u00e9s sous les 15 %. <u>En revanche, les taux de d\u00e9passement des vitesses limites des motos sont en l\u00e9g\u00e8re hausse, au dessus de 40 %<\/u>. Les vitesses continuent leur baisse sur tous les types de r\u00e9seaux, except\u00e9es les routes nationales et les art\u00e8res en agglom\u00e9ration, qui restent pratiquement stables par rapport au quadrimestre pr\u00e9c\u00e9dent.<\/p>\n<p>L\u2019\u00e9volution globalement favorable des vitesses moyennes, est encore plus nette sur les grands exc\u00e8s de vitesse de plus de 30 km\/h qui sont pass\u00e9 en dessous de 1 % alors qu\u2019ils \u00e9taient de 5 % il y a moins de quatre ans. En ce qui concerne l\u2019activit\u00e9 de contr\u00f4le, on note la forte croissance des contr\u00f4les avec les radars mobiles automatiques (reli\u00e9s au Centre de traitement de Rennes) qui repr\u00e9sentent maintenant l\u2019\u00e9quivalent de 85 % de l\u2019activit\u00e9 du contr\u00f4le traditionnel trait\u00e9 localement par les forces de l\u2019ordre. <\/p>\n<p><a href=\"http:\/\/www.securiteroutiere.gouv.fr\/IMG\/pdf\/observatoire_vitesse.pdf\">Lire le communiqu\u00e9 int\u00e9gral<\/a><\/p>\n<p><strong><u>Source<\/u><\/strong> : Observatoire des vitesses &#8211; second quadrimestre 2005 &#8211;&nbsp; N\u00b010 corrig\u00e9 14 octobre 05<\/p>\n","protected":false},"excerpt":{"rendered":"<p>Tous les quatre mois, l\u2019Observatoire national interminist\u00e9riel de s\u00e9curit\u00e9 routi\u00e8re publie un Observatoire des vitesses qui rassemble les donn\u00e9es de synth\u00e8se concernant les vitesses et les infractions \u00e0 la vitesse constat\u00e9es. Au second quadrimestre 2005, les taux de d\u00e9passement des vitesses limites des voitures de tourisme et des poids lourds ont encore baiss\u00e9 et sont [&hellip;]<\/p>\n","protected":false},"author":338,"featured_media":0,"comment_status":"open","ping_status":"open","sticky":false,"template":"","format":"standard","meta":{"footnotes":""},"categories":[3,27],"tags":[],"class_list":["post-2328","post","type-post","status-publish","format-standard","hentry","category-actualite","category-securite"],"yoast_head":"<!-- This site is optimized with the Yoast SEO plugin v26.0 - https:\/\/yoast.com\/wordpress\/plugins\/seo\/ -->\n<title>La vitesse baisse, sauf pour les motos\u2026 - leblogmoto.com<\/title>\n<meta name=\"robots\" content=\"index, follow, max-snippet:-1, max-image-preview:large, max-video-preview:-1\" \/>\n<link rel=\"canonical\" href=\"https:\/\/blogs.thesocialmedia.com\/leblogmoto\/2005\/10\/20\/la-vitesse-bais\/\" \/>\n<meta name=\"twitter:card\" content=\"summary_large_image\" \/>\n<meta name=\"twitter:title\" content=\"La vitesse baisse, sauf pour les motos\u2026 - leblogmoto.com\" \/>\n<meta name=\"twitter:description\" content=\"Tous les quatre mois, l\u2019Observatoire national interminist\u00e9riel de s\u00e9curit\u00e9 routi\u00e8re publie un Observatoire des vitesses qui rassemble les donn\u00e9es de synth\u00e8se concernant les vitesses et les infractions \u00e0 la vitesse constat\u00e9es. Au second quadrimestre 2005, les taux de d\u00e9passement des vitesses limites des voitures de tourisme et des poids lourds ont encore baiss\u00e9 et sont [&hellip;]\" \/>\n<meta name=\"twitter:image\" content=\"http:\/\/www.leblogmoto.com\/images\/vitesse_moto.JPG\" \/>\n<meta name=\"twitter:label1\" content=\"\u00c9crit par\" \/>\n\t<meta name=\"twitter:data1\" content=\"vincent vaillant\" \/>\n\t<meta name=\"twitter:label2\" content=\"Dur\u00e9e de lecture estim\u00e9e\" \/>\n\t<meta name=\"twitter:data2\" content=\"1 minute\" \/>\n<script type=\"application\/ld+json\" class=\"yoast-schema-graph\">{\"@context\":\"https:\/\/schema.org\",\"@graph\":[{\"@type\":\"WebPage\",\"@id\":\"https:\/\/blogs.thesocialmedia.com\/leblogmoto\/2005\/10\/20\/la-vitesse-bais\/\",\"url\":\"https:\/\/blogs.thesocialmedia.com\/leblogmoto\/2005\/10\/20\/la-vitesse-bais\/\",\"name\":\"La vitesse baisse, sauf pour les motos\u2026 - leblogmoto.com\",\"isPartOf\":{\"@id\":\"https:\/\/blogs.thesocialmedia.com\/leblogmoto\/#website\"},\"primaryImageOfPage\":{\"@id\":\"https:\/\/blogs.thesocialmedia.com\/leblogmoto\/2005\/10\/20\/la-vitesse-bais\/#primaryimage\"},\"image\":{\"@id\":\"https:\/\/blogs.thesocialmedia.com\/leblogmoto\/2005\/10\/20\/la-vitesse-bais\/#primaryimage\"},\"thumbnailUrl\":\"http:\/\/www.leblogmoto.com\/images\/vitesse_moto.JPG\",\"datePublished\":\"2005-10-20T20:39:01+00:00\",\"dateModified\":\"2012-07-11T13:59:41+00:00\",\"author\":{\"@id\":\"https:\/\/blogs.thesocialmedia.com\/leblogmoto\/#\/schema\/person\/80d2a078dbdb8b60abbd76bae6011f19\"},\"breadcrumb\":{\"@id\":\"https:\/\/blogs.thesocialmedia.com\/leblogmoto\/2005\/10\/20\/la-vitesse-bais\/#breadcrumb\"},\"inLanguage\":\"fr-FR\",\"potentialAction\":[{\"@type\":\"ReadAction\",\"target\":[\"https:\/\/blogs.thesocialmedia.com\/leblogmoto\/2005\/10\/20\/la-vitesse-bais\/\"]}]},{\"@type\":\"ImageObject\",\"inLanguage\":\"fr-FR\",\"@id\":\"https:\/\/blogs.thesocialmedia.com\/leblogmoto\/2005\/10\/20\/la-vitesse-bais\/#primaryimage\",\"url\":\"http:\/\/www.leblogmoto.com\/images\/vitesse_moto.JPG\",\"contentUrl\":\"http:\/\/www.leblogmoto.com\/images\/vitesse_moto.JPG\"},{\"@type\":\"BreadcrumbList\",\"@id\":\"https:\/\/blogs.thesocialmedia.com\/leblogmoto\/2005\/10\/20\/la-vitesse-bais\/#breadcrumb\",\"itemListElement\":[{\"@type\":\"ListItem\",\"position\":1,\"name\":\"Accueil\",\"item\":\"https:\/\/blogs.thesocialmedia.com\/leblogmoto\/\"},{\"@type\":\"ListItem\",\"position\":2,\"name\":\"La vitesse baisse, sauf pour les motos\u2026\"}]},{\"@type\":\"WebSite\",\"@id\":\"https:\/\/blogs.thesocialmedia.com\/leblogmoto\/#website\",\"url\":\"https:\/\/blogs.thesocialmedia.com\/leblogmoto\/\",\"name\":\"leblogmoto\",\"description\":\"Toute l&#039;actualit\u00e9 des 2 roues\",\"potentialAction\":[{\"@type\":\"SearchAction\",\"target\":{\"@type\":\"EntryPoint\",\"urlTemplate\":\"https:\/\/blogs.thesocialmedia.com\/leblogmoto\/?s={search_term_string}\"},\"query-input\":{\"@type\":\"PropertyValueSpecification\",\"valueRequired\":true,\"valueName\":\"search_term_string\"}}],\"inLanguage\":\"fr-FR\"},{\"@type\":\"Person\",\"@id\":\"https:\/\/blogs.thesocialmedia.com\/leblogmoto\/#\/schema\/person\/80d2a078dbdb8b60abbd76bae6011f19\",\"name\":\"vincent vaillant\",\"image\":{\"@type\":\"ImageObject\",\"inLanguage\":\"fr-FR\",\"@id\":\"https:\/\/blogs.thesocialmedia.com\/leblogmoto\/#\/schema\/person\/image\/\",\"url\":\"https:\/\/secure.gravatar.com\/avatar\/?s=96&d=mm&r=g\",\"contentUrl\":\"https:\/\/secure.gravatar.com\/avatar\/?s=96&d=mm&r=g\",\"caption\":\"vincent vaillant\"},\"url\":\"https:\/\/blogs.thesocialmedia.com\/leblogmoto\/author\/vincent-vaillant\/\"}]}<\/script>\n<!-- \/ Yoast SEO plugin. -->","yoast_head_json":{"title":"La vitesse baisse, sauf pour les motos\u2026 - leblogmoto.com","robots":{"index":"index","follow":"follow","max-snippet":"max-snippet:-1","max-image-preview":"max-image-preview:large","max-video-preview":"max-video-preview:-1"},"canonical":"https:\/\/blogs.thesocialmedia.com\/leblogmoto\/2005\/10\/20\/la-vitesse-bais\/","twitter_card":"summary_large_image","twitter_title":"La vitesse baisse, sauf pour les motos\u2026 - leblogmoto.com","twitter_description":"Tous les quatre mois, l\u2019Observatoire national interminist\u00e9riel de s\u00e9curit\u00e9 routi\u00e8re publie un Observatoire des vitesses qui rassemble les donn\u00e9es de synth\u00e8se concernant les vitesses et les infractions \u00e0 la vitesse constat\u00e9es. Au second quadrimestre 2005, les taux de d\u00e9passement des vitesses limites des voitures de tourisme et des poids lourds ont encore baiss\u00e9 et sont [&hellip;]","twitter_image":"http:\/\/www.leblogmoto.com\/images\/vitesse_moto.JPG","twitter_misc":{"\u00c9crit par":"vincent vaillant","Dur\u00e9e de lecture estim\u00e9e":"1 minute"},"schema":{"@context":"https:\/\/schema.org","@graph":[{"@type":"WebPage","@id":"https:\/\/blogs.thesocialmedia.com\/leblogmoto\/2005\/10\/20\/la-vitesse-bais\/","url":"https:\/\/blogs.thesocialmedia.com\/leblogmoto\/2005\/10\/20\/la-vitesse-bais\/","name":"La vitesse baisse, sauf pour les motos\u2026 - leblogmoto.com","isPartOf":{"@id":"https:\/\/blogs.thesocialmedia.com\/leblogmoto\/#website"},"primaryImageOfPage":{"@id":"https:\/\/blogs.thesocialmedia.com\/leblogmoto\/2005\/10\/20\/la-vitesse-bais\/#primaryimage"},"image":{"@id":"https:\/\/blogs.thesocialmedia.com\/leblogmoto\/2005\/10\/20\/la-vitesse-bais\/#primaryimage"},"thumbnailUrl":"http:\/\/www.leblogmoto.com\/images\/vitesse_moto.JPG","datePublished":"2005-10-20T20:39:01+00:00","dateModified":"2012-07-11T13:59:41+00:00","author":{"@id":"https:\/\/blogs.thesocialmedia.com\/leblogmoto\/#\/schema\/person\/80d2a078dbdb8b60abbd76bae6011f19"},"breadcrumb":{"@id":"https:\/\/blogs.thesocialmedia.com\/leblogmoto\/2005\/10\/20\/la-vitesse-bais\/#breadcrumb"},"inLanguage":"fr-FR","potentialAction":[{"@type":"ReadAction","target":["https:\/\/blogs.thesocialmedia.com\/leblogmoto\/2005\/10\/20\/la-vitesse-bais\/"]}]},{"@type":"ImageObject","inLanguage":"fr-FR","@id":"https:\/\/blogs.thesocialmedia.com\/leblogmoto\/2005\/10\/20\/la-vitesse-bais\/#primaryimage","url":"http:\/\/www.leblogmoto.com\/images\/vitesse_moto.JPG","contentUrl":"http:\/\/www.leblogmoto.com\/images\/vitesse_moto.JPG"},{"@type":"BreadcrumbList","@id":"https:\/\/blogs.thesocialmedia.com\/leblogmoto\/2005\/10\/20\/la-vitesse-bais\/#breadcrumb","itemListElement":[{"@type":"ListItem","position":1,"name":"Accueil","item":"https:\/\/blogs.thesocialmedia.com\/leblogmoto\/"},{"@type":"ListItem","position":2,"name":"La vitesse baisse, sauf pour les motos\u2026"}]},{"@type":"WebSite","@id":"https:\/\/blogs.thesocialmedia.com\/leblogmoto\/#website","url":"https:\/\/blogs.thesocialmedia.com\/leblogmoto\/","name":"leblogmoto","description":"Toute l&#039;actualit\u00e9 des 2 roues","potentialAction":[{"@type":"SearchAction","target":{"@type":"EntryPoint","urlTemplate":"https:\/\/blogs.thesocialmedia.com\/leblogmoto\/?s={search_term_string}"},"query-input":{"@type":"PropertyValueSpecification","valueRequired":true,"valueName":"search_term_string"}}],"inLanguage":"fr-FR"},{"@type":"Person","@id":"https:\/\/blogs.thesocialmedia.com\/leblogmoto\/#\/schema\/person\/80d2a078dbdb8b60abbd76bae6011f19","name":"vincent vaillant","image":{"@type":"ImageObject","inLanguage":"fr-FR","@id":"https:\/\/blogs.thesocialmedia.com\/leblogmoto\/#\/schema\/person\/image\/","url":"https:\/\/secure.gravatar.com\/avatar\/?s=96&d=mm&r=g","contentUrl":"https:\/\/secure.gravatar.com\/avatar\/?s=96&d=mm&r=g","caption":"vincent vaillant"},"url":"https:\/\/blogs.thesocialmedia.com\/leblogmoto\/author\/vincent-vaillant\/"}]}},"_links":{"self":[{"href":"https:\/\/blogs.thesocialmedia.com\/leblogmoto\/wp-json\/wp\/v2\/posts\/2328","targetHints":{"allow":["GET"]}}],"collection":[{"href":"https:\/\/blogs.thesocialmedia.com\/leblogmoto\/wp-json\/wp\/v2\/posts"}],"about":[{"href":"https:\/\/blogs.thesocialmedia.com\/leblogmoto\/wp-json\/wp\/v2\/types\/post"}],"author":[{"embeddable":true,"href":"https:\/\/blogs.thesocialmedia.com\/leblogmoto\/wp-json\/wp\/v2\/users\/338"}],"replies":[{"embeddable":true,"href":"https:\/\/blogs.thesocialmedia.com\/leblogmoto\/wp-json\/wp\/v2\/comments?post=2328"}],"version-history":[{"count":2,"href":"https:\/\/blogs.thesocialmedia.com\/leblogmoto\/wp-json\/wp\/v2\/posts\/2328\/revisions"}],"predecessor-version":[{"id":6308,"href":"https:\/\/blogs.thesocialmedia.com\/leblogmoto\/wp-json\/wp\/v2\/posts\/2328\/revisions\/6308"}],"wp:attachment":[{"href":"https:\/\/blogs.thesocialmedia.com\/leblogmoto\/wp-json\/wp\/v2\/media?parent=2328"}],"wp:term":[{"taxonomy":"category","embeddable":true,"href":"https:\/\/blogs.thesocialmedia.com\/leblogmoto\/wp-json\/wp\/v2\/categories?post=2328"},{"taxonomy":"post_tag","embeddable":true,"href":"https:\/\/blogs.thesocialmedia.com\/leblogmoto\/wp-json\/wp\/v2\/tags?post=2328"}],"curies":[{"name":"wp","href":"https:\/\/api.w.org\/{rel}","templated":true}]}}