{"id":2329,"date":"2005-10-20T15:08:52","date_gmt":"2005-10-20T15:08:52","guid":{"rendered":"http:\/\/blogs.thesocialmedia.com\/leblogmoto\/2005\/10\/20\/honda-fte-sa-60\/"},"modified":"2012-07-11T13:59:40","modified_gmt":"2012-07-11T13:59:40","slug":"honda-fte-sa-60","status":"publish","type":"post","link":"https:\/\/blogs.thesocialmedia.com\/leblogmoto\/2005\/10\/20\/honda-fte-sa-60\/","title":{"rendered":"Honda f\u00eate sa 600\u00e8me victoire en grand prix"},"content":{"rendered":"<p><a href=\"http:\/\/blogs.thesocialmedia.com\/leblogmoto\/files\/2012\/07\/honda_logo.jpg\"><img decoding=\"async\"  src=\"http:\/\/www.leblogmoto.com\/images\/honda_logo.jpg\" alt=\"Honda_logo\" style=\"margin: 0px 5px 5px 0px;float: left;width: 158px;height: 127px\" \/><\/a>Gr\u00e2ce aux victoires respectives de Dani Pedrosa en 250 cm3 et de Thomas L\u00fcthi en 125 cm3 lors du <a href=\"http:\/\/www.leblogmoto.com\/2005\/10\/motogp_rossi_ex.html\">grand prix d\u2019Australie \u00e0 Philip Island<\/a>, <a href=\"http:\/\/www.leblogmoto.com\/honda\/index.html\">Honda<\/a> vient de signer sa 600\u00e8me victoire depuis la premi\u00e8re qui remonte \u00e0 1961. La palmar\u00e8s du constructeur japonnais est \u00e9loquent puisqu\u2019il compte pas moins de 194 victoires en 500\/MotoGP, 196 en 250 cm3, 162 en 125 cm3 et 48 victoires dans les anciennes formules 350 cm3\/80 cm3\/50 cm3. Le Directeur du HRC (Honda Racing Corporation), Suguru Kanazawa, se f\u00e9licite de cet exploit : \u00ab<em>C\u2019est un grand jour pour Honda et pour le HRC. Atteindre le cap des 600 victoires en Grand Prix souligne l\u2019implication de Honda, son excellence en R&amp;D, dans le Championnat du Monde le plus disput\u00e9. C\u2019est cette approche qui a permis \u00e0 Honda de d\u00e9crocher sa premi\u00e8re victoire en 1961 et d\u2019en arriver \u00e0 la 600\u00e8 45 ans plus tard.<\/em>\u00bb<\/p>\n","protected":false},"excerpt":{"rendered":"<p>Gr\u00e2ce aux victoires respectives de Dani Pedrosa en 250 cm3 et de Thomas L\u00fcthi en 125 cm3 lors du grand prix d\u2019Australie \u00e0 Philip Island, Honda vient de signer sa 600\u00e8me victoire depuis la premi\u00e8re qui remonte \u00e0 1961. La palmar\u00e8s du constructeur japonnais est \u00e9loquent puisqu\u2019il compte pas moins de 194 victoires en 500\/MotoGP, [&hellip;]<\/p>\n","protected":false},"author":338,"featured_media":0,"comment_status":"open","ping_status":"open","sticky":false,"template":"","format":"standard","meta":{"footnotes":""},"categories":[49,14,32],"tags":[],"class_list":["post-2329","post","type-post","status-publish","format-standard","hentry","category-actualites-entreprise","category-honda","category-sport-moto"],"yoast_head":"<!-- This site is optimized with the Yoast SEO plugin v26.0 - https:\/\/yoast.com\/wordpress\/plugins\/seo\/ -->\n<title>Honda f\u00eate sa 600\u00e8me victoire en grand prix - leblogmoto.com<\/title>\n<meta name=\"robots\" content=\"index, follow, max-snippet:-1, max-image-preview:large, max-video-preview:-1\" \/>\n<link rel=\"canonical\" href=\"https:\/\/blogs.thesocialmedia.com\/leblogmoto\/2005\/10\/20\/honda-fte-sa-60\/\" \/>\n<meta name=\"twitter:card\" content=\"summary_large_image\" \/>\n<meta name=\"twitter:title\" content=\"Honda f\u00eate sa 600\u00e8me victoire en grand prix - leblogmoto.com\" \/>\n<meta name=\"twitter:description\" content=\"Gr\u00e2ce aux victoires respectives de Dani Pedrosa en 250 cm3 et de Thomas L\u00fcthi en 125 cm3 lors du grand prix d\u2019Australie \u00e0 Philip Island, Honda vient de signer sa 600\u00e8me victoire depuis la premi\u00e8re qui remonte \u00e0 1961. La palmar\u00e8s du constructeur japonnais est \u00e9loquent puisqu\u2019il compte pas moins de 194 victoires en 500\/MotoGP, [&hellip;]\" \/>\n<meta name=\"twitter:image\" content=\"http:\/\/www.leblogmoto.com\/images\/honda_logo.jpg\" \/>\n<meta name=\"twitter:label1\" content=\"\u00c9crit par\" \/>\n\t<meta name=\"twitter:data1\" content=\"vincent vaillant\" \/>\n\t<meta name=\"twitter:label2\" content=\"Dur\u00e9e de lecture estim\u00e9e\" \/>\n\t<meta name=\"twitter:data2\" content=\"1 minute\" \/>\n<script type=\"application\/ld+json\" class=\"yoast-schema-graph\">{\"@context\":\"https:\/\/schema.org\",\"@graph\":[{\"@type\":\"WebPage\",\"@id\":\"https:\/\/blogs.thesocialmedia.com\/leblogmoto\/2005\/10\/20\/honda-fte-sa-60\/\",\"url\":\"https:\/\/blogs.thesocialmedia.com\/leblogmoto\/2005\/10\/20\/honda-fte-sa-60\/\",\"name\":\"Honda f\u00eate sa 600\u00e8me victoire en grand prix - leblogmoto.com\",\"isPartOf\":{\"@id\":\"https:\/\/blogs.thesocialmedia.com\/leblogmoto\/#website\"},\"primaryImageOfPage\":{\"@id\":\"https:\/\/blogs.thesocialmedia.com\/leblogmoto\/2005\/10\/20\/honda-fte-sa-60\/#primaryimage\"},\"image\":{\"@id\":\"https:\/\/blogs.thesocialmedia.com\/leblogmoto\/2005\/10\/20\/honda-fte-sa-60\/#primaryimage\"},\"thumbnailUrl\":\"http:\/\/www.leblogmoto.com\/images\/honda_logo.jpg\",\"datePublished\":\"2005-10-20T15:08:52+00:00\",\"dateModified\":\"2012-07-11T13:59:40+00:00\",\"author\":{\"@id\":\"https:\/\/blogs.thesocialmedia.com\/leblogmoto\/#\/schema\/person\/80d2a078dbdb8b60abbd76bae6011f19\"},\"breadcrumb\":{\"@id\":\"https:\/\/blogs.thesocialmedia.com\/leblogmoto\/2005\/10\/20\/honda-fte-sa-60\/#breadcrumb\"},\"inLanguage\":\"fr-FR\",\"potentialAction\":[{\"@type\":\"ReadAction\",\"target\":[\"https:\/\/blogs.thesocialmedia.com\/leblogmoto\/2005\/10\/20\/honda-fte-sa-60\/\"]}]},{\"@type\":\"ImageObject\",\"inLanguage\":\"fr-FR\",\"@id\":\"https:\/\/blogs.thesocialmedia.com\/leblogmoto\/2005\/10\/20\/honda-fte-sa-60\/#primaryimage\",\"url\":\"http:\/\/www.leblogmoto.com\/images\/honda_logo.jpg\",\"contentUrl\":\"http:\/\/www.leblogmoto.com\/images\/honda_logo.jpg\"},{\"@type\":\"BreadcrumbList\",\"@id\":\"https:\/\/blogs.thesocialmedia.com\/leblogmoto\/2005\/10\/20\/honda-fte-sa-60\/#breadcrumb\",\"itemListElement\":[{\"@type\":\"ListItem\",\"position\":1,\"name\":\"Accueil\",\"item\":\"https:\/\/blogs.thesocialmedia.com\/leblogmoto\/\"},{\"@type\":\"ListItem\",\"position\":2,\"name\":\"Honda f\u00eate sa 600\u00e8me victoire en grand prix\"}]},{\"@type\":\"WebSite\",\"@id\":\"https:\/\/blogs.thesocialmedia.com\/leblogmoto\/#website\",\"url\":\"https:\/\/blogs.thesocialmedia.com\/leblogmoto\/\",\"name\":\"leblogmoto\",\"description\":\"Toute l&#039;actualit\u00e9 des 2 roues\",\"potentialAction\":[{\"@type\":\"SearchAction\",\"target\":{\"@type\":\"EntryPoint\",\"urlTemplate\":\"https:\/\/blogs.thesocialmedia.com\/leblogmoto\/?s={search_term_string}\"},\"query-input\":{\"@type\":\"PropertyValueSpecification\",\"valueRequired\":true,\"valueName\":\"search_term_string\"}}],\"inLanguage\":\"fr-FR\"},{\"@type\":\"Person\",\"@id\":\"https:\/\/blogs.thesocialmedia.com\/leblogmoto\/#\/schema\/person\/80d2a078dbdb8b60abbd76bae6011f19\",\"name\":\"vincent vaillant\",\"image\":{\"@type\":\"ImageObject\",\"inLanguage\":\"fr-FR\",\"@id\":\"https:\/\/blogs.thesocialmedia.com\/leblogmoto\/#\/schema\/person\/image\/\",\"url\":\"https:\/\/secure.gravatar.com\/avatar\/?s=96&d=mm&r=g\",\"contentUrl\":\"https:\/\/secure.gravatar.com\/avatar\/?s=96&d=mm&r=g\",\"caption\":\"vincent vaillant\"},\"url\":\"https:\/\/blogs.thesocialmedia.com\/leblogmoto\/author\/vincent-vaillant\/\"}]}<\/script>\n<!-- \/ Yoast SEO plugin. -->","yoast_head_json":{"title":"Honda f\u00eate sa 600\u00e8me victoire en grand prix - leblogmoto.com","robots":{"index":"index","follow":"follow","max-snippet":"max-snippet:-1","max-image-preview":"max-image-preview:large","max-video-preview":"max-video-preview:-1"},"canonical":"https:\/\/blogs.thesocialmedia.com\/leblogmoto\/2005\/10\/20\/honda-fte-sa-60\/","twitter_card":"summary_large_image","twitter_title":"Honda f\u00eate sa 600\u00e8me victoire en grand prix - leblogmoto.com","twitter_description":"Gr\u00e2ce aux victoires respectives de Dani Pedrosa en 250 cm3 et de Thomas L\u00fcthi en 125 cm3 lors du grand prix d\u2019Australie \u00e0 Philip Island, Honda vient de signer sa 600\u00e8me victoire depuis la premi\u00e8re qui remonte \u00e0 1961. La palmar\u00e8s du constructeur japonnais est \u00e9loquent puisqu\u2019il compte pas moins de 194 victoires en 500\/MotoGP, [&hellip;]","twitter_image":"http:\/\/www.leblogmoto.com\/images\/honda_logo.jpg","twitter_misc":{"\u00c9crit par":"vincent vaillant","Dur\u00e9e de lecture estim\u00e9e":"1 minute"},"schema":{"@context":"https:\/\/schema.org","@graph":[{"@type":"WebPage","@id":"https:\/\/blogs.thesocialmedia.com\/leblogmoto\/2005\/10\/20\/honda-fte-sa-60\/","url":"https:\/\/blogs.thesocialmedia.com\/leblogmoto\/2005\/10\/20\/honda-fte-sa-60\/","name":"Honda f\u00eate sa 600\u00e8me victoire en grand prix - leblogmoto.com","isPartOf":{"@id":"https:\/\/blogs.thesocialmedia.com\/leblogmoto\/#website"},"primaryImageOfPage":{"@id":"https:\/\/blogs.thesocialmedia.com\/leblogmoto\/2005\/10\/20\/honda-fte-sa-60\/#primaryimage"},"image":{"@id":"https:\/\/blogs.thesocialmedia.com\/leblogmoto\/2005\/10\/20\/honda-fte-sa-60\/#primaryimage"},"thumbnailUrl":"http:\/\/www.leblogmoto.com\/images\/honda_logo.jpg","datePublished":"2005-10-20T15:08:52+00:00","dateModified":"2012-07-11T13:59:40+00:00","author":{"@id":"https:\/\/blogs.thesocialmedia.com\/leblogmoto\/#\/schema\/person\/80d2a078dbdb8b60abbd76bae6011f19"},"breadcrumb":{"@id":"https:\/\/blogs.thesocialmedia.com\/leblogmoto\/2005\/10\/20\/honda-fte-sa-60\/#breadcrumb"},"inLanguage":"fr-FR","potentialAction":[{"@type":"ReadAction","target":["https:\/\/blogs.thesocialmedia.com\/leblogmoto\/2005\/10\/20\/honda-fte-sa-60\/"]}]},{"@type":"ImageObject","inLanguage":"fr-FR","@id":"https:\/\/blogs.thesocialmedia.com\/leblogmoto\/2005\/10\/20\/honda-fte-sa-60\/#primaryimage","url":"http:\/\/www.leblogmoto.com\/images\/honda_logo.jpg","contentUrl":"http:\/\/www.leblogmoto.com\/images\/honda_logo.jpg"},{"@type":"BreadcrumbList","@id":"https:\/\/blogs.thesocialmedia.com\/leblogmoto\/2005\/10\/20\/honda-fte-sa-60\/#breadcrumb","itemListElement":[{"@type":"ListItem","position":1,"name":"Accueil","item":"https:\/\/blogs.thesocialmedia.com\/leblogmoto\/"},{"@type":"ListItem","position":2,"name":"Honda f\u00eate sa 600\u00e8me victoire en grand prix"}]},{"@type":"WebSite","@id":"https:\/\/blogs.thesocialmedia.com\/leblogmoto\/#website","url":"https:\/\/blogs.thesocialmedia.com\/leblogmoto\/","name":"leblogmoto","description":"Toute l&#039;actualit\u00e9 des 2 roues","potentialAction":[{"@type":"SearchAction","target":{"@type":"EntryPoint","urlTemplate":"https:\/\/blogs.thesocialmedia.com\/leblogmoto\/?s={search_term_string}"},"query-input":{"@type":"PropertyValueSpecification","valueRequired":true,"valueName":"search_term_string"}}],"inLanguage":"fr-FR"},{"@type":"Person","@id":"https:\/\/blogs.thesocialmedia.com\/leblogmoto\/#\/schema\/person\/80d2a078dbdb8b60abbd76bae6011f19","name":"vincent vaillant","image":{"@type":"ImageObject","inLanguage":"fr-FR","@id":"https:\/\/blogs.thesocialmedia.com\/leblogmoto\/#\/schema\/person\/image\/","url":"https:\/\/secure.gravatar.com\/avatar\/?s=96&d=mm&r=g","contentUrl":"https:\/\/secure.gravatar.com\/avatar\/?s=96&d=mm&r=g","caption":"vincent vaillant"},"url":"https:\/\/blogs.thesocialmedia.com\/leblogmoto\/author\/vincent-vaillant\/"}]}},"_links":{"self":[{"href":"https:\/\/blogs.thesocialmedia.com\/leblogmoto\/wp-json\/wp\/v2\/posts\/2329","targetHints":{"allow":["GET"]}}],"collection":[{"href":"https:\/\/blogs.thesocialmedia.com\/leblogmoto\/wp-json\/wp\/v2\/posts"}],"about":[{"href":"https:\/\/blogs.thesocialmedia.com\/leblogmoto\/wp-json\/wp\/v2\/types\/post"}],"author":[{"embeddable":true,"href":"https:\/\/blogs.thesocialmedia.com\/leblogmoto\/wp-json\/wp\/v2\/users\/338"}],"replies":[{"embeddable":true,"href":"https:\/\/blogs.thesocialmedia.com\/leblogmoto\/wp-json\/wp\/v2\/comments?post=2329"}],"version-history":[{"count":2,"href":"https:\/\/blogs.thesocialmedia.com\/leblogmoto\/wp-json\/wp\/v2\/posts\/2329\/revisions"}],"predecessor-version":[{"id":6306,"href":"https:\/\/blogs.thesocialmedia.com\/leblogmoto\/wp-json\/wp\/v2\/posts\/2329\/revisions\/6306"}],"wp:attachment":[{"href":"https:\/\/blogs.thesocialmedia.com\/leblogmoto\/wp-json\/wp\/v2\/media?parent=2329"}],"wp:term":[{"taxonomy":"category","embeddable":true,"href":"https:\/\/blogs.thesocialmedia.com\/leblogmoto\/wp-json\/wp\/v2\/categories?post=2329"},{"taxonomy":"post_tag","embeddable":true,"href":"https:\/\/blogs.thesocialmedia.com\/leblogmoto\/wp-json\/wp\/v2\/tags?post=2329"}],"curies":[{"name":"wp","href":"https:\/\/api.w.org\/{rel}","templated":true}]}}