{"id":233,"date":"2009-03-09T23:51:30","date_gmt":"2009-03-09T23:51:30","guid":{"rendered":"http:\/\/blogs.thesocialmedia.com\/leblogmoto\/2009\/03\/09\/dani-encore-plu\/"},"modified":"2012-07-11T17:11:43","modified_gmt":"2012-07-11T17:11:43","slug":"dani-encore-plu","status":"publish","type":"post","link":"https:\/\/blogs.thesocialmedia.com\/leblogmoto\/2009\/03\/09\/dani-encore-plu\/","title":{"rendered":"Dani \u00ab\u00a0Encore plus Titanium\u00a0\u00bb Pedrosa sera pr\u00eat pour le Qatar."},"content":{"rendered":"<p><a href=\"http:\/\/blogs.thesocialmedia.com\/leblogmoto\/files\/2012\/07\/motogp_pedrosa_doc_hopital.jpg\"><img loading=\"lazy\" decoding=\"async\" width=\"470\" height=\"352\" alt=\"Motogp_pedrosa_doc_hopital\" src=\"http:\/\/www.leblogmoto.com\/images\/2009\/03\/09\/motogp_pedrosa_doc_hopital.jpg\"  \/><\/a><\/p>\n<p>C&rsquo;est du moins ce qu&rsquo;il esp\u00e8re. Une explication au pr\u00e9alable sur le titre du jour: Dani, d\u00e9j\u00e0 surnomm\u00e9 &quot;Titanium&quot; pourra d&rsquo;autant plus pr\u00e9tendre \u00e0 ce sobriquet d\u00e9sormais, que les chirurgiens lui ont plac\u00e9 une vis, en titane donc, dans son poignet gauche. Mais ce n&rsquo;\u00e9tait pas le seul objet de sa visite au <a href=\"http:\/\/www.leblogmoto.com\/2008\/04\/lorenzo-vainque.html\">d\u00e9sormais c\u00e9l\u00e8bre<\/a> h\u00f4pital de Barcelone, puisque l&rsquo;Espagnol a aussi b\u00e9n\u00e9fici\u00e9 d&rsquo;une greffe de peau sur son genou gauche, lors d&rsquo;une autre intervention. C&rsquo;est lors de son crash au Qatar il y a une semaine sur un <em>high side<\/em>, que les blessures ce sont surajout\u00e9es \u00e0 celles de l&rsquo;ann\u00e9e derni\u00e8re, traumas dont il se remettait \u00e0 peine. Il a quitt\u00e9 le service hospitalier catalan samedi dernier, au matin. Non sans avoir au pr\u00e9alable donn\u00e9 la traditionnelle conf\u00e9rence de presse au c\u00f4t\u00e9 d&rsquo;un de ses m\u00e9decins. Une conf\u00e9rence durant laquelle il se montrait optimiste quant \u00e0 ses chances de s&rsquo;aligner pour le premier GP de la saison le 12 avril \u00e0 Losail. Une fa\u00e7on comme une autre de reconna\u00eetre implicitement que, contrairement \u00e0 ses confr\u00e8res pilotes, il ne peut d\u00e9velopper la machine \u00e0 l&rsquo;heure actuelle pour le HRC. Dans Autosport, il dit \u00eatre heureux des progr\u00e8s accomplis jusqu&rsquo;\u00e0 maintenant: &quot;Je me sens bien mieux. Quand je suis arriv\u00e9, mon genou semblait mal en point, mais l&rsquo;op\u00e9ration s&rsquo;est bien d\u00e9roul\u00e9e, et je suis satisfait. Ce matin le Docteur Bartolome Ferreira a proc\u00e9d\u00e9 \u00e0 un dernier examen, et j&rsquo;ai pu constater \u00e0 quel point le genou allait bien&quot;.<\/p>\n<p>&quot;Maintenant je dois me reposer un peu, car il est tr\u00e8s important d&rsquo;accorder un break \u00e0 mon corps lors des jours qui vont suivre, et laisser les choses reprendre leurs cours, alors je commencerai mon programme de r\u00e9\u00e9ducation&quot;.<\/p>\n<p>Pour ajouter au commentaires positifs de Dani et de Ferreira, le docteur Xavier Mir* (photo) qui a r\u00e9alis\u00e9 la chirurgie du poignet du pilote Honda, a confi\u00e9 aux medias \u00eatre tr\u00e8s optimiste quant au retour prochain de Pedrosa en comp\u00e9tition.<\/p>\n<p><em>Via Autosport, traduction &quot;maison&quot;. Cr\u00e9dit photo: MotoGP.com<\/em><\/p>\n<p><em>*qui l&rsquo;avait d\u00e9j\u00e0 op\u00e9r\u00e9 la saison pass\u00e9e.<\/em><\/p>\n","protected":false},"excerpt":{"rendered":"<p>C&rsquo;est du moins ce qu&rsquo;il esp\u00e8re. Une explication au pr\u00e9alable sur le titre du jour: Dani, d\u00e9j\u00e0 surnomm\u00e9 &quot;Titanium&quot; pourra d&rsquo;autant plus pr\u00e9tendre \u00e0 ce sobriquet d\u00e9sormais, que les chirurgiens lui ont plac\u00e9 une vis, en titane donc, dans son poignet gauche. Mais ce n&rsquo;\u00e9tait pas le seul objet de sa visite au d\u00e9sormais c\u00e9l\u00e8bre [&hellip;]<\/p>\n","protected":false},"author":324,"featured_media":0,"comment_status":"open","ping_status":"open","sticky":false,"template":"","format":"standard","meta":{"footnotes":""},"categories":[22],"tags":[],"class_list":["post-233","post","type-post","status-publish","format-standard","hentry","category-motogp"],"yoast_head":"<!-- This site is optimized with the Yoast SEO plugin v26.0 - https:\/\/yoast.com\/wordpress\/plugins\/seo\/ -->\n<title>Dani &quot;Encore plus Titanium&quot; Pedrosa sera pr\u00eat pour le Qatar. - leblogmoto.com<\/title>\n<meta name=\"robots\" content=\"index, follow, max-snippet:-1, max-image-preview:large, max-video-preview:-1\" \/>\n<link rel=\"canonical\" href=\"https:\/\/blogs.thesocialmedia.com\/leblogmoto\/2009\/03\/09\/dani-encore-plu\/\" \/>\n<meta name=\"twitter:card\" content=\"summary_large_image\" \/>\n<meta name=\"twitter:title\" content=\"Dani &quot;Encore plus Titanium&quot; Pedrosa sera pr\u00eat pour le Qatar. - leblogmoto.com\" \/>\n<meta name=\"twitter:description\" content=\"C&rsquo;est du moins ce qu&rsquo;il esp\u00e8re. Une explication au pr\u00e9alable sur le titre du jour: Dani, d\u00e9j\u00e0 surnomm\u00e9 &quot;Titanium&quot; pourra d&rsquo;autant plus pr\u00e9tendre \u00e0 ce sobriquet d\u00e9sormais, que les chirurgiens lui ont plac\u00e9 une vis, en titane donc, dans son poignet gauche. Mais ce n&rsquo;\u00e9tait pas le seul objet de sa visite au d\u00e9sormais c\u00e9l\u00e8bre [&hellip;]\" \/>\n<meta name=\"twitter:image\" content=\"http:\/\/www.leblogmoto.com\/images\/2009\/03\/09\/motogp_pedrosa_doc_hopital.jpg\" \/>\n<meta name=\"twitter:label1\" content=\"\u00c9crit par\" \/>\n\t<meta name=\"twitter:data1\" content=\"benoit rieu\" \/>\n\t<meta name=\"twitter:label2\" content=\"Dur\u00e9e de lecture estim\u00e9e\" \/>\n\t<meta name=\"twitter:data2\" content=\"2 minutes\" \/>\n<script type=\"application\/ld+json\" class=\"yoast-schema-graph\">{\"@context\":\"https:\/\/schema.org\",\"@graph\":[{\"@type\":\"WebPage\",\"@id\":\"https:\/\/blogs.thesocialmedia.com\/leblogmoto\/2009\/03\/09\/dani-encore-plu\/\",\"url\":\"https:\/\/blogs.thesocialmedia.com\/leblogmoto\/2009\/03\/09\/dani-encore-plu\/\",\"name\":\"Dani \\\"Encore plus Titanium\\\" Pedrosa sera pr\u00eat pour le Qatar. - leblogmoto.com\",\"isPartOf\":{\"@id\":\"https:\/\/blogs.thesocialmedia.com\/leblogmoto\/#website\"},\"primaryImageOfPage\":{\"@id\":\"https:\/\/blogs.thesocialmedia.com\/leblogmoto\/2009\/03\/09\/dani-encore-plu\/#primaryimage\"},\"image\":{\"@id\":\"https:\/\/blogs.thesocialmedia.com\/leblogmoto\/2009\/03\/09\/dani-encore-plu\/#primaryimage\"},\"thumbnailUrl\":\"http:\/\/www.leblogmoto.com\/images\/2009\/03\/09\/motogp_pedrosa_doc_hopital.jpg\",\"datePublished\":\"2009-03-09T23:51:30+00:00\",\"dateModified\":\"2012-07-11T17:11:43+00:00\",\"author\":{\"@id\":\"https:\/\/blogs.thesocialmedia.com\/leblogmoto\/#\/schema\/person\/18bfe773e5725ed6d24f743da805362a\"},\"breadcrumb\":{\"@id\":\"https:\/\/blogs.thesocialmedia.com\/leblogmoto\/2009\/03\/09\/dani-encore-plu\/#breadcrumb\"},\"inLanguage\":\"fr-FR\",\"potentialAction\":[{\"@type\":\"ReadAction\",\"target\":[\"https:\/\/blogs.thesocialmedia.com\/leblogmoto\/2009\/03\/09\/dani-encore-plu\/\"]}]},{\"@type\":\"ImageObject\",\"inLanguage\":\"fr-FR\",\"@id\":\"https:\/\/blogs.thesocialmedia.com\/leblogmoto\/2009\/03\/09\/dani-encore-plu\/#primaryimage\",\"url\":\"http:\/\/www.leblogmoto.com\/images\/2009\/03\/09\/motogp_pedrosa_doc_hopital.jpg\",\"contentUrl\":\"http:\/\/www.leblogmoto.com\/images\/2009\/03\/09\/motogp_pedrosa_doc_hopital.jpg\"},{\"@type\":\"BreadcrumbList\",\"@id\":\"https:\/\/blogs.thesocialmedia.com\/leblogmoto\/2009\/03\/09\/dani-encore-plu\/#breadcrumb\",\"itemListElement\":[{\"@type\":\"ListItem\",\"position\":1,\"name\":\"Accueil\",\"item\":\"https:\/\/blogs.thesocialmedia.com\/leblogmoto\/\"},{\"@type\":\"ListItem\",\"position\":2,\"name\":\"Dani \u00ab\u00a0Encore plus Titanium\u00a0\u00bb Pedrosa sera pr\u00eat pour le Qatar.\"}]},{\"@type\":\"WebSite\",\"@id\":\"https:\/\/blogs.thesocialmedia.com\/leblogmoto\/#website\",\"url\":\"https:\/\/blogs.thesocialmedia.com\/leblogmoto\/\",\"name\":\"leblogmoto\",\"description\":\"Toute l&#039;actualit\u00e9 des 2 roues\",\"potentialAction\":[{\"@type\":\"SearchAction\",\"target\":{\"@type\":\"EntryPoint\",\"urlTemplate\":\"https:\/\/blogs.thesocialmedia.com\/leblogmoto\/?s={search_term_string}\"},\"query-input\":{\"@type\":\"PropertyValueSpecification\",\"valueRequired\":true,\"valueName\":\"search_term_string\"}}],\"inLanguage\":\"fr-FR\"},{\"@type\":\"Person\",\"@id\":\"https:\/\/blogs.thesocialmedia.com\/leblogmoto\/#\/schema\/person\/18bfe773e5725ed6d24f743da805362a\",\"name\":\"benoit rieu\",\"image\":{\"@type\":\"ImageObject\",\"inLanguage\":\"fr-FR\",\"@id\":\"https:\/\/blogs.thesocialmedia.com\/leblogmoto\/#\/schema\/person\/image\/\",\"url\":\"https:\/\/secure.gravatar.com\/avatar\/?s=96&d=mm&r=g\",\"contentUrl\":\"https:\/\/secure.gravatar.com\/avatar\/?s=96&d=mm&r=g\",\"caption\":\"benoit rieu\"},\"url\":\"https:\/\/blogs.thesocialmedia.com\/leblogmoto\/author\/benoit-rieu\/\"}]}<\/script>\n<!-- \/ Yoast SEO plugin. -->","yoast_head_json":{"title":"Dani \"Encore plus Titanium\" Pedrosa sera pr\u00eat pour le Qatar. - leblogmoto.com","robots":{"index":"index","follow":"follow","max-snippet":"max-snippet:-1","max-image-preview":"max-image-preview:large","max-video-preview":"max-video-preview:-1"},"canonical":"https:\/\/blogs.thesocialmedia.com\/leblogmoto\/2009\/03\/09\/dani-encore-plu\/","twitter_card":"summary_large_image","twitter_title":"Dani \"Encore plus Titanium\" Pedrosa sera pr\u00eat pour le Qatar. - leblogmoto.com","twitter_description":"C&rsquo;est du moins ce qu&rsquo;il esp\u00e8re. Une explication au pr\u00e9alable sur le titre du jour: Dani, d\u00e9j\u00e0 surnomm\u00e9 &quot;Titanium&quot; pourra d&rsquo;autant plus pr\u00e9tendre \u00e0 ce sobriquet d\u00e9sormais, que les chirurgiens lui ont plac\u00e9 une vis, en titane donc, dans son poignet gauche. Mais ce n&rsquo;\u00e9tait pas le seul objet de sa visite au d\u00e9sormais c\u00e9l\u00e8bre [&hellip;]","twitter_image":"http:\/\/www.leblogmoto.com\/images\/2009\/03\/09\/motogp_pedrosa_doc_hopital.jpg","twitter_misc":{"\u00c9crit par":"benoit rieu","Dur\u00e9e de lecture estim\u00e9e":"2 minutes"},"schema":{"@context":"https:\/\/schema.org","@graph":[{"@type":"WebPage","@id":"https:\/\/blogs.thesocialmedia.com\/leblogmoto\/2009\/03\/09\/dani-encore-plu\/","url":"https:\/\/blogs.thesocialmedia.com\/leblogmoto\/2009\/03\/09\/dani-encore-plu\/","name":"Dani \"Encore plus Titanium\" Pedrosa sera pr\u00eat pour le Qatar. - leblogmoto.com","isPartOf":{"@id":"https:\/\/blogs.thesocialmedia.com\/leblogmoto\/#website"},"primaryImageOfPage":{"@id":"https:\/\/blogs.thesocialmedia.com\/leblogmoto\/2009\/03\/09\/dani-encore-plu\/#primaryimage"},"image":{"@id":"https:\/\/blogs.thesocialmedia.com\/leblogmoto\/2009\/03\/09\/dani-encore-plu\/#primaryimage"},"thumbnailUrl":"http:\/\/www.leblogmoto.com\/images\/2009\/03\/09\/motogp_pedrosa_doc_hopital.jpg","datePublished":"2009-03-09T23:51:30+00:00","dateModified":"2012-07-11T17:11:43+00:00","author":{"@id":"https:\/\/blogs.thesocialmedia.com\/leblogmoto\/#\/schema\/person\/18bfe773e5725ed6d24f743da805362a"},"breadcrumb":{"@id":"https:\/\/blogs.thesocialmedia.com\/leblogmoto\/2009\/03\/09\/dani-encore-plu\/#breadcrumb"},"inLanguage":"fr-FR","potentialAction":[{"@type":"ReadAction","target":["https:\/\/blogs.thesocialmedia.com\/leblogmoto\/2009\/03\/09\/dani-encore-plu\/"]}]},{"@type":"ImageObject","inLanguage":"fr-FR","@id":"https:\/\/blogs.thesocialmedia.com\/leblogmoto\/2009\/03\/09\/dani-encore-plu\/#primaryimage","url":"http:\/\/www.leblogmoto.com\/images\/2009\/03\/09\/motogp_pedrosa_doc_hopital.jpg","contentUrl":"http:\/\/www.leblogmoto.com\/images\/2009\/03\/09\/motogp_pedrosa_doc_hopital.jpg"},{"@type":"BreadcrumbList","@id":"https:\/\/blogs.thesocialmedia.com\/leblogmoto\/2009\/03\/09\/dani-encore-plu\/#breadcrumb","itemListElement":[{"@type":"ListItem","position":1,"name":"Accueil","item":"https:\/\/blogs.thesocialmedia.com\/leblogmoto\/"},{"@type":"ListItem","position":2,"name":"Dani \u00ab\u00a0Encore plus Titanium\u00a0\u00bb Pedrosa sera pr\u00eat pour le Qatar."}]},{"@type":"WebSite","@id":"https:\/\/blogs.thesocialmedia.com\/leblogmoto\/#website","url":"https:\/\/blogs.thesocialmedia.com\/leblogmoto\/","name":"leblogmoto","description":"Toute l&#039;actualit\u00e9 des 2 roues","potentialAction":[{"@type":"SearchAction","target":{"@type":"EntryPoint","urlTemplate":"https:\/\/blogs.thesocialmedia.com\/leblogmoto\/?s={search_term_string}"},"query-input":{"@type":"PropertyValueSpecification","valueRequired":true,"valueName":"search_term_string"}}],"inLanguage":"fr-FR"},{"@type":"Person","@id":"https:\/\/blogs.thesocialmedia.com\/leblogmoto\/#\/schema\/person\/18bfe773e5725ed6d24f743da805362a","name":"benoit rieu","image":{"@type":"ImageObject","inLanguage":"fr-FR","@id":"https:\/\/blogs.thesocialmedia.com\/leblogmoto\/#\/schema\/person\/image\/","url":"https:\/\/secure.gravatar.com\/avatar\/?s=96&d=mm&r=g","contentUrl":"https:\/\/secure.gravatar.com\/avatar\/?s=96&d=mm&r=g","caption":"benoit rieu"},"url":"https:\/\/blogs.thesocialmedia.com\/leblogmoto\/author\/benoit-rieu\/"}]}},"_links":{"self":[{"href":"https:\/\/blogs.thesocialmedia.com\/leblogmoto\/wp-json\/wp\/v2\/posts\/233","targetHints":{"allow":["GET"]}}],"collection":[{"href":"https:\/\/blogs.thesocialmedia.com\/leblogmoto\/wp-json\/wp\/v2\/posts"}],"about":[{"href":"https:\/\/blogs.thesocialmedia.com\/leblogmoto\/wp-json\/wp\/v2\/types\/post"}],"author":[{"embeddable":true,"href":"https:\/\/blogs.thesocialmedia.com\/leblogmoto\/wp-json\/wp\/v2\/users\/324"}],"replies":[{"embeddable":true,"href":"https:\/\/blogs.thesocialmedia.com\/leblogmoto\/wp-json\/wp\/v2\/comments?post=233"}],"version-history":[{"count":2,"href":"https:\/\/blogs.thesocialmedia.com\/leblogmoto\/wp-json\/wp\/v2\/posts\/233\/revisions"}],"predecessor-version":[{"id":12918,"href":"https:\/\/blogs.thesocialmedia.com\/leblogmoto\/wp-json\/wp\/v2\/posts\/233\/revisions\/12918"}],"wp:attachment":[{"href":"https:\/\/blogs.thesocialmedia.com\/leblogmoto\/wp-json\/wp\/v2\/media?parent=233"}],"wp:term":[{"taxonomy":"category","embeddable":true,"href":"https:\/\/blogs.thesocialmedia.com\/leblogmoto\/wp-json\/wp\/v2\/categories?post=233"},{"taxonomy":"post_tag","embeddable":true,"href":"https:\/\/blogs.thesocialmedia.com\/leblogmoto\/wp-json\/wp\/v2\/tags?post=233"}],"curies":[{"name":"wp","href":"https:\/\/api.w.org\/{rel}","templated":true}]}}