{"id":2330,"date":"2005-10-20T15:06:44","date_gmt":"2005-10-20T15:06:44","guid":{"rendered":"http:\/\/blogs.thesocialmedia.com\/leblogmoto\/2005\/10\/20\/auriol-prsent-a\/"},"modified":"2012-07-11T13:59:38","modified_gmt":"2012-07-11T13:59:38","slug":"auriol-prsent-a","status":"publish","type":"post","link":"https:\/\/blogs.thesocialmedia.com\/leblogmoto\/2005\/10\/20\/auriol-prsent-a\/","title":{"rendered":"Auriol pr\u00e9sent au Dakar 2006"},"content":{"rendered":"<p>\u00a0<a href=\"http:\/\/blogs.thesocialmedia.com\/leblogmoto\/files\/2012\/07\/moto2_1.jpg\"><img loading=\"lazy\" decoding=\"async\" alt=\"Moto2_1\" src=\"http:\/\/www.leblogmoto.com\/images\/moto2_1.jpg\" width=\"250\" height=\"346\"  style=\"float: left;margin: 0px 5px 5px 0px\" \/><\/a><\/p>\n<p>Hubert Auriol revient \u00e0 ses premiers amours, le pilotage, apr\u00e8s avoir \u00e9t\u00e9 directeur du rallye-raid Paris Dakar de 1995 \u00e0 2003.<br \/> Ce grand Monsieur du sport auto et moto qui a notamment remport\u00e9 deux victoires en moto au Dakar  1981 et 1983 sur BMW et une victoire en 1992 sur une Mitsubishi vient d\u2019annoncer sont retour \u00e0 la comp\u00e9tition par l\u2019interm\u00e9diaire du journal \u201cL\u2019Equipe\u201d.<br \/> Hubert Auriol partira donc de Lisbonne, le 31 d\u00e9cembre prochain au volant d\u2019un Izuku 4X4 officiel.<br \/> Hubert Auriol reprend donc du service au sein d\u2019un team fond\u00e9 en 2004 gr\u00e2ce \u00e0 son ami italien Ed Orioli, quadruple vainqueur moto et ancien \u00e9quipier Cagiva. Il en sera \u00e0 sa Seizi\u00e8me participation. <br \/> \u201cCe projet qui d\u00e9marre m&rsquo;a imm\u00e9diatement s\u00e9duit. La voiture est bien construite, l&rsquo;\u00e9quipe bien structur\u00e9e. Refaire le Dakar dans ces conditions ne pouvait que me s\u00e9duire\u201d, a d\u00e9clar\u00e9 celui qu&rsquo;on surnommait autrefois \u00ab\u00a0l&rsquo;Africain\u00a0\u00bb. Cette 27e \u00e9dition co\u00efncidera avec l&rsquo;anniversaire de la disparition de Thierry Sabine, le cr\u00e9ateur de l&rsquo;\u00e9preuve, mais ce n&rsquo;est pas cette comm\u00e9moration qui a incit\u00e9 Hubert Auriol \u00e0 reprendre du service. \u201cTous les anciens y penseront \u00e9videmment mais, cela ne m&rsquo;a pas influenc\u00e9.\u201d<\/p>\n<p>\u00a0<\/p>\n<p>Hubert Auriol et son nouveau team effectueront leur premiers tests dans une quinzaine de jours en Tunisie.<\/p>\n<p><a href=\"http:\/\/blogs.thesocialmedia.com\/leblogmoto\/files\/2012\/07\/auriol.jpg\"><img loading=\"lazy\" decoding=\"async\" alt=\"Auriol\" src=\"http:\/\/www.leblogmoto.com\/images\/auriol.jpg\" width=\"470\" height=\"313\"  style=\"float: left;margin: 0px 5px 5px 0px\" \/><\/a><\/p>\n","protected":false},"excerpt":{"rendered":"<p>\u00a0 Hubert Auriol revient \u00e0 ses premiers amours, le pilotage, apr\u00e8s avoir \u00e9t\u00e9 directeur du rallye-raid Paris Dakar de 1995 \u00e0 2003. Ce grand Monsieur du sport auto et moto qui a notamment remport\u00e9 deux victoires en moto au Dakar 1981 et 1983 sur BMW et une victoire en 1992 sur une Mitsubishi vient d\u2019annoncer [&hellip;]<\/p>\n","protected":false},"author":339,"featured_media":0,"comment_status":"open","ping_status":"open","sticky":false,"template":"","format":"standard","meta":{"footnotes":""},"categories":[3],"tags":[],"class_list":["post-2330","post","type-post","status-publish","format-standard","hentry","category-actualite"],"yoast_head":"<!-- This site is optimized with the Yoast SEO plugin v26.0 - https:\/\/yoast.com\/wordpress\/plugins\/seo\/ -->\n<title>Auriol pr\u00e9sent au Dakar 2006 - leblogmoto.com<\/title>\n<meta name=\"robots\" content=\"index, follow, max-snippet:-1, max-image-preview:large, max-video-preview:-1\" \/>\n<link rel=\"canonical\" href=\"https:\/\/blogs.thesocialmedia.com\/leblogmoto\/2005\/10\/20\/auriol-prsent-a\/\" \/>\n<meta name=\"twitter:card\" content=\"summary_large_image\" \/>\n<meta name=\"twitter:title\" content=\"Auriol pr\u00e9sent au Dakar 2006 - leblogmoto.com\" \/>\n<meta name=\"twitter:description\" content=\"\u00a0 Hubert Auriol revient \u00e0 ses premiers amours, le pilotage, apr\u00e8s avoir \u00e9t\u00e9 directeur du rallye-raid Paris Dakar de 1995 \u00e0 2003. Ce grand Monsieur du sport auto et moto qui a notamment remport\u00e9 deux victoires en moto au Dakar 1981 et 1983 sur BMW et une victoire en 1992 sur une Mitsubishi vient d\u2019annoncer [&hellip;]\" \/>\n<meta name=\"twitter:image\" content=\"http:\/\/www.leblogmoto.com\/images\/moto2_1.jpg\" \/>\n<meta name=\"twitter:label1\" content=\"\u00c9crit par\" \/>\n\t<meta name=\"twitter:data1\" content=\"daniel bour\" \/>\n\t<meta name=\"twitter:label2\" content=\"Dur\u00e9e de lecture estim\u00e9e\" \/>\n\t<meta name=\"twitter:data2\" content=\"1 minute\" \/>\n<script type=\"application\/ld+json\" class=\"yoast-schema-graph\">{\"@context\":\"https:\/\/schema.org\",\"@graph\":[{\"@type\":\"WebPage\",\"@id\":\"https:\/\/blogs.thesocialmedia.com\/leblogmoto\/2005\/10\/20\/auriol-prsent-a\/\",\"url\":\"https:\/\/blogs.thesocialmedia.com\/leblogmoto\/2005\/10\/20\/auriol-prsent-a\/\",\"name\":\"Auriol pr\u00e9sent au Dakar 2006 - leblogmoto.com\",\"isPartOf\":{\"@id\":\"https:\/\/blogs.thesocialmedia.com\/leblogmoto\/#website\"},\"primaryImageOfPage\":{\"@id\":\"https:\/\/blogs.thesocialmedia.com\/leblogmoto\/2005\/10\/20\/auriol-prsent-a\/#primaryimage\"},\"image\":{\"@id\":\"https:\/\/blogs.thesocialmedia.com\/leblogmoto\/2005\/10\/20\/auriol-prsent-a\/#primaryimage\"},\"thumbnailUrl\":\"http:\/\/www.leblogmoto.com\/images\/moto2_1.jpg\",\"datePublished\":\"2005-10-20T15:06:44+00:00\",\"dateModified\":\"2012-07-11T13:59:38+00:00\",\"author\":{\"@id\":\"https:\/\/blogs.thesocialmedia.com\/leblogmoto\/#\/schema\/person\/112bf3448e55eeb119f6276bbf85b8e7\"},\"breadcrumb\":{\"@id\":\"https:\/\/blogs.thesocialmedia.com\/leblogmoto\/2005\/10\/20\/auriol-prsent-a\/#breadcrumb\"},\"inLanguage\":\"fr-FR\",\"potentialAction\":[{\"@type\":\"ReadAction\",\"target\":[\"https:\/\/blogs.thesocialmedia.com\/leblogmoto\/2005\/10\/20\/auriol-prsent-a\/\"]}]},{\"@type\":\"ImageObject\",\"inLanguage\":\"fr-FR\",\"@id\":\"https:\/\/blogs.thesocialmedia.com\/leblogmoto\/2005\/10\/20\/auriol-prsent-a\/#primaryimage\",\"url\":\"http:\/\/www.leblogmoto.com\/images\/moto2_1.jpg\",\"contentUrl\":\"http:\/\/www.leblogmoto.com\/images\/moto2_1.jpg\"},{\"@type\":\"BreadcrumbList\",\"@id\":\"https:\/\/blogs.thesocialmedia.com\/leblogmoto\/2005\/10\/20\/auriol-prsent-a\/#breadcrumb\",\"itemListElement\":[{\"@type\":\"ListItem\",\"position\":1,\"name\":\"Accueil\",\"item\":\"https:\/\/blogs.thesocialmedia.com\/leblogmoto\/\"},{\"@type\":\"ListItem\",\"position\":2,\"name\":\"Auriol pr\u00e9sent au Dakar 2006\"}]},{\"@type\":\"WebSite\",\"@id\":\"https:\/\/blogs.thesocialmedia.com\/leblogmoto\/#website\",\"url\":\"https:\/\/blogs.thesocialmedia.com\/leblogmoto\/\",\"name\":\"leblogmoto\",\"description\":\"Toute l&#039;actualit\u00e9 des 2 roues\",\"potentialAction\":[{\"@type\":\"SearchAction\",\"target\":{\"@type\":\"EntryPoint\",\"urlTemplate\":\"https:\/\/blogs.thesocialmedia.com\/leblogmoto\/?s={search_term_string}\"},\"query-input\":{\"@type\":\"PropertyValueSpecification\",\"valueRequired\":true,\"valueName\":\"search_term_string\"}}],\"inLanguage\":\"fr-FR\"},{\"@type\":\"Person\",\"@id\":\"https:\/\/blogs.thesocialmedia.com\/leblogmoto\/#\/schema\/person\/112bf3448e55eeb119f6276bbf85b8e7\",\"name\":\"daniel bour\",\"image\":{\"@type\":\"ImageObject\",\"inLanguage\":\"fr-FR\",\"@id\":\"https:\/\/blogs.thesocialmedia.com\/leblogmoto\/#\/schema\/person\/image\/\",\"url\":\"https:\/\/secure.gravatar.com\/avatar\/?s=96&d=mm&r=g\",\"contentUrl\":\"https:\/\/secure.gravatar.com\/avatar\/?s=96&d=mm&r=g\",\"caption\":\"daniel bour\"},\"url\":\"https:\/\/blogs.thesocialmedia.com\/leblogmoto\/author\/daniel-bour\/\"}]}<\/script>\n<!-- \/ Yoast SEO plugin. -->","yoast_head_json":{"title":"Auriol pr\u00e9sent au Dakar 2006 - leblogmoto.com","robots":{"index":"index","follow":"follow","max-snippet":"max-snippet:-1","max-image-preview":"max-image-preview:large","max-video-preview":"max-video-preview:-1"},"canonical":"https:\/\/blogs.thesocialmedia.com\/leblogmoto\/2005\/10\/20\/auriol-prsent-a\/","twitter_card":"summary_large_image","twitter_title":"Auriol pr\u00e9sent au Dakar 2006 - leblogmoto.com","twitter_description":"\u00a0 Hubert Auriol revient \u00e0 ses premiers amours, le pilotage, apr\u00e8s avoir \u00e9t\u00e9 directeur du rallye-raid Paris Dakar de 1995 \u00e0 2003. Ce grand Monsieur du sport auto et moto qui a notamment remport\u00e9 deux victoires en moto au Dakar 1981 et 1983 sur BMW et une victoire en 1992 sur une Mitsubishi vient d\u2019annoncer [&hellip;]","twitter_image":"http:\/\/www.leblogmoto.com\/images\/moto2_1.jpg","twitter_misc":{"\u00c9crit par":"daniel bour","Dur\u00e9e de lecture estim\u00e9e":"1 minute"},"schema":{"@context":"https:\/\/schema.org","@graph":[{"@type":"WebPage","@id":"https:\/\/blogs.thesocialmedia.com\/leblogmoto\/2005\/10\/20\/auriol-prsent-a\/","url":"https:\/\/blogs.thesocialmedia.com\/leblogmoto\/2005\/10\/20\/auriol-prsent-a\/","name":"Auriol pr\u00e9sent au Dakar 2006 - leblogmoto.com","isPartOf":{"@id":"https:\/\/blogs.thesocialmedia.com\/leblogmoto\/#website"},"primaryImageOfPage":{"@id":"https:\/\/blogs.thesocialmedia.com\/leblogmoto\/2005\/10\/20\/auriol-prsent-a\/#primaryimage"},"image":{"@id":"https:\/\/blogs.thesocialmedia.com\/leblogmoto\/2005\/10\/20\/auriol-prsent-a\/#primaryimage"},"thumbnailUrl":"http:\/\/www.leblogmoto.com\/images\/moto2_1.jpg","datePublished":"2005-10-20T15:06:44+00:00","dateModified":"2012-07-11T13:59:38+00:00","author":{"@id":"https:\/\/blogs.thesocialmedia.com\/leblogmoto\/#\/schema\/person\/112bf3448e55eeb119f6276bbf85b8e7"},"breadcrumb":{"@id":"https:\/\/blogs.thesocialmedia.com\/leblogmoto\/2005\/10\/20\/auriol-prsent-a\/#breadcrumb"},"inLanguage":"fr-FR","potentialAction":[{"@type":"ReadAction","target":["https:\/\/blogs.thesocialmedia.com\/leblogmoto\/2005\/10\/20\/auriol-prsent-a\/"]}]},{"@type":"ImageObject","inLanguage":"fr-FR","@id":"https:\/\/blogs.thesocialmedia.com\/leblogmoto\/2005\/10\/20\/auriol-prsent-a\/#primaryimage","url":"http:\/\/www.leblogmoto.com\/images\/moto2_1.jpg","contentUrl":"http:\/\/www.leblogmoto.com\/images\/moto2_1.jpg"},{"@type":"BreadcrumbList","@id":"https:\/\/blogs.thesocialmedia.com\/leblogmoto\/2005\/10\/20\/auriol-prsent-a\/#breadcrumb","itemListElement":[{"@type":"ListItem","position":1,"name":"Accueil","item":"https:\/\/blogs.thesocialmedia.com\/leblogmoto\/"},{"@type":"ListItem","position":2,"name":"Auriol pr\u00e9sent au Dakar 2006"}]},{"@type":"WebSite","@id":"https:\/\/blogs.thesocialmedia.com\/leblogmoto\/#website","url":"https:\/\/blogs.thesocialmedia.com\/leblogmoto\/","name":"leblogmoto","description":"Toute l&#039;actualit\u00e9 des 2 roues","potentialAction":[{"@type":"SearchAction","target":{"@type":"EntryPoint","urlTemplate":"https:\/\/blogs.thesocialmedia.com\/leblogmoto\/?s={search_term_string}"},"query-input":{"@type":"PropertyValueSpecification","valueRequired":true,"valueName":"search_term_string"}}],"inLanguage":"fr-FR"},{"@type":"Person","@id":"https:\/\/blogs.thesocialmedia.com\/leblogmoto\/#\/schema\/person\/112bf3448e55eeb119f6276bbf85b8e7","name":"daniel bour","image":{"@type":"ImageObject","inLanguage":"fr-FR","@id":"https:\/\/blogs.thesocialmedia.com\/leblogmoto\/#\/schema\/person\/image\/","url":"https:\/\/secure.gravatar.com\/avatar\/?s=96&d=mm&r=g","contentUrl":"https:\/\/secure.gravatar.com\/avatar\/?s=96&d=mm&r=g","caption":"daniel bour"},"url":"https:\/\/blogs.thesocialmedia.com\/leblogmoto\/author\/daniel-bour\/"}]}},"_links":{"self":[{"href":"https:\/\/blogs.thesocialmedia.com\/leblogmoto\/wp-json\/wp\/v2\/posts\/2330","targetHints":{"allow":["GET"]}}],"collection":[{"href":"https:\/\/blogs.thesocialmedia.com\/leblogmoto\/wp-json\/wp\/v2\/posts"}],"about":[{"href":"https:\/\/blogs.thesocialmedia.com\/leblogmoto\/wp-json\/wp\/v2\/types\/post"}],"author":[{"embeddable":true,"href":"https:\/\/blogs.thesocialmedia.com\/leblogmoto\/wp-json\/wp\/v2\/users\/339"}],"replies":[{"embeddable":true,"href":"https:\/\/blogs.thesocialmedia.com\/leblogmoto\/wp-json\/wp\/v2\/comments?post=2330"}],"version-history":[{"count":2,"href":"https:\/\/blogs.thesocialmedia.com\/leblogmoto\/wp-json\/wp\/v2\/posts\/2330\/revisions"}],"predecessor-version":[{"id":6304,"href":"https:\/\/blogs.thesocialmedia.com\/leblogmoto\/wp-json\/wp\/v2\/posts\/2330\/revisions\/6304"}],"wp:attachment":[{"href":"https:\/\/blogs.thesocialmedia.com\/leblogmoto\/wp-json\/wp\/v2\/media?parent=2330"}],"wp:term":[{"taxonomy":"category","embeddable":true,"href":"https:\/\/blogs.thesocialmedia.com\/leblogmoto\/wp-json\/wp\/v2\/categories?post=2330"},{"taxonomy":"post_tag","embeddable":true,"href":"https:\/\/blogs.thesocialmedia.com\/leblogmoto\/wp-json\/wp\/v2\/tags?post=2330"}],"curies":[{"name":"wp","href":"https:\/\/api.w.org\/{rel}","templated":true}]}}