{"id":2339,"date":"2005-10-16T19:54:14","date_gmt":"2005-10-16T19:54:14","guid":{"rendered":"http:\/\/blogs.thesocialmedia.com\/leblogmoto\/2005\/10\/16\/mondial-2005-el\/"},"modified":"2012-07-11T13:58:07","modified_gmt":"2012-07-11T13:58:07","slug":"mondial-2005-el","status":"publish","type":"post","link":"https:\/\/blogs.thesocialmedia.com\/leblogmoto\/2005\/10\/16\/mondial-2005-el\/","title":{"rendered":"Mondial 2005 : Elf R &#8211; Live"},"content":{"rendered":"<p><a href=\"http:\/\/blogs.thesocialmedia.com\/leblogmoto\/files\/2012\/07\/elf_r_1986_2.jpg\"><img loading=\"lazy\" decoding=\"async\" width=\"250\" height=\"188\"  src=\"http:\/\/www.leblogmoto.com\/images\/elf_r_1986_2.JPG\" alt=\"Elf_r_1986_2\" style=\"margin: 0px 5px 5px 0px;float: left\" \/><\/a>Sur le stand Elf, tr\u00f4nait l\u2019Elf R de tous les records. Sa naissance remonte \u00e0 1986 lorsque Elf d\u00e9cida de marquer l\u2019histoire de son sceau en s\u2019attaquant \u00e0 divers records de vitesse avec cette fantastique moto, d\u00e9riv\u00e9e des motos d&rsquo;endurance de 1980-83, et dot\u00e9e d\u2019un 4 cylindres en ligne de 1000 cm3 d\u00e9veloppant 125 ch. Comme vous pouvez le constater, son car\u00e9nage avait fait l\u2019objet de tous les soins des ing\u00e9nieurs de la marque avec une \u00e9tude approfondie en soufflerie pour assurer la meilleure stabilit\u00e9 possible \u00e0 hautes vitesses. De la vitesse il y en avait puisque l\u2019Elf R a atteint les 321 km\/h sur l\u2019anneau de Nardo en Italie. Pas moins de 6 records tomb\u00e8rent ce jour l\u00e0 (14 septembre 1986) dans les mains de E. Courly, C. Le Liard et H. Auriol.<\/p>\n<p><a href=\"http:\/\/blogs.thesocialmedia.com\/leblogmoto\/files\/2012\/07\/elf_r_1986_1.jpg\"><img loading=\"lazy\" decoding=\"async\" width=\"470\" height=\"354\"  src=\"http:\/\/www.leblogmoto.com\/images\/elf_r_1986_1.JPG\" alt=\"Elf_r_1986_1\" style=\"margin: 0px 5px 5px 0px;float: left\" \/><\/a><\/p>\n","protected":false},"excerpt":{"rendered":"<p>Sur le stand Elf, tr\u00f4nait l\u2019Elf R de tous les records. Sa naissance remonte \u00e0 1986 lorsque Elf d\u00e9cida de marquer l\u2019histoire de son sceau en s\u2019attaquant \u00e0 divers records de vitesse avec cette fantastique moto, d\u00e9riv\u00e9e des motos d&rsquo;endurance de 1980-83, et dot\u00e9e d\u2019un 4 cylindres en ligne de 1000 cm3 d\u00e9veloppant 125 ch. [&hellip;]<\/p>\n","protected":false},"author":338,"featured_media":0,"comment_status":"open","ping_status":"open","sticky":false,"template":"","format":"standard","meta":{"footnotes":""},"categories":[17,36,32],"tags":[],"class_list":["post-2339","post","type-post","status-publish","format-standard","hentry","category-divers","category-salons","category-sport-moto"],"yoast_head":"<!-- This site is optimized with the Yoast SEO plugin v26.0 - https:\/\/yoast.com\/wordpress\/plugins\/seo\/ -->\n<title>Mondial 2005 : Elf R - Live - leblogmoto.com<\/title>\n<meta name=\"robots\" content=\"index, follow, max-snippet:-1, max-image-preview:large, max-video-preview:-1\" \/>\n<link rel=\"canonical\" href=\"https:\/\/blogs.thesocialmedia.com\/leblogmoto\/2005\/10\/16\/mondial-2005-el\/\" \/>\n<meta name=\"twitter:card\" content=\"summary_large_image\" \/>\n<meta name=\"twitter:title\" content=\"Mondial 2005 : Elf R - Live - leblogmoto.com\" \/>\n<meta name=\"twitter:description\" content=\"Sur le stand Elf, tr\u00f4nait l\u2019Elf R de tous les records. Sa naissance remonte \u00e0 1986 lorsque Elf d\u00e9cida de marquer l\u2019histoire de son sceau en s\u2019attaquant \u00e0 divers records de vitesse avec cette fantastique moto, d\u00e9riv\u00e9e des motos d&rsquo;endurance de 1980-83, et dot\u00e9e d\u2019un 4 cylindres en ligne de 1000 cm3 d\u00e9veloppant 125 ch. [&hellip;]\" \/>\n<meta name=\"twitter:image\" content=\"http:\/\/www.leblogmoto.com\/images\/elf_r_1986_2.JPG\" \/>\n<meta name=\"twitter:label1\" content=\"\u00c9crit par\" \/>\n\t<meta name=\"twitter:data1\" content=\"vincent vaillant\" \/>\n\t<meta name=\"twitter:label2\" content=\"Dur\u00e9e de lecture estim\u00e9e\" \/>\n\t<meta name=\"twitter:data2\" content=\"1 minute\" \/>\n<script type=\"application\/ld+json\" class=\"yoast-schema-graph\">{\"@context\":\"https:\/\/schema.org\",\"@graph\":[{\"@type\":\"WebPage\",\"@id\":\"https:\/\/blogs.thesocialmedia.com\/leblogmoto\/2005\/10\/16\/mondial-2005-el\/\",\"url\":\"https:\/\/blogs.thesocialmedia.com\/leblogmoto\/2005\/10\/16\/mondial-2005-el\/\",\"name\":\"Mondial 2005 : Elf R - Live - leblogmoto.com\",\"isPartOf\":{\"@id\":\"https:\/\/blogs.thesocialmedia.com\/leblogmoto\/#website\"},\"primaryImageOfPage\":{\"@id\":\"https:\/\/blogs.thesocialmedia.com\/leblogmoto\/2005\/10\/16\/mondial-2005-el\/#primaryimage\"},\"image\":{\"@id\":\"https:\/\/blogs.thesocialmedia.com\/leblogmoto\/2005\/10\/16\/mondial-2005-el\/#primaryimage\"},\"thumbnailUrl\":\"http:\/\/www.leblogmoto.com\/images\/elf_r_1986_2.JPG\",\"datePublished\":\"2005-10-16T19:54:14+00:00\",\"dateModified\":\"2012-07-11T13:58:07+00:00\",\"author\":{\"@id\":\"https:\/\/blogs.thesocialmedia.com\/leblogmoto\/#\/schema\/person\/80d2a078dbdb8b60abbd76bae6011f19\"},\"breadcrumb\":{\"@id\":\"https:\/\/blogs.thesocialmedia.com\/leblogmoto\/2005\/10\/16\/mondial-2005-el\/#breadcrumb\"},\"inLanguage\":\"fr-FR\",\"potentialAction\":[{\"@type\":\"ReadAction\",\"target\":[\"https:\/\/blogs.thesocialmedia.com\/leblogmoto\/2005\/10\/16\/mondial-2005-el\/\"]}]},{\"@type\":\"ImageObject\",\"inLanguage\":\"fr-FR\",\"@id\":\"https:\/\/blogs.thesocialmedia.com\/leblogmoto\/2005\/10\/16\/mondial-2005-el\/#primaryimage\",\"url\":\"http:\/\/www.leblogmoto.com\/images\/elf_r_1986_2.JPG\",\"contentUrl\":\"http:\/\/www.leblogmoto.com\/images\/elf_r_1986_2.JPG\"},{\"@type\":\"BreadcrumbList\",\"@id\":\"https:\/\/blogs.thesocialmedia.com\/leblogmoto\/2005\/10\/16\/mondial-2005-el\/#breadcrumb\",\"itemListElement\":[{\"@type\":\"ListItem\",\"position\":1,\"name\":\"Accueil\",\"item\":\"https:\/\/blogs.thesocialmedia.com\/leblogmoto\/\"},{\"@type\":\"ListItem\",\"position\":2,\"name\":\"Mondial 2005 : Elf R &#8211; Live\"}]},{\"@type\":\"WebSite\",\"@id\":\"https:\/\/blogs.thesocialmedia.com\/leblogmoto\/#website\",\"url\":\"https:\/\/blogs.thesocialmedia.com\/leblogmoto\/\",\"name\":\"leblogmoto\",\"description\":\"Toute l&#039;actualit\u00e9 des 2 roues\",\"potentialAction\":[{\"@type\":\"SearchAction\",\"target\":{\"@type\":\"EntryPoint\",\"urlTemplate\":\"https:\/\/blogs.thesocialmedia.com\/leblogmoto\/?s={search_term_string}\"},\"query-input\":{\"@type\":\"PropertyValueSpecification\",\"valueRequired\":true,\"valueName\":\"search_term_string\"}}],\"inLanguage\":\"fr-FR\"},{\"@type\":\"Person\",\"@id\":\"https:\/\/blogs.thesocialmedia.com\/leblogmoto\/#\/schema\/person\/80d2a078dbdb8b60abbd76bae6011f19\",\"name\":\"vincent vaillant\",\"image\":{\"@type\":\"ImageObject\",\"inLanguage\":\"fr-FR\",\"@id\":\"https:\/\/blogs.thesocialmedia.com\/leblogmoto\/#\/schema\/person\/image\/\",\"url\":\"https:\/\/secure.gravatar.com\/avatar\/?s=96&d=mm&r=g\",\"contentUrl\":\"https:\/\/secure.gravatar.com\/avatar\/?s=96&d=mm&r=g\",\"caption\":\"vincent vaillant\"},\"url\":\"https:\/\/blogs.thesocialmedia.com\/leblogmoto\/author\/vincent-vaillant\/\"}]}<\/script>\n<!-- \/ Yoast SEO plugin. -->","yoast_head_json":{"title":"Mondial 2005 : Elf R - Live - leblogmoto.com","robots":{"index":"index","follow":"follow","max-snippet":"max-snippet:-1","max-image-preview":"max-image-preview:large","max-video-preview":"max-video-preview:-1"},"canonical":"https:\/\/blogs.thesocialmedia.com\/leblogmoto\/2005\/10\/16\/mondial-2005-el\/","twitter_card":"summary_large_image","twitter_title":"Mondial 2005 : Elf R - Live - leblogmoto.com","twitter_description":"Sur le stand Elf, tr\u00f4nait l\u2019Elf R de tous les records. Sa naissance remonte \u00e0 1986 lorsque Elf d\u00e9cida de marquer l\u2019histoire de son sceau en s\u2019attaquant \u00e0 divers records de vitesse avec cette fantastique moto, d\u00e9riv\u00e9e des motos d&rsquo;endurance de 1980-83, et dot\u00e9e d\u2019un 4 cylindres en ligne de 1000 cm3 d\u00e9veloppant 125 ch. [&hellip;]","twitter_image":"http:\/\/www.leblogmoto.com\/images\/elf_r_1986_2.JPG","twitter_misc":{"\u00c9crit par":"vincent vaillant","Dur\u00e9e de lecture estim\u00e9e":"1 minute"},"schema":{"@context":"https:\/\/schema.org","@graph":[{"@type":"WebPage","@id":"https:\/\/blogs.thesocialmedia.com\/leblogmoto\/2005\/10\/16\/mondial-2005-el\/","url":"https:\/\/blogs.thesocialmedia.com\/leblogmoto\/2005\/10\/16\/mondial-2005-el\/","name":"Mondial 2005 : Elf R - Live - leblogmoto.com","isPartOf":{"@id":"https:\/\/blogs.thesocialmedia.com\/leblogmoto\/#website"},"primaryImageOfPage":{"@id":"https:\/\/blogs.thesocialmedia.com\/leblogmoto\/2005\/10\/16\/mondial-2005-el\/#primaryimage"},"image":{"@id":"https:\/\/blogs.thesocialmedia.com\/leblogmoto\/2005\/10\/16\/mondial-2005-el\/#primaryimage"},"thumbnailUrl":"http:\/\/www.leblogmoto.com\/images\/elf_r_1986_2.JPG","datePublished":"2005-10-16T19:54:14+00:00","dateModified":"2012-07-11T13:58:07+00:00","author":{"@id":"https:\/\/blogs.thesocialmedia.com\/leblogmoto\/#\/schema\/person\/80d2a078dbdb8b60abbd76bae6011f19"},"breadcrumb":{"@id":"https:\/\/blogs.thesocialmedia.com\/leblogmoto\/2005\/10\/16\/mondial-2005-el\/#breadcrumb"},"inLanguage":"fr-FR","potentialAction":[{"@type":"ReadAction","target":["https:\/\/blogs.thesocialmedia.com\/leblogmoto\/2005\/10\/16\/mondial-2005-el\/"]}]},{"@type":"ImageObject","inLanguage":"fr-FR","@id":"https:\/\/blogs.thesocialmedia.com\/leblogmoto\/2005\/10\/16\/mondial-2005-el\/#primaryimage","url":"http:\/\/www.leblogmoto.com\/images\/elf_r_1986_2.JPG","contentUrl":"http:\/\/www.leblogmoto.com\/images\/elf_r_1986_2.JPG"},{"@type":"BreadcrumbList","@id":"https:\/\/blogs.thesocialmedia.com\/leblogmoto\/2005\/10\/16\/mondial-2005-el\/#breadcrumb","itemListElement":[{"@type":"ListItem","position":1,"name":"Accueil","item":"https:\/\/blogs.thesocialmedia.com\/leblogmoto\/"},{"@type":"ListItem","position":2,"name":"Mondial 2005 : Elf R &#8211; Live"}]},{"@type":"WebSite","@id":"https:\/\/blogs.thesocialmedia.com\/leblogmoto\/#website","url":"https:\/\/blogs.thesocialmedia.com\/leblogmoto\/","name":"leblogmoto","description":"Toute l&#039;actualit\u00e9 des 2 roues","potentialAction":[{"@type":"SearchAction","target":{"@type":"EntryPoint","urlTemplate":"https:\/\/blogs.thesocialmedia.com\/leblogmoto\/?s={search_term_string}"},"query-input":{"@type":"PropertyValueSpecification","valueRequired":true,"valueName":"search_term_string"}}],"inLanguage":"fr-FR"},{"@type":"Person","@id":"https:\/\/blogs.thesocialmedia.com\/leblogmoto\/#\/schema\/person\/80d2a078dbdb8b60abbd76bae6011f19","name":"vincent vaillant","image":{"@type":"ImageObject","inLanguage":"fr-FR","@id":"https:\/\/blogs.thesocialmedia.com\/leblogmoto\/#\/schema\/person\/image\/","url":"https:\/\/secure.gravatar.com\/avatar\/?s=96&d=mm&r=g","contentUrl":"https:\/\/secure.gravatar.com\/avatar\/?s=96&d=mm&r=g","caption":"vincent vaillant"},"url":"https:\/\/blogs.thesocialmedia.com\/leblogmoto\/author\/vincent-vaillant\/"}]}},"_links":{"self":[{"href":"https:\/\/blogs.thesocialmedia.com\/leblogmoto\/wp-json\/wp\/v2\/posts\/2339","targetHints":{"allow":["GET"]}}],"collection":[{"href":"https:\/\/blogs.thesocialmedia.com\/leblogmoto\/wp-json\/wp\/v2\/posts"}],"about":[{"href":"https:\/\/blogs.thesocialmedia.com\/leblogmoto\/wp-json\/wp\/v2\/types\/post"}],"author":[{"embeddable":true,"href":"https:\/\/blogs.thesocialmedia.com\/leblogmoto\/wp-json\/wp\/v2\/users\/338"}],"replies":[{"embeddable":true,"href":"https:\/\/blogs.thesocialmedia.com\/leblogmoto\/wp-json\/wp\/v2\/comments?post=2339"}],"version-history":[{"count":2,"href":"https:\/\/blogs.thesocialmedia.com\/leblogmoto\/wp-json\/wp\/v2\/posts\/2339\/revisions"}],"predecessor-version":[{"id":6254,"href":"https:\/\/blogs.thesocialmedia.com\/leblogmoto\/wp-json\/wp\/v2\/posts\/2339\/revisions\/6254"}],"wp:attachment":[{"href":"https:\/\/blogs.thesocialmedia.com\/leblogmoto\/wp-json\/wp\/v2\/media?parent=2339"}],"wp:term":[{"taxonomy":"category","embeddable":true,"href":"https:\/\/blogs.thesocialmedia.com\/leblogmoto\/wp-json\/wp\/v2\/categories?post=2339"},{"taxonomy":"post_tag","embeddable":true,"href":"https:\/\/blogs.thesocialmedia.com\/leblogmoto\/wp-json\/wp\/v2\/tags?post=2339"}],"curies":[{"name":"wp","href":"https:\/\/api.w.org\/{rel}","templated":true}]}}