{"id":2340,"date":"2005-10-16T19:28:09","date_gmt":"2005-10-16T19:28:09","guid":{"rendered":"http:\/\/blogs.thesocialmedia.com\/leblogmoto\/2005\/10\/16\/mondial-2005-kt\/"},"modified":"2012-07-11T13:58:03","modified_gmt":"2012-07-11T13:58:03","slug":"mondial-2005-kt","status":"publish","type":"post","link":"https:\/\/blogs.thesocialmedia.com\/leblogmoto\/2005\/10\/16\/mondial-2005-kt\/","title":{"rendered":"Mondial 2005 : KTM Super Duke 990 RR \u2013 Live"},"content":{"rendered":"<p><a href=\"http:\/\/blogs.thesocialmedia.com\/leblogmoto\/files\/2012\/07\/ktm_super_duke_2006_carbone_1.jpg\"><img loading=\"lazy\" decoding=\"async\" width=\"250\" height=\"188\"  src=\"http:\/\/www.leblogmoto.com\/images\/ktm_super_duke_2006_carbone_1.JPG\" alt=\"Ktm_super_duke_2006_carbone_1\" style=\"margin: 0px 5px 5px 0px;float: left\" \/><\/a>Daniel Bour vous en parlait d\u00e9j\u00e0 dans <a href=\"http:\/\/www.leblogmoto.com\/2005\/09\/ktm_990_super_d.html\">cet article<\/a>, la KTM Super Duke est un sacr\u00e9 canard quand vous mettez la poign\u00e9e des gaz dans le coin coin. D\u00e9j\u00e0 tr\u00e8s attirante avec son style muscl\u00e9 annonciateur de performances, voici un mod\u00e8le encore plus abouti entraper\u00e7u sur le stand de KTM lors du dernier <a href=\"http:\/\/www.leblogmoto.com\/2005\/09\/mondial_du_deux.html\">Mondial du Deux Roues<\/a>. La version RR est une version circuit qui se diff\u00e9rencie par de nouvelles suspensions, une nouvelle cartographie, un amortisseur de direction, des pneus slicks, etc&#8230; mais l\u2019\u0153il accroche surtout sur le car\u00e9nage enti\u00e8rement en carbone du mod\u00e8le. T\u00eate de fourche, tableau de bord, passage de roues avant, r\u00e9servoir, caches lat\u00e9raux, sabot, car\u00e9nage arri\u00e8re, l\u00e8che-roue arri\u00e8re\u2026 tout y passe dans ce merveilleux mat\u00e9riaux issu de la comp\u00e9tition qui donne un poids de seulement 170 kg. A cela s\u2019ajoute deux sorties d\u2019\u00e9chappements Akaapovic, un peu disgracieuses, qui doivent tout simplement hurler tout en augmentant quelque peu la puissance moteur. Le r\u00e9sultat est tout simplement bluffant, l\u2019aspect carbone flatte l\u2019\u0153il des passants et l\u2019ego de son propri\u00e9taire\u2026 vivement que le prix de ce mat\u00e9riau baisse un peu car cela me donne des id\u00e9es\u2026 Comptez 2000 \u00e0 3000 \u20ac pour cette pr\u00e9paration.<\/p>\n<p><a href=\"http:\/\/clabedan.typepad.com\/.shared\/image.html?\/photos\/uncategorized\/ktm_super_duke_2006_carbone_2.JPG\"><img loading=\"lazy\" decoding=\"async\" width=\"470\" height=\"354\"  src=\"http:\/\/www.leblogmoto.com\/images\/ktm_super_duke_2006_carbone_2.JPG\" alt=\"Ktm_super_duke_2006_carbone_2\" style=\"margin: 0px 5px 5px 0px;float: left\" \/><\/a><\/p>\n","protected":false},"excerpt":{"rendered":"<p>Daniel Bour vous en parlait d\u00e9j\u00e0 dans cet article, la KTM Super Duke est un sacr\u00e9 canard quand vous mettez la poign\u00e9e des gaz dans le coin coin. D\u00e9j\u00e0 tr\u00e8s attirante avec son style muscl\u00e9 annonciateur de performances, voici un mod\u00e8le encore plus abouti entraper\u00e7u sur le stand de KTM lors du dernier Mondial du [&hellip;]<\/p>\n","protected":false},"author":338,"featured_media":0,"comment_status":"open","ping_status":"open","sticky":false,"template":"","format":"standard","meta":{"footnotes":""},"categories":[39,36],"tags":[],"class_list":["post-2340","post","type-post","status-publish","format-standard","hentry","category-ktm","category-salons"],"yoast_head":"<!-- This site is optimized with the Yoast SEO plugin v26.0 - https:\/\/yoast.com\/wordpress\/plugins\/seo\/ -->\n<title>Mondial 2005 : KTM Super Duke 990 RR \u2013 Live - leblogmoto.com<\/title>\n<meta name=\"robots\" content=\"index, follow, max-snippet:-1, max-image-preview:large, max-video-preview:-1\" \/>\n<link rel=\"canonical\" href=\"https:\/\/blogs.thesocialmedia.com\/leblogmoto\/2005\/10\/16\/mondial-2005-kt\/\" \/>\n<meta name=\"twitter:card\" content=\"summary_large_image\" \/>\n<meta name=\"twitter:title\" content=\"Mondial 2005 : KTM Super Duke 990 RR \u2013 Live - leblogmoto.com\" \/>\n<meta name=\"twitter:description\" content=\"Daniel Bour vous en parlait d\u00e9j\u00e0 dans cet article, la KTM Super Duke est un sacr\u00e9 canard quand vous mettez la poign\u00e9e des gaz dans le coin coin. D\u00e9j\u00e0 tr\u00e8s attirante avec son style muscl\u00e9 annonciateur de performances, voici un mod\u00e8le encore plus abouti entraper\u00e7u sur le stand de KTM lors du dernier Mondial du [&hellip;]\" \/>\n<meta name=\"twitter:image\" content=\"http:\/\/www.leblogmoto.com\/images\/ktm_super_duke_2006_carbone_1.JPG\" \/>\n<meta name=\"twitter:label1\" content=\"\u00c9crit par\" \/>\n\t<meta name=\"twitter:data1\" content=\"vincent vaillant\" \/>\n\t<meta name=\"twitter:label2\" content=\"Dur\u00e9e de lecture estim\u00e9e\" \/>\n\t<meta name=\"twitter:data2\" content=\"1 minute\" \/>\n<script type=\"application\/ld+json\" class=\"yoast-schema-graph\">{\"@context\":\"https:\/\/schema.org\",\"@graph\":[{\"@type\":\"WebPage\",\"@id\":\"https:\/\/blogs.thesocialmedia.com\/leblogmoto\/2005\/10\/16\/mondial-2005-kt\/\",\"url\":\"https:\/\/blogs.thesocialmedia.com\/leblogmoto\/2005\/10\/16\/mondial-2005-kt\/\",\"name\":\"Mondial 2005 : KTM Super Duke 990 RR \u2013 Live - leblogmoto.com\",\"isPartOf\":{\"@id\":\"https:\/\/blogs.thesocialmedia.com\/leblogmoto\/#website\"},\"primaryImageOfPage\":{\"@id\":\"https:\/\/blogs.thesocialmedia.com\/leblogmoto\/2005\/10\/16\/mondial-2005-kt\/#primaryimage\"},\"image\":{\"@id\":\"https:\/\/blogs.thesocialmedia.com\/leblogmoto\/2005\/10\/16\/mondial-2005-kt\/#primaryimage\"},\"thumbnailUrl\":\"http:\/\/www.leblogmoto.com\/images\/ktm_super_duke_2006_carbone_1.JPG\",\"datePublished\":\"2005-10-16T19:28:09+00:00\",\"dateModified\":\"2012-07-11T13:58:03+00:00\",\"author\":{\"@id\":\"https:\/\/blogs.thesocialmedia.com\/leblogmoto\/#\/schema\/person\/80d2a078dbdb8b60abbd76bae6011f19\"},\"breadcrumb\":{\"@id\":\"https:\/\/blogs.thesocialmedia.com\/leblogmoto\/2005\/10\/16\/mondial-2005-kt\/#breadcrumb\"},\"inLanguage\":\"fr-FR\",\"potentialAction\":[{\"@type\":\"ReadAction\",\"target\":[\"https:\/\/blogs.thesocialmedia.com\/leblogmoto\/2005\/10\/16\/mondial-2005-kt\/\"]}]},{\"@type\":\"ImageObject\",\"inLanguage\":\"fr-FR\",\"@id\":\"https:\/\/blogs.thesocialmedia.com\/leblogmoto\/2005\/10\/16\/mondial-2005-kt\/#primaryimage\",\"url\":\"http:\/\/www.leblogmoto.com\/images\/ktm_super_duke_2006_carbone_1.JPG\",\"contentUrl\":\"http:\/\/www.leblogmoto.com\/images\/ktm_super_duke_2006_carbone_1.JPG\"},{\"@type\":\"BreadcrumbList\",\"@id\":\"https:\/\/blogs.thesocialmedia.com\/leblogmoto\/2005\/10\/16\/mondial-2005-kt\/#breadcrumb\",\"itemListElement\":[{\"@type\":\"ListItem\",\"position\":1,\"name\":\"Accueil\",\"item\":\"https:\/\/blogs.thesocialmedia.com\/leblogmoto\/\"},{\"@type\":\"ListItem\",\"position\":2,\"name\":\"Mondial 2005 : KTM Super Duke 990 RR \u2013 Live\"}]},{\"@type\":\"WebSite\",\"@id\":\"https:\/\/blogs.thesocialmedia.com\/leblogmoto\/#website\",\"url\":\"https:\/\/blogs.thesocialmedia.com\/leblogmoto\/\",\"name\":\"leblogmoto\",\"description\":\"Toute l&#039;actualit\u00e9 des 2 roues\",\"potentialAction\":[{\"@type\":\"SearchAction\",\"target\":{\"@type\":\"EntryPoint\",\"urlTemplate\":\"https:\/\/blogs.thesocialmedia.com\/leblogmoto\/?s={search_term_string}\"},\"query-input\":{\"@type\":\"PropertyValueSpecification\",\"valueRequired\":true,\"valueName\":\"search_term_string\"}}],\"inLanguage\":\"fr-FR\"},{\"@type\":\"Person\",\"@id\":\"https:\/\/blogs.thesocialmedia.com\/leblogmoto\/#\/schema\/person\/80d2a078dbdb8b60abbd76bae6011f19\",\"name\":\"vincent vaillant\",\"image\":{\"@type\":\"ImageObject\",\"inLanguage\":\"fr-FR\",\"@id\":\"https:\/\/blogs.thesocialmedia.com\/leblogmoto\/#\/schema\/person\/image\/\",\"url\":\"https:\/\/secure.gravatar.com\/avatar\/?s=96&d=mm&r=g\",\"contentUrl\":\"https:\/\/secure.gravatar.com\/avatar\/?s=96&d=mm&r=g\",\"caption\":\"vincent vaillant\"},\"url\":\"https:\/\/blogs.thesocialmedia.com\/leblogmoto\/author\/vincent-vaillant\/\"}]}<\/script>\n<!-- \/ Yoast SEO plugin. -->","yoast_head_json":{"title":"Mondial 2005 : KTM Super Duke 990 RR \u2013 Live - leblogmoto.com","robots":{"index":"index","follow":"follow","max-snippet":"max-snippet:-1","max-image-preview":"max-image-preview:large","max-video-preview":"max-video-preview:-1"},"canonical":"https:\/\/blogs.thesocialmedia.com\/leblogmoto\/2005\/10\/16\/mondial-2005-kt\/","twitter_card":"summary_large_image","twitter_title":"Mondial 2005 : KTM Super Duke 990 RR \u2013 Live - leblogmoto.com","twitter_description":"Daniel Bour vous en parlait d\u00e9j\u00e0 dans cet article, la KTM Super Duke est un sacr\u00e9 canard quand vous mettez la poign\u00e9e des gaz dans le coin coin. D\u00e9j\u00e0 tr\u00e8s attirante avec son style muscl\u00e9 annonciateur de performances, voici un mod\u00e8le encore plus abouti entraper\u00e7u sur le stand de KTM lors du dernier Mondial du [&hellip;]","twitter_image":"http:\/\/www.leblogmoto.com\/images\/ktm_super_duke_2006_carbone_1.JPG","twitter_misc":{"\u00c9crit par":"vincent vaillant","Dur\u00e9e de lecture estim\u00e9e":"1 minute"},"schema":{"@context":"https:\/\/schema.org","@graph":[{"@type":"WebPage","@id":"https:\/\/blogs.thesocialmedia.com\/leblogmoto\/2005\/10\/16\/mondial-2005-kt\/","url":"https:\/\/blogs.thesocialmedia.com\/leblogmoto\/2005\/10\/16\/mondial-2005-kt\/","name":"Mondial 2005 : KTM Super Duke 990 RR \u2013 Live - leblogmoto.com","isPartOf":{"@id":"https:\/\/blogs.thesocialmedia.com\/leblogmoto\/#website"},"primaryImageOfPage":{"@id":"https:\/\/blogs.thesocialmedia.com\/leblogmoto\/2005\/10\/16\/mondial-2005-kt\/#primaryimage"},"image":{"@id":"https:\/\/blogs.thesocialmedia.com\/leblogmoto\/2005\/10\/16\/mondial-2005-kt\/#primaryimage"},"thumbnailUrl":"http:\/\/www.leblogmoto.com\/images\/ktm_super_duke_2006_carbone_1.JPG","datePublished":"2005-10-16T19:28:09+00:00","dateModified":"2012-07-11T13:58:03+00:00","author":{"@id":"https:\/\/blogs.thesocialmedia.com\/leblogmoto\/#\/schema\/person\/80d2a078dbdb8b60abbd76bae6011f19"},"breadcrumb":{"@id":"https:\/\/blogs.thesocialmedia.com\/leblogmoto\/2005\/10\/16\/mondial-2005-kt\/#breadcrumb"},"inLanguage":"fr-FR","potentialAction":[{"@type":"ReadAction","target":["https:\/\/blogs.thesocialmedia.com\/leblogmoto\/2005\/10\/16\/mondial-2005-kt\/"]}]},{"@type":"ImageObject","inLanguage":"fr-FR","@id":"https:\/\/blogs.thesocialmedia.com\/leblogmoto\/2005\/10\/16\/mondial-2005-kt\/#primaryimage","url":"http:\/\/www.leblogmoto.com\/images\/ktm_super_duke_2006_carbone_1.JPG","contentUrl":"http:\/\/www.leblogmoto.com\/images\/ktm_super_duke_2006_carbone_1.JPG"},{"@type":"BreadcrumbList","@id":"https:\/\/blogs.thesocialmedia.com\/leblogmoto\/2005\/10\/16\/mondial-2005-kt\/#breadcrumb","itemListElement":[{"@type":"ListItem","position":1,"name":"Accueil","item":"https:\/\/blogs.thesocialmedia.com\/leblogmoto\/"},{"@type":"ListItem","position":2,"name":"Mondial 2005 : KTM Super Duke 990 RR \u2013 Live"}]},{"@type":"WebSite","@id":"https:\/\/blogs.thesocialmedia.com\/leblogmoto\/#website","url":"https:\/\/blogs.thesocialmedia.com\/leblogmoto\/","name":"leblogmoto","description":"Toute l&#039;actualit\u00e9 des 2 roues","potentialAction":[{"@type":"SearchAction","target":{"@type":"EntryPoint","urlTemplate":"https:\/\/blogs.thesocialmedia.com\/leblogmoto\/?s={search_term_string}"},"query-input":{"@type":"PropertyValueSpecification","valueRequired":true,"valueName":"search_term_string"}}],"inLanguage":"fr-FR"},{"@type":"Person","@id":"https:\/\/blogs.thesocialmedia.com\/leblogmoto\/#\/schema\/person\/80d2a078dbdb8b60abbd76bae6011f19","name":"vincent vaillant","image":{"@type":"ImageObject","inLanguage":"fr-FR","@id":"https:\/\/blogs.thesocialmedia.com\/leblogmoto\/#\/schema\/person\/image\/","url":"https:\/\/secure.gravatar.com\/avatar\/?s=96&d=mm&r=g","contentUrl":"https:\/\/secure.gravatar.com\/avatar\/?s=96&d=mm&r=g","caption":"vincent vaillant"},"url":"https:\/\/blogs.thesocialmedia.com\/leblogmoto\/author\/vincent-vaillant\/"}]}},"_links":{"self":[{"href":"https:\/\/blogs.thesocialmedia.com\/leblogmoto\/wp-json\/wp\/v2\/posts\/2340","targetHints":{"allow":["GET"]}}],"collection":[{"href":"https:\/\/blogs.thesocialmedia.com\/leblogmoto\/wp-json\/wp\/v2\/posts"}],"about":[{"href":"https:\/\/blogs.thesocialmedia.com\/leblogmoto\/wp-json\/wp\/v2\/types\/post"}],"author":[{"embeddable":true,"href":"https:\/\/blogs.thesocialmedia.com\/leblogmoto\/wp-json\/wp\/v2\/users\/338"}],"replies":[{"embeddable":true,"href":"https:\/\/blogs.thesocialmedia.com\/leblogmoto\/wp-json\/wp\/v2\/comments?post=2340"}],"version-history":[{"count":2,"href":"https:\/\/blogs.thesocialmedia.com\/leblogmoto\/wp-json\/wp\/v2\/posts\/2340\/revisions"}],"predecessor-version":[{"id":6251,"href":"https:\/\/blogs.thesocialmedia.com\/leblogmoto\/wp-json\/wp\/v2\/posts\/2340\/revisions\/6251"}],"wp:attachment":[{"href":"https:\/\/blogs.thesocialmedia.com\/leblogmoto\/wp-json\/wp\/v2\/media?parent=2340"}],"wp:term":[{"taxonomy":"category","embeddable":true,"href":"https:\/\/blogs.thesocialmedia.com\/leblogmoto\/wp-json\/wp\/v2\/categories?post=2340"},{"taxonomy":"post_tag","embeddable":true,"href":"https:\/\/blogs.thesocialmedia.com\/leblogmoto\/wp-json\/wp\/v2\/tags?post=2340"}],"curies":[{"name":"wp","href":"https:\/\/api.w.org\/{rel}","templated":true}]}}