{"id":2349,"date":"2005-10-15T17:55:53","date_gmt":"2005-10-15T17:55:53","guid":{"rendered":"http:\/\/blogs.thesocialmedia.com\/leblogmoto\/2005\/10\/15\/honda-crf250r-2-2\/"},"modified":"2012-07-11T13:56:28","modified_gmt":"2012-07-11T13:56:28","slug":"honda-crf250r-2-2","status":"publish","type":"post","link":"https:\/\/blogs.thesocialmedia.com\/leblogmoto\/2005\/10\/15\/honda-crf250r-2-2\/","title":{"rendered":"Honda CRF250R 2006 partie 1"},"content":{"rendered":"<p><a href=\"http:\/\/blogs.thesocialmedia.com\/leblogmoto\/files\/2012\/07\/crf250_4.jpg\"><img loading=\"lazy\" decoding=\"async\" alt=\"Crf250_4\" src=\"http:\/\/www.leblogmoto.com\/images\/crf250_4.jpg\" width=\"250\" height=\"174\"  style=\"float: left;margin: 0px 5px 5px 0px\" \/><\/a><\/p>\n<p>Selon Honda, le futur du motocross se pr\u00e9sente sous la forme de la nouvelle CRF250R. Une kirielle ne nouveaut\u00e9s s\u2019attache \u00e0 cette nouvelle machine et devrait fournir un potentiel capable de dominer le monde de MX de la t\u00eate et des \u00e9paules.<br \/> Les \u00e9volutions 2006 :<br \/> &#8211; Nouvel \u00e9chappement d\u00e9doubl\u00e9 permettant de centraliser les masses et de r\u00e9duire le moment d&rsquo;inertie afin d&rsquo;am\u00e9liorer le comportement g\u00e9n\u00e9ral. Il permet aussi d\u2019augmenter le couple \u00e0 bas r\u00e9gimes et il fait appel  \u00e0 un collecteur en acier inox ainsi qu&rsquo;\u00e0 des silencieux reconditionnables en aluminium<br \/> .- Nouvelle forme de piston avec taux de compression sup\u00e9rieur pour am\u00e9liorer la puissance \u00e0 moyens et hauts r\u00e9gimes<br \/> &#8211; Segment plus fin afin de limiter les frottements<br \/> &#8211; Culasse avec nouveaux conduits d&rsquo;\u00e9chappement pour une puissance plus \u00e9lev\u00e9e \u00e0 hauts r\u00e9gimes<br \/> &#8211; Nouveau mat\u00e9riau pour les si\u00e8ges de soupapes d&rsquo;admission afin d&rsquo;augmenter leur long\u00e9vit\u00e9<br \/> &#8211; Nouveau vilebrequin augmentant la puissance \u00e0 hauts r\u00e9gimes<br \/> &#8211; Nouveau carburateur Keihin FCR diam. 40 mm am\u00e9liorant la puissance \u00e0 hauts r\u00e9gimes<br \/> &#8211; La nouvelle cartographie d&rsquo;allumage associ\u00e9e \u00e0 la nouvelle culase et le nouveau vilebrequin afin d\u2019augmenter la puissance sur toute la plage de r\u00e9gime.<\/p>\n<p>&#8211; Nouveau moyeu avant plus l\u00e9ger et plus r\u00e9sistant<br \/> &#8211; Nouveaux fourreaux de fourches plus courts afin de r\u00e9duire le poids<br \/> &#8211; Radiateurs abaiss\u00e9s de 5 mm pour un centre de gravit\u00e9 plus bas et un meilleur ressenti par le pilote<br \/> &#8211; Nouvelle construction du bras oscillant limitant le poids<br \/> &#8211; Nouveaux r\u00e9glages de suspensions avant et arri\u00e8re pour une efficacit\u00e9 renforc\u00e9e sur les bosses.<\/p>\n<p><a href=\"http:\/\/blogs.thesocialmedia.com\/leblogmoto\/files\/2012\/07\/crf250_1.jpg\"><img loading=\"lazy\" decoding=\"async\" alt=\"Crf250_1\" src=\"http:\/\/www.leblogmoto.com\/images\/crf250_1.jpg\" width=\"470\" height=\"705\"  style=\"float: left;margin: 0px 5px 5px 0px\" \/><\/a><\/p>\n","protected":false},"excerpt":{"rendered":"<p>Selon Honda, le futur du motocross se pr\u00e9sente sous la forme de la nouvelle CRF250R. Une kirielle ne nouveaut\u00e9s s\u2019attache \u00e0 cette nouvelle machine et devrait fournir un potentiel capable de dominer le monde de MX de la t\u00eate et des \u00e9paules. Les \u00e9volutions 2006 : &#8211; Nouvel \u00e9chappement d\u00e9doubl\u00e9 permettant de centraliser les masses [&hellip;]<\/p>\n","protected":false},"author":339,"featured_media":0,"comment_status":"open","ping_status":"open","sticky":false,"template":"","format":"standard","meta":{"footnotes":""},"categories":[14,66],"tags":[],"class_list":["post-2349","post","type-post","status-publish","format-standard","hentry","category-honda","category-moto-cross"],"yoast_head":"<!-- This site is optimized with the Yoast SEO plugin v26.0 - https:\/\/yoast.com\/wordpress\/plugins\/seo\/ -->\n<title>Honda CRF250R 2006 partie 1 - leblogmoto.com<\/title>\n<meta name=\"robots\" content=\"index, follow, max-snippet:-1, max-image-preview:large, max-video-preview:-1\" \/>\n<link rel=\"canonical\" href=\"https:\/\/blogs.thesocialmedia.com\/leblogmoto\/2005\/10\/15\/honda-crf250r-2-2\/\" \/>\n<meta name=\"twitter:card\" content=\"summary_large_image\" \/>\n<meta name=\"twitter:title\" content=\"Honda CRF250R 2006 partie 1 - leblogmoto.com\" \/>\n<meta name=\"twitter:description\" content=\"Selon Honda, le futur du motocross se pr\u00e9sente sous la forme de la nouvelle CRF250R. Une kirielle ne nouveaut\u00e9s s\u2019attache \u00e0 cette nouvelle machine et devrait fournir un potentiel capable de dominer le monde de MX de la t\u00eate et des \u00e9paules. Les \u00e9volutions 2006 : &#8211; Nouvel \u00e9chappement d\u00e9doubl\u00e9 permettant de centraliser les masses [&hellip;]\" \/>\n<meta name=\"twitter:image\" content=\"http:\/\/www.leblogmoto.com\/images\/crf250_4.jpg\" \/>\n<meta name=\"twitter:label1\" content=\"\u00c9crit par\" \/>\n\t<meta name=\"twitter:data1\" content=\"daniel bour\" \/>\n\t<meta name=\"twitter:label2\" content=\"Dur\u00e9e de lecture estim\u00e9e\" \/>\n\t<meta name=\"twitter:data2\" content=\"1 minute\" \/>\n<script type=\"application\/ld+json\" class=\"yoast-schema-graph\">{\"@context\":\"https:\/\/schema.org\",\"@graph\":[{\"@type\":\"WebPage\",\"@id\":\"https:\/\/blogs.thesocialmedia.com\/leblogmoto\/2005\/10\/15\/honda-crf250r-2-2\/\",\"url\":\"https:\/\/blogs.thesocialmedia.com\/leblogmoto\/2005\/10\/15\/honda-crf250r-2-2\/\",\"name\":\"Honda CRF250R 2006 partie 1 - leblogmoto.com\",\"isPartOf\":{\"@id\":\"https:\/\/blogs.thesocialmedia.com\/leblogmoto\/#website\"},\"primaryImageOfPage\":{\"@id\":\"https:\/\/blogs.thesocialmedia.com\/leblogmoto\/2005\/10\/15\/honda-crf250r-2-2\/#primaryimage\"},\"image\":{\"@id\":\"https:\/\/blogs.thesocialmedia.com\/leblogmoto\/2005\/10\/15\/honda-crf250r-2-2\/#primaryimage\"},\"thumbnailUrl\":\"http:\/\/www.leblogmoto.com\/images\/crf250_4.jpg\",\"datePublished\":\"2005-10-15T17:55:53+00:00\",\"dateModified\":\"2012-07-11T13:56:28+00:00\",\"author\":{\"@id\":\"https:\/\/blogs.thesocialmedia.com\/leblogmoto\/#\/schema\/person\/112bf3448e55eeb119f6276bbf85b8e7\"},\"breadcrumb\":{\"@id\":\"https:\/\/blogs.thesocialmedia.com\/leblogmoto\/2005\/10\/15\/honda-crf250r-2-2\/#breadcrumb\"},\"inLanguage\":\"fr-FR\",\"potentialAction\":[{\"@type\":\"ReadAction\",\"target\":[\"https:\/\/blogs.thesocialmedia.com\/leblogmoto\/2005\/10\/15\/honda-crf250r-2-2\/\"]}]},{\"@type\":\"ImageObject\",\"inLanguage\":\"fr-FR\",\"@id\":\"https:\/\/blogs.thesocialmedia.com\/leblogmoto\/2005\/10\/15\/honda-crf250r-2-2\/#primaryimage\",\"url\":\"http:\/\/www.leblogmoto.com\/images\/crf250_4.jpg\",\"contentUrl\":\"http:\/\/www.leblogmoto.com\/images\/crf250_4.jpg\"},{\"@type\":\"BreadcrumbList\",\"@id\":\"https:\/\/blogs.thesocialmedia.com\/leblogmoto\/2005\/10\/15\/honda-crf250r-2-2\/#breadcrumb\",\"itemListElement\":[{\"@type\":\"ListItem\",\"position\":1,\"name\":\"Accueil\",\"item\":\"https:\/\/blogs.thesocialmedia.com\/leblogmoto\/\"},{\"@type\":\"ListItem\",\"position\":2,\"name\":\"Honda CRF250R 2006 partie 1\"}]},{\"@type\":\"WebSite\",\"@id\":\"https:\/\/blogs.thesocialmedia.com\/leblogmoto\/#website\",\"url\":\"https:\/\/blogs.thesocialmedia.com\/leblogmoto\/\",\"name\":\"leblogmoto\",\"description\":\"Toute l&#039;actualit\u00e9 des 2 roues\",\"potentialAction\":[{\"@type\":\"SearchAction\",\"target\":{\"@type\":\"EntryPoint\",\"urlTemplate\":\"https:\/\/blogs.thesocialmedia.com\/leblogmoto\/?s={search_term_string}\"},\"query-input\":{\"@type\":\"PropertyValueSpecification\",\"valueRequired\":true,\"valueName\":\"search_term_string\"}}],\"inLanguage\":\"fr-FR\"},{\"@type\":\"Person\",\"@id\":\"https:\/\/blogs.thesocialmedia.com\/leblogmoto\/#\/schema\/person\/112bf3448e55eeb119f6276bbf85b8e7\",\"name\":\"daniel bour\",\"image\":{\"@type\":\"ImageObject\",\"inLanguage\":\"fr-FR\",\"@id\":\"https:\/\/blogs.thesocialmedia.com\/leblogmoto\/#\/schema\/person\/image\/\",\"url\":\"https:\/\/secure.gravatar.com\/avatar\/?s=96&d=mm&r=g\",\"contentUrl\":\"https:\/\/secure.gravatar.com\/avatar\/?s=96&d=mm&r=g\",\"caption\":\"daniel bour\"},\"url\":\"https:\/\/blogs.thesocialmedia.com\/leblogmoto\/author\/daniel-bour\/\"}]}<\/script>\n<!-- \/ Yoast SEO plugin. -->","yoast_head_json":{"title":"Honda CRF250R 2006 partie 1 - leblogmoto.com","robots":{"index":"index","follow":"follow","max-snippet":"max-snippet:-1","max-image-preview":"max-image-preview:large","max-video-preview":"max-video-preview:-1"},"canonical":"https:\/\/blogs.thesocialmedia.com\/leblogmoto\/2005\/10\/15\/honda-crf250r-2-2\/","twitter_card":"summary_large_image","twitter_title":"Honda CRF250R 2006 partie 1 - leblogmoto.com","twitter_description":"Selon Honda, le futur du motocross se pr\u00e9sente sous la forme de la nouvelle CRF250R. Une kirielle ne nouveaut\u00e9s s\u2019attache \u00e0 cette nouvelle machine et devrait fournir un potentiel capable de dominer le monde de MX de la t\u00eate et des \u00e9paules. Les \u00e9volutions 2006 : &#8211; Nouvel \u00e9chappement d\u00e9doubl\u00e9 permettant de centraliser les masses [&hellip;]","twitter_image":"http:\/\/www.leblogmoto.com\/images\/crf250_4.jpg","twitter_misc":{"\u00c9crit par":"daniel bour","Dur\u00e9e de lecture estim\u00e9e":"1 minute"},"schema":{"@context":"https:\/\/schema.org","@graph":[{"@type":"WebPage","@id":"https:\/\/blogs.thesocialmedia.com\/leblogmoto\/2005\/10\/15\/honda-crf250r-2-2\/","url":"https:\/\/blogs.thesocialmedia.com\/leblogmoto\/2005\/10\/15\/honda-crf250r-2-2\/","name":"Honda CRF250R 2006 partie 1 - leblogmoto.com","isPartOf":{"@id":"https:\/\/blogs.thesocialmedia.com\/leblogmoto\/#website"},"primaryImageOfPage":{"@id":"https:\/\/blogs.thesocialmedia.com\/leblogmoto\/2005\/10\/15\/honda-crf250r-2-2\/#primaryimage"},"image":{"@id":"https:\/\/blogs.thesocialmedia.com\/leblogmoto\/2005\/10\/15\/honda-crf250r-2-2\/#primaryimage"},"thumbnailUrl":"http:\/\/www.leblogmoto.com\/images\/crf250_4.jpg","datePublished":"2005-10-15T17:55:53+00:00","dateModified":"2012-07-11T13:56:28+00:00","author":{"@id":"https:\/\/blogs.thesocialmedia.com\/leblogmoto\/#\/schema\/person\/112bf3448e55eeb119f6276bbf85b8e7"},"breadcrumb":{"@id":"https:\/\/blogs.thesocialmedia.com\/leblogmoto\/2005\/10\/15\/honda-crf250r-2-2\/#breadcrumb"},"inLanguage":"fr-FR","potentialAction":[{"@type":"ReadAction","target":["https:\/\/blogs.thesocialmedia.com\/leblogmoto\/2005\/10\/15\/honda-crf250r-2-2\/"]}]},{"@type":"ImageObject","inLanguage":"fr-FR","@id":"https:\/\/blogs.thesocialmedia.com\/leblogmoto\/2005\/10\/15\/honda-crf250r-2-2\/#primaryimage","url":"http:\/\/www.leblogmoto.com\/images\/crf250_4.jpg","contentUrl":"http:\/\/www.leblogmoto.com\/images\/crf250_4.jpg"},{"@type":"BreadcrumbList","@id":"https:\/\/blogs.thesocialmedia.com\/leblogmoto\/2005\/10\/15\/honda-crf250r-2-2\/#breadcrumb","itemListElement":[{"@type":"ListItem","position":1,"name":"Accueil","item":"https:\/\/blogs.thesocialmedia.com\/leblogmoto\/"},{"@type":"ListItem","position":2,"name":"Honda CRF250R 2006 partie 1"}]},{"@type":"WebSite","@id":"https:\/\/blogs.thesocialmedia.com\/leblogmoto\/#website","url":"https:\/\/blogs.thesocialmedia.com\/leblogmoto\/","name":"leblogmoto","description":"Toute l&#039;actualit\u00e9 des 2 roues","potentialAction":[{"@type":"SearchAction","target":{"@type":"EntryPoint","urlTemplate":"https:\/\/blogs.thesocialmedia.com\/leblogmoto\/?s={search_term_string}"},"query-input":{"@type":"PropertyValueSpecification","valueRequired":true,"valueName":"search_term_string"}}],"inLanguage":"fr-FR"},{"@type":"Person","@id":"https:\/\/blogs.thesocialmedia.com\/leblogmoto\/#\/schema\/person\/112bf3448e55eeb119f6276bbf85b8e7","name":"daniel bour","image":{"@type":"ImageObject","inLanguage":"fr-FR","@id":"https:\/\/blogs.thesocialmedia.com\/leblogmoto\/#\/schema\/person\/image\/","url":"https:\/\/secure.gravatar.com\/avatar\/?s=96&d=mm&r=g","contentUrl":"https:\/\/secure.gravatar.com\/avatar\/?s=96&d=mm&r=g","caption":"daniel bour"},"url":"https:\/\/blogs.thesocialmedia.com\/leblogmoto\/author\/daniel-bour\/"}]}},"_links":{"self":[{"href":"https:\/\/blogs.thesocialmedia.com\/leblogmoto\/wp-json\/wp\/v2\/posts\/2349","targetHints":{"allow":["GET"]}}],"collection":[{"href":"https:\/\/blogs.thesocialmedia.com\/leblogmoto\/wp-json\/wp\/v2\/posts"}],"about":[{"href":"https:\/\/blogs.thesocialmedia.com\/leblogmoto\/wp-json\/wp\/v2\/types\/post"}],"author":[{"embeddable":true,"href":"https:\/\/blogs.thesocialmedia.com\/leblogmoto\/wp-json\/wp\/v2\/users\/339"}],"replies":[{"embeddable":true,"href":"https:\/\/blogs.thesocialmedia.com\/leblogmoto\/wp-json\/wp\/v2\/comments?post=2349"}],"version-history":[{"count":2,"href":"https:\/\/blogs.thesocialmedia.com\/leblogmoto\/wp-json\/wp\/v2\/posts\/2349\/revisions"}],"predecessor-version":[{"id":6199,"href":"https:\/\/blogs.thesocialmedia.com\/leblogmoto\/wp-json\/wp\/v2\/posts\/2349\/revisions\/6199"}],"wp:attachment":[{"href":"https:\/\/blogs.thesocialmedia.com\/leblogmoto\/wp-json\/wp\/v2\/media?parent=2349"}],"wp:term":[{"taxonomy":"category","embeddable":true,"href":"https:\/\/blogs.thesocialmedia.com\/leblogmoto\/wp-json\/wp\/v2\/categories?post=2349"},{"taxonomy":"post_tag","embeddable":true,"href":"https:\/\/blogs.thesocialmedia.com\/leblogmoto\/wp-json\/wp\/v2\/tags?post=2349"}],"curies":[{"name":"wp","href":"https:\/\/api.w.org\/{rel}","templated":true}]}}