{"id":235,"date":"2009-03-09T23:35:09","date_gmt":"2009-03-09T23:35:09","guid":{"rendered":"http:\/\/blogs.thesocialmedia.com\/leblogmoto\/2009\/03\/09\/la-nouvelle-chu\/"},"modified":"2012-07-11T13:23:08","modified_gmt":"2012-07-11T13:23:08","slug":"la-nouvelle-chu","status":"publish","type":"post","link":"https:\/\/blogs.thesocialmedia.com\/leblogmoto\/2009\/03\/09\/la-nouvelle-chu\/","title":{"rendered":"La nouvelle chute de Stewart ouvre grand la voie \u00e0 Reed."},"content":{"rendered":"<p><object width=\"425\" height=\"344\"><embed width=\"425\" height=\"344\" src=\"http:\/\/www.youtube.com\/v\/3SNRSq2Qtio&amp;hl=fr&amp;fs=1\" type=\"application\/x-shockwave-flash\"><\/embed><\/object><\/p>\n<p>Si l&rsquo;enjeu n&rsquo;\u00e9tait pas aussi grand et les cons\u00e9quences de la faute si douloureuse, la course de Daytona pourrait ais\u00e9ment \u00eatre qualifi\u00e9e de farce th\u00e9\u00e2trale, tant les vicissitudes des protagonistes n&rsquo;auront \u00e0 ce point rythm\u00e9 la sc\u00e8ne ocre. Comme si les dieux veillant sur la <a href=\"http:\/\/www.amasupercross.com\/\">Supercross<\/a> Serie n&rsquo;avaient d\u00e9cid\u00e9 de jouer des tours aux deux leaders du championnat. Tout commence par un agr\u00e9able d\u00e9part sur l&rsquo;herbe (merci pour la motricit\u00e9), pour se prolonger au bout de la ligne droite par la lourde chute de James Stewart qui perd l&rsquo;avant de sa Yamaha, entra\u00eenant d&rsquo;autres pilotes dans son crash. Dans son empressement et aussi parce qu&rsquo;il est &quot;dans le gaz&quot;, comme disent les boxeurs, Bubba (il refuse \u00e0 pr\u00e9sent qu&rsquo;on l&rsquo;appelle ainsi) tente de remonter sur la b\u00e9cane de Josh Hill qui l&rsquo;en emp\u00eache. L&rsquo;Am\u00e9ricain repartira en dernier, affubl\u00e9 d&rsquo;un casque passablement ab\u00eem\u00e9 dans l&rsquo;accident, pour pointer \u00e0 la 17\u00e8me position, une fois le premier tour effectivement boucl\u00e9. Pendant ce temps, en t\u00eate de la course, Mike Alessi puis le surprenant Jason Lawrence m\u00e8nent la meute, tandis que l&rsquo;Australien Chad Reed dans une course effr\u00e9n\u00e9e et quasi-parfaite efface un \u00e0 un ses adversaires. Revenu \u00e0 dix secondes du leader, il se positionne \u00e0 la seconde place d\u00e9j\u00e0 \u00e0 la mi-course. Une situation qui perdurera jusqu&rsquo;\u00e0 5 tours de la ligne d&rsquo;arriv\u00e9e, avant que le double champion AMA de SX ne prenne le dessus. Le tout nouveau <a href=\"http:\/\/www.leblogmoto.com\/2008\/08\/chad-reed-passe.html\">pilote Suzuki<\/a> remporte \u00e0 Daytona, une seconde victoire d&rsquo;affil\u00e9e dans la saison 2009. Il m\u00e8ne de onze points au classement provisoire, devant un James Stewart qui d\u00e9croche finalement une inesp\u00e9r\u00e9e septi\u00e8me place.<\/p>\n<p>A noter la victoire sur Kawasaki de Christophe Pourcel en Lite Series, sur laquelle on reviendra demain, qui compense la quinzi\u00e8me place de Benjamin Coisi en SX. Rendez-vous \u00e0 la Nouvelle Orl\u00e9ans pour la suite du championnat.<\/p>\n<p><em>Via YouTube pour la vid\u00e9o, Toolenduro et MotoVerte.<\/em><\/p>\n<p><span>Supercross Series<strong> Finale sur 20 tours<\/strong><\/span><\/p>\n<p><span><strong><\/strong><br \/>1 1 Chad Reed Suzuki RM-Z450 en 23:36.854 <br \/>2 338 Jason D. Lawrence Yamaha YZ450F \u00e0 5.67 <br \/>3 18 David D. Millsaps Honda CRF450R 19.331 <br \/>4 800 Mike A. Alessi Suzuki RM-Z450 21.789 <br \/>5 14 Kevin W. Windham Honda CRF450R 22.993 <br \/>6 2 Ryan D. Villopoto Kawasaki KX450F 23.891 <br \/>7 7 James M. Stewart Yamaha YZ450F 38.244 <br \/>8 29 Andrew T. Short Honda CRF450R 41.87 <br \/>9 31 Ryan Sipes KTM 450SX-F 43.159 <br \/>10 48 Thomas K. Hahn Kawasaki KX450F 47.351 <br \/>11 75 Joshua R. Hill Yamaha YZ450F 50.725 <br \/>12 60 Broc D. Hepler Yamaha YZ450F 52.883 <br \/>13 9 Ivan Tedesco Honda CRF450R 62.229 <br \/>14 911 Tyler T. Bowers Honda CRF450R 1 tour <br \/>15 13 Heath D. Voss Honda CRF450R 1 tour <br \/>16 38 Kyle P. Chisholm Yamaha YZ450F 1 tour <br \/><strong>17 979 Benjamin Coisy Honda CRF450R 1 tour <\/strong><br \/>18 54 Matt Boni Honda CRF450R 10 tours <br \/>19 15 Timmy M. Ferry Kawasaki KX450F 19 tours <br \/>20 26 Michael Byrne Suzuki RM-Z450 20 tours <\/p>\n<p>Classement provisoire<\/span><\/p>\n<p><span><br \/>1 C. Reed 224 pts <br \/>2 J. Stewart 213 <br \/>3 A. Short 163 <br \/>4 R. Villopoto 153 <br \/>5 I. Tedesco 140 <br \/>6 J. Grant 138 <br \/>7 D. Millsaps 136 <br \/>8 M. Alessi 131 <br \/>9 K. Windham 128 <br \/>10 T. Ferry 100 <br \/>11 J. Hill 92 <br \/>12 H. Voss 65 <br \/><strong>13 B. Coisy 55 <\/strong><br \/>14 N. Wey 55 <br \/>15 P. Carpenter 46 <br \/>16 M. Boni 45 <br \/>17 K. Chisholm 43 <br \/>18 B. Hepler 29 <br \/>19 M. Byrne 27 <br \/>20 T. Hahn 27 <br \/>21 C. Summey 24 <br \/>22 C. Siebler 23 <br \/>23 J. Lawrence 22 <br \/><strong>24 S. Boniface 22 <\/strong><br \/>25 T. Adams 21 <br \/>26 R. Sipes 19 <br \/>27 T. Bowers 18 <br \/>28 R. Kiniry 14 <br \/>29 J. Hansen 12 <br \/>30 D. McCoy 10 <br \/>31 T. Preston 7 <br \/>32 S. Hamblin 3 <br \/>33 D. Blair 3 <br \/>34 M. Rivas 2 <\/span><\/p>\n","protected":false},"excerpt":{"rendered":"<p>Si l&rsquo;enjeu n&rsquo;\u00e9tait pas aussi grand et les cons\u00e9quences de la faute si douloureuse, la course de Daytona pourrait ais\u00e9ment \u00eatre qualifi\u00e9e de farce th\u00e9\u00e2trale, tant les vicissitudes des protagonistes n&rsquo;auront \u00e0 ce point rythm\u00e9 la sc\u00e8ne ocre. Comme si les dieux veillant sur la Supercross Serie n&rsquo;avaient d\u00e9cid\u00e9 de jouer des tours aux deux [&hellip;]<\/p>\n","protected":false},"author":324,"featured_media":0,"comment_status":"open","ping_status":"open","sticky":false,"template":"","format":"standard","meta":{"footnotes":""},"categories":[57],"tags":[],"class_list":["post-235","post","type-post","status-publish","format-standard","hentry","category-supercross"],"yoast_head":"<!-- This site is optimized with the Yoast SEO plugin v26.0 - https:\/\/yoast.com\/wordpress\/plugins\/seo\/ -->\n<title>La nouvelle chute de Stewart ouvre grand la voie \u00e0 Reed. - leblogmoto.com<\/title>\n<meta name=\"robots\" content=\"index, follow, max-snippet:-1, max-image-preview:large, max-video-preview:-1\" \/>\n<link rel=\"canonical\" href=\"https:\/\/blogs.thesocialmedia.com\/leblogmoto\/2009\/03\/09\/la-nouvelle-chu\/\" \/>\n<meta name=\"twitter:card\" content=\"summary_large_image\" \/>\n<meta name=\"twitter:title\" content=\"La nouvelle chute de Stewart ouvre grand la voie \u00e0 Reed. - leblogmoto.com\" \/>\n<meta name=\"twitter:description\" content=\"Si l&rsquo;enjeu n&rsquo;\u00e9tait pas aussi grand et les cons\u00e9quences de la faute si douloureuse, la course de Daytona pourrait ais\u00e9ment \u00eatre qualifi\u00e9e de farce th\u00e9\u00e2trale, tant les vicissitudes des protagonistes n&rsquo;auront \u00e0 ce point rythm\u00e9 la sc\u00e8ne ocre. Comme si les dieux veillant sur la Supercross Serie n&rsquo;avaient d\u00e9cid\u00e9 de jouer des tours aux deux [&hellip;]\" \/>\n<meta name=\"twitter:label1\" content=\"\u00c9crit par\" \/>\n\t<meta name=\"twitter:data1\" content=\"benoit rieu\" \/>\n\t<meta name=\"twitter:label2\" content=\"Dur\u00e9e de lecture estim\u00e9e\" \/>\n\t<meta name=\"twitter:data2\" content=\"3 minutes\" \/>\n<script type=\"application\/ld+json\" class=\"yoast-schema-graph\">{\"@context\":\"https:\/\/schema.org\",\"@graph\":[{\"@type\":\"WebPage\",\"@id\":\"https:\/\/blogs.thesocialmedia.com\/leblogmoto\/2009\/03\/09\/la-nouvelle-chu\/\",\"url\":\"https:\/\/blogs.thesocialmedia.com\/leblogmoto\/2009\/03\/09\/la-nouvelle-chu\/\",\"name\":\"La nouvelle chute de Stewart ouvre grand la voie \u00e0 Reed. - leblogmoto.com\",\"isPartOf\":{\"@id\":\"https:\/\/blogs.thesocialmedia.com\/leblogmoto\/#website\"},\"datePublished\":\"2009-03-09T23:35:09+00:00\",\"dateModified\":\"2012-07-11T13:23:08+00:00\",\"author\":{\"@id\":\"https:\/\/blogs.thesocialmedia.com\/leblogmoto\/#\/schema\/person\/18bfe773e5725ed6d24f743da805362a\"},\"breadcrumb\":{\"@id\":\"https:\/\/blogs.thesocialmedia.com\/leblogmoto\/2009\/03\/09\/la-nouvelle-chu\/#breadcrumb\"},\"inLanguage\":\"fr-FR\",\"potentialAction\":[{\"@type\":\"ReadAction\",\"target\":[\"https:\/\/blogs.thesocialmedia.com\/leblogmoto\/2009\/03\/09\/la-nouvelle-chu\/\"]}]},{\"@type\":\"BreadcrumbList\",\"@id\":\"https:\/\/blogs.thesocialmedia.com\/leblogmoto\/2009\/03\/09\/la-nouvelle-chu\/#breadcrumb\",\"itemListElement\":[{\"@type\":\"ListItem\",\"position\":1,\"name\":\"Accueil\",\"item\":\"https:\/\/blogs.thesocialmedia.com\/leblogmoto\/\"},{\"@type\":\"ListItem\",\"position\":2,\"name\":\"La nouvelle chute de Stewart ouvre grand la voie \u00e0 Reed.\"}]},{\"@type\":\"WebSite\",\"@id\":\"https:\/\/blogs.thesocialmedia.com\/leblogmoto\/#website\",\"url\":\"https:\/\/blogs.thesocialmedia.com\/leblogmoto\/\",\"name\":\"leblogmoto\",\"description\":\"Toute l&#039;actualit\u00e9 des 2 roues\",\"potentialAction\":[{\"@type\":\"SearchAction\",\"target\":{\"@type\":\"EntryPoint\",\"urlTemplate\":\"https:\/\/blogs.thesocialmedia.com\/leblogmoto\/?s={search_term_string}\"},\"query-input\":{\"@type\":\"PropertyValueSpecification\",\"valueRequired\":true,\"valueName\":\"search_term_string\"}}],\"inLanguage\":\"fr-FR\"},{\"@type\":\"Person\",\"@id\":\"https:\/\/blogs.thesocialmedia.com\/leblogmoto\/#\/schema\/person\/18bfe773e5725ed6d24f743da805362a\",\"name\":\"benoit rieu\",\"image\":{\"@type\":\"ImageObject\",\"inLanguage\":\"fr-FR\",\"@id\":\"https:\/\/blogs.thesocialmedia.com\/leblogmoto\/#\/schema\/person\/image\/\",\"url\":\"https:\/\/secure.gravatar.com\/avatar\/?s=96&d=mm&r=g\",\"contentUrl\":\"https:\/\/secure.gravatar.com\/avatar\/?s=96&d=mm&r=g\",\"caption\":\"benoit rieu\"},\"url\":\"https:\/\/blogs.thesocialmedia.com\/leblogmoto\/author\/benoit-rieu\/\"}]}<\/script>\n<!-- \/ Yoast SEO plugin. -->","yoast_head_json":{"title":"La nouvelle chute de Stewart ouvre grand la voie \u00e0 Reed. - leblogmoto.com","robots":{"index":"index","follow":"follow","max-snippet":"max-snippet:-1","max-image-preview":"max-image-preview:large","max-video-preview":"max-video-preview:-1"},"canonical":"https:\/\/blogs.thesocialmedia.com\/leblogmoto\/2009\/03\/09\/la-nouvelle-chu\/","twitter_card":"summary_large_image","twitter_title":"La nouvelle chute de Stewart ouvre grand la voie \u00e0 Reed. - leblogmoto.com","twitter_description":"Si l&rsquo;enjeu n&rsquo;\u00e9tait pas aussi grand et les cons\u00e9quences de la faute si douloureuse, la course de Daytona pourrait ais\u00e9ment \u00eatre qualifi\u00e9e de farce th\u00e9\u00e2trale, tant les vicissitudes des protagonistes n&rsquo;auront \u00e0 ce point rythm\u00e9 la sc\u00e8ne ocre. Comme si les dieux veillant sur la Supercross Serie n&rsquo;avaient d\u00e9cid\u00e9 de jouer des tours aux deux [&hellip;]","twitter_misc":{"\u00c9crit par":"benoit rieu","Dur\u00e9e de lecture estim\u00e9e":"3 minutes"},"schema":{"@context":"https:\/\/schema.org","@graph":[{"@type":"WebPage","@id":"https:\/\/blogs.thesocialmedia.com\/leblogmoto\/2009\/03\/09\/la-nouvelle-chu\/","url":"https:\/\/blogs.thesocialmedia.com\/leblogmoto\/2009\/03\/09\/la-nouvelle-chu\/","name":"La nouvelle chute de Stewart ouvre grand la voie \u00e0 Reed. - leblogmoto.com","isPartOf":{"@id":"https:\/\/blogs.thesocialmedia.com\/leblogmoto\/#website"},"datePublished":"2009-03-09T23:35:09+00:00","dateModified":"2012-07-11T13:23:08+00:00","author":{"@id":"https:\/\/blogs.thesocialmedia.com\/leblogmoto\/#\/schema\/person\/18bfe773e5725ed6d24f743da805362a"},"breadcrumb":{"@id":"https:\/\/blogs.thesocialmedia.com\/leblogmoto\/2009\/03\/09\/la-nouvelle-chu\/#breadcrumb"},"inLanguage":"fr-FR","potentialAction":[{"@type":"ReadAction","target":["https:\/\/blogs.thesocialmedia.com\/leblogmoto\/2009\/03\/09\/la-nouvelle-chu\/"]}]},{"@type":"BreadcrumbList","@id":"https:\/\/blogs.thesocialmedia.com\/leblogmoto\/2009\/03\/09\/la-nouvelle-chu\/#breadcrumb","itemListElement":[{"@type":"ListItem","position":1,"name":"Accueil","item":"https:\/\/blogs.thesocialmedia.com\/leblogmoto\/"},{"@type":"ListItem","position":2,"name":"La nouvelle chute de Stewart ouvre grand la voie \u00e0 Reed."}]},{"@type":"WebSite","@id":"https:\/\/blogs.thesocialmedia.com\/leblogmoto\/#website","url":"https:\/\/blogs.thesocialmedia.com\/leblogmoto\/","name":"leblogmoto","description":"Toute l&#039;actualit\u00e9 des 2 roues","potentialAction":[{"@type":"SearchAction","target":{"@type":"EntryPoint","urlTemplate":"https:\/\/blogs.thesocialmedia.com\/leblogmoto\/?s={search_term_string}"},"query-input":{"@type":"PropertyValueSpecification","valueRequired":true,"valueName":"search_term_string"}}],"inLanguage":"fr-FR"},{"@type":"Person","@id":"https:\/\/blogs.thesocialmedia.com\/leblogmoto\/#\/schema\/person\/18bfe773e5725ed6d24f743da805362a","name":"benoit rieu","image":{"@type":"ImageObject","inLanguage":"fr-FR","@id":"https:\/\/blogs.thesocialmedia.com\/leblogmoto\/#\/schema\/person\/image\/","url":"https:\/\/secure.gravatar.com\/avatar\/?s=96&d=mm&r=g","contentUrl":"https:\/\/secure.gravatar.com\/avatar\/?s=96&d=mm&r=g","caption":"benoit rieu"},"url":"https:\/\/blogs.thesocialmedia.com\/leblogmoto\/author\/benoit-rieu\/"}]}},"_links":{"self":[{"href":"https:\/\/blogs.thesocialmedia.com\/leblogmoto\/wp-json\/wp\/v2\/posts\/235","targetHints":{"allow":["GET"]}}],"collection":[{"href":"https:\/\/blogs.thesocialmedia.com\/leblogmoto\/wp-json\/wp\/v2\/posts"}],"about":[{"href":"https:\/\/blogs.thesocialmedia.com\/leblogmoto\/wp-json\/wp\/v2\/types\/post"}],"author":[{"embeddable":true,"href":"https:\/\/blogs.thesocialmedia.com\/leblogmoto\/wp-json\/wp\/v2\/users\/324"}],"replies":[{"embeddable":true,"href":"https:\/\/blogs.thesocialmedia.com\/leblogmoto\/wp-json\/wp\/v2\/comments?post=235"}],"version-history":[{"count":1,"href":"https:\/\/blogs.thesocialmedia.com\/leblogmoto\/wp-json\/wp\/v2\/posts\/235\/revisions"}],"predecessor-version":[{"id":5017,"href":"https:\/\/blogs.thesocialmedia.com\/leblogmoto\/wp-json\/wp\/v2\/posts\/235\/revisions\/5017"}],"wp:attachment":[{"href":"https:\/\/blogs.thesocialmedia.com\/leblogmoto\/wp-json\/wp\/v2\/media?parent=235"}],"wp:term":[{"taxonomy":"category","embeddable":true,"href":"https:\/\/blogs.thesocialmedia.com\/leblogmoto\/wp-json\/wp\/v2\/categories?post=235"},{"taxonomy":"post_tag","embeddable":true,"href":"https:\/\/blogs.thesocialmedia.com\/leblogmoto\/wp-json\/wp\/v2\/tags?post=235"}],"curies":[{"name":"wp","href":"https:\/\/api.w.org\/{rel}","templated":true}]}}