{"id":2356,"date":"2005-10-14T19:05:08","date_gmt":"2005-10-14T19:05:08","guid":{"rendered":"http:\/\/blogs.thesocialmedia.com\/leblogmoto\/2005\/10\/14\/matra-de-la-for\/"},"modified":"2012-07-11T13:21:18","modified_gmt":"2012-07-11T13:21:18","slug":"matra-de-la-for","status":"publish","type":"post","link":"https:\/\/blogs.thesocialmedia.com\/leblogmoto\/2005\/10\/14\/matra-de-la-for\/","title":{"rendered":"Matra, de la Formule 3 au V\u00e9lo Electrique !"},"content":{"rendered":"<p><a href=\"http:\/\/clabedan.typepad.com\/photos\/uncategorized\/coucherdesoleil1_blogimage.jpg\"><img loading=\"lazy\" decoding=\"async\" height=\"315\" alt=\"Coucherdesoleil1_blogimage\" src=\"http:\/\/www.leblogauto.com\/images\/coucherdesoleil1_blogimage.jpg\" width=\"470\"  \/><\/a> <br \/>40 ans d\u00e9j\u00e0 que Matra s&rsquo;est pour la premi\u00e8re fois essay\u00e9 \u00e0 la Formule 3 et a remport\u00e9 son premier grand prix avec la Matra MS 1 pilot\u00e9 par Jean Pierre Beltoise le 1 juillet 1965 \u00e0 Reims.<\/p>\n<p>Depuis lors, Matra n&rsquo;a cess\u00e9 de remporter des victoires sportives et industrielles telles que <br \/>nous prouve cette retrospective en 4+1 dates : <br \/>1968 : D\u00e9but de Matra en Formule 1 et 3 victoires<br \/>1969 : Champion du Monde des constructeurs et Pilotes<br \/>1972 : Premi\u00e8re victoire aux 24h du Mans<br \/>1984 : Collaboration avec Renault pour produire l&rsquo;Espace<br \/>2002 : Lancement de l&rsquo;Avantime.<\/p>\n<p>Comme son nom l&rsquo;indique, l&rsquo;Avantime \u00e9tait un peu en avance sur son temps, et cet &quot;echec&quot; a marqu\u00e9 la fin de l&rsquo;aventure de Matra dans l&rsquo;automobile et la cession des ses activit\u00e9s d&rsquo;ingenierie automobile. Ainsi Matra Automobile est devenu en Septembre 2004 <a href=\"http:\/\/www.matra-ms.com\/\">Matra Manufacturing &amp; Services<\/a>, et s&rsquo;est sp\u00e9cialis\u00e9 dans le secteur des produits r\u00e9cr\u00e9atifs et sportifs. Ainsi pour<a href=\"http:\/\/www.lablogmoto.com\/\"> le salon International du Cycle de Paris<\/a>, Matra MS pr\u00e9sente ses premi\u00e8res gammes de 2 roues \u00e0 <a href=\"http:\/\/www.leblogauto.com\/2005\/09\/motorisation_hy.html\">propulsion Hybride<\/a> humaine et electrique<\/p>\n<p>Lire \u00e9galement :<br \/><a href=\"http:\/\/www.leblogauto.com\/2005\/09\/motorisation_hy.html\">Motorisation Hybride pour 2 Roues<\/a><\/p>\n<p>Peux t-on s&rsquo;improviser fabricant de V\u00e9lo electrique en quelques mois ? Rien n&rsquo;est moins sur si l&rsquo;on en juge des prototypes pr\u00e9sent\u00e9es sur le Salon. Les crit\u00e8res de r\u00e9ussite d&rsquo;un v\u00e9lo electrique sont multiples mais je vous rappel ici les principaux : Etre pratique \u00e0 l&rsquo;utilisation (Batterie d\u00e9montable pour raccordement secteur), Poids (Le plus leger possible, + de 25KG danger !) ainsi que l&rsquo;autonomie (au moins 30km pour un parcours urbain complet d&rsquo;une journ\u00e9e).<\/p>\n<p>J&rsquo;ai malheuseusement bien peur que Matra echoue sur les 2 premiers&#8230; Batterie amovible, bien sur <br \/>me r\u00e9pond le responsable de la communication de Matra, &quot;vous enlevez la roue avant dans laquelle se trouve la batterie (pr\u00e8s de 12kg tout compris&nbsp; NDLR) et le tour est jou\u00e9. Je vais en parler \u00e0 ma femme, je ne suis pas sur quelle soit d&rsquo;accord de jouer les m\u00e9caniciennes, de desserer les freins, j&rsquo;en passe et des meilleurs. Cot\u00e9 poids, la gamme TidalForce iO (c&rsquo;est son nom) avoisine les 30kg, un peu lourd tout cela. Cot\u00e9 autonomie, n&rsquo;ayant pas pu tester le produit, je ne pourrais me prononcer.<\/p>\n<p>Bilan, on ose esperer que les prototypes sont loin des produits finaux, la commercialisation pr\u00e9vu pour le printemps 2006 nous laisse donc esperer que le fabricants va revoir sa copie, car pour atteindre le niveau de perfection de certain v\u00e9lo electrique (<a href=\"http:\/\/www.giant-bicycles.com\/us\/030.000.000\/030.000.000.asp?range=218\">Giant LaFree<\/a> pour ne pas citer de marques), il va falloir se remettre au travail les gars&#8230;<\/p>\n","protected":false},"excerpt":{"rendered":"<p>40 ans d\u00e9j\u00e0 que Matra s&rsquo;est pour la premi\u00e8re fois essay\u00e9 \u00e0 la Formule 3 et a remport\u00e9 son premier grand prix avec la Matra MS 1 pilot\u00e9 par Jean Pierre Beltoise le 1 juillet 1965 \u00e0 Reims. Depuis lors, Matra n&rsquo;a cess\u00e9 de remporter des victoires sportives et industrielles telles que nous prouve cette [&hellip;]<\/p>\n","protected":false},"author":327,"featured_media":14499,"comment_status":"open","ping_status":"open","sticky":false,"template":"","format":"standard","meta":{"footnotes":""},"categories":[30],"tags":[],"class_list":["post-2356","post","type-post","status-publish","format-standard","has-post-thumbnail","hentry","category-bio-carburantsvehicules-propres"],"yoast_head":"<!-- This site is optimized with the Yoast SEO plugin v26.0 - https:\/\/yoast.com\/wordpress\/plugins\/seo\/ -->\n<title>Matra, de la Formule 3 au V\u00e9lo Electrique ! - leblogmoto.com<\/title>\n<meta name=\"robots\" content=\"index, follow, max-snippet:-1, max-image-preview:large, max-video-preview:-1\" \/>\n<link rel=\"canonical\" href=\"https:\/\/blogs.thesocialmedia.com\/leblogmoto\/2005\/10\/14\/matra-de-la-for\/\" \/>\n<meta name=\"twitter:card\" content=\"summary_large_image\" \/>\n<meta name=\"twitter:title\" content=\"Matra, de la Formule 3 au V\u00e9lo Electrique ! - leblogmoto.com\" \/>\n<meta name=\"twitter:description\" content=\"40 ans d\u00e9j\u00e0 que Matra s&rsquo;est pour la premi\u00e8re fois essay\u00e9 \u00e0 la Formule 3 et a remport\u00e9 son premier grand prix avec la Matra MS 1 pilot\u00e9 par Jean Pierre Beltoise le 1 juillet 1965 \u00e0 Reims. Depuis lors, Matra n&rsquo;a cess\u00e9 de remporter des victoires sportives et industrielles telles que nous prouve cette [&hellip;]\" \/>\n<meta name=\"twitter:image\" content=\"https:\/\/blogs.thesocialmedia.com\/leblogmoto\/files\/2012\/07\/coucherdesoleil1_blogimage.jpg\" \/>\n<meta name=\"twitter:label1\" content=\"\u00c9crit par\" \/>\n\t<meta name=\"twitter:data1\" content=\"jean verbeck\" \/>\n\t<meta name=\"twitter:label2\" content=\"Dur\u00e9e de lecture estim\u00e9e\" \/>\n\t<meta name=\"twitter:data2\" content=\"2 minutes\" \/>\n<script type=\"application\/ld+json\" class=\"yoast-schema-graph\">{\"@context\":\"https:\/\/schema.org\",\"@graph\":[{\"@type\":\"WebPage\",\"@id\":\"https:\/\/blogs.thesocialmedia.com\/leblogmoto\/2005\/10\/14\/matra-de-la-for\/\",\"url\":\"https:\/\/blogs.thesocialmedia.com\/leblogmoto\/2005\/10\/14\/matra-de-la-for\/\",\"name\":\"Matra, de la Formule 3 au V\u00e9lo Electrique ! - leblogmoto.com\",\"isPartOf\":{\"@id\":\"https:\/\/blogs.thesocialmedia.com\/leblogmoto\/#website\"},\"primaryImageOfPage\":{\"@id\":\"https:\/\/blogs.thesocialmedia.com\/leblogmoto\/2005\/10\/14\/matra-de-la-for\/#primaryimage\"},\"image\":{\"@id\":\"https:\/\/blogs.thesocialmedia.com\/leblogmoto\/2005\/10\/14\/matra-de-la-for\/#primaryimage\"},\"thumbnailUrl\":\"https:\/\/blogs.thesocialmedia.com\/leblogmoto\/files\/2012\/07\/coucherdesoleil1_blogimage.jpg\",\"datePublished\":\"2005-10-14T19:05:08+00:00\",\"dateModified\":\"2012-07-11T13:21:18+00:00\",\"author\":{\"@id\":\"https:\/\/blogs.thesocialmedia.com\/leblogmoto\/#\/schema\/person\/f3dce72b26f598988dc9e4feb94beb61\"},\"breadcrumb\":{\"@id\":\"https:\/\/blogs.thesocialmedia.com\/leblogmoto\/2005\/10\/14\/matra-de-la-for\/#breadcrumb\"},\"inLanguage\":\"fr-FR\",\"potentialAction\":[{\"@type\":\"ReadAction\",\"target\":[\"https:\/\/blogs.thesocialmedia.com\/leblogmoto\/2005\/10\/14\/matra-de-la-for\/\"]}]},{\"@type\":\"ImageObject\",\"inLanguage\":\"fr-FR\",\"@id\":\"https:\/\/blogs.thesocialmedia.com\/leblogmoto\/2005\/10\/14\/matra-de-la-for\/#primaryimage\",\"url\":\"https:\/\/blogs.thesocialmedia.com\/leblogmoto\/files\/2012\/07\/coucherdesoleil1_blogimage.jpg\",\"contentUrl\":\"https:\/\/blogs.thesocialmedia.com\/leblogmoto\/files\/2012\/07\/coucherdesoleil1_blogimage.jpg\",\"width\":\"470\",\"height\":\"315\"},{\"@type\":\"BreadcrumbList\",\"@id\":\"https:\/\/blogs.thesocialmedia.com\/leblogmoto\/2005\/10\/14\/matra-de-la-for\/#breadcrumb\",\"itemListElement\":[{\"@type\":\"ListItem\",\"position\":1,\"name\":\"Accueil\",\"item\":\"https:\/\/blogs.thesocialmedia.com\/leblogmoto\/\"},{\"@type\":\"ListItem\",\"position\":2,\"name\":\"Matra, de la Formule 3 au V\u00e9lo Electrique !\"}]},{\"@type\":\"WebSite\",\"@id\":\"https:\/\/blogs.thesocialmedia.com\/leblogmoto\/#website\",\"url\":\"https:\/\/blogs.thesocialmedia.com\/leblogmoto\/\",\"name\":\"leblogmoto\",\"description\":\"Toute l&#039;actualit\u00e9 des 2 roues\",\"potentialAction\":[{\"@type\":\"SearchAction\",\"target\":{\"@type\":\"EntryPoint\",\"urlTemplate\":\"https:\/\/blogs.thesocialmedia.com\/leblogmoto\/?s={search_term_string}\"},\"query-input\":{\"@type\":\"PropertyValueSpecification\",\"valueRequired\":true,\"valueName\":\"search_term_string\"}}],\"inLanguage\":\"fr-FR\"},{\"@type\":\"Person\",\"@id\":\"https:\/\/blogs.thesocialmedia.com\/leblogmoto\/#\/schema\/person\/f3dce72b26f598988dc9e4feb94beb61\",\"name\":\"jean verbeck\",\"image\":{\"@type\":\"ImageObject\",\"inLanguage\":\"fr-FR\",\"@id\":\"https:\/\/blogs.thesocialmedia.com\/leblogmoto\/#\/schema\/person\/image\/\",\"url\":\"https:\/\/secure.gravatar.com\/avatar\/?s=96&d=mm&r=g\",\"contentUrl\":\"https:\/\/secure.gravatar.com\/avatar\/?s=96&d=mm&r=g\",\"caption\":\"jean verbeck\"},\"url\":\"https:\/\/blogs.thesocialmedia.com\/leblogmoto\/author\/jean-verbeck\/\"}]}<\/script>\n<!-- \/ Yoast SEO plugin. -->","yoast_head_json":{"title":"Matra, de la Formule 3 au V\u00e9lo Electrique ! - leblogmoto.com","robots":{"index":"index","follow":"follow","max-snippet":"max-snippet:-1","max-image-preview":"max-image-preview:large","max-video-preview":"max-video-preview:-1"},"canonical":"https:\/\/blogs.thesocialmedia.com\/leblogmoto\/2005\/10\/14\/matra-de-la-for\/","twitter_card":"summary_large_image","twitter_title":"Matra, de la Formule 3 au V\u00e9lo Electrique ! - leblogmoto.com","twitter_description":"40 ans d\u00e9j\u00e0 que Matra s&rsquo;est pour la premi\u00e8re fois essay\u00e9 \u00e0 la Formule 3 et a remport\u00e9 son premier grand prix avec la Matra MS 1 pilot\u00e9 par Jean Pierre Beltoise le 1 juillet 1965 \u00e0 Reims. Depuis lors, Matra n&rsquo;a cess\u00e9 de remporter des victoires sportives et industrielles telles que nous prouve cette [&hellip;]","twitter_image":"https:\/\/blogs.thesocialmedia.com\/leblogmoto\/files\/2012\/07\/coucherdesoleil1_blogimage.jpg","twitter_misc":{"\u00c9crit par":"jean verbeck","Dur\u00e9e de lecture estim\u00e9e":"2 minutes"},"schema":{"@context":"https:\/\/schema.org","@graph":[{"@type":"WebPage","@id":"https:\/\/blogs.thesocialmedia.com\/leblogmoto\/2005\/10\/14\/matra-de-la-for\/","url":"https:\/\/blogs.thesocialmedia.com\/leblogmoto\/2005\/10\/14\/matra-de-la-for\/","name":"Matra, de la Formule 3 au V\u00e9lo Electrique ! - leblogmoto.com","isPartOf":{"@id":"https:\/\/blogs.thesocialmedia.com\/leblogmoto\/#website"},"primaryImageOfPage":{"@id":"https:\/\/blogs.thesocialmedia.com\/leblogmoto\/2005\/10\/14\/matra-de-la-for\/#primaryimage"},"image":{"@id":"https:\/\/blogs.thesocialmedia.com\/leblogmoto\/2005\/10\/14\/matra-de-la-for\/#primaryimage"},"thumbnailUrl":"https:\/\/blogs.thesocialmedia.com\/leblogmoto\/files\/2012\/07\/coucherdesoleil1_blogimage.jpg","datePublished":"2005-10-14T19:05:08+00:00","dateModified":"2012-07-11T13:21:18+00:00","author":{"@id":"https:\/\/blogs.thesocialmedia.com\/leblogmoto\/#\/schema\/person\/f3dce72b26f598988dc9e4feb94beb61"},"breadcrumb":{"@id":"https:\/\/blogs.thesocialmedia.com\/leblogmoto\/2005\/10\/14\/matra-de-la-for\/#breadcrumb"},"inLanguage":"fr-FR","potentialAction":[{"@type":"ReadAction","target":["https:\/\/blogs.thesocialmedia.com\/leblogmoto\/2005\/10\/14\/matra-de-la-for\/"]}]},{"@type":"ImageObject","inLanguage":"fr-FR","@id":"https:\/\/blogs.thesocialmedia.com\/leblogmoto\/2005\/10\/14\/matra-de-la-for\/#primaryimage","url":"https:\/\/blogs.thesocialmedia.com\/leblogmoto\/files\/2012\/07\/coucherdesoleil1_blogimage.jpg","contentUrl":"https:\/\/blogs.thesocialmedia.com\/leblogmoto\/files\/2012\/07\/coucherdesoleil1_blogimage.jpg","width":"470","height":"315"},{"@type":"BreadcrumbList","@id":"https:\/\/blogs.thesocialmedia.com\/leblogmoto\/2005\/10\/14\/matra-de-la-for\/#breadcrumb","itemListElement":[{"@type":"ListItem","position":1,"name":"Accueil","item":"https:\/\/blogs.thesocialmedia.com\/leblogmoto\/"},{"@type":"ListItem","position":2,"name":"Matra, de la Formule 3 au V\u00e9lo Electrique !"}]},{"@type":"WebSite","@id":"https:\/\/blogs.thesocialmedia.com\/leblogmoto\/#website","url":"https:\/\/blogs.thesocialmedia.com\/leblogmoto\/","name":"leblogmoto","description":"Toute l&#039;actualit\u00e9 des 2 roues","potentialAction":[{"@type":"SearchAction","target":{"@type":"EntryPoint","urlTemplate":"https:\/\/blogs.thesocialmedia.com\/leblogmoto\/?s={search_term_string}"},"query-input":{"@type":"PropertyValueSpecification","valueRequired":true,"valueName":"search_term_string"}}],"inLanguage":"fr-FR"},{"@type":"Person","@id":"https:\/\/blogs.thesocialmedia.com\/leblogmoto\/#\/schema\/person\/f3dce72b26f598988dc9e4feb94beb61","name":"jean verbeck","image":{"@type":"ImageObject","inLanguage":"fr-FR","@id":"https:\/\/blogs.thesocialmedia.com\/leblogmoto\/#\/schema\/person\/image\/","url":"https:\/\/secure.gravatar.com\/avatar\/?s=96&d=mm&r=g","contentUrl":"https:\/\/secure.gravatar.com\/avatar\/?s=96&d=mm&r=g","caption":"jean verbeck"},"url":"https:\/\/blogs.thesocialmedia.com\/leblogmoto\/author\/jean-verbeck\/"}]}},"_links":{"self":[{"href":"https:\/\/blogs.thesocialmedia.com\/leblogmoto\/wp-json\/wp\/v2\/posts\/2356","targetHints":{"allow":["GET"]}}],"collection":[{"href":"https:\/\/blogs.thesocialmedia.com\/leblogmoto\/wp-json\/wp\/v2\/posts"}],"about":[{"href":"https:\/\/blogs.thesocialmedia.com\/leblogmoto\/wp-json\/wp\/v2\/types\/post"}],"author":[{"embeddable":true,"href":"https:\/\/blogs.thesocialmedia.com\/leblogmoto\/wp-json\/wp\/v2\/users\/327"}],"replies":[{"embeddable":true,"href":"https:\/\/blogs.thesocialmedia.com\/leblogmoto\/wp-json\/wp\/v2\/comments?post=2356"}],"version-history":[{"count":1,"href":"https:\/\/blogs.thesocialmedia.com\/leblogmoto\/wp-json\/wp\/v2\/posts\/2356\/revisions"}],"predecessor-version":[{"id":2805,"href":"https:\/\/blogs.thesocialmedia.com\/leblogmoto\/wp-json\/wp\/v2\/posts\/2356\/revisions\/2805"}],"wp:featuredmedia":[{"embeddable":true,"href":"https:\/\/blogs.thesocialmedia.com\/leblogmoto\/wp-json\/wp\/v2\/media\/14499"}],"wp:attachment":[{"href":"https:\/\/blogs.thesocialmedia.com\/leblogmoto\/wp-json\/wp\/v2\/media?parent=2356"}],"wp:term":[{"taxonomy":"category","embeddable":true,"href":"https:\/\/blogs.thesocialmedia.com\/leblogmoto\/wp-json\/wp\/v2\/categories?post=2356"},{"taxonomy":"post_tag","embeddable":true,"href":"https:\/\/blogs.thesocialmedia.com\/leblogmoto\/wp-json\/wp\/v2\/tags?post=2356"}],"curies":[{"name":"wp","href":"https:\/\/api.w.org\/{rel}","templated":true}]}}