{"id":2358,"date":"2005-10-13T17:59:46","date_gmt":"2005-10-13T17:59:46","guid":{"rendered":"http:\/\/blogs.thesocialmedia.com\/leblogmoto\/2005\/10\/13\/un-mauritanien\/"},"modified":"2012-07-11T13:55:34","modified_gmt":"2012-07-11T13:55:34","slug":"un-mauritanien","status":"publish","type":"post","link":"https:\/\/blogs.thesocialmedia.com\/leblogmoto\/2005\/10\/13\/un-mauritanien\/","title":{"rendered":"Un Mauritanien au Dakar 2005"},"content":{"rendered":"<p><a href=\"http:\/\/blogs.thesocialmedia.com\/leblogmoto\/files\/2012\/07\/dakar1.jpg\"><img loading=\"lazy\" decoding=\"async\" alt=\"Dakar\" src=\"http:\/\/blogs.thesocialmedia.com\/leblogmoto\/files\/2012\/07\/dakar.jpg\" width=\"250\" height=\"168\"  style=\"float: left;margin: 0px 5px 5px 0px\" \/><\/a><\/p>\n<p>Un jeune pilote mauritanien de 32 ans, Mohamed Zeidane Ould Sweid Ahmed, natif de la ville de Boutilimitt \u00e0 150 Km \u00e0 l&rsquo;Est de Nouakchott,\u00a0fera son premier rallye raid Paris Dakar \u00e0 la fin de l&rsquo;ann\u00e9e 2005, tout en nourrissant le r\u00eave de prendre part un jour au championnat du monde de formule I.<br \/> Dans un entretien accord\u00e9 mercredi \u00e0 la PANA, Sweid Ahmed, qui a pratiqu\u00e9 d&rsquo;abord\u00a0la moto pendant de longues ann\u00e9es avant de s&rsquo;orienter vers l&rsquo;auto il y a environ 5 ans, a d\u00e9clar\u00e9 qu&rsquo;il sera sur le Dakar 2005 avec 2 autres compatriotes \u00e9galement membres de la F\u00e9d\u00e9ration mauritanienne des sports m\u00e9caniques (FMSM).<br \/> \u00ab\u00a0Notre budget de participation est boucl\u00e9e\u00a0\u00bb, a-t-il affirm\u00e9, pr\u00e9cisant au passage que pour un Dakar \u00ab\u00a0confortable\u00a0\u00bb, il faut un pactole de 50.000 euros par participant.<br \/> \u00ab\u00a0En dessous de ce montant\u00a0ce serait un peu juste et bricol\u00e9\u00a0\u00bb, a ajout\u00e9 le pilote qui a rappel\u00e9 avoir rat\u00e9 de peu l&rsquo;\u00e9dition 2004 du rallye raid \u00e0 laquelle il avait ambitionn\u00e9 de prendre part.<br \/> Ce sera la premi\u00e8re fois qu&rsquo;un concurrent mauritanien prendra le d\u00e9part du Paris-Dakar.<br \/> En plus du Dakar, le pilote mauritanien, qui vient de boucler un stage de 6 semaines en France et en Italie, nourrit le r\u00eave de prendre part \u00ab\u00a0un jour\u00a0\u00bb au championnat du monde de <a href=\"http:\/\/www.leblogauto.com\/2005\/10\/un_jeune_pilote.html\">formule I<\/a>.<\/p>\n<p>En France, Zeidane a suivi pendant 3 semaines des cours dans une agence \u00e9v\u00e9nementielle qui organise des rallies raids \u00ab\u00a0Ici la Terre\u00a0\u00bb \u00e0 la Rochelle. En Italie, le pilote est rest\u00e9 3 semaines chef Ferrari, dans la ville de Maranello.<br \/> A l&rsquo;issue de ces 6 semaines, le pilote mauritanien a obtenu des dipl\u00f4mes d&rsquo;application pour la formule I et un Reed Racing School (RRS).<br \/> En attendant la lev\u00e9e de la contrainte financi\u00e8re sur une \u00e9ventuelle participation \u00e0 la formule I, le pilote mauritanien est d\u00e9termin\u00e9 \u00e0 prendre d\u00e9sormais part \u00e0 des comp\u00e9tions telles que le Dakar, le rallye du Maroc et le rallye de Tunisie.<br \/> Le pilote et ses compagnons de la F\u00e9d\u00e9ration mauritanienne des sports m\u00e9caniques m\u00e8nent une campagne constante en faveur de la promotion de la pratique de ces disciplines\u00a0dans le pays. Ainsi, ils organisent r\u00e9guli\u00e8rement des s\u00e9ances de d\u00e9monstration \u00e0 la plage de Nouakchott.<\/p>\n<p>Source : <a>http:\/\/www.jeuneafrique.com\u00a0\u00bb&gt;jeuneafrique.com<\/a><\/p>\n","protected":false},"excerpt":{"rendered":"<p>Un jeune pilote mauritanien de 32 ans, Mohamed Zeidane Ould Sweid Ahmed, natif de la ville de Boutilimitt \u00e0 150 Km \u00e0 l&rsquo;Est de Nouakchott,\u00a0fera son premier rallye raid Paris Dakar \u00e0 la fin de l&rsquo;ann\u00e9e 2005, tout en nourrissant le r\u00eave de prendre part un jour au championnat du monde de formule I. Dans [&hellip;]<\/p>\n","protected":false},"author":339,"featured_media":2802,"comment_status":"open","ping_status":"open","sticky":false,"template":"","format":"standard","meta":{"footnotes":""},"categories":[3],"tags":[],"class_list":["post-2358","post","type-post","status-publish","format-standard","has-post-thumbnail","hentry","category-actualite"],"yoast_head":"<!-- This site is optimized with the Yoast SEO plugin v26.0 - https:\/\/yoast.com\/wordpress\/plugins\/seo\/ -->\n<title>Un Mauritanien au Dakar 2005 - leblogmoto.com<\/title>\n<meta name=\"robots\" content=\"index, follow, max-snippet:-1, max-image-preview:large, max-video-preview:-1\" \/>\n<link rel=\"canonical\" href=\"https:\/\/blogs.thesocialmedia.com\/leblogmoto\/2005\/10\/13\/un-mauritanien\/\" \/>\n<meta name=\"twitter:card\" content=\"summary_large_image\" \/>\n<meta name=\"twitter:title\" content=\"Un Mauritanien au Dakar 2005 - leblogmoto.com\" \/>\n<meta name=\"twitter:description\" content=\"Un jeune pilote mauritanien de 32 ans, Mohamed Zeidane Ould Sweid Ahmed, natif de la ville de Boutilimitt \u00e0 150 Km \u00e0 l&rsquo;Est de Nouakchott,\u00a0fera son premier rallye raid Paris Dakar \u00e0 la fin de l&rsquo;ann\u00e9e 2005, tout en nourrissant le r\u00eave de prendre part un jour au championnat du monde de formule I. Dans [&hellip;]\" \/>\n<meta name=\"twitter:image\" content=\"https:\/\/blogs.thesocialmedia.com\/leblogmoto\/files\/2012\/07\/dakar.jpg\" \/>\n<meta name=\"twitter:label1\" content=\"\u00c9crit par\" \/>\n\t<meta name=\"twitter:data1\" content=\"daniel bour\" \/>\n\t<meta name=\"twitter:label2\" content=\"Dur\u00e9e de lecture estim\u00e9e\" \/>\n\t<meta name=\"twitter:data2\" content=\"2 minutes\" \/>\n<script type=\"application\/ld+json\" class=\"yoast-schema-graph\">{\"@context\":\"https:\/\/schema.org\",\"@graph\":[{\"@type\":\"WebPage\",\"@id\":\"https:\/\/blogs.thesocialmedia.com\/leblogmoto\/2005\/10\/13\/un-mauritanien\/\",\"url\":\"https:\/\/blogs.thesocialmedia.com\/leblogmoto\/2005\/10\/13\/un-mauritanien\/\",\"name\":\"Un Mauritanien au Dakar 2005 - leblogmoto.com\",\"isPartOf\":{\"@id\":\"https:\/\/blogs.thesocialmedia.com\/leblogmoto\/#website\"},\"primaryImageOfPage\":{\"@id\":\"https:\/\/blogs.thesocialmedia.com\/leblogmoto\/2005\/10\/13\/un-mauritanien\/#primaryimage\"},\"image\":{\"@id\":\"https:\/\/blogs.thesocialmedia.com\/leblogmoto\/2005\/10\/13\/un-mauritanien\/#primaryimage\"},\"thumbnailUrl\":\"https:\/\/blogs.thesocialmedia.com\/leblogmoto\/files\/2012\/07\/dakar.jpg\",\"datePublished\":\"2005-10-13T17:59:46+00:00\",\"dateModified\":\"2012-07-11T13:55:34+00:00\",\"author\":{\"@id\":\"https:\/\/blogs.thesocialmedia.com\/leblogmoto\/#\/schema\/person\/112bf3448e55eeb119f6276bbf85b8e7\"},\"breadcrumb\":{\"@id\":\"https:\/\/blogs.thesocialmedia.com\/leblogmoto\/2005\/10\/13\/un-mauritanien\/#breadcrumb\"},\"inLanguage\":\"fr-FR\",\"potentialAction\":[{\"@type\":\"ReadAction\",\"target\":[\"https:\/\/blogs.thesocialmedia.com\/leblogmoto\/2005\/10\/13\/un-mauritanien\/\"]}]},{\"@type\":\"ImageObject\",\"inLanguage\":\"fr-FR\",\"@id\":\"https:\/\/blogs.thesocialmedia.com\/leblogmoto\/2005\/10\/13\/un-mauritanien\/#primaryimage\",\"url\":\"https:\/\/blogs.thesocialmedia.com\/leblogmoto\/files\/2012\/07\/dakar.jpg\",\"contentUrl\":\"https:\/\/blogs.thesocialmedia.com\/leblogmoto\/files\/2012\/07\/dakar.jpg\",\"width\":\"800\",\"height\":\"533\"},{\"@type\":\"BreadcrumbList\",\"@id\":\"https:\/\/blogs.thesocialmedia.com\/leblogmoto\/2005\/10\/13\/un-mauritanien\/#breadcrumb\",\"itemListElement\":[{\"@type\":\"ListItem\",\"position\":1,\"name\":\"Accueil\",\"item\":\"https:\/\/blogs.thesocialmedia.com\/leblogmoto\/\"},{\"@type\":\"ListItem\",\"position\":2,\"name\":\"Un Mauritanien au Dakar 2005\"}]},{\"@type\":\"WebSite\",\"@id\":\"https:\/\/blogs.thesocialmedia.com\/leblogmoto\/#website\",\"url\":\"https:\/\/blogs.thesocialmedia.com\/leblogmoto\/\",\"name\":\"leblogmoto\",\"description\":\"Toute l&#039;actualit\u00e9 des 2 roues\",\"potentialAction\":[{\"@type\":\"SearchAction\",\"target\":{\"@type\":\"EntryPoint\",\"urlTemplate\":\"https:\/\/blogs.thesocialmedia.com\/leblogmoto\/?s={search_term_string}\"},\"query-input\":{\"@type\":\"PropertyValueSpecification\",\"valueRequired\":true,\"valueName\":\"search_term_string\"}}],\"inLanguage\":\"fr-FR\"},{\"@type\":\"Person\",\"@id\":\"https:\/\/blogs.thesocialmedia.com\/leblogmoto\/#\/schema\/person\/112bf3448e55eeb119f6276bbf85b8e7\",\"name\":\"daniel bour\",\"image\":{\"@type\":\"ImageObject\",\"inLanguage\":\"fr-FR\",\"@id\":\"https:\/\/blogs.thesocialmedia.com\/leblogmoto\/#\/schema\/person\/image\/\",\"url\":\"https:\/\/secure.gravatar.com\/avatar\/?s=96&d=mm&r=g\",\"contentUrl\":\"https:\/\/secure.gravatar.com\/avatar\/?s=96&d=mm&r=g\",\"caption\":\"daniel bour\"},\"url\":\"https:\/\/blogs.thesocialmedia.com\/leblogmoto\/author\/daniel-bour\/\"}]}<\/script>\n<!-- \/ Yoast SEO plugin. -->","yoast_head_json":{"title":"Un Mauritanien au Dakar 2005 - leblogmoto.com","robots":{"index":"index","follow":"follow","max-snippet":"max-snippet:-1","max-image-preview":"max-image-preview:large","max-video-preview":"max-video-preview:-1"},"canonical":"https:\/\/blogs.thesocialmedia.com\/leblogmoto\/2005\/10\/13\/un-mauritanien\/","twitter_card":"summary_large_image","twitter_title":"Un Mauritanien au Dakar 2005 - leblogmoto.com","twitter_description":"Un jeune pilote mauritanien de 32 ans, Mohamed Zeidane Ould Sweid Ahmed, natif de la ville de Boutilimitt \u00e0 150 Km \u00e0 l&rsquo;Est de Nouakchott,\u00a0fera son premier rallye raid Paris Dakar \u00e0 la fin de l&rsquo;ann\u00e9e 2005, tout en nourrissant le r\u00eave de prendre part un jour au championnat du monde de formule I. Dans [&hellip;]","twitter_image":"https:\/\/blogs.thesocialmedia.com\/leblogmoto\/files\/2012\/07\/dakar.jpg","twitter_misc":{"\u00c9crit par":"daniel bour","Dur\u00e9e de lecture estim\u00e9e":"2 minutes"},"schema":{"@context":"https:\/\/schema.org","@graph":[{"@type":"WebPage","@id":"https:\/\/blogs.thesocialmedia.com\/leblogmoto\/2005\/10\/13\/un-mauritanien\/","url":"https:\/\/blogs.thesocialmedia.com\/leblogmoto\/2005\/10\/13\/un-mauritanien\/","name":"Un Mauritanien au Dakar 2005 - leblogmoto.com","isPartOf":{"@id":"https:\/\/blogs.thesocialmedia.com\/leblogmoto\/#website"},"primaryImageOfPage":{"@id":"https:\/\/blogs.thesocialmedia.com\/leblogmoto\/2005\/10\/13\/un-mauritanien\/#primaryimage"},"image":{"@id":"https:\/\/blogs.thesocialmedia.com\/leblogmoto\/2005\/10\/13\/un-mauritanien\/#primaryimage"},"thumbnailUrl":"https:\/\/blogs.thesocialmedia.com\/leblogmoto\/files\/2012\/07\/dakar.jpg","datePublished":"2005-10-13T17:59:46+00:00","dateModified":"2012-07-11T13:55:34+00:00","author":{"@id":"https:\/\/blogs.thesocialmedia.com\/leblogmoto\/#\/schema\/person\/112bf3448e55eeb119f6276bbf85b8e7"},"breadcrumb":{"@id":"https:\/\/blogs.thesocialmedia.com\/leblogmoto\/2005\/10\/13\/un-mauritanien\/#breadcrumb"},"inLanguage":"fr-FR","potentialAction":[{"@type":"ReadAction","target":["https:\/\/blogs.thesocialmedia.com\/leblogmoto\/2005\/10\/13\/un-mauritanien\/"]}]},{"@type":"ImageObject","inLanguage":"fr-FR","@id":"https:\/\/blogs.thesocialmedia.com\/leblogmoto\/2005\/10\/13\/un-mauritanien\/#primaryimage","url":"https:\/\/blogs.thesocialmedia.com\/leblogmoto\/files\/2012\/07\/dakar.jpg","contentUrl":"https:\/\/blogs.thesocialmedia.com\/leblogmoto\/files\/2012\/07\/dakar.jpg","width":"800","height":"533"},{"@type":"BreadcrumbList","@id":"https:\/\/blogs.thesocialmedia.com\/leblogmoto\/2005\/10\/13\/un-mauritanien\/#breadcrumb","itemListElement":[{"@type":"ListItem","position":1,"name":"Accueil","item":"https:\/\/blogs.thesocialmedia.com\/leblogmoto\/"},{"@type":"ListItem","position":2,"name":"Un Mauritanien au Dakar 2005"}]},{"@type":"WebSite","@id":"https:\/\/blogs.thesocialmedia.com\/leblogmoto\/#website","url":"https:\/\/blogs.thesocialmedia.com\/leblogmoto\/","name":"leblogmoto","description":"Toute l&#039;actualit\u00e9 des 2 roues","potentialAction":[{"@type":"SearchAction","target":{"@type":"EntryPoint","urlTemplate":"https:\/\/blogs.thesocialmedia.com\/leblogmoto\/?s={search_term_string}"},"query-input":{"@type":"PropertyValueSpecification","valueRequired":true,"valueName":"search_term_string"}}],"inLanguage":"fr-FR"},{"@type":"Person","@id":"https:\/\/blogs.thesocialmedia.com\/leblogmoto\/#\/schema\/person\/112bf3448e55eeb119f6276bbf85b8e7","name":"daniel bour","image":{"@type":"ImageObject","inLanguage":"fr-FR","@id":"https:\/\/blogs.thesocialmedia.com\/leblogmoto\/#\/schema\/person\/image\/","url":"https:\/\/secure.gravatar.com\/avatar\/?s=96&d=mm&r=g","contentUrl":"https:\/\/secure.gravatar.com\/avatar\/?s=96&d=mm&r=g","caption":"daniel bour"},"url":"https:\/\/blogs.thesocialmedia.com\/leblogmoto\/author\/daniel-bour\/"}]}},"_links":{"self":[{"href":"https:\/\/blogs.thesocialmedia.com\/leblogmoto\/wp-json\/wp\/v2\/posts\/2358","targetHints":{"allow":["GET"]}}],"collection":[{"href":"https:\/\/blogs.thesocialmedia.com\/leblogmoto\/wp-json\/wp\/v2\/posts"}],"about":[{"href":"https:\/\/blogs.thesocialmedia.com\/leblogmoto\/wp-json\/wp\/v2\/types\/post"}],"author":[{"embeddable":true,"href":"https:\/\/blogs.thesocialmedia.com\/leblogmoto\/wp-json\/wp\/v2\/users\/339"}],"replies":[{"embeddable":true,"href":"https:\/\/blogs.thesocialmedia.com\/leblogmoto\/wp-json\/wp\/v2\/comments?post=2358"}],"version-history":[{"count":2,"href":"https:\/\/blogs.thesocialmedia.com\/leblogmoto\/wp-json\/wp\/v2\/posts\/2358\/revisions"}],"predecessor-version":[{"id":6168,"href":"https:\/\/blogs.thesocialmedia.com\/leblogmoto\/wp-json\/wp\/v2\/posts\/2358\/revisions\/6168"}],"wp:featuredmedia":[{"embeddable":true,"href":"https:\/\/blogs.thesocialmedia.com\/leblogmoto\/wp-json\/wp\/v2\/media\/2802"}],"wp:attachment":[{"href":"https:\/\/blogs.thesocialmedia.com\/leblogmoto\/wp-json\/wp\/v2\/media?parent=2358"}],"wp:term":[{"taxonomy":"category","embeddable":true,"href":"https:\/\/blogs.thesocialmedia.com\/leblogmoto\/wp-json\/wp\/v2\/categories?post=2358"},{"taxonomy":"post_tag","embeddable":true,"href":"https:\/\/blogs.thesocialmedia.com\/leblogmoto\/wp-json\/wp\/v2\/tags?post=2358"}],"curies":[{"name":"wp","href":"https:\/\/api.w.org\/{rel}","templated":true}]}}