{"id":236,"date":"2009-03-09T22:56:40","date_gmt":"2009-03-09T22:56:40","guid":{"rendered":"http:\/\/blogs.thesocialmedia.com\/leblogmoto\/2009\/03\/09\/barbie-la-motar\/"},"modified":"2012-07-11T17:11:40","modified_gmt":"2012-07-11T17:11:40","slug":"barbie-la-motar","status":"publish","type":"post","link":"https:\/\/blogs.thesocialmedia.com\/leblogmoto\/2009\/03\/09\/barbie-la-motar\/","title":{"rendered":"Barbie, la motarde"},"content":{"rendered":"<p><a href=\"http:\/\/blogs.thesocialmedia.com\/leblogmoto\/files\/2012\/07\/barbie1.jpg\"><img loading=\"lazy\" decoding=\"async\" width=\"469\" height=\"457\"  src=\"http:\/\/www.leblogmoto.com\/images\/2009\/03\/09\/barbie1.jpg\" alt=\"Barbie1\" \/><\/a> <\/p>\n<p><a href=\"http:\/\/www.barbie50.ca\/index.cfm?lang=fr\">Barbie a 50 ans<\/a> aujourd\u2019hui, une grande dame aux allures d\u2019\u00e9ternelle jeune fille, mais qui ne manqua jamais d\u2019\u00eatre de son \u00e9poque.<br \/>N\u00e9e de l\u2019inspiration d\u2019une poup\u00e9e Allemande vue dans une vitrine de Lucerne en Suisse par <a href=\"http:\/\/en.wikipedia.org\/wiki\/Ruth_Handler\">Ruth Handler<\/a>, qui fondera plus tard la compagnie <a href=\"http:\/\/www.mattel.com\/\">Mattel<\/a>, et nomm\u00e9e \u00e0 partir du diminutif de sa fille Barbara, Barbie saura incarner g\u00e9n\u00e9ration apr\u00e8s g\u00e9n\u00e9ration les d\u00e9sirs et espoirs des petites filles (et certains gar\u00e7ons aussi) du monde entier.<\/p>\n<p>Qui dit poup\u00e9e, dit accessoires, la manne est l\u00e0 d\u2019ailleurs, dans l\u2019infini de la personnalisation, et la panoplie de la demoiselle \u00e9clectique. Les motos n\u2019\u00e9chapperont pas \u00e0 ses caprices, et sa collection ferait l\u2019envie de bien des motards, sauf peut-\u00eatre pour le choix des couleurs.<br \/>Les h\u00e9ros en moto se retrouvant sur les \u00e9tag\u00e8res des magasins de jouets sont l\u00e9gion, mais il fallut une fille pour durer 50 ans.<\/p>\n<p><a href=\"http:\/\/clabedan.typepad.com\/.shared\/image.html?\/photos\/uncategorized\/2009\/03\/09\/barbie2.jpg\"><img loading=\"lazy\" decoding=\"async\" width=\"470\" height=\"470\"  src=\"http:\/\/www.leblogmoto.com\/images\/2009\/03\/09\/barbie2.jpg\" alt=\"Barbie2\" \/><\/a> <\/p>\n<p><a href=\"http:\/\/blogs.thesocialmedia.com\/leblogmoto\/files\/2012\/07\/barbie3.jpg\"><img loading=\"lazy\" decoding=\"async\" width=\"470\" height=\"341\"  src=\"http:\/\/www.leblogmoto.com\/images\/2009\/03\/09\/barbie3.jpg\" alt=\"Barbie3\" \/><\/a> <\/p>\n<p><a href=\"http:\/\/blogs.thesocialmedia.com\/leblogmoto\/files\/2012\/07\/barbie4.jpg\"><img loading=\"lazy\" decoding=\"async\" width=\"470\" height=\"343\"  src=\"http:\/\/www.leblogmoto.com\/images\/2009\/03\/09\/barbie4.jpg\" alt=\"Barbie4\" \/><\/a> <\/p>\n<p><a href=\"http:\/\/blogs.thesocialmedia.com\/leblogmoto\/files\/2012\/07\/barbie5.jpg\"><img loading=\"lazy\" decoding=\"async\" width=\"470\" height=\"199\"  src=\"http:\/\/www.leblogmoto.com\/images\/2009\/03\/09\/barbie5.jpg\" alt=\"Barbie5\" \/><\/a> <\/p>\n<p><a href=\"http:\/\/blogs.thesocialmedia.com\/leblogmoto\/files\/2012\/07\/barbie6.jpg\"><img loading=\"lazy\" decoding=\"async\" width=\"470\" height=\"571\"  src=\"http:\/\/www.leblogmoto.com\/images\/2009\/03\/09\/barbie6.jpg\" alt=\"Barbie6\" \/><\/a> <\/p>\n","protected":false},"excerpt":{"rendered":"<p>Barbie a 50 ans aujourd\u2019hui, une grande dame aux allures d\u2019\u00e9ternelle jeune fille, mais qui ne manqua jamais d\u2019\u00eatre de son \u00e9poque.N\u00e9e de l\u2019inspiration d\u2019une poup\u00e9e Allemande vue dans une vitrine de Lucerne en Suisse par Ruth Handler, qui fondera plus tard la compagnie Mattel, et nomm\u00e9e \u00e0 partir du diminutif de sa fille Barbara, [&hellip;]<\/p>\n","protected":false},"author":325,"featured_media":0,"comment_status":"open","ping_status":"open","sticky":false,"template":"","format":"standard","meta":{"footnotes":""},"categories":[3,17,29,58,70],"tags":[],"class_list":["post-236","post","type-post","status-publish","format-standard","hentry","category-actualite","category-divers","category-harley-davidson","category-insolite","category-quad"],"yoast_head":"<!-- This site is optimized with the Yoast SEO plugin v26.0 - https:\/\/yoast.com\/wordpress\/plugins\/seo\/ -->\n<title>Barbie, la motarde - leblogmoto.com<\/title>\n<meta name=\"robots\" content=\"index, follow, max-snippet:-1, max-image-preview:large, max-video-preview:-1\" \/>\n<link rel=\"canonical\" href=\"https:\/\/blogs.thesocialmedia.com\/leblogmoto\/2009\/03\/09\/barbie-la-motar\/\" \/>\n<meta name=\"twitter:card\" content=\"summary_large_image\" \/>\n<meta name=\"twitter:title\" content=\"Barbie, la motarde - leblogmoto.com\" \/>\n<meta name=\"twitter:description\" content=\"Barbie a 50 ans aujourd\u2019hui, une grande dame aux allures d\u2019\u00e9ternelle jeune fille, mais qui ne manqua jamais d\u2019\u00eatre de son \u00e9poque.N\u00e9e de l\u2019inspiration d\u2019une poup\u00e9e Allemande vue dans une vitrine de Lucerne en Suisse par Ruth Handler, qui fondera plus tard la compagnie Mattel, et nomm\u00e9e \u00e0 partir du diminutif de sa fille Barbara, [&hellip;]\" \/>\n<meta name=\"twitter:image\" content=\"http:\/\/www.leblogmoto.com\/images\/2009\/03\/09\/barbie1.jpg\" \/>\n<meta name=\"twitter:label1\" content=\"\u00c9crit par\" \/>\n\t<meta name=\"twitter:data1\" content=\"jacques lesage\" \/>\n\t<meta name=\"twitter:label2\" content=\"Dur\u00e9e de lecture estim\u00e9e\" \/>\n\t<meta name=\"twitter:data2\" content=\"1 minute\" \/>\n<script type=\"application\/ld+json\" class=\"yoast-schema-graph\">{\"@context\":\"https:\/\/schema.org\",\"@graph\":[{\"@type\":\"WebPage\",\"@id\":\"https:\/\/blogs.thesocialmedia.com\/leblogmoto\/2009\/03\/09\/barbie-la-motar\/\",\"url\":\"https:\/\/blogs.thesocialmedia.com\/leblogmoto\/2009\/03\/09\/barbie-la-motar\/\",\"name\":\"Barbie, la motarde - leblogmoto.com\",\"isPartOf\":{\"@id\":\"https:\/\/blogs.thesocialmedia.com\/leblogmoto\/#website\"},\"primaryImageOfPage\":{\"@id\":\"https:\/\/blogs.thesocialmedia.com\/leblogmoto\/2009\/03\/09\/barbie-la-motar\/#primaryimage\"},\"image\":{\"@id\":\"https:\/\/blogs.thesocialmedia.com\/leblogmoto\/2009\/03\/09\/barbie-la-motar\/#primaryimage\"},\"thumbnailUrl\":\"http:\/\/www.leblogmoto.com\/images\/2009\/03\/09\/barbie1.jpg\",\"datePublished\":\"2009-03-09T22:56:40+00:00\",\"dateModified\":\"2012-07-11T17:11:40+00:00\",\"author\":{\"@id\":\"https:\/\/blogs.thesocialmedia.com\/leblogmoto\/#\/schema\/person\/e82a0ca8a9a63d031586097a3ed58526\"},\"breadcrumb\":{\"@id\":\"https:\/\/blogs.thesocialmedia.com\/leblogmoto\/2009\/03\/09\/barbie-la-motar\/#breadcrumb\"},\"inLanguage\":\"fr-FR\",\"potentialAction\":[{\"@type\":\"ReadAction\",\"target\":[\"https:\/\/blogs.thesocialmedia.com\/leblogmoto\/2009\/03\/09\/barbie-la-motar\/\"]}]},{\"@type\":\"ImageObject\",\"inLanguage\":\"fr-FR\",\"@id\":\"https:\/\/blogs.thesocialmedia.com\/leblogmoto\/2009\/03\/09\/barbie-la-motar\/#primaryimage\",\"url\":\"http:\/\/www.leblogmoto.com\/images\/2009\/03\/09\/barbie1.jpg\",\"contentUrl\":\"http:\/\/www.leblogmoto.com\/images\/2009\/03\/09\/barbie1.jpg\"},{\"@type\":\"BreadcrumbList\",\"@id\":\"https:\/\/blogs.thesocialmedia.com\/leblogmoto\/2009\/03\/09\/barbie-la-motar\/#breadcrumb\",\"itemListElement\":[{\"@type\":\"ListItem\",\"position\":1,\"name\":\"Accueil\",\"item\":\"https:\/\/blogs.thesocialmedia.com\/leblogmoto\/\"},{\"@type\":\"ListItem\",\"position\":2,\"name\":\"Barbie, la motarde\"}]},{\"@type\":\"WebSite\",\"@id\":\"https:\/\/blogs.thesocialmedia.com\/leblogmoto\/#website\",\"url\":\"https:\/\/blogs.thesocialmedia.com\/leblogmoto\/\",\"name\":\"leblogmoto\",\"description\":\"Toute l&#039;actualit\u00e9 des 2 roues\",\"potentialAction\":[{\"@type\":\"SearchAction\",\"target\":{\"@type\":\"EntryPoint\",\"urlTemplate\":\"https:\/\/blogs.thesocialmedia.com\/leblogmoto\/?s={search_term_string}\"},\"query-input\":{\"@type\":\"PropertyValueSpecification\",\"valueRequired\":true,\"valueName\":\"search_term_string\"}}],\"inLanguage\":\"fr-FR\"},{\"@type\":\"Person\",\"@id\":\"https:\/\/blogs.thesocialmedia.com\/leblogmoto\/#\/schema\/person\/e82a0ca8a9a63d031586097a3ed58526\",\"name\":\"jacques lesage\",\"image\":{\"@type\":\"ImageObject\",\"inLanguage\":\"fr-FR\",\"@id\":\"https:\/\/blogs.thesocialmedia.com\/leblogmoto\/#\/schema\/person\/image\/\",\"url\":\"https:\/\/secure.gravatar.com\/avatar\/?s=96&d=mm&r=g\",\"contentUrl\":\"https:\/\/secure.gravatar.com\/avatar\/?s=96&d=mm&r=g\",\"caption\":\"jacques lesage\"},\"url\":\"https:\/\/blogs.thesocialmedia.com\/leblogmoto\/author\/jacques-lesage\/\"}]}<\/script>\n<!-- \/ Yoast SEO plugin. -->","yoast_head_json":{"title":"Barbie, la motarde - leblogmoto.com","robots":{"index":"index","follow":"follow","max-snippet":"max-snippet:-1","max-image-preview":"max-image-preview:large","max-video-preview":"max-video-preview:-1"},"canonical":"https:\/\/blogs.thesocialmedia.com\/leblogmoto\/2009\/03\/09\/barbie-la-motar\/","twitter_card":"summary_large_image","twitter_title":"Barbie, la motarde - leblogmoto.com","twitter_description":"Barbie a 50 ans aujourd\u2019hui, une grande dame aux allures d\u2019\u00e9ternelle jeune fille, mais qui ne manqua jamais d\u2019\u00eatre de son \u00e9poque.N\u00e9e de l\u2019inspiration d\u2019une poup\u00e9e Allemande vue dans une vitrine de Lucerne en Suisse par Ruth Handler, qui fondera plus tard la compagnie Mattel, et nomm\u00e9e \u00e0 partir du diminutif de sa fille Barbara, [&hellip;]","twitter_image":"http:\/\/www.leblogmoto.com\/images\/2009\/03\/09\/barbie1.jpg","twitter_misc":{"\u00c9crit par":"jacques lesage","Dur\u00e9e de lecture estim\u00e9e":"1 minute"},"schema":{"@context":"https:\/\/schema.org","@graph":[{"@type":"WebPage","@id":"https:\/\/blogs.thesocialmedia.com\/leblogmoto\/2009\/03\/09\/barbie-la-motar\/","url":"https:\/\/blogs.thesocialmedia.com\/leblogmoto\/2009\/03\/09\/barbie-la-motar\/","name":"Barbie, la motarde - leblogmoto.com","isPartOf":{"@id":"https:\/\/blogs.thesocialmedia.com\/leblogmoto\/#website"},"primaryImageOfPage":{"@id":"https:\/\/blogs.thesocialmedia.com\/leblogmoto\/2009\/03\/09\/barbie-la-motar\/#primaryimage"},"image":{"@id":"https:\/\/blogs.thesocialmedia.com\/leblogmoto\/2009\/03\/09\/barbie-la-motar\/#primaryimage"},"thumbnailUrl":"http:\/\/www.leblogmoto.com\/images\/2009\/03\/09\/barbie1.jpg","datePublished":"2009-03-09T22:56:40+00:00","dateModified":"2012-07-11T17:11:40+00:00","author":{"@id":"https:\/\/blogs.thesocialmedia.com\/leblogmoto\/#\/schema\/person\/e82a0ca8a9a63d031586097a3ed58526"},"breadcrumb":{"@id":"https:\/\/blogs.thesocialmedia.com\/leblogmoto\/2009\/03\/09\/barbie-la-motar\/#breadcrumb"},"inLanguage":"fr-FR","potentialAction":[{"@type":"ReadAction","target":["https:\/\/blogs.thesocialmedia.com\/leblogmoto\/2009\/03\/09\/barbie-la-motar\/"]}]},{"@type":"ImageObject","inLanguage":"fr-FR","@id":"https:\/\/blogs.thesocialmedia.com\/leblogmoto\/2009\/03\/09\/barbie-la-motar\/#primaryimage","url":"http:\/\/www.leblogmoto.com\/images\/2009\/03\/09\/barbie1.jpg","contentUrl":"http:\/\/www.leblogmoto.com\/images\/2009\/03\/09\/barbie1.jpg"},{"@type":"BreadcrumbList","@id":"https:\/\/blogs.thesocialmedia.com\/leblogmoto\/2009\/03\/09\/barbie-la-motar\/#breadcrumb","itemListElement":[{"@type":"ListItem","position":1,"name":"Accueil","item":"https:\/\/blogs.thesocialmedia.com\/leblogmoto\/"},{"@type":"ListItem","position":2,"name":"Barbie, la motarde"}]},{"@type":"WebSite","@id":"https:\/\/blogs.thesocialmedia.com\/leblogmoto\/#website","url":"https:\/\/blogs.thesocialmedia.com\/leblogmoto\/","name":"leblogmoto","description":"Toute l&#039;actualit\u00e9 des 2 roues","potentialAction":[{"@type":"SearchAction","target":{"@type":"EntryPoint","urlTemplate":"https:\/\/blogs.thesocialmedia.com\/leblogmoto\/?s={search_term_string}"},"query-input":{"@type":"PropertyValueSpecification","valueRequired":true,"valueName":"search_term_string"}}],"inLanguage":"fr-FR"},{"@type":"Person","@id":"https:\/\/blogs.thesocialmedia.com\/leblogmoto\/#\/schema\/person\/e82a0ca8a9a63d031586097a3ed58526","name":"jacques lesage","image":{"@type":"ImageObject","inLanguage":"fr-FR","@id":"https:\/\/blogs.thesocialmedia.com\/leblogmoto\/#\/schema\/person\/image\/","url":"https:\/\/secure.gravatar.com\/avatar\/?s=96&d=mm&r=g","contentUrl":"https:\/\/secure.gravatar.com\/avatar\/?s=96&d=mm&r=g","caption":"jacques lesage"},"url":"https:\/\/blogs.thesocialmedia.com\/leblogmoto\/author\/jacques-lesage\/"}]}},"_links":{"self":[{"href":"https:\/\/blogs.thesocialmedia.com\/leblogmoto\/wp-json\/wp\/v2\/posts\/236","targetHints":{"allow":["GET"]}}],"collection":[{"href":"https:\/\/blogs.thesocialmedia.com\/leblogmoto\/wp-json\/wp\/v2\/posts"}],"about":[{"href":"https:\/\/blogs.thesocialmedia.com\/leblogmoto\/wp-json\/wp\/v2\/types\/post"}],"author":[{"embeddable":true,"href":"https:\/\/blogs.thesocialmedia.com\/leblogmoto\/wp-json\/wp\/v2\/users\/325"}],"replies":[{"embeddable":true,"href":"https:\/\/blogs.thesocialmedia.com\/leblogmoto\/wp-json\/wp\/v2\/comments?post=236"}],"version-history":[{"count":2,"href":"https:\/\/blogs.thesocialmedia.com\/leblogmoto\/wp-json\/wp\/v2\/posts\/236\/revisions"}],"predecessor-version":[{"id":12914,"href":"https:\/\/blogs.thesocialmedia.com\/leblogmoto\/wp-json\/wp\/v2\/posts\/236\/revisions\/12914"}],"wp:attachment":[{"href":"https:\/\/blogs.thesocialmedia.com\/leblogmoto\/wp-json\/wp\/v2\/media?parent=236"}],"wp:term":[{"taxonomy":"category","embeddable":true,"href":"https:\/\/blogs.thesocialmedia.com\/leblogmoto\/wp-json\/wp\/v2\/categories?post=236"},{"taxonomy":"post_tag","embeddable":true,"href":"https:\/\/blogs.thesocialmedia.com\/leblogmoto\/wp-json\/wp\/v2\/tags?post=236"}],"curies":[{"name":"wp","href":"https:\/\/api.w.org\/{rel}","templated":true}]}}