{"id":2366,"date":"2005-10-12T12:56:00","date_gmt":"2005-10-12T12:56:00","guid":{"rendered":"http:\/\/blogs.thesocialmedia.com\/leblogmoto\/2005\/10\/12\/superbike-verme\/"},"modified":"2012-07-11T13:53:56","modified_gmt":"2012-07-11T13:53:56","slug":"superbike-verme","status":"publish","type":"post","link":"https:\/\/blogs.thesocialmedia.com\/leblogmoto\/2005\/10\/12\/superbike-verme\/","title":{"rendered":"Superbike : Vermeulen malchanceux \u00e0 Magny-Cours"},"content":{"rendered":"<p><a href=\"http:\/\/blogs.thesocialmedia.com\/leblogmoto\/files\/2012\/07\/magnycours_superbike_1.jpg\"><img loading=\"lazy\" decoding=\"async\" width=\"250\" height=\"375\"  src=\"http:\/\/www.leblogmoto.com\/images\/magnycours_superbike_1.jpg\" alt=\"Magnycours_superbike_1\" style=\"margin: 0px 5px 5px 0px;float: left\" \/><\/a>Apr\u00e8s une fantastique superp\u00f4le, Chris Vermeulen a survol\u00e9 la premi\u00e8re course \u00e0 Magny-Cours pour cette derni\u00e8re \u00e9preuve du championnat du monde de Superbike<a href=\"http:\/\/www.leblogmoto.com\/2005\/10\/superbike_troy_.html\"> qui a d\u00e9j\u00e0 sacr\u00e9 Troy Corser lors du pr\u00e9c\u00e9dent grand prix<\/a>. Malheureusement, Vermeulen a \u00e9t\u00e9 victime d\u2019une casse m\u00e9canique lors de la deuxi\u00e8me course \u00e0 quelques tours de l\u2019arriv\u00e9e. Corser a pass\u00e9 un mauvais week end suite \u00e0 un probl\u00e8me de pression sur ses pneumatiques et r\u00e9ussit tout juste \u00e0 terminer \u00e0 la 5\u00e8me et 4\u00e8me position. A noter la brillante victoire de Lanzi lors de la deuxi\u00e8me course ce qui confirme le grand potentiel de ce jeune pilote italien. Cette derni\u00e8re \u00e9preuve a aussi \u00e9t\u00e9 marqu\u00e9e par une chute group\u00e9e au d\u00e9part de la deuxi\u00e8me course impliquant 5 pilotes. La saison de <a href=\"http:\/\/www.leblogmoto.com\/superbike\/index.html\">Superbike<\/a> se termine donc sur le podium suivant : Corser 1, Vermeulen 2 et Hage 3, il est fort dommage que le fran\u00e7ais R\u00e9gis Laconi ait \u00e9t\u00e9 out suite aux blessures de sa chute \u00e0 Assen car celui-ci aurait pu occuper amplement la 3\u00e8me place de ce podium. Laconi reviendra \u00e0 n\u2019en pas douter en force l\u2019ann\u00e9e prochaine pour se venger.<\/p>\n<p><a href=\"http:\/\/clabedan.typepad.com\/.shared\/image.html?\/photos\/uncategorized\/magnycours_superbike_2.jpg\"><img loading=\"lazy\" decoding=\"async\" width=\"250\" height=\"165\"  src=\"http:\/\/www.leblogmoto.com\/images\/magnycours_superbike_2.jpg\" alt=\"Magnycours_superbike_2\" style=\"margin: 0px 5px 5px 0px;float: left\" \/><\/a>Arriv\u00e9e de la course 1<br \/> 1. C. Vermeulen (AUS) Honda CBR 1000 RR<br \/> 2. Y. Kagayama (JAP) suzuki GSXR 1000 K5<br \/> 3. J. Toseland (GBR) Ducati 999 F05<br \/> 4. K. Muggeridge (AUS) Honda CBR 1000 RR<br \/> 5. T. Corser (AUS) Suzuki GSXR 1000 K5<br \/> 6. A. Pitt (AUS) Yamaha YZF R1<br \/> 7. C. Walker (GBR) Kawasaki ZX10<br \/> 8. M. Neukirchner (GER) Honda CBR 1000 RR<br \/> 9. L. Lanzi (ITA) Ducati 999 RS<br \/> 10. N. Abe (JAP) Yamaha YZF R1<\/p>\n<p><a href=\"http:\/\/blogs.thesocialmedia.com\/leblogmoto\/files\/2012\/07\/magnycours_superbike_3.jpg\"><img loading=\"lazy\" decoding=\"async\" width=\"250\" height=\"165\"  src=\"http:\/\/www.leblogmoto.com\/images\/magnycours_superbike_3.jpg\" alt=\"Magnycours_superbike_3\" style=\"margin: 0px 5px 5px 0px;float: left\" \/><\/a> Arriv\u00e9e de la course 2 :<br \/> 1. L. Lanzi (ITA) Ducati 999 RS<br \/> 2. Y. Kagayama (JAP) suzuki GSXR 1000 K5<br \/> 3. N. Haga (JPN) Yamaha YZF R1<br \/> 4. T. Corser (AUS) Suzuki GSXR 1000 K5<br \/> 5. C. Walker (GBR) Kawasaki ZX10<br \/> 6. J. Toseland (GBR) Ducati 999 F05<br \/> 7. A. Pitt (AUS) Yamaha YZF R1<br \/> 8. M. Neukirchner (GER) Honda CBR 1000 RR<br \/> 9. N. Abe (JAP) Yamaha YZF R1<br \/> 10. P. Chili (ITA) Honda CBR 1000 RR<\/p>\n<p><a href=\"http:\/\/blogs.thesocialmedia.com\/leblogmoto\/files\/2012\/07\/magnycours_superbike_4.jpg\"><img loading=\"lazy\" decoding=\"async\" width=\"250\" height=\"165\"  src=\"http:\/\/www.leblogmoto.com\/images\/magnycours_superbike_4.jpg\" alt=\"Magnycours_superbike_4\" style=\"margin: 0px 5px 5px 0px;float: left\" \/><\/a> Championnat pilote<br \/> 1. T. Corser (433 pts)<br \/> 2. C. Vermeulen (379 pts)<br \/> 3. N. Haga (271 pts)<br \/> 4. J. Toseland (254 pts)<br \/> 5. Y. Kagayama (252 pts)<br \/> 6. R. Laconi (221 pts)<br \/> 7. C. Walker (160 pts)<br \/> 8. A. Pitt (156 pts)<br \/> 9. L. Lanzi (150 pts)<br \/> 10. P. Chili (131 pts)<\/p>\n<p> Championnat constructeur<br \/> 1. Suzuki (468 pts)<br \/> 2. Honda (403 pts)<br \/> 3. Ducati (385 pts)<br \/> 4. Yamaha (322 pts)<br \/> 5. Kawasaki (183 pts)<br \/> 6. Petronas (48 pts)<\/p>\n<p> Photos : <a href=\"http:\/\/www.worldsbk.com\/\">worldsbk.com<\/a><\/p>\n","protected":false},"excerpt":{"rendered":"<p>Apr\u00e8s une fantastique superp\u00f4le, Chris Vermeulen a survol\u00e9 la premi\u00e8re course \u00e0 Magny-Cours pour cette derni\u00e8re \u00e9preuve du championnat du monde de Superbike qui a d\u00e9j\u00e0 sacr\u00e9 Troy Corser lors du pr\u00e9c\u00e9dent grand prix. Malheureusement, Vermeulen a \u00e9t\u00e9 victime d\u2019une casse m\u00e9canique lors de la deuxi\u00e8me course \u00e0 quelques tours de l\u2019arriv\u00e9e. Corser a pass\u00e9 [&hellip;]<\/p>\n","protected":false},"author":338,"featured_media":0,"comment_status":"open","ping_status":"open","sticky":false,"template":"","format":"standard","meta":{"footnotes":""},"categories":[46],"tags":[],"class_list":["post-2366","post","type-post","status-publish","format-standard","hentry","category-superbike"],"yoast_head":"<!-- This site is optimized with the Yoast SEO plugin v26.0 - https:\/\/yoast.com\/wordpress\/plugins\/seo\/ -->\n<title>Superbike : Vermeulen malchanceux \u00e0 Magny-Cours - leblogmoto.com<\/title>\n<meta name=\"robots\" content=\"index, follow, max-snippet:-1, max-image-preview:large, max-video-preview:-1\" \/>\n<link rel=\"canonical\" href=\"https:\/\/blogs.thesocialmedia.com\/leblogmoto\/2005\/10\/12\/superbike-verme\/\" \/>\n<meta name=\"twitter:card\" content=\"summary_large_image\" \/>\n<meta name=\"twitter:title\" content=\"Superbike : Vermeulen malchanceux \u00e0 Magny-Cours - leblogmoto.com\" \/>\n<meta name=\"twitter:description\" content=\"Apr\u00e8s une fantastique superp\u00f4le, Chris Vermeulen a survol\u00e9 la premi\u00e8re course \u00e0 Magny-Cours pour cette derni\u00e8re \u00e9preuve du championnat du monde de Superbike qui a d\u00e9j\u00e0 sacr\u00e9 Troy Corser lors du pr\u00e9c\u00e9dent grand prix. Malheureusement, Vermeulen a \u00e9t\u00e9 victime d\u2019une casse m\u00e9canique lors de la deuxi\u00e8me course \u00e0 quelques tours de l\u2019arriv\u00e9e. Corser a pass\u00e9 [&hellip;]\" \/>\n<meta name=\"twitter:image\" content=\"http:\/\/www.leblogmoto.com\/images\/magnycours_superbike_1.jpg\" \/>\n<meta name=\"twitter:label1\" content=\"\u00c9crit par\" \/>\n\t<meta name=\"twitter:data1\" content=\"vincent vaillant\" \/>\n\t<meta name=\"twitter:label2\" content=\"Dur\u00e9e de lecture estim\u00e9e\" \/>\n\t<meta name=\"twitter:data2\" content=\"2 minutes\" \/>\n<script type=\"application\/ld+json\" class=\"yoast-schema-graph\">{\"@context\":\"https:\/\/schema.org\",\"@graph\":[{\"@type\":\"WebPage\",\"@id\":\"https:\/\/blogs.thesocialmedia.com\/leblogmoto\/2005\/10\/12\/superbike-verme\/\",\"url\":\"https:\/\/blogs.thesocialmedia.com\/leblogmoto\/2005\/10\/12\/superbike-verme\/\",\"name\":\"Superbike : Vermeulen malchanceux \u00e0 Magny-Cours - leblogmoto.com\",\"isPartOf\":{\"@id\":\"https:\/\/blogs.thesocialmedia.com\/leblogmoto\/#website\"},\"primaryImageOfPage\":{\"@id\":\"https:\/\/blogs.thesocialmedia.com\/leblogmoto\/2005\/10\/12\/superbike-verme\/#primaryimage\"},\"image\":{\"@id\":\"https:\/\/blogs.thesocialmedia.com\/leblogmoto\/2005\/10\/12\/superbike-verme\/#primaryimage\"},\"thumbnailUrl\":\"http:\/\/www.leblogmoto.com\/images\/magnycours_superbike_1.jpg\",\"datePublished\":\"2005-10-12T12:56:00+00:00\",\"dateModified\":\"2012-07-11T13:53:56+00:00\",\"author\":{\"@id\":\"https:\/\/blogs.thesocialmedia.com\/leblogmoto\/#\/schema\/person\/80d2a078dbdb8b60abbd76bae6011f19\"},\"breadcrumb\":{\"@id\":\"https:\/\/blogs.thesocialmedia.com\/leblogmoto\/2005\/10\/12\/superbike-verme\/#breadcrumb\"},\"inLanguage\":\"fr-FR\",\"potentialAction\":[{\"@type\":\"ReadAction\",\"target\":[\"https:\/\/blogs.thesocialmedia.com\/leblogmoto\/2005\/10\/12\/superbike-verme\/\"]}]},{\"@type\":\"ImageObject\",\"inLanguage\":\"fr-FR\",\"@id\":\"https:\/\/blogs.thesocialmedia.com\/leblogmoto\/2005\/10\/12\/superbike-verme\/#primaryimage\",\"url\":\"http:\/\/www.leblogmoto.com\/images\/magnycours_superbike_1.jpg\",\"contentUrl\":\"http:\/\/www.leblogmoto.com\/images\/magnycours_superbike_1.jpg\"},{\"@type\":\"BreadcrumbList\",\"@id\":\"https:\/\/blogs.thesocialmedia.com\/leblogmoto\/2005\/10\/12\/superbike-verme\/#breadcrumb\",\"itemListElement\":[{\"@type\":\"ListItem\",\"position\":1,\"name\":\"Accueil\",\"item\":\"https:\/\/blogs.thesocialmedia.com\/leblogmoto\/\"},{\"@type\":\"ListItem\",\"position\":2,\"name\":\"Superbike : Vermeulen malchanceux \u00e0 Magny-Cours\"}]},{\"@type\":\"WebSite\",\"@id\":\"https:\/\/blogs.thesocialmedia.com\/leblogmoto\/#website\",\"url\":\"https:\/\/blogs.thesocialmedia.com\/leblogmoto\/\",\"name\":\"leblogmoto\",\"description\":\"Toute l&#039;actualit\u00e9 des 2 roues\",\"potentialAction\":[{\"@type\":\"SearchAction\",\"target\":{\"@type\":\"EntryPoint\",\"urlTemplate\":\"https:\/\/blogs.thesocialmedia.com\/leblogmoto\/?s={search_term_string}\"},\"query-input\":{\"@type\":\"PropertyValueSpecification\",\"valueRequired\":true,\"valueName\":\"search_term_string\"}}],\"inLanguage\":\"fr-FR\"},{\"@type\":\"Person\",\"@id\":\"https:\/\/blogs.thesocialmedia.com\/leblogmoto\/#\/schema\/person\/80d2a078dbdb8b60abbd76bae6011f19\",\"name\":\"vincent vaillant\",\"image\":{\"@type\":\"ImageObject\",\"inLanguage\":\"fr-FR\",\"@id\":\"https:\/\/blogs.thesocialmedia.com\/leblogmoto\/#\/schema\/person\/image\/\",\"url\":\"https:\/\/secure.gravatar.com\/avatar\/?s=96&d=mm&r=g\",\"contentUrl\":\"https:\/\/secure.gravatar.com\/avatar\/?s=96&d=mm&r=g\",\"caption\":\"vincent vaillant\"},\"url\":\"https:\/\/blogs.thesocialmedia.com\/leblogmoto\/author\/vincent-vaillant\/\"}]}<\/script>\n<!-- \/ Yoast SEO plugin. -->","yoast_head_json":{"title":"Superbike : Vermeulen malchanceux \u00e0 Magny-Cours - leblogmoto.com","robots":{"index":"index","follow":"follow","max-snippet":"max-snippet:-1","max-image-preview":"max-image-preview:large","max-video-preview":"max-video-preview:-1"},"canonical":"https:\/\/blogs.thesocialmedia.com\/leblogmoto\/2005\/10\/12\/superbike-verme\/","twitter_card":"summary_large_image","twitter_title":"Superbike : Vermeulen malchanceux \u00e0 Magny-Cours - leblogmoto.com","twitter_description":"Apr\u00e8s une fantastique superp\u00f4le, Chris Vermeulen a survol\u00e9 la premi\u00e8re course \u00e0 Magny-Cours pour cette derni\u00e8re \u00e9preuve du championnat du monde de Superbike qui a d\u00e9j\u00e0 sacr\u00e9 Troy Corser lors du pr\u00e9c\u00e9dent grand prix. Malheureusement, Vermeulen a \u00e9t\u00e9 victime d\u2019une casse m\u00e9canique lors de la deuxi\u00e8me course \u00e0 quelques tours de l\u2019arriv\u00e9e. Corser a pass\u00e9 [&hellip;]","twitter_image":"http:\/\/www.leblogmoto.com\/images\/magnycours_superbike_1.jpg","twitter_misc":{"\u00c9crit par":"vincent vaillant","Dur\u00e9e de lecture estim\u00e9e":"2 minutes"},"schema":{"@context":"https:\/\/schema.org","@graph":[{"@type":"WebPage","@id":"https:\/\/blogs.thesocialmedia.com\/leblogmoto\/2005\/10\/12\/superbike-verme\/","url":"https:\/\/blogs.thesocialmedia.com\/leblogmoto\/2005\/10\/12\/superbike-verme\/","name":"Superbike : Vermeulen malchanceux \u00e0 Magny-Cours - leblogmoto.com","isPartOf":{"@id":"https:\/\/blogs.thesocialmedia.com\/leblogmoto\/#website"},"primaryImageOfPage":{"@id":"https:\/\/blogs.thesocialmedia.com\/leblogmoto\/2005\/10\/12\/superbike-verme\/#primaryimage"},"image":{"@id":"https:\/\/blogs.thesocialmedia.com\/leblogmoto\/2005\/10\/12\/superbike-verme\/#primaryimage"},"thumbnailUrl":"http:\/\/www.leblogmoto.com\/images\/magnycours_superbike_1.jpg","datePublished":"2005-10-12T12:56:00+00:00","dateModified":"2012-07-11T13:53:56+00:00","author":{"@id":"https:\/\/blogs.thesocialmedia.com\/leblogmoto\/#\/schema\/person\/80d2a078dbdb8b60abbd76bae6011f19"},"breadcrumb":{"@id":"https:\/\/blogs.thesocialmedia.com\/leblogmoto\/2005\/10\/12\/superbike-verme\/#breadcrumb"},"inLanguage":"fr-FR","potentialAction":[{"@type":"ReadAction","target":["https:\/\/blogs.thesocialmedia.com\/leblogmoto\/2005\/10\/12\/superbike-verme\/"]}]},{"@type":"ImageObject","inLanguage":"fr-FR","@id":"https:\/\/blogs.thesocialmedia.com\/leblogmoto\/2005\/10\/12\/superbike-verme\/#primaryimage","url":"http:\/\/www.leblogmoto.com\/images\/magnycours_superbike_1.jpg","contentUrl":"http:\/\/www.leblogmoto.com\/images\/magnycours_superbike_1.jpg"},{"@type":"BreadcrumbList","@id":"https:\/\/blogs.thesocialmedia.com\/leblogmoto\/2005\/10\/12\/superbike-verme\/#breadcrumb","itemListElement":[{"@type":"ListItem","position":1,"name":"Accueil","item":"https:\/\/blogs.thesocialmedia.com\/leblogmoto\/"},{"@type":"ListItem","position":2,"name":"Superbike : Vermeulen malchanceux \u00e0 Magny-Cours"}]},{"@type":"WebSite","@id":"https:\/\/blogs.thesocialmedia.com\/leblogmoto\/#website","url":"https:\/\/blogs.thesocialmedia.com\/leblogmoto\/","name":"leblogmoto","description":"Toute l&#039;actualit\u00e9 des 2 roues","potentialAction":[{"@type":"SearchAction","target":{"@type":"EntryPoint","urlTemplate":"https:\/\/blogs.thesocialmedia.com\/leblogmoto\/?s={search_term_string}"},"query-input":{"@type":"PropertyValueSpecification","valueRequired":true,"valueName":"search_term_string"}}],"inLanguage":"fr-FR"},{"@type":"Person","@id":"https:\/\/blogs.thesocialmedia.com\/leblogmoto\/#\/schema\/person\/80d2a078dbdb8b60abbd76bae6011f19","name":"vincent vaillant","image":{"@type":"ImageObject","inLanguage":"fr-FR","@id":"https:\/\/blogs.thesocialmedia.com\/leblogmoto\/#\/schema\/person\/image\/","url":"https:\/\/secure.gravatar.com\/avatar\/?s=96&d=mm&r=g","contentUrl":"https:\/\/secure.gravatar.com\/avatar\/?s=96&d=mm&r=g","caption":"vincent vaillant"},"url":"https:\/\/blogs.thesocialmedia.com\/leblogmoto\/author\/vincent-vaillant\/"}]}},"_links":{"self":[{"href":"https:\/\/blogs.thesocialmedia.com\/leblogmoto\/wp-json\/wp\/v2\/posts\/2366","targetHints":{"allow":["GET"]}}],"collection":[{"href":"https:\/\/blogs.thesocialmedia.com\/leblogmoto\/wp-json\/wp\/v2\/posts"}],"about":[{"href":"https:\/\/blogs.thesocialmedia.com\/leblogmoto\/wp-json\/wp\/v2\/types\/post"}],"author":[{"embeddable":true,"href":"https:\/\/blogs.thesocialmedia.com\/leblogmoto\/wp-json\/wp\/v2\/users\/338"}],"replies":[{"embeddable":true,"href":"https:\/\/blogs.thesocialmedia.com\/leblogmoto\/wp-json\/wp\/v2\/comments?post=2366"}],"version-history":[{"count":2,"href":"https:\/\/blogs.thesocialmedia.com\/leblogmoto\/wp-json\/wp\/v2\/posts\/2366\/revisions"}],"predecessor-version":[{"id":6106,"href":"https:\/\/blogs.thesocialmedia.com\/leblogmoto\/wp-json\/wp\/v2\/posts\/2366\/revisions\/6106"}],"wp:attachment":[{"href":"https:\/\/blogs.thesocialmedia.com\/leblogmoto\/wp-json\/wp\/v2\/media?parent=2366"}],"wp:term":[{"taxonomy":"category","embeddable":true,"href":"https:\/\/blogs.thesocialmedia.com\/leblogmoto\/wp-json\/wp\/v2\/categories?post=2366"},{"taxonomy":"post_tag","embeddable":true,"href":"https:\/\/blogs.thesocialmedia.com\/leblogmoto\/wp-json\/wp\/v2\/tags?post=2366"}],"curies":[{"name":"wp","href":"https:\/\/api.w.org\/{rel}","templated":true}]}}