{"id":237,"date":"2009-03-09T21:42:05","date_gmt":"2009-03-09T21:42:05","guid":{"rendered":"http:\/\/blogs.thesocialmedia.com\/leblogmoto\/2009\/03\/09\/les-crations-pu\/"},"modified":"2012-07-11T17:11:22","modified_gmt":"2012-07-11T17:11:22","slug":"les-crations-pu","status":"publish","type":"post","link":"https:\/\/blogs.thesocialmedia.com\/leblogmoto\/2009\/03\/09\/les-crations-pu\/","title":{"rendered":"Les cr\u00e9ations publicitaires de Brock Davis pour Harley Davidson."},"content":{"rendered":"<p><a href=\"http:\/\/blogs.thesocialmedia.com\/leblogmoto\/files\/2012\/07\/hd_1a.jpg\"><img loading=\"lazy\" decoding=\"async\" width=\"470\" height=\"315\" alt=\"Hd_1a\" src=\"http:\/\/www.leblogmoto.com\/images\/2009\/03\/09\/hd_1a.jpg\"  \/><\/a> <\/p>\n<p><a href=\"http:\/\/blogs.thesocialmedia.com\/leblogmoto\/files\/2012\/07\/hd_fatboyhires.jpg\"><img loading=\"lazy\" decoding=\"async\" width=\"470\" height=\"317\" alt=\"Hd_fatboyhires\" src=\"http:\/\/www.leblogmoto.com\/images\/2009\/03\/09\/hd_fatboyhires.jpg\"  \/><\/a><\/p>\n<p>Depuis quelques ann\u00e9es, l&rsquo;agence de Minneapolis Carmichael Lynch, et son directeur artistique B.Davis r\u00e9alisent des vid\u00e9os et des visuels tr\u00e8s accrocheurs pour Harley. Des cr\u00e9ations originales qui ont sans doute contribu\u00e9 \u00e0 rajeunir l&rsquo;image de la <a href=\"http:\/\/www.harley-davidson.fr\/\">firme de Milwaukee<\/a>, l&rsquo;un de ses probl\u00e8mes majeur \u00e9tant, selon le <em>Time magazine<\/em> lui-m\u00eame, le vieillissement de sa client\u00e8le. La premi\u00e8re campagne intitul\u00e9e <em>Build Yours<\/em> (Construisez la v\u00f4tre), repr\u00e9sente en trois affiches intitul\u00e9es Eric Black, Jen Redstripe, et Keith Red, des motos \u00e9clat\u00e9es et dont les parties diss\u00e9min\u00e9es finissent par \u00e9voquer des visages, toujours jeunes; voire f\u00e9minin, pour l&rsquo;un. Le tout est accompagn\u00e9 du slogan &quot;No right, no wrong, just chrome, steel, and endless possibilities&quot;. La seconde campagne d&rsquo;affichage part du principe inverse: des mots \u00e9crits \u00e0 la vol\u00e9e sur une feuille s&rsquo;agr\u00e8gent pour dessiner les contours d&rsquo;un des mod\u00e8les de la marque. Si vous le pouvez, pr\u00eatez attention aux mots employ\u00e9s qui sont sens\u00e9s pr\u00e9senter la passion qui anime les proprios de la marque (et guider leur achat !). D&rsquo;ailleurs la <em>catch phrase<\/em> qui accompagne ces r\u00e9alisations ne s&rsquo;y trompe pas: &quot;Your bike says who you are; Start telling your story with Harley Davidson&quot;. Certaines de ces pubs ont \u00e9t\u00e9 rep\u00e9r\u00e9es sur le site, Trenhunter, Adsoftheworld et <a href=\"http:\/\/www.adverbox.com\/index.php?s=harley+davidson\">advertbox<\/a>. Advertbox qui nous avait d\u00e9got\u00e9 la publicit\u00e9, beaucoup moins sobre, de <a href=\"http:\/\/www.leblogmoto.com\/2008\/12\/la-marque-gp-me.html\">PG<\/a> pour ses v\u00e9hicules \u00e9conomes en carburant.<\/p>\n<p><a href=\"http:\/\/clabedan.typepad.com\/.shared\/image.html?\/photos\/uncategorized\/2009\/03\/09\/hd_2a.jpg\"><img loading=\"lazy\" decoding=\"async\" width=\"470\" height=\"317\" alt=\"Hd_2a\" src=\"http:\/\/www.leblogmoto.com\/images\/2009\/03\/09\/hd_2a.jpg\"  \/><\/a> <\/p>\n<p><a href=\"http:\/\/blogs.thesocialmedia.com\/leblogmoto\/files\/2012\/07\/hd_roadkinghires.jpg\"><img loading=\"lazy\" decoding=\"async\" width=\"470\" height=\"317\" alt=\"Hd_roadkinghires\" src=\"http:\/\/www.leblogmoto.com\/images\/2009\/03\/09\/hd_roadkinghires.jpg\"  \/><\/a> <\/p>\n<p><a href=\"http:\/\/blogs.thesocialmedia.com\/leblogmoto\/files\/2012\/07\/hd_3a.jpg\"><img loading=\"lazy\" decoding=\"async\" width=\"470\" height=\"317\" alt=\"Hd_3a\" src=\"http:\/\/www.leblogmoto.com\/images\/2009\/03\/09\/hd_3a.jpg\"  \/><\/a> <\/p>\n<p><a href=\"http:\/\/blogs.thesocialmedia.com\/leblogmoto\/files\/2012\/07\/hd_softailhires.jpg\"><img loading=\"lazy\" decoding=\"async\" width=\"470\" height=\"317\" alt=\"Hd_softailhires\" src=\"http:\/\/www.leblogmoto.com\/images\/2009\/03\/09\/hd_softailhires.jpg\"  \/><\/a> <\/p>\n<p><em>Via trendhunter, adsoftheworld et advertbox.<\/em><\/p>\n","protected":false},"excerpt":{"rendered":"<p>Depuis quelques ann\u00e9es, l&rsquo;agence de Minneapolis Carmichael Lynch, et son directeur artistique B.Davis r\u00e9alisent des vid\u00e9os et des visuels tr\u00e8s accrocheurs pour Harley. Des cr\u00e9ations originales qui ont sans doute contribu\u00e9 \u00e0 rajeunir l&rsquo;image de la firme de Milwaukee, l&rsquo;un de ses probl\u00e8mes majeur \u00e9tant, selon le Time magazine lui-m\u00eame, le vieillissement de sa client\u00e8le. [&hellip;]<\/p>\n","protected":false},"author":324,"featured_media":0,"comment_status":"open","ping_status":"open","sticky":false,"template":"","format":"standard","meta":{"footnotes":""},"categories":[29],"tags":[],"class_list":["post-237","post","type-post","status-publish","format-standard","hentry","category-harley-davidson"],"yoast_head":"<!-- This site is optimized with the Yoast SEO plugin v26.0 - https:\/\/yoast.com\/wordpress\/plugins\/seo\/ -->\n<title>Les cr\u00e9ations publicitaires de Brock Davis pour Harley Davidson. - leblogmoto.com<\/title>\n<meta name=\"robots\" content=\"index, follow, max-snippet:-1, max-image-preview:large, max-video-preview:-1\" \/>\n<link rel=\"canonical\" href=\"https:\/\/blogs.thesocialmedia.com\/leblogmoto\/2009\/03\/09\/les-crations-pu\/\" \/>\n<meta name=\"twitter:card\" content=\"summary_large_image\" \/>\n<meta name=\"twitter:title\" content=\"Les cr\u00e9ations publicitaires de Brock Davis pour Harley Davidson. - leblogmoto.com\" \/>\n<meta name=\"twitter:description\" content=\"Depuis quelques ann\u00e9es, l&rsquo;agence de Minneapolis Carmichael Lynch, et son directeur artistique B.Davis r\u00e9alisent des vid\u00e9os et des visuels tr\u00e8s accrocheurs pour Harley. Des cr\u00e9ations originales qui ont sans doute contribu\u00e9 \u00e0 rajeunir l&rsquo;image de la firme de Milwaukee, l&rsquo;un de ses probl\u00e8mes majeur \u00e9tant, selon le Time magazine lui-m\u00eame, le vieillissement de sa client\u00e8le. [&hellip;]\" \/>\n<meta name=\"twitter:image\" content=\"http:\/\/www.leblogmoto.com\/images\/2009\/03\/09\/hd_1a.jpg\" \/>\n<meta name=\"twitter:label1\" content=\"\u00c9crit par\" \/>\n\t<meta name=\"twitter:data1\" content=\"benoit rieu\" \/>\n\t<meta name=\"twitter:label2\" content=\"Dur\u00e9e de lecture estim\u00e9e\" \/>\n\t<meta name=\"twitter:data2\" content=\"1 minute\" \/>\n<script type=\"application\/ld+json\" class=\"yoast-schema-graph\">{\"@context\":\"https:\/\/schema.org\",\"@graph\":[{\"@type\":\"WebPage\",\"@id\":\"https:\/\/blogs.thesocialmedia.com\/leblogmoto\/2009\/03\/09\/les-crations-pu\/\",\"url\":\"https:\/\/blogs.thesocialmedia.com\/leblogmoto\/2009\/03\/09\/les-crations-pu\/\",\"name\":\"Les cr\u00e9ations publicitaires de Brock Davis pour Harley Davidson. - leblogmoto.com\",\"isPartOf\":{\"@id\":\"https:\/\/blogs.thesocialmedia.com\/leblogmoto\/#website\"},\"primaryImageOfPage\":{\"@id\":\"https:\/\/blogs.thesocialmedia.com\/leblogmoto\/2009\/03\/09\/les-crations-pu\/#primaryimage\"},\"image\":{\"@id\":\"https:\/\/blogs.thesocialmedia.com\/leblogmoto\/2009\/03\/09\/les-crations-pu\/#primaryimage\"},\"thumbnailUrl\":\"http:\/\/www.leblogmoto.com\/images\/2009\/03\/09\/hd_1a.jpg\",\"datePublished\":\"2009-03-09T21:42:05+00:00\",\"dateModified\":\"2012-07-11T17:11:22+00:00\",\"author\":{\"@id\":\"https:\/\/blogs.thesocialmedia.com\/leblogmoto\/#\/schema\/person\/18bfe773e5725ed6d24f743da805362a\"},\"breadcrumb\":{\"@id\":\"https:\/\/blogs.thesocialmedia.com\/leblogmoto\/2009\/03\/09\/les-crations-pu\/#breadcrumb\"},\"inLanguage\":\"fr-FR\",\"potentialAction\":[{\"@type\":\"ReadAction\",\"target\":[\"https:\/\/blogs.thesocialmedia.com\/leblogmoto\/2009\/03\/09\/les-crations-pu\/\"]}]},{\"@type\":\"ImageObject\",\"inLanguage\":\"fr-FR\",\"@id\":\"https:\/\/blogs.thesocialmedia.com\/leblogmoto\/2009\/03\/09\/les-crations-pu\/#primaryimage\",\"url\":\"http:\/\/www.leblogmoto.com\/images\/2009\/03\/09\/hd_1a.jpg\",\"contentUrl\":\"http:\/\/www.leblogmoto.com\/images\/2009\/03\/09\/hd_1a.jpg\"},{\"@type\":\"BreadcrumbList\",\"@id\":\"https:\/\/blogs.thesocialmedia.com\/leblogmoto\/2009\/03\/09\/les-crations-pu\/#breadcrumb\",\"itemListElement\":[{\"@type\":\"ListItem\",\"position\":1,\"name\":\"Accueil\",\"item\":\"https:\/\/blogs.thesocialmedia.com\/leblogmoto\/\"},{\"@type\":\"ListItem\",\"position\":2,\"name\":\"Les cr\u00e9ations publicitaires de Brock Davis pour Harley Davidson.\"}]},{\"@type\":\"WebSite\",\"@id\":\"https:\/\/blogs.thesocialmedia.com\/leblogmoto\/#website\",\"url\":\"https:\/\/blogs.thesocialmedia.com\/leblogmoto\/\",\"name\":\"leblogmoto\",\"description\":\"Toute l&#039;actualit\u00e9 des 2 roues\",\"potentialAction\":[{\"@type\":\"SearchAction\",\"target\":{\"@type\":\"EntryPoint\",\"urlTemplate\":\"https:\/\/blogs.thesocialmedia.com\/leblogmoto\/?s={search_term_string}\"},\"query-input\":{\"@type\":\"PropertyValueSpecification\",\"valueRequired\":true,\"valueName\":\"search_term_string\"}}],\"inLanguage\":\"fr-FR\"},{\"@type\":\"Person\",\"@id\":\"https:\/\/blogs.thesocialmedia.com\/leblogmoto\/#\/schema\/person\/18bfe773e5725ed6d24f743da805362a\",\"name\":\"benoit rieu\",\"image\":{\"@type\":\"ImageObject\",\"inLanguage\":\"fr-FR\",\"@id\":\"https:\/\/blogs.thesocialmedia.com\/leblogmoto\/#\/schema\/person\/image\/\",\"url\":\"https:\/\/secure.gravatar.com\/avatar\/?s=96&d=mm&r=g\",\"contentUrl\":\"https:\/\/secure.gravatar.com\/avatar\/?s=96&d=mm&r=g\",\"caption\":\"benoit rieu\"},\"url\":\"https:\/\/blogs.thesocialmedia.com\/leblogmoto\/author\/benoit-rieu\/\"}]}<\/script>\n<!-- \/ Yoast SEO plugin. -->","yoast_head_json":{"title":"Les cr\u00e9ations publicitaires de Brock Davis pour Harley Davidson. - leblogmoto.com","robots":{"index":"index","follow":"follow","max-snippet":"max-snippet:-1","max-image-preview":"max-image-preview:large","max-video-preview":"max-video-preview:-1"},"canonical":"https:\/\/blogs.thesocialmedia.com\/leblogmoto\/2009\/03\/09\/les-crations-pu\/","twitter_card":"summary_large_image","twitter_title":"Les cr\u00e9ations publicitaires de Brock Davis pour Harley Davidson. - leblogmoto.com","twitter_description":"Depuis quelques ann\u00e9es, l&rsquo;agence de Minneapolis Carmichael Lynch, et son directeur artistique B.Davis r\u00e9alisent des vid\u00e9os et des visuels tr\u00e8s accrocheurs pour Harley. Des cr\u00e9ations originales qui ont sans doute contribu\u00e9 \u00e0 rajeunir l&rsquo;image de la firme de Milwaukee, l&rsquo;un de ses probl\u00e8mes majeur \u00e9tant, selon le Time magazine lui-m\u00eame, le vieillissement de sa client\u00e8le. [&hellip;]","twitter_image":"http:\/\/www.leblogmoto.com\/images\/2009\/03\/09\/hd_1a.jpg","twitter_misc":{"\u00c9crit par":"benoit rieu","Dur\u00e9e de lecture estim\u00e9e":"1 minute"},"schema":{"@context":"https:\/\/schema.org","@graph":[{"@type":"WebPage","@id":"https:\/\/blogs.thesocialmedia.com\/leblogmoto\/2009\/03\/09\/les-crations-pu\/","url":"https:\/\/blogs.thesocialmedia.com\/leblogmoto\/2009\/03\/09\/les-crations-pu\/","name":"Les cr\u00e9ations publicitaires de Brock Davis pour Harley Davidson. - leblogmoto.com","isPartOf":{"@id":"https:\/\/blogs.thesocialmedia.com\/leblogmoto\/#website"},"primaryImageOfPage":{"@id":"https:\/\/blogs.thesocialmedia.com\/leblogmoto\/2009\/03\/09\/les-crations-pu\/#primaryimage"},"image":{"@id":"https:\/\/blogs.thesocialmedia.com\/leblogmoto\/2009\/03\/09\/les-crations-pu\/#primaryimage"},"thumbnailUrl":"http:\/\/www.leblogmoto.com\/images\/2009\/03\/09\/hd_1a.jpg","datePublished":"2009-03-09T21:42:05+00:00","dateModified":"2012-07-11T17:11:22+00:00","author":{"@id":"https:\/\/blogs.thesocialmedia.com\/leblogmoto\/#\/schema\/person\/18bfe773e5725ed6d24f743da805362a"},"breadcrumb":{"@id":"https:\/\/blogs.thesocialmedia.com\/leblogmoto\/2009\/03\/09\/les-crations-pu\/#breadcrumb"},"inLanguage":"fr-FR","potentialAction":[{"@type":"ReadAction","target":["https:\/\/blogs.thesocialmedia.com\/leblogmoto\/2009\/03\/09\/les-crations-pu\/"]}]},{"@type":"ImageObject","inLanguage":"fr-FR","@id":"https:\/\/blogs.thesocialmedia.com\/leblogmoto\/2009\/03\/09\/les-crations-pu\/#primaryimage","url":"http:\/\/www.leblogmoto.com\/images\/2009\/03\/09\/hd_1a.jpg","contentUrl":"http:\/\/www.leblogmoto.com\/images\/2009\/03\/09\/hd_1a.jpg"},{"@type":"BreadcrumbList","@id":"https:\/\/blogs.thesocialmedia.com\/leblogmoto\/2009\/03\/09\/les-crations-pu\/#breadcrumb","itemListElement":[{"@type":"ListItem","position":1,"name":"Accueil","item":"https:\/\/blogs.thesocialmedia.com\/leblogmoto\/"},{"@type":"ListItem","position":2,"name":"Les cr\u00e9ations publicitaires de Brock Davis pour Harley Davidson."}]},{"@type":"WebSite","@id":"https:\/\/blogs.thesocialmedia.com\/leblogmoto\/#website","url":"https:\/\/blogs.thesocialmedia.com\/leblogmoto\/","name":"leblogmoto","description":"Toute l&#039;actualit\u00e9 des 2 roues","potentialAction":[{"@type":"SearchAction","target":{"@type":"EntryPoint","urlTemplate":"https:\/\/blogs.thesocialmedia.com\/leblogmoto\/?s={search_term_string}"},"query-input":{"@type":"PropertyValueSpecification","valueRequired":true,"valueName":"search_term_string"}}],"inLanguage":"fr-FR"},{"@type":"Person","@id":"https:\/\/blogs.thesocialmedia.com\/leblogmoto\/#\/schema\/person\/18bfe773e5725ed6d24f743da805362a","name":"benoit rieu","image":{"@type":"ImageObject","inLanguage":"fr-FR","@id":"https:\/\/blogs.thesocialmedia.com\/leblogmoto\/#\/schema\/person\/image\/","url":"https:\/\/secure.gravatar.com\/avatar\/?s=96&d=mm&r=g","contentUrl":"https:\/\/secure.gravatar.com\/avatar\/?s=96&d=mm&r=g","caption":"benoit rieu"},"url":"https:\/\/blogs.thesocialmedia.com\/leblogmoto\/author\/benoit-rieu\/"}]}},"_links":{"self":[{"href":"https:\/\/blogs.thesocialmedia.com\/leblogmoto\/wp-json\/wp\/v2\/posts\/237","targetHints":{"allow":["GET"]}}],"collection":[{"href":"https:\/\/blogs.thesocialmedia.com\/leblogmoto\/wp-json\/wp\/v2\/posts"}],"about":[{"href":"https:\/\/blogs.thesocialmedia.com\/leblogmoto\/wp-json\/wp\/v2\/types\/post"}],"author":[{"embeddable":true,"href":"https:\/\/blogs.thesocialmedia.com\/leblogmoto\/wp-json\/wp\/v2\/users\/324"}],"replies":[{"embeddable":true,"href":"https:\/\/blogs.thesocialmedia.com\/leblogmoto\/wp-json\/wp\/v2\/comments?post=237"}],"version-history":[{"count":2,"href":"https:\/\/blogs.thesocialmedia.com\/leblogmoto\/wp-json\/wp\/v2\/posts\/237\/revisions"}],"predecessor-version":[{"id":12908,"href":"https:\/\/blogs.thesocialmedia.com\/leblogmoto\/wp-json\/wp\/v2\/posts\/237\/revisions\/12908"}],"wp:attachment":[{"href":"https:\/\/blogs.thesocialmedia.com\/leblogmoto\/wp-json\/wp\/v2\/media?parent=237"}],"wp:term":[{"taxonomy":"category","embeddable":true,"href":"https:\/\/blogs.thesocialmedia.com\/leblogmoto\/wp-json\/wp\/v2\/categories?post=237"},{"taxonomy":"post_tag","embeddable":true,"href":"https:\/\/blogs.thesocialmedia.com\/leblogmoto\/wp-json\/wp\/v2\/tags?post=237"}],"curies":[{"name":"wp","href":"https:\/\/api.w.org\/{rel}","templated":true}]}}