{"id":2370,"date":"2005-10-11T09:03:53","date_gmt":"2005-10-11T09:03:53","guid":{"rendered":"http:\/\/blogs.thesocialmedia.com\/leblogmoto\/2005\/10\/11\/un-futur-motard\/"},"modified":"2012-07-11T13:52:14","modified_gmt":"2012-07-11T13:52:14","slug":"un-futur-motard","status":"publish","type":"post","link":"https:\/\/blogs.thesocialmedia.com\/leblogmoto\/2005\/10\/11\/un-futur-motard\/","title":{"rendered":"Un futur motard heureux"},"content":{"rendered":"<p><a href=\"http:\/\/blogs.thesocialmedia.com\/leblogmoto\/files\/2012\/07\/moto_ecole.jpg\"><img loading=\"lazy\" decoding=\"async\" alt=\"Moto_ecole\" src=\"http:\/\/www.leblogmoto.com\/images\/moto_ecole.jpg\" width=\"250\" height=\"220\"  style=\"float: left;margin: 0px 5px 5px 0px\" \/><\/a><\/p>\n<p>Il n\u2019y a pas d\u2019\u00e2ge pour passer le permis moto, c\u2019est ce que n\u2019a cess\u00e9 de clamer un septuag\u00e9naire originaire du Calvados dans un grand nombre de moto-\u00e9coles de sa r\u00e9gion.<br \/> \u00ab\u00a0Je me suis rendu dans plusieurs moto-\u00e9coles, mais \u00e0 chaque fois on me r\u00e9pondait que j\u2019\u00e9tais trop vieux. Je n\u2019ai pas accept\u00e9 cela, c\u2019est de la s\u00e9gr\u00e9gation\u00a0\u00bb, a racont\u00e9 le futur motard. Mais refusant de baisser les bras, ce futur biker va tout de m\u00eame r\u00e9aliser son r\u00eave. En effet il a r\u00e9ussi, apr\u00e8s moult efforts, a \u00eatre accept\u00e9 dans l\u2019une d\u2019entre elle.  <br \/> \u00ab\u00a0Nous l\u2019avons tout de suite accept\u00e9 et nous ne le regrettons pas, raconte le propri\u00e9taire de la moto-\u00e9cole. C\u2019est un tr\u00e8s bon \u00e9l\u00e8ve, tr\u00e8s prudent. Trop peut-\u00eatre car sur le parcours de vitesse, il est encore trop lent et doit progresser s\u2019il veut r\u00e9ussir le temps ad\u00e9quat pour l\u2019obtention du permis\u00a0\u00bb. Prochaine \u00e9ch\u00e9ance le 18 octobre, jour de l\u2019examen pour lequel le septuag\u00e9naire est confiant. \u00ab\u00a0J\u2019ai d\u00e9j\u00e0 achet\u00e9 ma BMW , je suis impatient de pouvoir aller me promener avec\u00a0\u00bb.<\/p>\n","protected":false},"excerpt":{"rendered":"<p>Il n\u2019y a pas d\u2019\u00e2ge pour passer le permis moto, c\u2019est ce que n\u2019a cess\u00e9 de clamer un septuag\u00e9naire originaire du Calvados dans un grand nombre de moto-\u00e9coles de sa r\u00e9gion. \u00ab\u00a0Je me suis rendu dans plusieurs moto-\u00e9coles, mais \u00e0 chaque fois on me r\u00e9pondait que j\u2019\u00e9tais trop vieux. Je n\u2019ai pas accept\u00e9 cela, c\u2019est [&hellip;]<\/p>\n","protected":false},"author":339,"featured_media":0,"comment_status":"open","ping_status":"open","sticky":false,"template":"","format":"standard","meta":{"footnotes":""},"categories":[17],"tags":[],"class_list":["post-2370","post","type-post","status-publish","format-standard","hentry","category-divers"],"yoast_head":"<!-- This site is optimized with the Yoast SEO plugin v26.0 - https:\/\/yoast.com\/wordpress\/plugins\/seo\/ -->\n<title>Un futur motard heureux - leblogmoto.com<\/title>\n<meta name=\"robots\" content=\"index, follow, max-snippet:-1, max-image-preview:large, max-video-preview:-1\" \/>\n<link rel=\"canonical\" href=\"https:\/\/blogs.thesocialmedia.com\/leblogmoto\/2005\/10\/11\/un-futur-motard\/\" \/>\n<meta name=\"twitter:card\" content=\"summary_large_image\" \/>\n<meta name=\"twitter:title\" content=\"Un futur motard heureux - leblogmoto.com\" \/>\n<meta name=\"twitter:description\" content=\"Il n\u2019y a pas d\u2019\u00e2ge pour passer le permis moto, c\u2019est ce que n\u2019a cess\u00e9 de clamer un septuag\u00e9naire originaire du Calvados dans un grand nombre de moto-\u00e9coles de sa r\u00e9gion. \u00ab\u00a0Je me suis rendu dans plusieurs moto-\u00e9coles, mais \u00e0 chaque fois on me r\u00e9pondait que j\u2019\u00e9tais trop vieux. Je n\u2019ai pas accept\u00e9 cela, c\u2019est [&hellip;]\" \/>\n<meta name=\"twitter:image\" content=\"http:\/\/www.leblogmoto.com\/images\/moto_ecole.jpg\" \/>\n<meta name=\"twitter:label1\" content=\"\u00c9crit par\" \/>\n\t<meta name=\"twitter:data1\" content=\"daniel bour\" \/>\n\t<meta name=\"twitter:label2\" content=\"Dur\u00e9e de lecture estim\u00e9e\" \/>\n\t<meta name=\"twitter:data2\" content=\"1 minute\" \/>\n<script type=\"application\/ld+json\" class=\"yoast-schema-graph\">{\"@context\":\"https:\/\/schema.org\",\"@graph\":[{\"@type\":\"WebPage\",\"@id\":\"https:\/\/blogs.thesocialmedia.com\/leblogmoto\/2005\/10\/11\/un-futur-motard\/\",\"url\":\"https:\/\/blogs.thesocialmedia.com\/leblogmoto\/2005\/10\/11\/un-futur-motard\/\",\"name\":\"Un futur motard heureux - leblogmoto.com\",\"isPartOf\":{\"@id\":\"https:\/\/blogs.thesocialmedia.com\/leblogmoto\/#website\"},\"primaryImageOfPage\":{\"@id\":\"https:\/\/blogs.thesocialmedia.com\/leblogmoto\/2005\/10\/11\/un-futur-motard\/#primaryimage\"},\"image\":{\"@id\":\"https:\/\/blogs.thesocialmedia.com\/leblogmoto\/2005\/10\/11\/un-futur-motard\/#primaryimage\"},\"thumbnailUrl\":\"http:\/\/www.leblogmoto.com\/images\/moto_ecole.jpg\",\"datePublished\":\"2005-10-11T09:03:53+00:00\",\"dateModified\":\"2012-07-11T13:52:14+00:00\",\"author\":{\"@id\":\"https:\/\/blogs.thesocialmedia.com\/leblogmoto\/#\/schema\/person\/112bf3448e55eeb119f6276bbf85b8e7\"},\"breadcrumb\":{\"@id\":\"https:\/\/blogs.thesocialmedia.com\/leblogmoto\/2005\/10\/11\/un-futur-motard\/#breadcrumb\"},\"inLanguage\":\"fr-FR\",\"potentialAction\":[{\"@type\":\"ReadAction\",\"target\":[\"https:\/\/blogs.thesocialmedia.com\/leblogmoto\/2005\/10\/11\/un-futur-motard\/\"]}]},{\"@type\":\"ImageObject\",\"inLanguage\":\"fr-FR\",\"@id\":\"https:\/\/blogs.thesocialmedia.com\/leblogmoto\/2005\/10\/11\/un-futur-motard\/#primaryimage\",\"url\":\"http:\/\/www.leblogmoto.com\/images\/moto_ecole.jpg\",\"contentUrl\":\"http:\/\/www.leblogmoto.com\/images\/moto_ecole.jpg\"},{\"@type\":\"BreadcrumbList\",\"@id\":\"https:\/\/blogs.thesocialmedia.com\/leblogmoto\/2005\/10\/11\/un-futur-motard\/#breadcrumb\",\"itemListElement\":[{\"@type\":\"ListItem\",\"position\":1,\"name\":\"Accueil\",\"item\":\"https:\/\/blogs.thesocialmedia.com\/leblogmoto\/\"},{\"@type\":\"ListItem\",\"position\":2,\"name\":\"Un futur motard heureux\"}]},{\"@type\":\"WebSite\",\"@id\":\"https:\/\/blogs.thesocialmedia.com\/leblogmoto\/#website\",\"url\":\"https:\/\/blogs.thesocialmedia.com\/leblogmoto\/\",\"name\":\"leblogmoto\",\"description\":\"Toute l&#039;actualit\u00e9 des 2 roues\",\"potentialAction\":[{\"@type\":\"SearchAction\",\"target\":{\"@type\":\"EntryPoint\",\"urlTemplate\":\"https:\/\/blogs.thesocialmedia.com\/leblogmoto\/?s={search_term_string}\"},\"query-input\":{\"@type\":\"PropertyValueSpecification\",\"valueRequired\":true,\"valueName\":\"search_term_string\"}}],\"inLanguage\":\"fr-FR\"},{\"@type\":\"Person\",\"@id\":\"https:\/\/blogs.thesocialmedia.com\/leblogmoto\/#\/schema\/person\/112bf3448e55eeb119f6276bbf85b8e7\",\"name\":\"daniel bour\",\"image\":{\"@type\":\"ImageObject\",\"inLanguage\":\"fr-FR\",\"@id\":\"https:\/\/blogs.thesocialmedia.com\/leblogmoto\/#\/schema\/person\/image\/\",\"url\":\"https:\/\/secure.gravatar.com\/avatar\/?s=96&d=mm&r=g\",\"contentUrl\":\"https:\/\/secure.gravatar.com\/avatar\/?s=96&d=mm&r=g\",\"caption\":\"daniel bour\"},\"url\":\"https:\/\/blogs.thesocialmedia.com\/leblogmoto\/author\/daniel-bour\/\"}]}<\/script>\n<!-- \/ Yoast SEO plugin. -->","yoast_head_json":{"title":"Un futur motard heureux - leblogmoto.com","robots":{"index":"index","follow":"follow","max-snippet":"max-snippet:-1","max-image-preview":"max-image-preview:large","max-video-preview":"max-video-preview:-1"},"canonical":"https:\/\/blogs.thesocialmedia.com\/leblogmoto\/2005\/10\/11\/un-futur-motard\/","twitter_card":"summary_large_image","twitter_title":"Un futur motard heureux - leblogmoto.com","twitter_description":"Il n\u2019y a pas d\u2019\u00e2ge pour passer le permis moto, c\u2019est ce que n\u2019a cess\u00e9 de clamer un septuag\u00e9naire originaire du Calvados dans un grand nombre de moto-\u00e9coles de sa r\u00e9gion. \u00ab\u00a0Je me suis rendu dans plusieurs moto-\u00e9coles, mais \u00e0 chaque fois on me r\u00e9pondait que j\u2019\u00e9tais trop vieux. Je n\u2019ai pas accept\u00e9 cela, c\u2019est [&hellip;]","twitter_image":"http:\/\/www.leblogmoto.com\/images\/moto_ecole.jpg","twitter_misc":{"\u00c9crit par":"daniel bour","Dur\u00e9e de lecture estim\u00e9e":"1 minute"},"schema":{"@context":"https:\/\/schema.org","@graph":[{"@type":"WebPage","@id":"https:\/\/blogs.thesocialmedia.com\/leblogmoto\/2005\/10\/11\/un-futur-motard\/","url":"https:\/\/blogs.thesocialmedia.com\/leblogmoto\/2005\/10\/11\/un-futur-motard\/","name":"Un futur motard heureux - leblogmoto.com","isPartOf":{"@id":"https:\/\/blogs.thesocialmedia.com\/leblogmoto\/#website"},"primaryImageOfPage":{"@id":"https:\/\/blogs.thesocialmedia.com\/leblogmoto\/2005\/10\/11\/un-futur-motard\/#primaryimage"},"image":{"@id":"https:\/\/blogs.thesocialmedia.com\/leblogmoto\/2005\/10\/11\/un-futur-motard\/#primaryimage"},"thumbnailUrl":"http:\/\/www.leblogmoto.com\/images\/moto_ecole.jpg","datePublished":"2005-10-11T09:03:53+00:00","dateModified":"2012-07-11T13:52:14+00:00","author":{"@id":"https:\/\/blogs.thesocialmedia.com\/leblogmoto\/#\/schema\/person\/112bf3448e55eeb119f6276bbf85b8e7"},"breadcrumb":{"@id":"https:\/\/blogs.thesocialmedia.com\/leblogmoto\/2005\/10\/11\/un-futur-motard\/#breadcrumb"},"inLanguage":"fr-FR","potentialAction":[{"@type":"ReadAction","target":["https:\/\/blogs.thesocialmedia.com\/leblogmoto\/2005\/10\/11\/un-futur-motard\/"]}]},{"@type":"ImageObject","inLanguage":"fr-FR","@id":"https:\/\/blogs.thesocialmedia.com\/leblogmoto\/2005\/10\/11\/un-futur-motard\/#primaryimage","url":"http:\/\/www.leblogmoto.com\/images\/moto_ecole.jpg","contentUrl":"http:\/\/www.leblogmoto.com\/images\/moto_ecole.jpg"},{"@type":"BreadcrumbList","@id":"https:\/\/blogs.thesocialmedia.com\/leblogmoto\/2005\/10\/11\/un-futur-motard\/#breadcrumb","itemListElement":[{"@type":"ListItem","position":1,"name":"Accueil","item":"https:\/\/blogs.thesocialmedia.com\/leblogmoto\/"},{"@type":"ListItem","position":2,"name":"Un futur motard heureux"}]},{"@type":"WebSite","@id":"https:\/\/blogs.thesocialmedia.com\/leblogmoto\/#website","url":"https:\/\/blogs.thesocialmedia.com\/leblogmoto\/","name":"leblogmoto","description":"Toute l&#039;actualit\u00e9 des 2 roues","potentialAction":[{"@type":"SearchAction","target":{"@type":"EntryPoint","urlTemplate":"https:\/\/blogs.thesocialmedia.com\/leblogmoto\/?s={search_term_string}"},"query-input":{"@type":"PropertyValueSpecification","valueRequired":true,"valueName":"search_term_string"}}],"inLanguage":"fr-FR"},{"@type":"Person","@id":"https:\/\/blogs.thesocialmedia.com\/leblogmoto\/#\/schema\/person\/112bf3448e55eeb119f6276bbf85b8e7","name":"daniel bour","image":{"@type":"ImageObject","inLanguage":"fr-FR","@id":"https:\/\/blogs.thesocialmedia.com\/leblogmoto\/#\/schema\/person\/image\/","url":"https:\/\/secure.gravatar.com\/avatar\/?s=96&d=mm&r=g","contentUrl":"https:\/\/secure.gravatar.com\/avatar\/?s=96&d=mm&r=g","caption":"daniel bour"},"url":"https:\/\/blogs.thesocialmedia.com\/leblogmoto\/author\/daniel-bour\/"}]}},"_links":{"self":[{"href":"https:\/\/blogs.thesocialmedia.com\/leblogmoto\/wp-json\/wp\/v2\/posts\/2370","targetHints":{"allow":["GET"]}}],"collection":[{"href":"https:\/\/blogs.thesocialmedia.com\/leblogmoto\/wp-json\/wp\/v2\/posts"}],"about":[{"href":"https:\/\/blogs.thesocialmedia.com\/leblogmoto\/wp-json\/wp\/v2\/types\/post"}],"author":[{"embeddable":true,"href":"https:\/\/blogs.thesocialmedia.com\/leblogmoto\/wp-json\/wp\/v2\/users\/339"}],"replies":[{"embeddable":true,"href":"https:\/\/blogs.thesocialmedia.com\/leblogmoto\/wp-json\/wp\/v2\/comments?post=2370"}],"version-history":[{"count":2,"href":"https:\/\/blogs.thesocialmedia.com\/leblogmoto\/wp-json\/wp\/v2\/posts\/2370\/revisions"}],"predecessor-version":[{"id":6057,"href":"https:\/\/blogs.thesocialmedia.com\/leblogmoto\/wp-json\/wp\/v2\/posts\/2370\/revisions\/6057"}],"wp:attachment":[{"href":"https:\/\/blogs.thesocialmedia.com\/leblogmoto\/wp-json\/wp\/v2\/media?parent=2370"}],"wp:term":[{"taxonomy":"category","embeddable":true,"href":"https:\/\/blogs.thesocialmedia.com\/leblogmoto\/wp-json\/wp\/v2\/categories?post=2370"},{"taxonomy":"post_tag","embeddable":true,"href":"https:\/\/blogs.thesocialmedia.com\/leblogmoto\/wp-json\/wp\/v2\/tags?post=2370"}],"curies":[{"name":"wp","href":"https:\/\/api.w.org\/{rel}","templated":true}]}}