{"id":2371,"date":"2005-10-07T20:21:21","date_gmt":"2005-10-07T20:21:21","guid":{"rendered":"http:\/\/blogs.thesocialmedia.com\/leblogmoto\/2005\/10\/07\/mondial-2005-ya-11\/"},"modified":"2012-07-11T13:52:12","modified_gmt":"2012-07-11T13:52:12","slug":"mondial-2005-ya-11","status":"publish","type":"post","link":"https:\/\/blogs.thesocialmedia.com\/leblogmoto\/2005\/10\/07\/mondial-2005-ya-11\/","title":{"rendered":"Mondial 2005 : Yamaha MT-03 \u2013 Live"},"content":{"rendered":"<p><a href=\"http:\/\/blogs.thesocialmedia.com\/leblogmoto\/files\/2012\/07\/mt03_1.jpg\"><img decoding=\"async\"  src=\"http:\/\/www.leblogmoto.com\/images\/mt03_1.JPG\" alt=\"Mt03_1\" style=\"margin: 0px 5px 5px 0px;float: left;width: 210px;height: 278px\" \/><\/a>Pour \u00eatre franc, je n\u2019aime pas cette moto. En effet, cette petite MT-01, alias <a href=\"http:\/\/www.leblogmoto.com\/2005\/10\/mondial_2005_ya_10.html\">MT-03<\/a>, joue exclusivement la carte du plumage que celle du ramage ou un bon compromis entre les deux. On sent \u00e0 plein nez la f\u00e9e marketing qui s\u2019est pench\u00e9 sur le berceau de cette nouvelle venue lors de sa conception. Le style de ce roadster se veut ravageur, il y a plus r\u00e9ussi \u00e0 mes yeux, mais en reprenant le moulin des trails XT et en perdant 3 ch et un peu de couple au passage, la MT-03 parait bien fade. Seulement 45 ch pour un poids \u00e0 sec de 175 kg, c\u2019est trop peu surtout pour un prix de vente d&rsquo;environ 7 000 \u20ac. Si on ajoute \u00e0 cela une capacit\u00e9 de r\u00e9servoir assez faible puisque de 15 l et une b\u00e9quille centrale disponible uniquement en option\u2026 passez votre chemin, la MT-03 n\u2019est pas une moto qui m\u00e9rite votre attention.<\/p>\n<p><a href=\"http:\/\/clabedan.typepad.com\/.shared\/image.html?\/photos\/uncategorized\/mt03_2.JPG\"><img loading=\"lazy\" decoding=\"async\" width=\"470\" height=\"354\"  src=\"http:\/\/www.leblogmoto.com\/images\/mt03_2.JPG\" alt=\"Mt03_2\" style=\"margin: 0px 5px 5px 0px;float: left\" \/><\/a><a href=\"http:\/\/blogs.thesocialmedia.com\/leblogmoto\/files\/2012\/07\/mt03_3.jpg\"><img loading=\"lazy\" decoding=\"async\" width=\"470\" height=\"354\"  src=\"http:\/\/www.leblogmoto.com\/images\/mt03_3.JPG\" alt=\"Mt03_3\" style=\"margin: 0px 5px 5px 0px;float: left\" \/><\/a><\/p>\n","protected":false},"excerpt":{"rendered":"<p>Pour \u00eatre franc, je n\u2019aime pas cette moto. En effet, cette petite MT-01, alias MT-03, joue exclusivement la carte du plumage que celle du ramage ou un bon compromis entre les deux. On sent \u00e0 plein nez la f\u00e9e marketing qui s\u2019est pench\u00e9 sur le berceau de cette nouvelle venue lors de sa conception. Le [&hellip;]<\/p>\n","protected":false},"author":338,"featured_media":0,"comment_status":"open","ping_status":"open","sticky":false,"template":"","format":"standard","meta":{"footnotes":""},"categories":[36,44],"tags":[],"class_list":["post-2371","post","type-post","status-publish","format-standard","hentry","category-salons","category-yamaha"],"yoast_head":"<!-- This site is optimized with the Yoast SEO plugin v26.0 - https:\/\/yoast.com\/wordpress\/plugins\/seo\/ -->\n<title>Mondial 2005 : Yamaha MT-03 \u2013 Live - leblogmoto.com<\/title>\n<meta name=\"robots\" content=\"index, follow, max-snippet:-1, max-image-preview:large, max-video-preview:-1\" \/>\n<link rel=\"canonical\" href=\"https:\/\/blogs.thesocialmedia.com\/leblogmoto\/2005\/10\/07\/mondial-2005-ya-11\/\" \/>\n<meta name=\"twitter:card\" content=\"summary_large_image\" \/>\n<meta name=\"twitter:title\" content=\"Mondial 2005 : Yamaha MT-03 \u2013 Live - leblogmoto.com\" \/>\n<meta name=\"twitter:description\" content=\"Pour \u00eatre franc, je n\u2019aime pas cette moto. En effet, cette petite MT-01, alias MT-03, joue exclusivement la carte du plumage que celle du ramage ou un bon compromis entre les deux. On sent \u00e0 plein nez la f\u00e9e marketing qui s\u2019est pench\u00e9 sur le berceau de cette nouvelle venue lors de sa conception. Le [&hellip;]\" \/>\n<meta name=\"twitter:image\" content=\"http:\/\/www.leblogmoto.com\/images\/mt03_1.JPG\" \/>\n<meta name=\"twitter:label1\" content=\"\u00c9crit par\" \/>\n\t<meta name=\"twitter:data1\" content=\"vincent vaillant\" \/>\n\t<meta name=\"twitter:label2\" content=\"Dur\u00e9e de lecture estim\u00e9e\" \/>\n\t<meta name=\"twitter:data2\" content=\"1 minute\" \/>\n<script type=\"application\/ld+json\" class=\"yoast-schema-graph\">{\"@context\":\"https:\/\/schema.org\",\"@graph\":[{\"@type\":\"WebPage\",\"@id\":\"https:\/\/blogs.thesocialmedia.com\/leblogmoto\/2005\/10\/07\/mondial-2005-ya-11\/\",\"url\":\"https:\/\/blogs.thesocialmedia.com\/leblogmoto\/2005\/10\/07\/mondial-2005-ya-11\/\",\"name\":\"Mondial 2005 : Yamaha MT-03 \u2013 Live - leblogmoto.com\",\"isPartOf\":{\"@id\":\"https:\/\/blogs.thesocialmedia.com\/leblogmoto\/#website\"},\"primaryImageOfPage\":{\"@id\":\"https:\/\/blogs.thesocialmedia.com\/leblogmoto\/2005\/10\/07\/mondial-2005-ya-11\/#primaryimage\"},\"image\":{\"@id\":\"https:\/\/blogs.thesocialmedia.com\/leblogmoto\/2005\/10\/07\/mondial-2005-ya-11\/#primaryimage\"},\"thumbnailUrl\":\"http:\/\/www.leblogmoto.com\/images\/mt03_1.JPG\",\"datePublished\":\"2005-10-07T20:21:21+00:00\",\"dateModified\":\"2012-07-11T13:52:12+00:00\",\"author\":{\"@id\":\"https:\/\/blogs.thesocialmedia.com\/leblogmoto\/#\/schema\/person\/80d2a078dbdb8b60abbd76bae6011f19\"},\"breadcrumb\":{\"@id\":\"https:\/\/blogs.thesocialmedia.com\/leblogmoto\/2005\/10\/07\/mondial-2005-ya-11\/#breadcrumb\"},\"inLanguage\":\"fr-FR\",\"potentialAction\":[{\"@type\":\"ReadAction\",\"target\":[\"https:\/\/blogs.thesocialmedia.com\/leblogmoto\/2005\/10\/07\/mondial-2005-ya-11\/\"]}]},{\"@type\":\"ImageObject\",\"inLanguage\":\"fr-FR\",\"@id\":\"https:\/\/blogs.thesocialmedia.com\/leblogmoto\/2005\/10\/07\/mondial-2005-ya-11\/#primaryimage\",\"url\":\"http:\/\/www.leblogmoto.com\/images\/mt03_1.JPG\",\"contentUrl\":\"http:\/\/www.leblogmoto.com\/images\/mt03_1.JPG\"},{\"@type\":\"BreadcrumbList\",\"@id\":\"https:\/\/blogs.thesocialmedia.com\/leblogmoto\/2005\/10\/07\/mondial-2005-ya-11\/#breadcrumb\",\"itemListElement\":[{\"@type\":\"ListItem\",\"position\":1,\"name\":\"Accueil\",\"item\":\"https:\/\/blogs.thesocialmedia.com\/leblogmoto\/\"},{\"@type\":\"ListItem\",\"position\":2,\"name\":\"Mondial 2005 : Yamaha MT-03 \u2013 Live\"}]},{\"@type\":\"WebSite\",\"@id\":\"https:\/\/blogs.thesocialmedia.com\/leblogmoto\/#website\",\"url\":\"https:\/\/blogs.thesocialmedia.com\/leblogmoto\/\",\"name\":\"leblogmoto\",\"description\":\"Toute l&#039;actualit\u00e9 des 2 roues\",\"potentialAction\":[{\"@type\":\"SearchAction\",\"target\":{\"@type\":\"EntryPoint\",\"urlTemplate\":\"https:\/\/blogs.thesocialmedia.com\/leblogmoto\/?s={search_term_string}\"},\"query-input\":{\"@type\":\"PropertyValueSpecification\",\"valueRequired\":true,\"valueName\":\"search_term_string\"}}],\"inLanguage\":\"fr-FR\"},{\"@type\":\"Person\",\"@id\":\"https:\/\/blogs.thesocialmedia.com\/leblogmoto\/#\/schema\/person\/80d2a078dbdb8b60abbd76bae6011f19\",\"name\":\"vincent vaillant\",\"image\":{\"@type\":\"ImageObject\",\"inLanguage\":\"fr-FR\",\"@id\":\"https:\/\/blogs.thesocialmedia.com\/leblogmoto\/#\/schema\/person\/image\/\",\"url\":\"https:\/\/secure.gravatar.com\/avatar\/?s=96&d=mm&r=g\",\"contentUrl\":\"https:\/\/secure.gravatar.com\/avatar\/?s=96&d=mm&r=g\",\"caption\":\"vincent vaillant\"},\"url\":\"https:\/\/blogs.thesocialmedia.com\/leblogmoto\/author\/vincent-vaillant\/\"}]}<\/script>\n<!-- \/ Yoast SEO plugin. -->","yoast_head_json":{"title":"Mondial 2005 : Yamaha MT-03 \u2013 Live - leblogmoto.com","robots":{"index":"index","follow":"follow","max-snippet":"max-snippet:-1","max-image-preview":"max-image-preview:large","max-video-preview":"max-video-preview:-1"},"canonical":"https:\/\/blogs.thesocialmedia.com\/leblogmoto\/2005\/10\/07\/mondial-2005-ya-11\/","twitter_card":"summary_large_image","twitter_title":"Mondial 2005 : Yamaha MT-03 \u2013 Live - leblogmoto.com","twitter_description":"Pour \u00eatre franc, je n\u2019aime pas cette moto. En effet, cette petite MT-01, alias MT-03, joue exclusivement la carte du plumage que celle du ramage ou un bon compromis entre les deux. On sent \u00e0 plein nez la f\u00e9e marketing qui s\u2019est pench\u00e9 sur le berceau de cette nouvelle venue lors de sa conception. Le [&hellip;]","twitter_image":"http:\/\/www.leblogmoto.com\/images\/mt03_1.JPG","twitter_misc":{"\u00c9crit par":"vincent vaillant","Dur\u00e9e de lecture estim\u00e9e":"1 minute"},"schema":{"@context":"https:\/\/schema.org","@graph":[{"@type":"WebPage","@id":"https:\/\/blogs.thesocialmedia.com\/leblogmoto\/2005\/10\/07\/mondial-2005-ya-11\/","url":"https:\/\/blogs.thesocialmedia.com\/leblogmoto\/2005\/10\/07\/mondial-2005-ya-11\/","name":"Mondial 2005 : Yamaha MT-03 \u2013 Live - leblogmoto.com","isPartOf":{"@id":"https:\/\/blogs.thesocialmedia.com\/leblogmoto\/#website"},"primaryImageOfPage":{"@id":"https:\/\/blogs.thesocialmedia.com\/leblogmoto\/2005\/10\/07\/mondial-2005-ya-11\/#primaryimage"},"image":{"@id":"https:\/\/blogs.thesocialmedia.com\/leblogmoto\/2005\/10\/07\/mondial-2005-ya-11\/#primaryimage"},"thumbnailUrl":"http:\/\/www.leblogmoto.com\/images\/mt03_1.JPG","datePublished":"2005-10-07T20:21:21+00:00","dateModified":"2012-07-11T13:52:12+00:00","author":{"@id":"https:\/\/blogs.thesocialmedia.com\/leblogmoto\/#\/schema\/person\/80d2a078dbdb8b60abbd76bae6011f19"},"breadcrumb":{"@id":"https:\/\/blogs.thesocialmedia.com\/leblogmoto\/2005\/10\/07\/mondial-2005-ya-11\/#breadcrumb"},"inLanguage":"fr-FR","potentialAction":[{"@type":"ReadAction","target":["https:\/\/blogs.thesocialmedia.com\/leblogmoto\/2005\/10\/07\/mondial-2005-ya-11\/"]}]},{"@type":"ImageObject","inLanguage":"fr-FR","@id":"https:\/\/blogs.thesocialmedia.com\/leblogmoto\/2005\/10\/07\/mondial-2005-ya-11\/#primaryimage","url":"http:\/\/www.leblogmoto.com\/images\/mt03_1.JPG","contentUrl":"http:\/\/www.leblogmoto.com\/images\/mt03_1.JPG"},{"@type":"BreadcrumbList","@id":"https:\/\/blogs.thesocialmedia.com\/leblogmoto\/2005\/10\/07\/mondial-2005-ya-11\/#breadcrumb","itemListElement":[{"@type":"ListItem","position":1,"name":"Accueil","item":"https:\/\/blogs.thesocialmedia.com\/leblogmoto\/"},{"@type":"ListItem","position":2,"name":"Mondial 2005 : Yamaha MT-03 \u2013 Live"}]},{"@type":"WebSite","@id":"https:\/\/blogs.thesocialmedia.com\/leblogmoto\/#website","url":"https:\/\/blogs.thesocialmedia.com\/leblogmoto\/","name":"leblogmoto","description":"Toute l&#039;actualit\u00e9 des 2 roues","potentialAction":[{"@type":"SearchAction","target":{"@type":"EntryPoint","urlTemplate":"https:\/\/blogs.thesocialmedia.com\/leblogmoto\/?s={search_term_string}"},"query-input":{"@type":"PropertyValueSpecification","valueRequired":true,"valueName":"search_term_string"}}],"inLanguage":"fr-FR"},{"@type":"Person","@id":"https:\/\/blogs.thesocialmedia.com\/leblogmoto\/#\/schema\/person\/80d2a078dbdb8b60abbd76bae6011f19","name":"vincent vaillant","image":{"@type":"ImageObject","inLanguage":"fr-FR","@id":"https:\/\/blogs.thesocialmedia.com\/leblogmoto\/#\/schema\/person\/image\/","url":"https:\/\/secure.gravatar.com\/avatar\/?s=96&d=mm&r=g","contentUrl":"https:\/\/secure.gravatar.com\/avatar\/?s=96&d=mm&r=g","caption":"vincent vaillant"},"url":"https:\/\/blogs.thesocialmedia.com\/leblogmoto\/author\/vincent-vaillant\/"}]}},"_links":{"self":[{"href":"https:\/\/blogs.thesocialmedia.com\/leblogmoto\/wp-json\/wp\/v2\/posts\/2371","targetHints":{"allow":["GET"]}}],"collection":[{"href":"https:\/\/blogs.thesocialmedia.com\/leblogmoto\/wp-json\/wp\/v2\/posts"}],"about":[{"href":"https:\/\/blogs.thesocialmedia.com\/leblogmoto\/wp-json\/wp\/v2\/types\/post"}],"author":[{"embeddable":true,"href":"https:\/\/blogs.thesocialmedia.com\/leblogmoto\/wp-json\/wp\/v2\/users\/338"}],"replies":[{"embeddable":true,"href":"https:\/\/blogs.thesocialmedia.com\/leblogmoto\/wp-json\/wp\/v2\/comments?post=2371"}],"version-history":[{"count":2,"href":"https:\/\/blogs.thesocialmedia.com\/leblogmoto\/wp-json\/wp\/v2\/posts\/2371\/revisions"}],"predecessor-version":[{"id":6055,"href":"https:\/\/blogs.thesocialmedia.com\/leblogmoto\/wp-json\/wp\/v2\/posts\/2371\/revisions\/6055"}],"wp:attachment":[{"href":"https:\/\/blogs.thesocialmedia.com\/leblogmoto\/wp-json\/wp\/v2\/media?parent=2371"}],"wp:term":[{"taxonomy":"category","embeddable":true,"href":"https:\/\/blogs.thesocialmedia.com\/leblogmoto\/wp-json\/wp\/v2\/categories?post=2371"},{"taxonomy":"post_tag","embeddable":true,"href":"https:\/\/blogs.thesocialmedia.com\/leblogmoto\/wp-json\/wp\/v2\/tags?post=2371"}],"curies":[{"name":"wp","href":"https:\/\/api.w.org\/{rel}","templated":true}]}}